{"id":21638,"date":"2018-05-18T02:22:10","date_gmt":"2018-05-18T05:22:10","guid":{"rendered":"http:\/\/www.noticiasradioreflejos.com.ar\/noticias\/?p=21638"},"modified":"2018-05-18T02:22:10","modified_gmt":"2018-05-18T05:22:10","slug":"semana-de-la-miel-campana-nacional-c-e-p-t-nro-12","status":"publish","type":"post","link":"https:\/\/www.noticiasradioreflejos.com.ar\/2021\/semana-de-la-miel-campana-nacional-c-e-p-t-nro-12\/","title":{"rendered":"Semana de la Miel, Campa\u00f1a Nacional, C.E.P.T.  Nro 12"},"content":{"rendered":"<p>0Charlas sobre propiedades de la miel: \u201csumale miel a tu vida\u201d Intercambio de experiencias, en la colmena y sus productos, de los alumnos a la comunidad, visita al APIARIO, mateada con degustaci\u00f3n de postres a base de miel. Lunes 21 de mayo a partir de las 14 hs en el\u00a0C.E.P.T. \u2116 12 Pillahuinco y Cruz del Sur. Villa Ventana<!--more--><br \/>\n&nbsp;<br \/>\nOrganizan e invitan: C.E.P.T. \u2116 12 Villa Ventana, Apicultura E.E.A. INTA Bordenave, A.E.R. Tornquist INTA Bordenave.<br \/>\nNombre de responsables: Docente Vet. Juan Manuel Gonzalez, Apicultor local Leandro Mart\u00ednez, Ing. Patricia Cecilia Gomez y el Ing. Federico Labarthe.<br \/>\nCharlas sobre propiedades de la miel, la promoci\u00f3n del consumo interno a nivel nacional semana nacional de la miel, intercambio de experiencias en la colmena por parte de los alumnos, mateada con degustaci\u00f3n de postres a base de miel.<br \/>\nInstalaciones del CEPT Villa Ventana:<br \/>\nEn el SUM se realizar\u00e1 charla sobre propiedades de la miel, promoci\u00f3n del consumo interno de la miel a nivel nacional (PROAPI Programa Nacional Ap\u00edcola de INTA), experiencias de los alumnos con la colmena y sus productos, se realizar\u00e1 visita al APIARIO. Al regreso mate acompa\u00f1ado con postre a base de miel. Entrega de folleter\u00eda.<br \/>\nActividad registrada en el visualizador web http:\/\/www.alimentosargentinos.gob.ar\/sumalemielatuvida\/agenda\/<br \/>\nContactos: C.E.P.T. \u2116 12 Pillahuinco y Cruz del Sur. Villa Ventana. Emails docentescept12@gmail.com consejocept12@yahoo.com.ar vetelablanqueada@gmail.com Celulares 0291-15-5771892 0291-15-5730768<br \/>\nIng. Agr. Federico Labarthe- A.E.R. Tornquist INTA Bordenave. Tel 02914941187.<\/p>\n","protected":false},"excerpt":{"rendered":"<p>0Charlas sobre propiedades de la miel: \u201csumale miel a tu vida\u201d Intercambio de experiencias, en la colmena y sus productos, de los alumnos a la comunidad, visita al APIARIO, mateada con degustaci\u00f3n de postres a base de miel. Lunes 21 de mayo a partir de las 14 hs en el\u00a0C.E.P.T. \u2116 12 Pillahuinco y Cruz [&hellip;]<\/p>\n","protected":false},"author":3,"featured_media":0,"comment_status":"closed","ping_status":"open","sticky":false,"template":"","format":"standard","meta":{"footnotes":""},"categories":[26],"tags":[],"class_list":["post-21638","post","type-post","status-publish","format-standard","hentry","category-sociedad"],"yoast_head":"<!-- This site is optimized with the Yoast SEO plugin v25.9 - https:\/\/yoast.com\/wordpress\/plugins\/seo\/ -->\n<title>Semana de la Miel, Campa\u00f1a Nacional, C.E.P.T. Nro 12 - Noticias Radio Reflejos<\/title>\n<meta name=\"robots\" content=\"index, follow, max-snippet:-1, max-image-preview:large, max-video-preview:-1\" \/>\n<link rel=\"canonical\" href=\"https:\/\/www.noticiasradioreflejos.com.ar\/2021\/semana-de-la-miel-campana-nacional-c-e-p-t-nro-12\/\" \/>\n<meta property=\"og:locale\" content=\"es_ES\" \/>\n<meta property=\"og:type\" content=\"article\" \/>\n<meta property=\"og:title\" content=\"Semana de la Miel, Campa\u00f1a Nacional, C.E.P.T. Nro 12 - Noticias Radio Reflejos\" \/>\n<meta property=\"og:description\" content=\"0Charlas sobre propiedades de la miel: \u201csumale miel a tu vida\u201d Intercambio de experiencias, en la colmena y sus productos, de los alumnos a la comunidad, visita al APIARIO, mateada con degustaci\u00f3n de postres a base de miel. Lunes 21 de mayo a partir de las 14 hs en el\u00a0C.E.P.T. \u2116 12 Pillahuinco y Cruz [&hellip;]\" \/>\n<meta property=\"og:url\" content=\"https:\/\/www.noticiasradioreflejos.com.ar\/2021\/semana-de-la-miel-campana-nacional-c-e-p-t-nro-12\/\" \/>\n<meta property=\"og:site_name\" content=\"Noticias Radio Reflejos\" \/>\n<meta property=\"article:published_time\" content=\"2018-05-18T05:22:10+00:00\" \/>\n<meta property=\"og:image\" content=\"https:\/\/www.noticiasradioreflejos.com.ar\/2021\/wp-content\/uploads\/2021\/07\/logosol300x200.png\" \/>\n\t<meta property=\"og:image:width\" content=\"300\" \/>\n\t<meta property=\"og:image:height\" content=\"200\" \/>\n\t<meta property=\"og:image:type\" content=\"image\/png\" \/>\n<meta name=\"author\" content=\"Arnaldo Botto\" \/>\n<meta name=\"twitter:card\" content=\"summary_large_image\" \/>\n<script type=\"application\/ld+json\" class=\"yoast-schema-graph\">{\"@context\":\"https:\/\/schema.org\",\"@graph\":[{\"@type\":\"WebPage\",\"@id\":\"https:\/\/www.noticiasradioreflejos.com.ar\/2021\/semana-de-la-miel-campana-nacional-c-e-p-t-nro-12\/\",\"url\":\"https:\/\/www.noticiasradioreflejos.com.ar\/2021\/semana-de-la-miel-campana-nacional-c-e-p-t-nro-12\/\",\"name\":\"Semana de la Miel, Campa\u00f1a Nacional, C.E.P.T. Nro 12 - Noticias Radio Reflejos\",\"isPartOf\":{\"@id\":\"https:\/\/www.noticiasradioreflejos.com.ar\/2021\/#website\"},\"datePublished\":\"2018-05-18T05:22:10+00:00\",\"author\":{\"@id\":\"https:\/\/www.noticiasradioreflejos.com.ar\/2021\/#\/schema\/person\/ad82545263dcc5ec0996818884fd5fb1\"},\"breadcrumb\":{\"@id\":\"https:\/\/www.noticiasradioreflejos.com.ar\/2021\/semana-de-la-miel-campana-nacional-c-e-p-t-nro-12\/#breadcrumb\"},\"inLanguage\":\"es\",\"potentialAction\":[{\"@type\":\"ReadAction\",\"target\":[\"https:\/\/www.noticiasradioreflejos.com.ar\/2021\/semana-de-la-miel-campana-nacional-c-e-p-t-nro-12\/\"]}]},{\"@type\":\"BreadcrumbList\",\"@id\":\"https:\/\/www.noticiasradioreflejos.com.ar\/2021\/semana-de-la-miel-campana-nacional-c-e-p-t-nro-12\/#breadcrumb\",\"itemListElement\":[{\"@type\":\"ListItem\",\"position\":1,\"name\":\"Portada\",\"item\":\"https:\/\/www.noticiasradioreflejos.com.ar\/2021\/\"},{\"@type\":\"ListItem\",\"position\":2,\"name\":\"Semana de la Miel, Campa\u00f1a Nacional, C.E.P.T. Nro 12\"}]},{\"@type\":\"WebSite\",\"@id\":\"https:\/\/www.noticiasradioreflejos.com.ar\/2021\/#website\",\"url\":\"https:\/\/www.noticiasradioreflejos.com.ar\/2021\/\",\"name\":\"Noticias Radio Reflejos\",\"description\":\"Las noticias de mi comarca\",\"potentialAction\":[{\"@type\":\"SearchAction\",\"target\":{\"@type\":\"EntryPoint\",\"urlTemplate\":\"https:\/\/www.noticiasradioreflejos.com.ar\/2021\/?s={search_term_string}\"},\"query-input\":{\"@type\":\"PropertyValueSpecification\",\"valueRequired\":true,\"valueName\":\"search_term_string\"}}],\"inLanguage\":\"es\"},{\"@type\":\"Person\",\"@id\":\"https:\/\/www.noticiasradioreflejos.com.ar\/2021\/#\/schema\/person\/ad82545263dcc5ec0996818884fd5fb1\",\"name\":\"Arnaldo Botto\",\"image\":{\"@type\":\"ImageObject\",\"inLanguage\":\"es\",\"@id\":\"https:\/\/www.noticiasradioreflejos.com.ar\/2021\/#\/schema\/person\/image\/\",\"url\":\"https:\/\/secure.gravatar.com\/avatar\/55cb5e37c1efa326397366e6974cb338056df65cb50e7d64d1cf314e87504837?s=96&d=mm&r=g\",\"contentUrl\":\"https:\/\/secure.gravatar.com\/avatar\/55cb5e37c1efa326397366e6974cb338056df65cb50e7d64d1cf314e87504837?s=96&d=mm&r=g\",\"caption\":\"Arnaldo Botto\"},\"url\":\"https:\/\/www.noticiasradioreflejos.com.ar\/2021\/author\/arnaldo\/\"}]}<\/script>\n<!-- \/ Yoast SEO plugin. -->","yoast_head_json":{"title":"Semana de la Miel, Campa\u00f1a Nacional, C.E.P.T. Nro 12 - Noticias Radio Reflejos","robots":{"index":"index","follow":"follow","max-snippet":"max-snippet:-1","max-image-preview":"max-image-preview:large","max-video-preview":"max-video-preview:-1"},"canonical":"https:\/\/www.noticiasradioreflejos.com.ar\/2021\/semana-de-la-miel-campana-nacional-c-e-p-t-nro-12\/","og_locale":"es_ES","og_type":"article","og_title":"Semana de la Miel, Campa\u00f1a Nacional, C.E.P.T. Nro 12 - Noticias Radio Reflejos","og_description":"0Charlas sobre propiedades de la miel: \u201csumale miel a tu vida\u201d Intercambio de experiencias, en la colmena y sus productos, de los alumnos a la comunidad, visita al APIARIO, mateada con degustaci\u00f3n de postres a base de miel. Lunes 21 de mayo a partir de las 14 hs en el\u00a0C.E.P.T. \u2116 12 Pillahuinco y Cruz [&hellip;]","og_url":"https:\/\/www.noticiasradioreflejos.com.ar\/2021\/semana-de-la-miel-campana-nacional-c-e-p-t-nro-12\/","og_site_name":"Noticias Radio Reflejos","article_published_time":"2018-05-18T05:22:10+00:00","og_image":[{"width":300,"height":200,"url":"https:\/\/www.noticiasradioreflejos.com.ar\/2021\/wp-content\/uploads\/2021\/07\/logosol300x200.png","type":"image\/png"}],"author":"Arnaldo Botto","twitter_card":"summary_large_image","schema":{"@context":"https:\/\/schema.org","@graph":[{"@type":"WebPage","@id":"https:\/\/www.noticiasradioreflejos.com.ar\/2021\/semana-de-la-miel-campana-nacional-c-e-p-t-nro-12\/","url":"https:\/\/www.noticiasradioreflejos.com.ar\/2021\/semana-de-la-miel-campana-nacional-c-e-p-t-nro-12\/","name":"Semana de la Miel, Campa\u00f1a Nacional, C.E.P.T. Nro 12 - Noticias Radio Reflejos","isPartOf":{"@id":"https:\/\/www.noticiasradioreflejos.com.ar\/2021\/#website"},"datePublished":"2018-05-18T05:22:10+00:00","author":{"@id":"https:\/\/www.noticiasradioreflejos.com.ar\/2021\/#\/schema\/person\/ad82545263dcc5ec0996818884fd5fb1"},"breadcrumb":{"@id":"https:\/\/www.noticiasradioreflejos.com.ar\/2021\/semana-de-la-miel-campana-nacional-c-e-p-t-nro-12\/#breadcrumb"},"inLanguage":"es","potentialAction":[{"@type":"ReadAction","target":["https:\/\/www.noticiasradioreflejos.com.ar\/2021\/semana-de-la-miel-campana-nacional-c-e-p-t-nro-12\/"]}]},{"@type":"BreadcrumbList","@id":"https:\/\/www.noticiasradioreflejos.com.ar\/2021\/semana-de-la-miel-campana-nacional-c-e-p-t-nro-12\/#breadcrumb","itemListElement":[{"@type":"ListItem","position":1,"name":"Portada","item":"https:\/\/www.noticiasradioreflejos.com.ar\/2021\/"},{"@type":"ListItem","position":2,"name":"Semana de la Miel, Campa\u00f1a Nacional, C.E.P.T. Nro 12"}]},{"@type":"WebSite","@id":"https:\/\/www.noticiasradioreflejos.com.ar\/2021\/#website","url":"https:\/\/www.noticiasradioreflejos.com.ar\/2021\/","name":"Noticias Radio Reflejos","description":"Las noticias de mi comarca","potentialAction":[{"@type":"SearchAction","target":{"@type":"EntryPoint","urlTemplate":"https:\/\/www.noticiasradioreflejos.com.ar\/2021\/?s={search_term_string}"},"query-input":{"@type":"PropertyValueSpecification","valueRequired":true,"valueName":"search_term_string"}}],"inLanguage":"es"},{"@type":"Person","@id":"https:\/\/www.noticiasradioreflejos.com.ar\/2021\/#\/schema\/person\/ad82545263dcc5ec0996818884fd5fb1","name":"Arnaldo Botto","image":{"@type":"ImageObject","inLanguage":"es","@id":"https:\/\/www.noticiasradioreflejos.com.ar\/2021\/#\/schema\/person\/image\/","url":"https:\/\/secure.gravatar.com\/avatar\/55cb5e37c1efa326397366e6974cb338056df65cb50e7d64d1cf314e87504837?s=96&d=mm&r=g","contentUrl":"https:\/\/secure.gravatar.com\/avatar\/55cb5e37c1efa326397366e6974cb338056df65cb50e7d64d1cf314e87504837?s=96&d=mm&r=g","caption":"Arnaldo Botto"},"url":"https:\/\/www.noticiasradioreflejos.com.ar\/2021\/author\/arnaldo\/"}]}},"_links":{"self":[{"href":"https:\/\/www.noticiasradioreflejos.com.ar\/2021\/wp-json\/wp\/v2\/posts\/21638","targetHints":{"allow":["GET"]}}],"collection":[{"href":"https:\/\/www.noticiasradioreflejos.com.ar\/2021\/wp-json\/wp\/v2\/posts"}],"about":[{"href":"https:\/\/www.noticiasradioreflejos.com.ar\/2021\/wp-json\/wp\/v2\/types\/post"}],"author":[{"embeddable":true,"href":"https:\/\/www.noticiasradioreflejos.com.ar\/2021\/wp-json\/wp\/v2\/users\/3"}],"replies":[{"embeddable":true,"href":"https:\/\/www.noticiasradioreflejos.com.ar\/2021\/wp-json\/wp\/v2\/comments?post=21638"}],"version-history":[{"count":0,"href":"https:\/\/www.noticiasradioreflejos.com.ar\/2021\/wp-json\/wp\/v2\/posts\/21638\/revisions"}],"wp:attachment":[{"href":"https:\/\/www.noticiasradioreflejos.com.ar\/2021\/wp-json\/wp\/v2\/media?parent=21638"}],"wp:term":[{"taxonomy":"category","embeddable":true,"href":"https:\/\/www.noticiasradioreflejos.com.ar\/2021\/wp-json\/wp\/v2\/categories?post=21638"},{"taxonomy":"post_tag","embeddable":true,"href":"https:\/\/www.noticiasradioreflejos.com.ar\/2021\/wp-json\/wp\/v2\/tags?post=21638"}],"curies":[{"name":"wp","href":"https:\/\/api.w.org\/{rel}","templated":true}]}}