{"id":21616,"date":"2018-05-17T07:59:07","date_gmt":"2018-05-17T10:59:07","guid":{"rendered":"http:\/\/www.noticiasradioreflejos.com.ar\/noticias\/?p=21616"},"modified":"2018-05-17T07:59:07","modified_gmt":"2018-05-17T10:59:07","slug":"tarifas-y-la-eliminacion-de-impuestos-en-la-facturacion-nota-con-directivos-de-celt-ltda","status":"publish","type":"post","link":"https:\/\/www.noticiasradioreflejos.com.ar\/2021\/tarifas-y-la-eliminacion-de-impuestos-en-la-facturacion-nota-con-directivos-de-celt-ltda\/","title":{"rendered":"Tarifas y la eliminaci\u00f3n de impuestos en la facturaci\u00f3n. Nota con directivos de CELT. Ltda."},"content":{"rendered":"<p>Miembros del Consejo de Administraci\u00f3n de la Cooperativa El\u00e9ctrica Limitada de Tornquist brindaron explicaciones y aclaraciones sobre la tarifa del servicio de luz el\u00e9ctrica.<!--more--><br \/>\nEstuvieron presentes el vicepresidente de la entidad, Nicol\u00e1s Barrio, y los s\u00edndicos Gabriel Artola y Alberto Rubio.<br \/>\nEn primer t\u00e9rmino, hicieron hincapi\u00e9 en la importancia de la comunicaci\u00f3n para con los socios y usuarios de los servicios de la CELT. \u201cQueremos mejorar la comunicaci\u00f3n, ser lo m\u00e1s claros posibles y explicarle a la gente antes que llegue a conclusiones err\u00f3neas\u201d, indic\u00f3 Barrio.<!--more--><br \/>\n\u201cLas tarifas no las determinamos nosotros -afirm\u00f3 y continu\u00f3-. El error m\u00e1s com\u00fan en la lectura de la factura es ver el importe final, ya que en el desglose hay ciertos \u00edtems que no colocamos nosotros, adem\u00e1s de que est\u00e1n incluidos otros servicios\u201d.<br \/>\nArtola agreg\u00f3 que \u201cel cuadro tarifario es muy complejo porque existen muchos tipos de tarifas y categor\u00edas, no es lo mismo el costo de aquel usuario que consume 199 kb, que el que consume 201, hay un salto donde modifica el valor\u201d.<br \/>\n\u201cTambi\u00e9n, cuando uno compara lo pagado un mes con el otro, tiene que ver la cantidad de d\u00edas de lectura, ya que muchas veces sucede que, por cuestiones clim\u00e1ticas, nos excedemos en la cantidad de d\u00edas en la toma de estado. Por ejemplo, en lugar de tener 30 d\u00edas, llegamos a tomar hasta 35, pero en la facturaci\u00f3n siguiente se incluyen 25 o 26 d\u00edas\u201d, a\u00f1adi\u00f3.<br \/>\nEste tipo de datos generalmente son desconocidos por los usuarios del servicio, por eso los miembros del Consejo de Administraci\u00f3n piden que \u201cvayan a la cooperativa a sacarse las dudas, est\u00e1 a disposici\u00f3n todo el personal y el consejo\u201d. \u201cNo trabajamos de forma autom\u00e1tica como lo hacen las empresas, tenemos un trato m\u00e1s personal\u201d, sostuvieron.<br \/>\nA continuaci\u00f3n, Rubio explic\u00f3 que no existen diferencias en el valor de la tarifa entre los municipios de nuestra regi\u00f3n, ya que \u201ca casi toda la Sexta Secci\u00f3n Electoral la provee de energ\u00eda EDES S.A.\u201d. \u201cEn la provincia existen cuatro tipos de costos de Kb (divididos en zonas) pero la diferencia son centavos\u201d, a\u00f1adi\u00f3.<br \/>\nEn cuanto a la eliminaci\u00f3n de los impuestos establecidos por las leyes provinciales 7290 y 9038, mediante las que se cobra el 10% y el 5,5%, respectivamente, del consumo total de energ\u00eda neta, Rubio inform\u00f3 que \u201cdesaparecen a partir de mayo luego de haber sido eliminadas en febrero de 2016 y vuelto a pagarse con el consumo de diciembre de 2017, por lo que dichos impuestos solo los pagamos cuatro meses\u201d.<br \/>\nLas otras leyes que se eliminar\u00edan (resta la aprobaci\u00f3n de la C\u00e1mara de Senadores), son la 11769 y la 11769 bis, que entre las dos cobran el 6,6 % de le energ\u00eda neta consumida. Sobre ese dinero, el s\u00edndico explic\u00f3 que \u201cse deposita en la provincia y, desde all\u00ed, se gira a los municipios\u201d, por lo que son fondos que las comunas van a dejar de percibir.<br \/>\nEs por ello que, seg\u00fan indic\u00f3, \u201cen varios municipios se van a volcar a crear una nueva tasa y\/o se le comenzar\u00e1 a cobrar el espacio a\u00e9reo a las empresas distribuidoras del servicio\u201d.<br \/>\nDesde la CELT, en tanto, \u201csuspendimos la inclusi\u00f3n de la cuota capital, sobre la que s\u00ed decidimos y se pone y se saca desde el Consejo de Administraci\u00f3n ad refer\u00e9ndum de la asamblea\u201d.<br \/>\nEn s\u00edntesis, en la factura que llegue a los domicilios los primeros d\u00edas de junio ya no estar\u00e1n incluidos el 15,5% del consumo de energ\u00eda neta de las leyes provinciales 7290 y 9038, y la cuota capital, que se elimin\u00f3 meses atr\u00e1s. En tanto, el 6,6% de las leyes 11769 y la 11769 bis se mantendr\u00e1 hasta que se apruebe su derogaci\u00f3n.<br \/>\nPor otra parte, respecto a internet, los consejeros explicaron que \u201cle pedimos a nuestra empresa proveedora, Arsat, 300 megas y tardaron 65 d\u00edas en habilitarlos, todo por cuestiones burocr\u00e1ticas de ellos, y nosotros padecimos durante ese tiempo\u201d, en el que se vio afectada la prestaci\u00f3n del servicio.<br \/>\n<iframe loading=\"lazy\" width=\"100%\" height=\"166\" scrolling=\"no\" frameborder=\"no\" allow=\"autoplay\" src=\"https:\/\/w.soundcloud.com\/player\/?url=https%3A\/\/api.soundcloud.com\/tracks\/445274838&#038;color=%23ff5500&#038;auto_play=false&#038;hide_related=false&#038;show_comments=true&#038;show_user=true&#038;show_reposts=false&#038;show_teaser=true\"><\/iframe><br \/>\n<iframe loading=\"lazy\" width=\"100%\" height=\"166\" scrolling=\"no\" frameborder=\"no\" allow=\"autoplay\" src=\"https:\/\/w.soundcloud.com\/player\/?url=https%3A\/\/api.soundcloud.com\/tracks\/445275066&#038;color=%23ff5500&#038;auto_play=false&#038;hide_related=false&#038;show_comments=true&#038;show_user=true&#038;show_reposts=false&#038;show_teaser=true\"><\/iframe><\/p>\n","protected":false},"excerpt":{"rendered":"<p>Miembros del Consejo de Administraci\u00f3n de la Cooperativa El\u00e9ctrica Limitada de Tornquist brindaron explicaciones y aclaraciones sobre la tarifa del servicio de luz el\u00e9ctrica.<\/p>\n","protected":false},"author":3,"featured_media":0,"comment_status":"closed","ping_status":"open","sticky":false,"template":"","format":"standard","meta":{"footnotes":""},"categories":[26],"tags":[],"class_list":["post-21616","post","type-post","status-publish","format-standard","hentry","category-sociedad"],"yoast_head":"<!-- This site is optimized with the Yoast SEO plugin v25.9 - https:\/\/yoast.com\/wordpress\/plugins\/seo\/ -->\n<title>Tarifas y la eliminaci\u00f3n de impuestos en la facturaci\u00f3n. Nota con directivos de CELT. Ltda. - Noticias Radio Reflejos<\/title>\n<meta name=\"robots\" content=\"index, follow, max-snippet:-1, max-image-preview:large, max-video-preview:-1\" \/>\n<link rel=\"canonical\" href=\"https:\/\/www.noticiasradioreflejos.com.ar\/2021\/tarifas-y-la-eliminacion-de-impuestos-en-la-facturacion-nota-con-directivos-de-celt-ltda\/\" \/>\n<meta property=\"og:locale\" content=\"es_ES\" \/>\n<meta property=\"og:type\" content=\"article\" \/>\n<meta property=\"og:title\" content=\"Tarifas y la eliminaci\u00f3n de impuestos en la facturaci\u00f3n. Nota con directivos de CELT. Ltda. - Noticias Radio Reflejos\" \/>\n<meta property=\"og:description\" content=\"Miembros del Consejo de Administraci\u00f3n de la Cooperativa El\u00e9ctrica Limitada de Tornquist brindaron explicaciones y aclaraciones sobre la tarifa del servicio de luz el\u00e9ctrica.\" \/>\n<meta property=\"og:url\" content=\"https:\/\/www.noticiasradioreflejos.com.ar\/2021\/tarifas-y-la-eliminacion-de-impuestos-en-la-facturacion-nota-con-directivos-de-celt-ltda\/\" \/>\n<meta property=\"og:site_name\" content=\"Noticias Radio Reflejos\" \/>\n<meta property=\"article:published_time\" content=\"2018-05-17T10:59:07+00:00\" \/>\n<meta property=\"og:image\" content=\"https:\/\/www.noticiasradioreflejos.com.ar\/2021\/wp-content\/uploads\/2021\/07\/logosol300x200.png\" \/>\n\t<meta property=\"og:image:width\" content=\"300\" \/>\n\t<meta property=\"og:image:height\" content=\"200\" \/>\n\t<meta property=\"og:image:type\" content=\"image\/png\" \/>\n<meta name=\"author\" content=\"Arnaldo Botto\" \/>\n<meta name=\"twitter:card\" content=\"summary_large_image\" \/>\n<script type=\"application\/ld+json\" class=\"yoast-schema-graph\">{\"@context\":\"https:\/\/schema.org\",\"@graph\":[{\"@type\":\"WebPage\",\"@id\":\"https:\/\/www.noticiasradioreflejos.com.ar\/2021\/tarifas-y-la-eliminacion-de-impuestos-en-la-facturacion-nota-con-directivos-de-celt-ltda\/\",\"url\":\"https:\/\/www.noticiasradioreflejos.com.ar\/2021\/tarifas-y-la-eliminacion-de-impuestos-en-la-facturacion-nota-con-directivos-de-celt-ltda\/\",\"name\":\"Tarifas y la eliminaci\u00f3n de impuestos en la facturaci\u00f3n. Nota con directivos de CELT. Ltda. - Noticias Radio Reflejos\",\"isPartOf\":{\"@id\":\"https:\/\/www.noticiasradioreflejos.com.ar\/2021\/#website\"},\"datePublished\":\"2018-05-17T10:59:07+00:00\",\"author\":{\"@id\":\"https:\/\/www.noticiasradioreflejos.com.ar\/2021\/#\/schema\/person\/ad82545263dcc5ec0996818884fd5fb1\"},\"breadcrumb\":{\"@id\":\"https:\/\/www.noticiasradioreflejos.com.ar\/2021\/tarifas-y-la-eliminacion-de-impuestos-en-la-facturacion-nota-con-directivos-de-celt-ltda\/#breadcrumb\"},\"inLanguage\":\"es\",\"potentialAction\":[{\"@type\":\"ReadAction\",\"target\":[\"https:\/\/www.noticiasradioreflejos.com.ar\/2021\/tarifas-y-la-eliminacion-de-impuestos-en-la-facturacion-nota-con-directivos-de-celt-ltda\/\"]}]},{\"@type\":\"BreadcrumbList\",\"@id\":\"https:\/\/www.noticiasradioreflejos.com.ar\/2021\/tarifas-y-la-eliminacion-de-impuestos-en-la-facturacion-nota-con-directivos-de-celt-ltda\/#breadcrumb\",\"itemListElement\":[{\"@type\":\"ListItem\",\"position\":1,\"name\":\"Portada\",\"item\":\"https:\/\/www.noticiasradioreflejos.com.ar\/2021\/\"},{\"@type\":\"ListItem\",\"position\":2,\"name\":\"Tarifas y la eliminaci\u00f3n de impuestos en la facturaci\u00f3n. Nota con directivos de CELT. Ltda.\"}]},{\"@type\":\"WebSite\",\"@id\":\"https:\/\/www.noticiasradioreflejos.com.ar\/2021\/#website\",\"url\":\"https:\/\/www.noticiasradioreflejos.com.ar\/2021\/\",\"name\":\"Noticias Radio Reflejos\",\"description\":\"Las noticias de mi comarca\",\"potentialAction\":[{\"@type\":\"SearchAction\",\"target\":{\"@type\":\"EntryPoint\",\"urlTemplate\":\"https:\/\/www.noticiasradioreflejos.com.ar\/2021\/?s={search_term_string}\"},\"query-input\":{\"@type\":\"PropertyValueSpecification\",\"valueRequired\":true,\"valueName\":\"search_term_string\"}}],\"inLanguage\":\"es\"},{\"@type\":\"Person\",\"@id\":\"https:\/\/www.noticiasradioreflejos.com.ar\/2021\/#\/schema\/person\/ad82545263dcc5ec0996818884fd5fb1\",\"name\":\"Arnaldo Botto\",\"image\":{\"@type\":\"ImageObject\",\"inLanguage\":\"es\",\"@id\":\"https:\/\/www.noticiasradioreflejos.com.ar\/2021\/#\/schema\/person\/image\/\",\"url\":\"https:\/\/secure.gravatar.com\/avatar\/55cb5e37c1efa326397366e6974cb338056df65cb50e7d64d1cf314e87504837?s=96&d=mm&r=g\",\"contentUrl\":\"https:\/\/secure.gravatar.com\/avatar\/55cb5e37c1efa326397366e6974cb338056df65cb50e7d64d1cf314e87504837?s=96&d=mm&r=g\",\"caption\":\"Arnaldo Botto\"},\"url\":\"https:\/\/www.noticiasradioreflejos.com.ar\/2021\/author\/arnaldo\/\"}]}<\/script>\n<!-- \/ Yoast SEO plugin. -->","yoast_head_json":{"title":"Tarifas y la eliminaci\u00f3n de impuestos en la facturaci\u00f3n. Nota con directivos de CELT. Ltda. - Noticias Radio Reflejos","robots":{"index":"index","follow":"follow","max-snippet":"max-snippet:-1","max-image-preview":"max-image-preview:large","max-video-preview":"max-video-preview:-1"},"canonical":"https:\/\/www.noticiasradioreflejos.com.ar\/2021\/tarifas-y-la-eliminacion-de-impuestos-en-la-facturacion-nota-con-directivos-de-celt-ltda\/","og_locale":"es_ES","og_type":"article","og_title":"Tarifas y la eliminaci\u00f3n de impuestos en la facturaci\u00f3n. Nota con directivos de CELT. Ltda. - Noticias Radio Reflejos","og_description":"Miembros del Consejo de Administraci\u00f3n de la Cooperativa El\u00e9ctrica Limitada de Tornquist brindaron explicaciones y aclaraciones sobre la tarifa del servicio de luz el\u00e9ctrica.","og_url":"https:\/\/www.noticiasradioreflejos.com.ar\/2021\/tarifas-y-la-eliminacion-de-impuestos-en-la-facturacion-nota-con-directivos-de-celt-ltda\/","og_site_name":"Noticias Radio Reflejos","article_published_time":"2018-05-17T10:59:07+00:00","og_image":[{"width":300,"height":200,"url":"https:\/\/www.noticiasradioreflejos.com.ar\/2021\/wp-content\/uploads\/2021\/07\/logosol300x200.png","type":"image\/png"}],"author":"Arnaldo Botto","twitter_card":"summary_large_image","schema":{"@context":"https:\/\/schema.org","@graph":[{"@type":"WebPage","@id":"https:\/\/www.noticiasradioreflejos.com.ar\/2021\/tarifas-y-la-eliminacion-de-impuestos-en-la-facturacion-nota-con-directivos-de-celt-ltda\/","url":"https:\/\/www.noticiasradioreflejos.com.ar\/2021\/tarifas-y-la-eliminacion-de-impuestos-en-la-facturacion-nota-con-directivos-de-celt-ltda\/","name":"Tarifas y la eliminaci\u00f3n de impuestos en la facturaci\u00f3n. Nota con directivos de CELT. Ltda. - Noticias Radio Reflejos","isPartOf":{"@id":"https:\/\/www.noticiasradioreflejos.com.ar\/2021\/#website"},"datePublished":"2018-05-17T10:59:07+00:00","author":{"@id":"https:\/\/www.noticiasradioreflejos.com.ar\/2021\/#\/schema\/person\/ad82545263dcc5ec0996818884fd5fb1"},"breadcrumb":{"@id":"https:\/\/www.noticiasradioreflejos.com.ar\/2021\/tarifas-y-la-eliminacion-de-impuestos-en-la-facturacion-nota-con-directivos-de-celt-ltda\/#breadcrumb"},"inLanguage":"es","potentialAction":[{"@type":"ReadAction","target":["https:\/\/www.noticiasradioreflejos.com.ar\/2021\/tarifas-y-la-eliminacion-de-impuestos-en-la-facturacion-nota-con-directivos-de-celt-ltda\/"]}]},{"@type":"BreadcrumbList","@id":"https:\/\/www.noticiasradioreflejos.com.ar\/2021\/tarifas-y-la-eliminacion-de-impuestos-en-la-facturacion-nota-con-directivos-de-celt-ltda\/#breadcrumb","itemListElement":[{"@type":"ListItem","position":1,"name":"Portada","item":"https:\/\/www.noticiasradioreflejos.com.ar\/2021\/"},{"@type":"ListItem","position":2,"name":"Tarifas y la eliminaci\u00f3n de impuestos en la facturaci\u00f3n. Nota con directivos de CELT. Ltda."}]},{"@type":"WebSite","@id":"https:\/\/www.noticiasradioreflejos.com.ar\/2021\/#website","url":"https:\/\/www.noticiasradioreflejos.com.ar\/2021\/","name":"Noticias Radio Reflejos","description":"Las noticias de mi comarca","potentialAction":[{"@type":"SearchAction","target":{"@type":"EntryPoint","urlTemplate":"https:\/\/www.noticiasradioreflejos.com.ar\/2021\/?s={search_term_string}"},"query-input":{"@type":"PropertyValueSpecification","valueRequired":true,"valueName":"search_term_string"}}],"inLanguage":"es"},{"@type":"Person","@id":"https:\/\/www.noticiasradioreflejos.com.ar\/2021\/#\/schema\/person\/ad82545263dcc5ec0996818884fd5fb1","name":"Arnaldo Botto","image":{"@type":"ImageObject","inLanguage":"es","@id":"https:\/\/www.noticiasradioreflejos.com.ar\/2021\/#\/schema\/person\/image\/","url":"https:\/\/secure.gravatar.com\/avatar\/55cb5e37c1efa326397366e6974cb338056df65cb50e7d64d1cf314e87504837?s=96&d=mm&r=g","contentUrl":"https:\/\/secure.gravatar.com\/avatar\/55cb5e37c1efa326397366e6974cb338056df65cb50e7d64d1cf314e87504837?s=96&d=mm&r=g","caption":"Arnaldo Botto"},"url":"https:\/\/www.noticiasradioreflejos.com.ar\/2021\/author\/arnaldo\/"}]}},"_links":{"self":[{"href":"https:\/\/www.noticiasradioreflejos.com.ar\/2021\/wp-json\/wp\/v2\/posts\/21616","targetHints":{"allow":["GET"]}}],"collection":[{"href":"https:\/\/www.noticiasradioreflejos.com.ar\/2021\/wp-json\/wp\/v2\/posts"}],"about":[{"href":"https:\/\/www.noticiasradioreflejos.com.ar\/2021\/wp-json\/wp\/v2\/types\/post"}],"author":[{"embeddable":true,"href":"https:\/\/www.noticiasradioreflejos.com.ar\/2021\/wp-json\/wp\/v2\/users\/3"}],"replies":[{"embeddable":true,"href":"https:\/\/www.noticiasradioreflejos.com.ar\/2021\/wp-json\/wp\/v2\/comments?post=21616"}],"version-history":[{"count":0,"href":"https:\/\/www.noticiasradioreflejos.com.ar\/2021\/wp-json\/wp\/v2\/posts\/21616\/revisions"}],"wp:attachment":[{"href":"https:\/\/www.noticiasradioreflejos.com.ar\/2021\/wp-json\/wp\/v2\/media?parent=21616"}],"wp:term":[{"taxonomy":"category","embeddable":true,"href":"https:\/\/www.noticiasradioreflejos.com.ar\/2021\/wp-json\/wp\/v2\/categories?post=21616"},{"taxonomy":"post_tag","embeddable":true,"href":"https:\/\/www.noticiasradioreflejos.com.ar\/2021\/wp-json\/wp\/v2\/tags?post=21616"}],"curies":[{"name":"wp","href":"https:\/\/api.w.org\/{rel}","templated":true}]}}