{"id":21609,"date":"2018-05-16T22:35:08","date_gmt":"2018-05-17T01:35:08","guid":{"rendered":"http:\/\/www.noticiasradioreflejos.com.ar\/noticias\/?p=21609"},"modified":"2018-05-16T22:35:08","modified_gmt":"2018-05-17T01:35:08","slug":"constructora-del-lazio-viviendas-industrializadas","status":"publish","type":"post","link":"https:\/\/www.noticiasradioreflejos.com.ar\/2021\/constructora-del-lazio-viviendas-industrializadas\/","title":{"rendered":"Constructora del Lazio, Viviendas Industrializadas"},"content":{"rendered":"<p>En la ma\u00f1ana del d\u00eda de hoy, nos visitaron los asesores de \u00abConstructora del Lazio\u00bb, que realizan viviendas industrializadas, para contarnos un poco su propuesta, planes, medios de pago, y sobre sus viviendas ecol\u00f3gicas.<!--more--><br \/>\n\u00abMi nombre es Fernando, somos asesores de (constructora del lazio), hacemos viviendas industrializadas, este estilo de construcci\u00f3n en este momento tiene mucha demanda, es un estilo de construcci\u00f3n que es muy r\u00e1pido, limpio, es un estilo que se esta viniendo mucho por lo que es el sur, bueno nosotros tenemos entregas en lo que es el ultimo a\u00f1o, mas de 56 viviendas entregadas, en todo lo que es la comarca de Viedma, Patagones, lo que es Las Grutas, San Antonio, y nos estamos viniendo para aca para el sur, en Villa Ventana tambi\u00e9n por suerte entregamos una caba\u00f1a de estilo americano, un estilo con techo a dos aguas, y ahora ac\u00e1 en Villa Arcadia entregamos los otros modelitos, 2 viviendas minimalistas, es el mismo due\u00f1o de caba\u00f1as Las Arcadias en Villa Ventana, que construy\u00f3 ac\u00e1 en Sierra estos modelitos que en realidad son muy funcionales, entregamos ya listas para habitar, esa es la particularidad, venimos con la promoci\u00f3n para todo aquel que este interesado en construir, en ampliar, hacemos reformas, cualquier proyecto a medida que quieran hacer nos consultan, tambi\u00e9n construimos sobre loza, en un segundo piso, asique tenemos a disposici\u00f3n al arquitecto de la empresa, que cualquier dise\u00f1o que tenga el cliente se le presupuesta y a partir de ah\u00ed se hace ese proyecto constructivo\u00bb.<br \/>\nSe le pregunt\u00f3 ademas sobre las viviendas de linea ecol\u00f3gica, a lo que Fernando nos cont\u00f3, \u00abSon contenedores, eso se usa mas que nada en la playa, en lo que son balnearios, y ese estilo de construcci\u00f3n por ah\u00ed predomina mas all\u00ed, es un contenedor que esta ya todo revestido y funcional para habitar, con el deck de madera, tiene una particularidad que es que maneja todo lo que es energ\u00eda solar, el termo tanque tambi\u00e9n que va incluido para energ\u00eda solar, y bueno por ah\u00ed es muy lindo porque es una alternativa, es bastante amplio, de 3 metros por 12, se entrega ya terminado con los cerramientos puestos, y llave en mano, es colocarla sobre la platea y entrar a vivir, incluye todo lo que es amoblamiento interior. En este momento tenemos la promoci\u00f3n que estamos incluyendo a todo aquel que inicie por el plan o el que quiera hacerla de contado tambi\u00e9n, estamos incluyendo todo lo que es el amoblamiento, que consta las rejas colocadas para todos los cerramientos que ya vienen colocados, cer\u00e1micos para todo el piso de 40&#215;40, incluido el ba\u00f1o de 2 metros y la cocina hasta 1,50 atras de la mesada, la cocina la bacha de acero inoxidable con bajo mesada y alacena en melamina en 1,50, y la griferia que corresponde, despu\u00e9s lo que es el mono pack del ba\u00f1o, y el pack de pintura, que se coloca revear por fuera, color a elecci\u00f3n, y toda la pintura para adentro, y el ba\u00f1o completo, inodoro, bidet, lava manos, y todo lo que es botiquin y la griferia, osea que ya queda la vivienda funcional\u00bb.<br \/>\n\u00abLa gente que adopta este tipo de construcci\u00f3n, que nos llama, no reniega con alba\u00f1iles, con material, con nada por el estilo, venimos y en menos de una semana te puedo asegurar que esta lista.\u00bb<br \/>\nRespecto a los planes de pago, Fernando nos inform\u00f3, \u00abSon cuotas fijas y en pesos, nosotros tenemos una m\u00ednima estipulada para que el cliente llegue en un tiempo razonable, de ah\u00ed el cliente puede elegir o adelantar o elegir una cuota mayor, entonces a lo que se puede llegar es a una entrega programada, con el monto que estipula el cliente, se le va una tarjeta que va a rapipago o pago f\u00e1cil, no espera factura, y ah\u00ed ya sale la cuota elegida por el cliente. Siempre necesitamos el 70% para construir, si bien ninguna empresa construye con la primer cuota, porque seria muy f\u00e1cil sino, e imposible la demanda de todo aquel que pague una cuota, ya tener la vivienda, entonces la empresa lo que hace es solicitar un porcentaje, pero a diferencia de otras fabricas, permite llegar a ese porcentaje c\u00f3modamente y como mas se adecue al bolsillo, tomamos veh\u00edculos tambi\u00e9n\u00bb.<br \/>\nMas informaci\u00f3n al 291-4312911 \u00f3 291-56487401<br \/>\n<a href=\"http:\/\/www.constructoralazio.com.ar\">www.constructoralazio.com.ar<\/a><br \/>\nNOTA COMPLETA:<br \/>\n<iframe loading=\"lazy\" src=\"https:\/\/w.soundcloud.com\/player\/?url=https%3A\/\/api.soundcloud.com\/tracks\/444838617&amp;color=%23ff5500&amp;auto_play=false&amp;hide_related=false&amp;show_comments=true&amp;show_user=true&amp;show_reposts=false&amp;show_teaser=true\" width=\"100%\" height=\"166\" frameborder=\"no\" scrolling=\"no\"><\/iframe><br \/>\n<a title=\"vivienda del lazio6\" href=\"http:\/\/farm1.staticflickr.com\/944\/41440001494_e96aa8b6dc_z.jpg\" rel=\"\"><img loading=\"lazy\" decoding=\"async\" class=\"aligncenter\" title=\"vivienda del lazio6\" src=\"http:\/\/farm1.staticflickr.com\/944\/41440001494_e96aa8b6dc_z.jpg\" alt=\"vivienda del lazio6\" width=\"640\" height=\"400\" \/><\/a><br \/>\n<a title=\"vivienda del lazio5\" href=\"http:\/\/farm1.staticflickr.com\/946\/40353765380_0e21aab078_z.jpg\" rel=\"\"><img loading=\"lazy\" decoding=\"async\" class=\"aligncenter\" title=\"vivienda del lazio5\" src=\"http:\/\/farm1.staticflickr.com\/946\/40353765380_0e21aab078_z.jpg\" alt=\"vivienda del lazio5\" width=\"640\" height=\"400\" \/><\/a><br \/>\n<a title=\"vivienda del lazio4\" href=\"http:\/\/farm1.staticflickr.com\/953\/42160782801_7455d4c4c5_z.jpg\" rel=\"\"><img loading=\"lazy\" decoding=\"async\" class=\"aligncenter\" title=\"vivienda del lazio4\" src=\"http:\/\/farm1.staticflickr.com\/953\/42160782801_7455d4c4c5_z.jpg\" alt=\"vivienda del lazio4\" width=\"640\" height=\"400\" \/><\/a><br \/>\n<a title=\"vivienda del lazio3\" href=\"http:\/\/farm1.staticflickr.com\/975\/40353768080_615389ec5c_z.jpg\" rel=\"\"><img loading=\"lazy\" decoding=\"async\" class=\"aligncenter\" title=\"vivienda del lazio3\" src=\"http:\/\/farm1.staticflickr.com\/975\/40353768080_615389ec5c_z.jpg\" alt=\"vivienda del lazio3\" width=\"640\" height=\"400\" \/><\/a><br \/>\n<a title=\"vivienda del lazio2\" href=\"http:\/\/farm1.staticflickr.com\/979\/42160785801_27184bccc5_z.jpg\" rel=\"\"><img loading=\"lazy\" decoding=\"async\" class=\"aligncenter\" title=\"vivienda del lazio2\" src=\"http:\/\/farm1.staticflickr.com\/979\/42160785801_27184bccc5_z.jpg\" alt=\"vivienda del lazio2\" width=\"640\" height=\"400\" \/><\/a><br \/>\n<a title=\"vivienda del lazio\" href=\"http:\/\/farm1.staticflickr.com\/827\/42160787491_4b776d72c7_z.jpg\" rel=\"\"><img loading=\"lazy\" decoding=\"async\" class=\"aligncenter\" title=\"vivienda del lazio\" src=\"http:\/\/farm1.staticflickr.com\/827\/42160787491_4b776d72c7_z.jpg\" alt=\"vivienda del lazio\" width=\"640\" height=\"400\" \/><\/a><\/p>\n","protected":false},"excerpt":{"rendered":"<p>En la ma\u00f1ana del d\u00eda de hoy, nos visitaron los asesores de \u00abConstructora del Lazio\u00bb, que realizan viviendas industrializadas, para contarnos un poco su propuesta, planes, medios de pago, y sobre sus viviendas ecol\u00f3gicas.<\/p>\n","protected":false},"author":3,"featured_media":0,"comment_status":"closed","ping_status":"open","sticky":false,"template":"","format":"standard","meta":{"footnotes":""},"categories":[26],"tags":[],"class_list":["post-21609","post","type-post","status-publish","format-standard","hentry","category-sociedad"],"yoast_head":"<!-- This site is optimized with the Yoast SEO plugin v25.9 - https:\/\/yoast.com\/wordpress\/plugins\/seo\/ -->\n<title>Constructora del Lazio, Viviendas Industrializadas - Noticias Radio Reflejos<\/title>\n<meta name=\"robots\" content=\"index, follow, max-snippet:-1, max-image-preview:large, max-video-preview:-1\" \/>\n<link rel=\"canonical\" href=\"https:\/\/www.noticiasradioreflejos.com.ar\/2021\/constructora-del-lazio-viviendas-industrializadas\/\" \/>\n<meta property=\"og:locale\" content=\"es_ES\" \/>\n<meta property=\"og:type\" content=\"article\" \/>\n<meta property=\"og:title\" content=\"Constructora del Lazio, Viviendas Industrializadas - Noticias Radio Reflejos\" \/>\n<meta property=\"og:description\" content=\"En la ma\u00f1ana del d\u00eda de hoy, nos visitaron los asesores de \u00abConstructora del Lazio\u00bb, que realizan viviendas industrializadas, para contarnos un poco su propuesta, planes, medios de pago, y sobre sus viviendas ecol\u00f3gicas.\" \/>\n<meta property=\"og:url\" content=\"https:\/\/www.noticiasradioreflejos.com.ar\/2021\/constructora-del-lazio-viviendas-industrializadas\/\" \/>\n<meta property=\"og:site_name\" content=\"Noticias Radio Reflejos\" \/>\n<meta property=\"article:published_time\" content=\"2018-05-17T01:35:08+00:00\" \/>\n<meta property=\"og:image\" content=\"http:\/\/farm1.staticflickr.com\/944\/41440001494_e96aa8b6dc_z.jpg\" \/>\n<meta name=\"author\" content=\"Arnaldo Botto\" \/>\n<meta name=\"twitter:card\" content=\"summary_large_image\" \/>\n<script type=\"application\/ld+json\" class=\"yoast-schema-graph\">{\"@context\":\"https:\/\/schema.org\",\"@graph\":[{\"@type\":\"WebPage\",\"@id\":\"https:\/\/www.noticiasradioreflejos.com.ar\/2021\/constructora-del-lazio-viviendas-industrializadas\/\",\"url\":\"https:\/\/www.noticiasradioreflejos.com.ar\/2021\/constructora-del-lazio-viviendas-industrializadas\/\",\"name\":\"Constructora del Lazio, Viviendas Industrializadas - Noticias Radio Reflejos\",\"isPartOf\":{\"@id\":\"https:\/\/www.noticiasradioreflejos.com.ar\/2021\/#website\"},\"primaryImageOfPage\":{\"@id\":\"https:\/\/www.noticiasradioreflejos.com.ar\/2021\/constructora-del-lazio-viviendas-industrializadas\/#primaryimage\"},\"image\":{\"@id\":\"https:\/\/www.noticiasradioreflejos.com.ar\/2021\/constructora-del-lazio-viviendas-industrializadas\/#primaryimage\"},\"thumbnailUrl\":\"http:\/\/farm1.staticflickr.com\/944\/41440001494_e96aa8b6dc_z.jpg\",\"datePublished\":\"2018-05-17T01:35:08+00:00\",\"author\":{\"@id\":\"https:\/\/www.noticiasradioreflejos.com.ar\/2021\/#\/schema\/person\/ad82545263dcc5ec0996818884fd5fb1\"},\"breadcrumb\":{\"@id\":\"https:\/\/www.noticiasradioreflejos.com.ar\/2021\/constructora-del-lazio-viviendas-industrializadas\/#breadcrumb\"},\"inLanguage\":\"es\",\"potentialAction\":[{\"@type\":\"ReadAction\",\"target\":[\"https:\/\/www.noticiasradioreflejos.com.ar\/2021\/constructora-del-lazio-viviendas-industrializadas\/\"]}]},{\"@type\":\"ImageObject\",\"inLanguage\":\"es\",\"@id\":\"https:\/\/www.noticiasradioreflejos.com.ar\/2021\/constructora-del-lazio-viviendas-industrializadas\/#primaryimage\",\"url\":\"http:\/\/farm1.staticflickr.com\/944\/41440001494_e96aa8b6dc_z.jpg\",\"contentUrl\":\"http:\/\/farm1.staticflickr.com\/944\/41440001494_e96aa8b6dc_z.jpg\"},{\"@type\":\"BreadcrumbList\",\"@id\":\"https:\/\/www.noticiasradioreflejos.com.ar\/2021\/constructora-del-lazio-viviendas-industrializadas\/#breadcrumb\",\"itemListElement\":[{\"@type\":\"ListItem\",\"position\":1,\"name\":\"Portada\",\"item\":\"https:\/\/www.noticiasradioreflejos.com.ar\/2021\/\"},{\"@type\":\"ListItem\",\"position\":2,\"name\":\"Constructora del Lazio, Viviendas Industrializadas\"}]},{\"@type\":\"WebSite\",\"@id\":\"https:\/\/www.noticiasradioreflejos.com.ar\/2021\/#website\",\"url\":\"https:\/\/www.noticiasradioreflejos.com.ar\/2021\/\",\"name\":\"Noticias Radio Reflejos\",\"description\":\"Las noticias de mi comarca\",\"potentialAction\":[{\"@type\":\"SearchAction\",\"target\":{\"@type\":\"EntryPoint\",\"urlTemplate\":\"https:\/\/www.noticiasradioreflejos.com.ar\/2021\/?s={search_term_string}\"},\"query-input\":{\"@type\":\"PropertyValueSpecification\",\"valueRequired\":true,\"valueName\":\"search_term_string\"}}],\"inLanguage\":\"es\"},{\"@type\":\"Person\",\"@id\":\"https:\/\/www.noticiasradioreflejos.com.ar\/2021\/#\/schema\/person\/ad82545263dcc5ec0996818884fd5fb1\",\"name\":\"Arnaldo Botto\",\"image\":{\"@type\":\"ImageObject\",\"inLanguage\":\"es\",\"@id\":\"https:\/\/www.noticiasradioreflejos.com.ar\/2021\/#\/schema\/person\/image\/\",\"url\":\"https:\/\/secure.gravatar.com\/avatar\/55cb5e37c1efa326397366e6974cb338056df65cb50e7d64d1cf314e87504837?s=96&d=mm&r=g\",\"contentUrl\":\"https:\/\/secure.gravatar.com\/avatar\/55cb5e37c1efa326397366e6974cb338056df65cb50e7d64d1cf314e87504837?s=96&d=mm&r=g\",\"caption\":\"Arnaldo Botto\"},\"url\":\"https:\/\/www.noticiasradioreflejos.com.ar\/2021\/author\/arnaldo\/\"}]}<\/script>\n<!-- \/ Yoast SEO plugin. -->","yoast_head_json":{"title":"Constructora del Lazio, Viviendas Industrializadas - Noticias Radio Reflejos","robots":{"index":"index","follow":"follow","max-snippet":"max-snippet:-1","max-image-preview":"max-image-preview:large","max-video-preview":"max-video-preview:-1"},"canonical":"https:\/\/www.noticiasradioreflejos.com.ar\/2021\/constructora-del-lazio-viviendas-industrializadas\/","og_locale":"es_ES","og_type":"article","og_title":"Constructora del Lazio, Viviendas Industrializadas - Noticias Radio Reflejos","og_description":"En la ma\u00f1ana del d\u00eda de hoy, nos visitaron los asesores de \u00abConstructora del Lazio\u00bb, que realizan viviendas industrializadas, para contarnos un poco su propuesta, planes, medios de pago, y sobre sus viviendas ecol\u00f3gicas.","og_url":"https:\/\/www.noticiasradioreflejos.com.ar\/2021\/constructora-del-lazio-viviendas-industrializadas\/","og_site_name":"Noticias Radio Reflejos","article_published_time":"2018-05-17T01:35:08+00:00","og_image":[{"url":"http:\/\/farm1.staticflickr.com\/944\/41440001494_e96aa8b6dc_z.jpg","type":"","width":"","height":""}],"author":"Arnaldo Botto","twitter_card":"summary_large_image","schema":{"@context":"https:\/\/schema.org","@graph":[{"@type":"WebPage","@id":"https:\/\/www.noticiasradioreflejos.com.ar\/2021\/constructora-del-lazio-viviendas-industrializadas\/","url":"https:\/\/www.noticiasradioreflejos.com.ar\/2021\/constructora-del-lazio-viviendas-industrializadas\/","name":"Constructora del Lazio, Viviendas Industrializadas - Noticias Radio Reflejos","isPartOf":{"@id":"https:\/\/www.noticiasradioreflejos.com.ar\/2021\/#website"},"primaryImageOfPage":{"@id":"https:\/\/www.noticiasradioreflejos.com.ar\/2021\/constructora-del-lazio-viviendas-industrializadas\/#primaryimage"},"image":{"@id":"https:\/\/www.noticiasradioreflejos.com.ar\/2021\/constructora-del-lazio-viviendas-industrializadas\/#primaryimage"},"thumbnailUrl":"http:\/\/farm1.staticflickr.com\/944\/41440001494_e96aa8b6dc_z.jpg","datePublished":"2018-05-17T01:35:08+00:00","author":{"@id":"https:\/\/www.noticiasradioreflejos.com.ar\/2021\/#\/schema\/person\/ad82545263dcc5ec0996818884fd5fb1"},"breadcrumb":{"@id":"https:\/\/www.noticiasradioreflejos.com.ar\/2021\/constructora-del-lazio-viviendas-industrializadas\/#breadcrumb"},"inLanguage":"es","potentialAction":[{"@type":"ReadAction","target":["https:\/\/www.noticiasradioreflejos.com.ar\/2021\/constructora-del-lazio-viviendas-industrializadas\/"]}]},{"@type":"ImageObject","inLanguage":"es","@id":"https:\/\/www.noticiasradioreflejos.com.ar\/2021\/constructora-del-lazio-viviendas-industrializadas\/#primaryimage","url":"http:\/\/farm1.staticflickr.com\/944\/41440001494_e96aa8b6dc_z.jpg","contentUrl":"http:\/\/farm1.staticflickr.com\/944\/41440001494_e96aa8b6dc_z.jpg"},{"@type":"BreadcrumbList","@id":"https:\/\/www.noticiasradioreflejos.com.ar\/2021\/constructora-del-lazio-viviendas-industrializadas\/#breadcrumb","itemListElement":[{"@type":"ListItem","position":1,"name":"Portada","item":"https:\/\/www.noticiasradioreflejos.com.ar\/2021\/"},{"@type":"ListItem","position":2,"name":"Constructora del Lazio, Viviendas Industrializadas"}]},{"@type":"WebSite","@id":"https:\/\/www.noticiasradioreflejos.com.ar\/2021\/#website","url":"https:\/\/www.noticiasradioreflejos.com.ar\/2021\/","name":"Noticias Radio Reflejos","description":"Las noticias de mi comarca","potentialAction":[{"@type":"SearchAction","target":{"@type":"EntryPoint","urlTemplate":"https:\/\/www.noticiasradioreflejos.com.ar\/2021\/?s={search_term_string}"},"query-input":{"@type":"PropertyValueSpecification","valueRequired":true,"valueName":"search_term_string"}}],"inLanguage":"es"},{"@type":"Person","@id":"https:\/\/www.noticiasradioreflejos.com.ar\/2021\/#\/schema\/person\/ad82545263dcc5ec0996818884fd5fb1","name":"Arnaldo Botto","image":{"@type":"ImageObject","inLanguage":"es","@id":"https:\/\/www.noticiasradioreflejos.com.ar\/2021\/#\/schema\/person\/image\/","url":"https:\/\/secure.gravatar.com\/avatar\/55cb5e37c1efa326397366e6974cb338056df65cb50e7d64d1cf314e87504837?s=96&d=mm&r=g","contentUrl":"https:\/\/secure.gravatar.com\/avatar\/55cb5e37c1efa326397366e6974cb338056df65cb50e7d64d1cf314e87504837?s=96&d=mm&r=g","caption":"Arnaldo Botto"},"url":"https:\/\/www.noticiasradioreflejos.com.ar\/2021\/author\/arnaldo\/"}]}},"_links":{"self":[{"href":"https:\/\/www.noticiasradioreflejos.com.ar\/2021\/wp-json\/wp\/v2\/posts\/21609","targetHints":{"allow":["GET"]}}],"collection":[{"href":"https:\/\/www.noticiasradioreflejos.com.ar\/2021\/wp-json\/wp\/v2\/posts"}],"about":[{"href":"https:\/\/www.noticiasradioreflejos.com.ar\/2021\/wp-json\/wp\/v2\/types\/post"}],"author":[{"embeddable":true,"href":"https:\/\/www.noticiasradioreflejos.com.ar\/2021\/wp-json\/wp\/v2\/users\/3"}],"replies":[{"embeddable":true,"href":"https:\/\/www.noticiasradioreflejos.com.ar\/2021\/wp-json\/wp\/v2\/comments?post=21609"}],"version-history":[{"count":0,"href":"https:\/\/www.noticiasradioreflejos.com.ar\/2021\/wp-json\/wp\/v2\/posts\/21609\/revisions"}],"wp:attachment":[{"href":"https:\/\/www.noticiasradioreflejos.com.ar\/2021\/wp-json\/wp\/v2\/media?parent=21609"}],"wp:term":[{"taxonomy":"category","embeddable":true,"href":"https:\/\/www.noticiasradioreflejos.com.ar\/2021\/wp-json\/wp\/v2\/categories?post=21609"},{"taxonomy":"post_tag","embeddable":true,"href":"https:\/\/www.noticiasradioreflejos.com.ar\/2021\/wp-json\/wp\/v2\/tags?post=21609"}],"curies":[{"name":"wp","href":"https:\/\/api.w.org\/{rel}","templated":true}]}}