{"id":21605,"date":"2018-05-16T15:35:00","date_gmt":"2018-05-16T18:35:00","guid":{"rendered":"http:\/\/www.noticiasradioreflejos.com.ar\/noticias\/?p=21605"},"modified":"2018-05-16T15:35:00","modified_gmt":"2018-05-16T18:35:00","slug":"comienzan-en-agosto-la-construccion-de-los-parques-eolicos-en-tres-picos","status":"publish","type":"post","link":"https:\/\/www.noticiasradioreflejos.com.ar\/2021\/comienzan-en-agosto-la-construccion-de-los-parques-eolicos-en-tres-picos\/","title":{"rendered":"Comienzan en Agosto la construcci\u00f3n de los Parques E\u00f3licos en Tres Picos"},"content":{"rendered":"<p>Las instalaciones del teatro Municipal, fueron el lugar elegido para la presentaci\u00f3n este martes, pasadas las 18 horas, del megaproyecto de los Parques E\u00f3licos El Mataco y San Jorge. Entre ambos se pondr\u00e1n en funcionamiento 51 aerogeneradores que ofrecer\u00e1n energ\u00eda limpia y renovable para 200.000 argentinos.<!--more--><br \/>\nEl Intendente Municipal, Sergio Bordoni y parte de su gabinete, ofrecieron a la prensa local, una conferencia para brindar detalles del proyecto adjudicado a PCR. Luego, con la presentaci\u00f3n en conjunto del Secretario de la Agencia de Desarrollo Municipal, Gonzalo Iparraguirre y el Secretario de Gobierno y Hacienda, Ezequiel Gabella, fue el gerente de energ\u00edas renovables de la firma PCR (Petroqu\u00edmica Comodoro Rivadavia) Ariel Costanzo, quien tuvo a su cargo el inicio de la disertaci\u00f3n ante unas 200 personas, vecinos y referentes de entidades intermedias de nuestra ciudad y la regi\u00f3n. Luego lo secundaron los Ingenieros Fernando Errea y Daniel Fern\u00e1ndez, tambi\u00e9n integrantes de la firma PCR.<br \/>\nSe comunic\u00f3 que en el mes de Agosto comenzar\u00e1n las actividades de construcci\u00f3n en la zona rural inmediata a Tres Picos. Los parques estar\u00e1n ubicados a ambos lados de la ruta nacional 33, a la altura del kil\u00f3metro 44, e inyectar\u00e1n a la red 200 Mw. Asimismo, la empresa deber\u00e1 realizar un nuevo tendido de red hasta la ciudad de Bah\u00eda Blanca y tambi\u00e9n la construcci\u00f3n de una nueva subestaci\u00f3n transformadora.<br \/>\nEl inicio de la etapa de emplazamiento de los Parques E\u00f3licos, incluye tareas de nivelado y excavaci\u00f3n del terreno a utilizar, como as\u00ed tambi\u00e9n el hormigonado de las bases donde ir\u00e1n asentadas las torres. Hacia fines del a\u00f1o que viene, previo traslado del equipamiento desde el Puerto de Bah\u00eda Blanca hacia la locaci\u00f3n de ambos Parques, mediante dos gr\u00faas se trabajar\u00e1 en el montaje de las torres que sostienen a los aerogeneradores (de 130 mts de altura). En cuanto a las palas (cuyo di\u00e1metro de rotaci\u00f3n es de 136 mts), el Hub y el<br \/>\ndenominado Nacelle ser\u00e1n trasladados v\u00eda terrestre, por camiones de gran porte (hasta 66 mts de largo).<br \/>\nEn cuanto a la generaci\u00f3n de empleo, se prev\u00e9 la necesidad de emplear a 250 personas durante el proceso de construcci\u00f3n, dependiendo de la etapa constructiva. Finalizadas las obras, se crear\u00e1n entre 12 y 15 puestos fijos de trabajo calificado para operar dichos parques por un plazo de al menos 20 a\u00f1os.<br \/>\n<a title=\"parque\" href=\"http:\/\/farm1.staticflickr.com\/951\/42154477771_b065344c11_z.jpg\" rel=\"\"><img loading=\"lazy\" decoding=\"async\" class=\"aligncenter\" title=\"parque\" src=\"http:\/\/farm1.staticflickr.com\/951\/42154477771_b065344c11_z.jpg\" alt=\"parque\" width=\"640\" height=\"443\" \/><\/a><br \/>\n<a title=\"parque2\" href=\"http:\/\/farm1.staticflickr.com\/944\/42154477181_167e6b17b8_z.jpg\" rel=\"\"><img loading=\"lazy\" decoding=\"async\" class=\"aligncenter\" title=\"parque2\" src=\"http:\/\/farm1.staticflickr.com\/944\/42154477181_167e6b17b8_z.jpg\" alt=\"parque2\" width=\"640\" height=\"443\" \/><\/a><br \/>\n<a title=\"parque3\" href=\"http:\/\/farm1.staticflickr.com\/956\/42107775902_f1891e275e_z.jpg\" rel=\"\"><img loading=\"lazy\" decoding=\"async\" class=\"aligncenter\" title=\"parque3\" src=\"http:\/\/farm1.staticflickr.com\/956\/42107775902_f1891e275e_z.jpg\" alt=\"parque3\" width=\"640\" height=\"444\" \/><\/a><br \/>\n<a title=\"parque4\" href=\"http:\/\/farm1.staticflickr.com\/968\/42107774032_0e5ba9e313_z.jpg\" rel=\"\"><img loading=\"lazy\" decoding=\"async\" class=\"aligncenter\" title=\"parque4\" src=\"http:\/\/farm1.staticflickr.com\/968\/42107774032_0e5ba9e313_z.jpg\" alt=\"parque4\" width=\"640\" height=\"444\" \/><\/a><br \/>\n<a title=\"parque5\" href=\"http:\/\/farm1.staticflickr.com\/959\/28282012508_825d2a388b_z.jpg\" rel=\"\"><img loading=\"lazy\" decoding=\"async\" class=\"aligncenter\" title=\"parque5\" src=\"http:\/\/farm1.staticflickr.com\/959\/28282012508_825d2a388b_z.jpg\" alt=\"parque5\" width=\"640\" height=\"444\" \/><\/a><br \/>\n<a title=\"parque6\" href=\"http:\/\/farm1.staticflickr.com\/905\/42107770692_f4d6d541f1_z.jpg\" rel=\"\"><img loading=\"lazy\" decoding=\"async\" class=\"aligncenter\" title=\"parque6\" src=\"http:\/\/farm1.staticflickr.com\/905\/42107770692_f4d6d541f1_z.jpg\" alt=\"parque6\" width=\"640\" height=\"444\" \/><\/a><br \/>\n<a title=\"parque7\" href=\"http:\/\/farm1.staticflickr.com\/964\/42107769192_2511b9dfc8_z.jpg\" rel=\"\"><img loading=\"lazy\" decoding=\"async\" class=\"aligncenter\" title=\"parque7\" src=\"http:\/\/farm1.staticflickr.com\/964\/42107769192_2511b9dfc8_z.jpg\" alt=\"parque7\" width=\"640\" height=\"443\" \/><\/a><br \/>\n<a title=\"parque8\" href=\"http:\/\/farm1.staticflickr.com\/964\/42107768452_550c32c673_z.jpg\" rel=\"\"><img loading=\"lazy\" decoding=\"async\" class=\"aligncenter\" title=\"parque8\" src=\"http:\/\/farm1.staticflickr.com\/964\/42107768452_550c32c673_z.jpg\" alt=\"parque8\" width=\"640\" height=\"443\" \/><\/a><br \/>\n<a title=\"parque eolico2\" href=\"http:\/\/farm1.staticflickr.com\/980\/40347773610_0ee0ebc5dd_z.jpg\" rel=\"\"><img loading=\"lazy\" decoding=\"async\" class=\"aligncenter\" title=\"parque eolico2\" src=\"http:\/\/farm1.staticflickr.com\/980\/40347773610_0ee0ebc5dd_z.jpg\" alt=\"parque eolico2\" width=\"640\" height=\"424\" \/><\/a><br \/>\n<a title=\"parque eolico\" href=\"http:\/\/farm1.staticflickr.com\/975\/28282048048_23b5bb3228_z.jpg\" rel=\"\"><img loading=\"lazy\" decoding=\"async\" class=\"aligncenter\" title=\"parque eolico\" src=\"http:\/\/farm1.staticflickr.com\/975\/28282048048_23b5bb3228_z.jpg\" alt=\"parque eolico\" width=\"640\" height=\"425\" \/><\/a><br \/>\n<a title=\"parque eolico6\" href=\"http:\/\/farm1.staticflickr.com\/970\/27283500747_7cee8142b0_z.jpg\" rel=\"\"><img loading=\"lazy\" decoding=\"async\" class=\"aligncenter\" title=\"parque eolico6\" src=\"http:\/\/farm1.staticflickr.com\/970\/27283500747_7cee8142b0_z.jpg\" alt=\"parque eolico6\" width=\"640\" height=\"422\" \/><\/a><br \/>\n<a title=\"parque eolico5\" href=\"http:\/\/farm1.staticflickr.com\/955\/28282099218_051e4302c9_z.jpg\" rel=\"\"><img loading=\"lazy\" decoding=\"async\" class=\"aligncenter\" title=\"parque eolico5\" src=\"http:\/\/farm1.staticflickr.com\/955\/28282099218_051e4302c9_z.jpg\" alt=\"parque eolico5\" width=\"640\" height=\"426\" \/><\/a><br \/>\n<a title=\"parque eolico4\" href=\"http:\/\/farm1.staticflickr.com\/956\/27283501567_02fefef616_z.jpg\" rel=\"\"><img loading=\"lazy\" decoding=\"async\" class=\"aligncenter\" title=\"parque eolico4\" src=\"http:\/\/farm1.staticflickr.com\/956\/27283501567_02fefef616_z.jpg\" alt=\"parque eolico4\" width=\"640\" height=\"429\" \/><\/a><\/p>\n","protected":false},"excerpt":{"rendered":"<p>Las instalaciones del teatro Municipal, fueron el lugar elegido para la presentaci\u00f3n este martes, pasadas las 18 horas, del megaproyecto de los Parques E\u00f3licos El Mataco y San Jorge. Entre ambos se pondr\u00e1n en funcionamiento 51 aerogeneradores que ofrecer\u00e1n energ\u00eda limpia y renovable para 200.000 argentinos.<\/p>\n","protected":false},"author":3,"featured_media":0,"comment_status":"closed","ping_status":"open","sticky":false,"template":"","format":"standard","meta":{"footnotes":""},"categories":[24],"tags":[],"class_list":["post-21605","post","type-post","status-publish","format-standard","hentry","category-politica"],"yoast_head":"<!-- This site is optimized with the Yoast SEO plugin v25.9 - https:\/\/yoast.com\/wordpress\/plugins\/seo\/ -->\n<title>Comienzan en Agosto la construcci\u00f3n de los Parques E\u00f3licos en Tres Picos - Noticias Radio Reflejos<\/title>\n<meta name=\"robots\" content=\"index, follow, max-snippet:-1, max-image-preview:large, max-video-preview:-1\" \/>\n<link rel=\"canonical\" href=\"https:\/\/www.noticiasradioreflejos.com.ar\/2021\/comienzan-en-agosto-la-construccion-de-los-parques-eolicos-en-tres-picos\/\" \/>\n<meta property=\"og:locale\" content=\"es_ES\" \/>\n<meta property=\"og:type\" content=\"article\" \/>\n<meta property=\"og:title\" content=\"Comienzan en Agosto la construcci\u00f3n de los Parques E\u00f3licos en Tres Picos - Noticias Radio Reflejos\" \/>\n<meta property=\"og:description\" content=\"Las instalaciones del teatro Municipal, fueron el lugar elegido para la presentaci\u00f3n este martes, pasadas las 18 horas, del megaproyecto de los Parques E\u00f3licos El Mataco y San Jorge. Entre ambos se pondr\u00e1n en funcionamiento 51 aerogeneradores que ofrecer\u00e1n energ\u00eda limpia y renovable para 200.000 argentinos.\" \/>\n<meta property=\"og:url\" content=\"https:\/\/www.noticiasradioreflejos.com.ar\/2021\/comienzan-en-agosto-la-construccion-de-los-parques-eolicos-en-tres-picos\/\" \/>\n<meta property=\"og:site_name\" content=\"Noticias Radio Reflejos\" \/>\n<meta property=\"article:published_time\" content=\"2018-05-16T18:35:00+00:00\" \/>\n<meta property=\"og:image\" content=\"http:\/\/farm1.staticflickr.com\/951\/42154477771_b065344c11_z.jpg\" \/>\n<meta name=\"author\" content=\"Arnaldo Botto\" \/>\n<meta name=\"twitter:card\" content=\"summary_large_image\" \/>\n<script type=\"application\/ld+json\" class=\"yoast-schema-graph\">{\"@context\":\"https:\/\/schema.org\",\"@graph\":[{\"@type\":\"WebPage\",\"@id\":\"https:\/\/www.noticiasradioreflejos.com.ar\/2021\/comienzan-en-agosto-la-construccion-de-los-parques-eolicos-en-tres-picos\/\",\"url\":\"https:\/\/www.noticiasradioreflejos.com.ar\/2021\/comienzan-en-agosto-la-construccion-de-los-parques-eolicos-en-tres-picos\/\",\"name\":\"Comienzan en Agosto la construcci\u00f3n de los Parques E\u00f3licos en Tres Picos - Noticias Radio Reflejos\",\"isPartOf\":{\"@id\":\"https:\/\/www.noticiasradioreflejos.com.ar\/2021\/#website\"},\"primaryImageOfPage\":{\"@id\":\"https:\/\/www.noticiasradioreflejos.com.ar\/2021\/comienzan-en-agosto-la-construccion-de-los-parques-eolicos-en-tres-picos\/#primaryimage\"},\"image\":{\"@id\":\"https:\/\/www.noticiasradioreflejos.com.ar\/2021\/comienzan-en-agosto-la-construccion-de-los-parques-eolicos-en-tres-picos\/#primaryimage\"},\"thumbnailUrl\":\"http:\/\/farm1.staticflickr.com\/951\/42154477771_b065344c11_z.jpg\",\"datePublished\":\"2018-05-16T18:35:00+00:00\",\"author\":{\"@id\":\"https:\/\/www.noticiasradioreflejos.com.ar\/2021\/#\/schema\/person\/ad82545263dcc5ec0996818884fd5fb1\"},\"breadcrumb\":{\"@id\":\"https:\/\/www.noticiasradioreflejos.com.ar\/2021\/comienzan-en-agosto-la-construccion-de-los-parques-eolicos-en-tres-picos\/#breadcrumb\"},\"inLanguage\":\"es\",\"potentialAction\":[{\"@type\":\"ReadAction\",\"target\":[\"https:\/\/www.noticiasradioreflejos.com.ar\/2021\/comienzan-en-agosto-la-construccion-de-los-parques-eolicos-en-tres-picos\/\"]}]},{\"@type\":\"ImageObject\",\"inLanguage\":\"es\",\"@id\":\"https:\/\/www.noticiasradioreflejos.com.ar\/2021\/comienzan-en-agosto-la-construccion-de-los-parques-eolicos-en-tres-picos\/#primaryimage\",\"url\":\"http:\/\/farm1.staticflickr.com\/951\/42154477771_b065344c11_z.jpg\",\"contentUrl\":\"http:\/\/farm1.staticflickr.com\/951\/42154477771_b065344c11_z.jpg\"},{\"@type\":\"BreadcrumbList\",\"@id\":\"https:\/\/www.noticiasradioreflejos.com.ar\/2021\/comienzan-en-agosto-la-construccion-de-los-parques-eolicos-en-tres-picos\/#breadcrumb\",\"itemListElement\":[{\"@type\":\"ListItem\",\"position\":1,\"name\":\"Portada\",\"item\":\"https:\/\/www.noticiasradioreflejos.com.ar\/2021\/\"},{\"@type\":\"ListItem\",\"position\":2,\"name\":\"Comienzan en Agosto la construcci\u00f3n de los Parques E\u00f3licos en Tres Picos\"}]},{\"@type\":\"WebSite\",\"@id\":\"https:\/\/www.noticiasradioreflejos.com.ar\/2021\/#website\",\"url\":\"https:\/\/www.noticiasradioreflejos.com.ar\/2021\/\",\"name\":\"Noticias Radio Reflejos\",\"description\":\"Las noticias de mi comarca\",\"potentialAction\":[{\"@type\":\"SearchAction\",\"target\":{\"@type\":\"EntryPoint\",\"urlTemplate\":\"https:\/\/www.noticiasradioreflejos.com.ar\/2021\/?s={search_term_string}\"},\"query-input\":{\"@type\":\"PropertyValueSpecification\",\"valueRequired\":true,\"valueName\":\"search_term_string\"}}],\"inLanguage\":\"es\"},{\"@type\":\"Person\",\"@id\":\"https:\/\/www.noticiasradioreflejos.com.ar\/2021\/#\/schema\/person\/ad82545263dcc5ec0996818884fd5fb1\",\"name\":\"Arnaldo Botto\",\"image\":{\"@type\":\"ImageObject\",\"inLanguage\":\"es\",\"@id\":\"https:\/\/www.noticiasradioreflejos.com.ar\/2021\/#\/schema\/person\/image\/\",\"url\":\"https:\/\/secure.gravatar.com\/avatar\/55cb5e37c1efa326397366e6974cb338056df65cb50e7d64d1cf314e87504837?s=96&d=mm&r=g\",\"contentUrl\":\"https:\/\/secure.gravatar.com\/avatar\/55cb5e37c1efa326397366e6974cb338056df65cb50e7d64d1cf314e87504837?s=96&d=mm&r=g\",\"caption\":\"Arnaldo Botto\"},\"url\":\"https:\/\/www.noticiasradioreflejos.com.ar\/2021\/author\/arnaldo\/\"}]}<\/script>\n<!-- \/ Yoast SEO plugin. -->","yoast_head_json":{"title":"Comienzan en Agosto la construcci\u00f3n de los Parques E\u00f3licos en Tres Picos - Noticias Radio Reflejos","robots":{"index":"index","follow":"follow","max-snippet":"max-snippet:-1","max-image-preview":"max-image-preview:large","max-video-preview":"max-video-preview:-1"},"canonical":"https:\/\/www.noticiasradioreflejos.com.ar\/2021\/comienzan-en-agosto-la-construccion-de-los-parques-eolicos-en-tres-picos\/","og_locale":"es_ES","og_type":"article","og_title":"Comienzan en Agosto la construcci\u00f3n de los Parques E\u00f3licos en Tres Picos - Noticias Radio Reflejos","og_description":"Las instalaciones del teatro Municipal, fueron el lugar elegido para la presentaci\u00f3n este martes, pasadas las 18 horas, del megaproyecto de los Parques E\u00f3licos El Mataco y San Jorge. Entre ambos se pondr\u00e1n en funcionamiento 51 aerogeneradores que ofrecer\u00e1n energ\u00eda limpia y renovable para 200.000 argentinos.","og_url":"https:\/\/www.noticiasradioreflejos.com.ar\/2021\/comienzan-en-agosto-la-construccion-de-los-parques-eolicos-en-tres-picos\/","og_site_name":"Noticias Radio Reflejos","article_published_time":"2018-05-16T18:35:00+00:00","og_image":[{"url":"http:\/\/farm1.staticflickr.com\/951\/42154477771_b065344c11_z.jpg","type":"","width":"","height":""}],"author":"Arnaldo Botto","twitter_card":"summary_large_image","schema":{"@context":"https:\/\/schema.org","@graph":[{"@type":"WebPage","@id":"https:\/\/www.noticiasradioreflejos.com.ar\/2021\/comienzan-en-agosto-la-construccion-de-los-parques-eolicos-en-tres-picos\/","url":"https:\/\/www.noticiasradioreflejos.com.ar\/2021\/comienzan-en-agosto-la-construccion-de-los-parques-eolicos-en-tres-picos\/","name":"Comienzan en Agosto la construcci\u00f3n de los Parques E\u00f3licos en Tres Picos - Noticias Radio Reflejos","isPartOf":{"@id":"https:\/\/www.noticiasradioreflejos.com.ar\/2021\/#website"},"primaryImageOfPage":{"@id":"https:\/\/www.noticiasradioreflejos.com.ar\/2021\/comienzan-en-agosto-la-construccion-de-los-parques-eolicos-en-tres-picos\/#primaryimage"},"image":{"@id":"https:\/\/www.noticiasradioreflejos.com.ar\/2021\/comienzan-en-agosto-la-construccion-de-los-parques-eolicos-en-tres-picos\/#primaryimage"},"thumbnailUrl":"http:\/\/farm1.staticflickr.com\/951\/42154477771_b065344c11_z.jpg","datePublished":"2018-05-16T18:35:00+00:00","author":{"@id":"https:\/\/www.noticiasradioreflejos.com.ar\/2021\/#\/schema\/person\/ad82545263dcc5ec0996818884fd5fb1"},"breadcrumb":{"@id":"https:\/\/www.noticiasradioreflejos.com.ar\/2021\/comienzan-en-agosto-la-construccion-de-los-parques-eolicos-en-tres-picos\/#breadcrumb"},"inLanguage":"es","potentialAction":[{"@type":"ReadAction","target":["https:\/\/www.noticiasradioreflejos.com.ar\/2021\/comienzan-en-agosto-la-construccion-de-los-parques-eolicos-en-tres-picos\/"]}]},{"@type":"ImageObject","inLanguage":"es","@id":"https:\/\/www.noticiasradioreflejos.com.ar\/2021\/comienzan-en-agosto-la-construccion-de-los-parques-eolicos-en-tres-picos\/#primaryimage","url":"http:\/\/farm1.staticflickr.com\/951\/42154477771_b065344c11_z.jpg","contentUrl":"http:\/\/farm1.staticflickr.com\/951\/42154477771_b065344c11_z.jpg"},{"@type":"BreadcrumbList","@id":"https:\/\/www.noticiasradioreflejos.com.ar\/2021\/comienzan-en-agosto-la-construccion-de-los-parques-eolicos-en-tres-picos\/#breadcrumb","itemListElement":[{"@type":"ListItem","position":1,"name":"Portada","item":"https:\/\/www.noticiasradioreflejos.com.ar\/2021\/"},{"@type":"ListItem","position":2,"name":"Comienzan en Agosto la construcci\u00f3n de los Parques E\u00f3licos en Tres Picos"}]},{"@type":"WebSite","@id":"https:\/\/www.noticiasradioreflejos.com.ar\/2021\/#website","url":"https:\/\/www.noticiasradioreflejos.com.ar\/2021\/","name":"Noticias Radio Reflejos","description":"Las noticias de mi comarca","potentialAction":[{"@type":"SearchAction","target":{"@type":"EntryPoint","urlTemplate":"https:\/\/www.noticiasradioreflejos.com.ar\/2021\/?s={search_term_string}"},"query-input":{"@type":"PropertyValueSpecification","valueRequired":true,"valueName":"search_term_string"}}],"inLanguage":"es"},{"@type":"Person","@id":"https:\/\/www.noticiasradioreflejos.com.ar\/2021\/#\/schema\/person\/ad82545263dcc5ec0996818884fd5fb1","name":"Arnaldo Botto","image":{"@type":"ImageObject","inLanguage":"es","@id":"https:\/\/www.noticiasradioreflejos.com.ar\/2021\/#\/schema\/person\/image\/","url":"https:\/\/secure.gravatar.com\/avatar\/55cb5e37c1efa326397366e6974cb338056df65cb50e7d64d1cf314e87504837?s=96&d=mm&r=g","contentUrl":"https:\/\/secure.gravatar.com\/avatar\/55cb5e37c1efa326397366e6974cb338056df65cb50e7d64d1cf314e87504837?s=96&d=mm&r=g","caption":"Arnaldo Botto"},"url":"https:\/\/www.noticiasradioreflejos.com.ar\/2021\/author\/arnaldo\/"}]}},"_links":{"self":[{"href":"https:\/\/www.noticiasradioreflejos.com.ar\/2021\/wp-json\/wp\/v2\/posts\/21605","targetHints":{"allow":["GET"]}}],"collection":[{"href":"https:\/\/www.noticiasradioreflejos.com.ar\/2021\/wp-json\/wp\/v2\/posts"}],"about":[{"href":"https:\/\/www.noticiasradioreflejos.com.ar\/2021\/wp-json\/wp\/v2\/types\/post"}],"author":[{"embeddable":true,"href":"https:\/\/www.noticiasradioreflejos.com.ar\/2021\/wp-json\/wp\/v2\/users\/3"}],"replies":[{"embeddable":true,"href":"https:\/\/www.noticiasradioreflejos.com.ar\/2021\/wp-json\/wp\/v2\/comments?post=21605"}],"version-history":[{"count":0,"href":"https:\/\/www.noticiasradioreflejos.com.ar\/2021\/wp-json\/wp\/v2\/posts\/21605\/revisions"}],"wp:attachment":[{"href":"https:\/\/www.noticiasradioreflejos.com.ar\/2021\/wp-json\/wp\/v2\/media?parent=21605"}],"wp:term":[{"taxonomy":"category","embeddable":true,"href":"https:\/\/www.noticiasradioreflejos.com.ar\/2021\/wp-json\/wp\/v2\/categories?post=21605"},{"taxonomy":"post_tag","embeddable":true,"href":"https:\/\/www.noticiasradioreflejos.com.ar\/2021\/wp-json\/wp\/v2\/tags?post=21605"}],"curies":[{"name":"wp","href":"https:\/\/api.w.org\/{rel}","templated":true}]}}