{"id":21595,"date":"2018-05-16T15:07:24","date_gmt":"2018-05-16T18:07:24","guid":{"rendered":"http:\/\/www.noticiasradioreflejos.com.ar\/noticias\/?p=21595"},"modified":"2018-05-16T15:07:24","modified_gmt":"2018-05-16T18:07:24","slug":"victoria-del-equipo-senior-de-automoto","status":"publish","type":"post","link":"https:\/\/www.noticiasradioreflejos.com.ar\/2021\/victoria-del-equipo-senior-de-automoto\/","title":{"rendered":"Victoria del equipo Senior de Automoto"},"content":{"rendered":"<p>Aprovechando el feriado nacional del pasado martes, el equipo de f\u00fatbol Senior del Automoto Club Deportivo enfrent\u00f3 en un amistoso a su similar de Almaceneros de Coronel Pringles, equipo con el cual cay\u00f3 por 3 a 2.<!--more--><br \/>\nEn la cancha auxiliar del complejo azulgrana, el representativo local form\u00f3 con Benjam\u00edn Hansel, Irineo Mengui, Claudio Del P\u00f3, Fernando Garc\u00eda, Fabricio Cartuccia, Hern\u00e1n Nori, Julio Ibarra, An\u00edbal Urquiza, Leandro Mazarini, Gabriel Wilt, Gustavo Beilman, Juan Urquiza, Mauricio Rubio, Gabriel Mato y Juli\u00e1n Toy.<br \/>\nLos tantos del Rojo fueron obra de Gabriel Mato y Juan Urquiza.<br \/>\nDepartamento de Prensa \u2013 Automoto Club Deportivo<br \/>\nwww.clubautomotopasion.com.ar<br \/>\nFacebook: \/automototornquist<br \/>\nTwitter: @ClubAutomoto<br \/>\n<a href=\"http:\/\/farm1.staticflickr.com\/951\/40347411850_6e4d66a963_z.jpg\" title=\"senior de automoto4\" rel=\"\"><img loading=\"lazy\" decoding=\"async\" src=\"http:\/\/farm1.staticflickr.com\/951\/40347411850_6e4d66a963_z.jpg\" width=\"640\" height=\"361\" alt=\"senior de automoto4\" title=\"senior de automoto4\" class=\"aligncenter\"><\/a><br \/>\n<a href=\"http:\/\/farm1.staticflickr.com\/959\/28281628428_a03d038475_z.jpg\" title=\"senior de automoto3\" rel=\"\"><img loading=\"lazy\" decoding=\"async\" src=\"http:\/\/farm1.staticflickr.com\/959\/28281628428_a03d038475_z.jpg\" width=\"361\" height=\"640\" alt=\"senior de automoto3\" title=\"senior de automoto3\" class=\"aligncenter\"><\/a><br \/>\n<a href=\"http:\/\/farm1.staticflickr.com\/977\/42107313552_0e770bf3b5_z.jpg\" title=\"senior de automoto2\" rel=\"\"><img loading=\"lazy\" decoding=\"async\" src=\"http:\/\/farm1.staticflickr.com\/977\/42107313552_0e770bf3b5_z.jpg\" width=\"361\" height=\"640\" alt=\"senior de automoto2\" title=\"senior de automoto2\" class=\"aligncenter\"><\/a><\/p>\n","protected":false},"excerpt":{"rendered":"<p>Aprovechando el feriado nacional del pasado martes, el equipo de f\u00fatbol Senior del Automoto Club Deportivo enfrent\u00f3 en un amistoso a su similar de Almaceneros de Coronel Pringles, equipo con el cual cay\u00f3 por 3 a 2.<\/p>\n","protected":false},"author":3,"featured_media":0,"comment_status":"closed","ping_status":"open","sticky":false,"template":"","format":"standard","meta":{"footnotes":""},"categories":[27],"tags":[],"class_list":["post-21595","post","type-post","status-publish","format-standard","hentry","category-deportes"],"yoast_head":"<!-- This site is optimized with the Yoast SEO plugin v25.9 - https:\/\/yoast.com\/wordpress\/plugins\/seo\/ -->\n<title>Victoria del equipo Senior de Automoto - Noticias Radio Reflejos<\/title>\n<meta name=\"robots\" content=\"index, follow, max-snippet:-1, max-image-preview:large, max-video-preview:-1\" \/>\n<link rel=\"canonical\" href=\"https:\/\/www.noticiasradioreflejos.com.ar\/2021\/victoria-del-equipo-senior-de-automoto\/\" \/>\n<meta property=\"og:locale\" content=\"es_ES\" \/>\n<meta property=\"og:type\" content=\"article\" \/>\n<meta property=\"og:title\" content=\"Victoria del equipo Senior de Automoto - Noticias Radio Reflejos\" \/>\n<meta property=\"og:description\" content=\"Aprovechando el feriado nacional del pasado martes, el equipo de f\u00fatbol Senior del Automoto Club Deportivo enfrent\u00f3 en un amistoso a su similar de Almaceneros de Coronel Pringles, equipo con el cual cay\u00f3 por 3 a 2.\" \/>\n<meta property=\"og:url\" content=\"https:\/\/www.noticiasradioreflejos.com.ar\/2021\/victoria-del-equipo-senior-de-automoto\/\" \/>\n<meta property=\"og:site_name\" content=\"Noticias Radio Reflejos\" \/>\n<meta property=\"article:published_time\" content=\"2018-05-16T18:07:24+00:00\" \/>\n<meta property=\"og:image\" content=\"http:\/\/farm1.staticflickr.com\/951\/40347411850_6e4d66a963_z.jpg\" \/>\n<meta name=\"author\" content=\"Arnaldo Botto\" \/>\n<meta name=\"twitter:card\" content=\"summary_large_image\" \/>\n<script type=\"application\/ld+json\" class=\"yoast-schema-graph\">{\"@context\":\"https:\/\/schema.org\",\"@graph\":[{\"@type\":\"WebPage\",\"@id\":\"https:\/\/www.noticiasradioreflejos.com.ar\/2021\/victoria-del-equipo-senior-de-automoto\/\",\"url\":\"https:\/\/www.noticiasradioreflejos.com.ar\/2021\/victoria-del-equipo-senior-de-automoto\/\",\"name\":\"Victoria del equipo Senior de Automoto - Noticias Radio Reflejos\",\"isPartOf\":{\"@id\":\"https:\/\/www.noticiasradioreflejos.com.ar\/2021\/#website\"},\"primaryImageOfPage\":{\"@id\":\"https:\/\/www.noticiasradioreflejos.com.ar\/2021\/victoria-del-equipo-senior-de-automoto\/#primaryimage\"},\"image\":{\"@id\":\"https:\/\/www.noticiasradioreflejos.com.ar\/2021\/victoria-del-equipo-senior-de-automoto\/#primaryimage\"},\"thumbnailUrl\":\"http:\/\/farm1.staticflickr.com\/951\/40347411850_6e4d66a963_z.jpg\",\"datePublished\":\"2018-05-16T18:07:24+00:00\",\"author\":{\"@id\":\"https:\/\/www.noticiasradioreflejos.com.ar\/2021\/#\/schema\/person\/ad82545263dcc5ec0996818884fd5fb1\"},\"breadcrumb\":{\"@id\":\"https:\/\/www.noticiasradioreflejos.com.ar\/2021\/victoria-del-equipo-senior-de-automoto\/#breadcrumb\"},\"inLanguage\":\"es\",\"potentialAction\":[{\"@type\":\"ReadAction\",\"target\":[\"https:\/\/www.noticiasradioreflejos.com.ar\/2021\/victoria-del-equipo-senior-de-automoto\/\"]}]},{\"@type\":\"ImageObject\",\"inLanguage\":\"es\",\"@id\":\"https:\/\/www.noticiasradioreflejos.com.ar\/2021\/victoria-del-equipo-senior-de-automoto\/#primaryimage\",\"url\":\"http:\/\/farm1.staticflickr.com\/951\/40347411850_6e4d66a963_z.jpg\",\"contentUrl\":\"http:\/\/farm1.staticflickr.com\/951\/40347411850_6e4d66a963_z.jpg\"},{\"@type\":\"BreadcrumbList\",\"@id\":\"https:\/\/www.noticiasradioreflejos.com.ar\/2021\/victoria-del-equipo-senior-de-automoto\/#breadcrumb\",\"itemListElement\":[{\"@type\":\"ListItem\",\"position\":1,\"name\":\"Portada\",\"item\":\"https:\/\/www.noticiasradioreflejos.com.ar\/2021\/\"},{\"@type\":\"ListItem\",\"position\":2,\"name\":\"Victoria del equipo Senior de Automoto\"}]},{\"@type\":\"WebSite\",\"@id\":\"https:\/\/www.noticiasradioreflejos.com.ar\/2021\/#website\",\"url\":\"https:\/\/www.noticiasradioreflejos.com.ar\/2021\/\",\"name\":\"Noticias Radio Reflejos\",\"description\":\"Las noticias de mi comarca\",\"potentialAction\":[{\"@type\":\"SearchAction\",\"target\":{\"@type\":\"EntryPoint\",\"urlTemplate\":\"https:\/\/www.noticiasradioreflejos.com.ar\/2021\/?s={search_term_string}\"},\"query-input\":{\"@type\":\"PropertyValueSpecification\",\"valueRequired\":true,\"valueName\":\"search_term_string\"}}],\"inLanguage\":\"es\"},{\"@type\":\"Person\",\"@id\":\"https:\/\/www.noticiasradioreflejos.com.ar\/2021\/#\/schema\/person\/ad82545263dcc5ec0996818884fd5fb1\",\"name\":\"Arnaldo Botto\",\"image\":{\"@type\":\"ImageObject\",\"inLanguage\":\"es\",\"@id\":\"https:\/\/www.noticiasradioreflejos.com.ar\/2021\/#\/schema\/person\/image\/\",\"url\":\"https:\/\/secure.gravatar.com\/avatar\/55cb5e37c1efa326397366e6974cb338056df65cb50e7d64d1cf314e87504837?s=96&d=mm&r=g\",\"contentUrl\":\"https:\/\/secure.gravatar.com\/avatar\/55cb5e37c1efa326397366e6974cb338056df65cb50e7d64d1cf314e87504837?s=96&d=mm&r=g\",\"caption\":\"Arnaldo Botto\"},\"url\":\"https:\/\/www.noticiasradioreflejos.com.ar\/2021\/author\/arnaldo\/\"}]}<\/script>\n<!-- \/ Yoast SEO plugin. -->","yoast_head_json":{"title":"Victoria del equipo Senior de Automoto - Noticias Radio Reflejos","robots":{"index":"index","follow":"follow","max-snippet":"max-snippet:-1","max-image-preview":"max-image-preview:large","max-video-preview":"max-video-preview:-1"},"canonical":"https:\/\/www.noticiasradioreflejos.com.ar\/2021\/victoria-del-equipo-senior-de-automoto\/","og_locale":"es_ES","og_type":"article","og_title":"Victoria del equipo Senior de Automoto - Noticias Radio Reflejos","og_description":"Aprovechando el feriado nacional del pasado martes, el equipo de f\u00fatbol Senior del Automoto Club Deportivo enfrent\u00f3 en un amistoso a su similar de Almaceneros de Coronel Pringles, equipo con el cual cay\u00f3 por 3 a 2.","og_url":"https:\/\/www.noticiasradioreflejos.com.ar\/2021\/victoria-del-equipo-senior-de-automoto\/","og_site_name":"Noticias Radio Reflejos","article_published_time":"2018-05-16T18:07:24+00:00","og_image":[{"url":"http:\/\/farm1.staticflickr.com\/951\/40347411850_6e4d66a963_z.jpg","type":"","width":"","height":""}],"author":"Arnaldo Botto","twitter_card":"summary_large_image","schema":{"@context":"https:\/\/schema.org","@graph":[{"@type":"WebPage","@id":"https:\/\/www.noticiasradioreflejos.com.ar\/2021\/victoria-del-equipo-senior-de-automoto\/","url":"https:\/\/www.noticiasradioreflejos.com.ar\/2021\/victoria-del-equipo-senior-de-automoto\/","name":"Victoria del equipo Senior de Automoto - Noticias Radio Reflejos","isPartOf":{"@id":"https:\/\/www.noticiasradioreflejos.com.ar\/2021\/#website"},"primaryImageOfPage":{"@id":"https:\/\/www.noticiasradioreflejos.com.ar\/2021\/victoria-del-equipo-senior-de-automoto\/#primaryimage"},"image":{"@id":"https:\/\/www.noticiasradioreflejos.com.ar\/2021\/victoria-del-equipo-senior-de-automoto\/#primaryimage"},"thumbnailUrl":"http:\/\/farm1.staticflickr.com\/951\/40347411850_6e4d66a963_z.jpg","datePublished":"2018-05-16T18:07:24+00:00","author":{"@id":"https:\/\/www.noticiasradioreflejos.com.ar\/2021\/#\/schema\/person\/ad82545263dcc5ec0996818884fd5fb1"},"breadcrumb":{"@id":"https:\/\/www.noticiasradioreflejos.com.ar\/2021\/victoria-del-equipo-senior-de-automoto\/#breadcrumb"},"inLanguage":"es","potentialAction":[{"@type":"ReadAction","target":["https:\/\/www.noticiasradioreflejos.com.ar\/2021\/victoria-del-equipo-senior-de-automoto\/"]}]},{"@type":"ImageObject","inLanguage":"es","@id":"https:\/\/www.noticiasradioreflejos.com.ar\/2021\/victoria-del-equipo-senior-de-automoto\/#primaryimage","url":"http:\/\/farm1.staticflickr.com\/951\/40347411850_6e4d66a963_z.jpg","contentUrl":"http:\/\/farm1.staticflickr.com\/951\/40347411850_6e4d66a963_z.jpg"},{"@type":"BreadcrumbList","@id":"https:\/\/www.noticiasradioreflejos.com.ar\/2021\/victoria-del-equipo-senior-de-automoto\/#breadcrumb","itemListElement":[{"@type":"ListItem","position":1,"name":"Portada","item":"https:\/\/www.noticiasradioreflejos.com.ar\/2021\/"},{"@type":"ListItem","position":2,"name":"Victoria del equipo Senior de Automoto"}]},{"@type":"WebSite","@id":"https:\/\/www.noticiasradioreflejos.com.ar\/2021\/#website","url":"https:\/\/www.noticiasradioreflejos.com.ar\/2021\/","name":"Noticias Radio Reflejos","description":"Las noticias de mi comarca","potentialAction":[{"@type":"SearchAction","target":{"@type":"EntryPoint","urlTemplate":"https:\/\/www.noticiasradioreflejos.com.ar\/2021\/?s={search_term_string}"},"query-input":{"@type":"PropertyValueSpecification","valueRequired":true,"valueName":"search_term_string"}}],"inLanguage":"es"},{"@type":"Person","@id":"https:\/\/www.noticiasradioreflejos.com.ar\/2021\/#\/schema\/person\/ad82545263dcc5ec0996818884fd5fb1","name":"Arnaldo Botto","image":{"@type":"ImageObject","inLanguage":"es","@id":"https:\/\/www.noticiasradioreflejos.com.ar\/2021\/#\/schema\/person\/image\/","url":"https:\/\/secure.gravatar.com\/avatar\/55cb5e37c1efa326397366e6974cb338056df65cb50e7d64d1cf314e87504837?s=96&d=mm&r=g","contentUrl":"https:\/\/secure.gravatar.com\/avatar\/55cb5e37c1efa326397366e6974cb338056df65cb50e7d64d1cf314e87504837?s=96&d=mm&r=g","caption":"Arnaldo Botto"},"url":"https:\/\/www.noticiasradioreflejos.com.ar\/2021\/author\/arnaldo\/"}]}},"_links":{"self":[{"href":"https:\/\/www.noticiasradioreflejos.com.ar\/2021\/wp-json\/wp\/v2\/posts\/21595","targetHints":{"allow":["GET"]}}],"collection":[{"href":"https:\/\/www.noticiasradioreflejos.com.ar\/2021\/wp-json\/wp\/v2\/posts"}],"about":[{"href":"https:\/\/www.noticiasradioreflejos.com.ar\/2021\/wp-json\/wp\/v2\/types\/post"}],"author":[{"embeddable":true,"href":"https:\/\/www.noticiasradioreflejos.com.ar\/2021\/wp-json\/wp\/v2\/users\/3"}],"replies":[{"embeddable":true,"href":"https:\/\/www.noticiasradioreflejos.com.ar\/2021\/wp-json\/wp\/v2\/comments?post=21595"}],"version-history":[{"count":0,"href":"https:\/\/www.noticiasradioreflejos.com.ar\/2021\/wp-json\/wp\/v2\/posts\/21595\/revisions"}],"wp:attachment":[{"href":"https:\/\/www.noticiasradioreflejos.com.ar\/2021\/wp-json\/wp\/v2\/media?parent=21595"}],"wp:term":[{"taxonomy":"category","embeddable":true,"href":"https:\/\/www.noticiasradioreflejos.com.ar\/2021\/wp-json\/wp\/v2\/categories?post=21595"},{"taxonomy":"post_tag","embeddable":true,"href":"https:\/\/www.noticiasradioreflejos.com.ar\/2021\/wp-json\/wp\/v2\/tags?post=21595"}],"curies":[{"name":"wp","href":"https:\/\/api.w.org\/{rel}","templated":true}]}}