{"id":21590,"date":"2018-05-16T14:59:10","date_gmt":"2018-05-16T17:59:10","guid":{"rendered":"http:\/\/www.noticiasradioreflejos.com.ar\/noticias\/?p=21590"},"modified":"2018-05-16T14:59:10","modified_gmt":"2018-05-16T17:59:10","slug":"fuertes-olores-desde-la-planta-de-liquidos-cloacales-estamos-cerca-de-la-solucion-definitiva","status":"publish","type":"post","link":"https:\/\/www.noticiasradioreflejos.com.ar\/2021\/fuertes-olores-desde-la-planta-de-liquidos-cloacales-estamos-cerca-de-la-solucion-definitiva\/","title":{"rendered":"Fuertes olores desde la planta de l\u00edquidos cloacales: \u201cEstamos cerca de la soluci\u00f3n definitiva\u201d"},"content":{"rendered":"<p>Por estos d\u00edas varios vecinos de nuestra ciudad expresaron su reclamo por los fuertes olores que se contin\u00faan emanando desde la planta de tratamiento de l\u00edquidos cloacales del barrio norte, a pesar de las obras que all\u00ed se est\u00e1n llevando adelante.<!--more--><br \/>\nAnte ello, el Secretario de Gobierno y Hacienda, Ezequiel Gabella, explic\u00f3 la situaci\u00f3n: \u201ces entendible el reclamo de la comunidad de Tornquist porque quiz\u00e1s se hab\u00eda creado la expectativa de que en un plazo muy corto se iba a solucionar este problema\u201d.<br \/>\n\u201cSin embargo \u2013continu\u00f3- hab\u00edamos anticipado que la obra no se iba a terminar en el corto plazo. Lo que se hizo hasta ahora es la primera etapa que se trata de la limpieza de los barros secos de una de las piletas, pero los olores desagradables salen del otro pilet\u00f3n, que es a donde se depositan primero los residuos cloacales y que deber\u00eda tener en funcionamiento ocho aireadores, de los cuales s\u00f3lo uno (y no siempre) funciona\u201d.<br \/>\n\u201cQue la gente se quede tranquila que la segunda etapa de la obra consiste en la reparaci\u00f3n de esos aireadores, adem\u00e1s del arreglo de las cuatro bombas (actualmente funciona una sola), de la sala de m\u00e1quinas, la iluminaci\u00f3n y la reparaci\u00f3n de la planta de bombeo del barrio sur\u201d, a\u00f1adi\u00f3.<br \/>\nEn ese sentido, Gabella destac\u00f3 que ante el estado de abandono de la planta por parte de las autoridades de ABSA durante los muchos a\u00f1os, \u201cel intendente Sergio Bordoni en persona se puso frente a la negociaci\u00f3n y se logr\u00f3 algo tan buscado y anhelado que se debi\u00f3 haber hecho hace mucho tiempo.\u201d<br \/>\n\u201cEstamos cerca de la soluci\u00f3n definitiva a esto, el presupuesto est\u00e1, la obra se va a hacer y en un plazo relativamente corto. En cuanto a tiempo, la meta puesta es antes de fin de a\u00f1o, ya que no queremos tolerar ni un verano m\u00e1s, \u00e9poca en la que se multiplican los olores\u201d, manifest\u00f3.<br \/>\nSOBRE LA CONTINUIDAD DE OBRAS TRAS LA SUBA DEL DOLAR<br \/>\nM\u00e1s adelante, el funcionario se refiri\u00f3 a la decisi\u00f3n del gobierno sobre la ejecuci\u00f3n de ciertas obras por la fuerte suba del d\u00f3lar de las \u00faltimas semanas.<br \/>\n\u201cEntre la verdadera incertidumbre que se genera, sabemos que estamos pasando por un momento econ\u00f3mico del pa\u00eds que produjo la suba del d\u00f3lar, se da un caldo de cultivo especial para aquellos muy mal intencionados que pr\u00e1cticamente disfrutan esta situaci\u00f3n\u201d, indic\u00f3.<br \/>\n\u201cEs cierto que parte de las medidas que va a tomar el Gobierno Nacional \u2013sigui\u00f3- pudieran implicar que alguna de las obras que se han anunciado se suspendan o se retrasen un poco m\u00e1s en su ejecuci\u00f3n, pero hay que llevarle la tranquilidad que las principales obras que involucran a Tornquist y la zona no est\u00e1n comprometidas, como la de la Ruta 33\u201d.<br \/>\n\u201cLas principales obras anunciadas desde el municipio se van a ejecutar, tantas las de presupuesto municipal como as\u00ed tambi\u00e9n las que se llevan a cabo con fondos nacionales y provinciales\u201d, asegur\u00f3.<\/p>\n","protected":false},"excerpt":{"rendered":"<p>Por estos d\u00edas varios vecinos de nuestra ciudad expresaron su reclamo por los fuertes olores que se contin\u00faan emanando desde la planta de tratamiento de l\u00edquidos cloacales del barrio norte, a pesar de las obras que all\u00ed se est\u00e1n llevando adelante.<\/p>\n","protected":false},"author":3,"featured_media":0,"comment_status":"closed","ping_status":"open","sticky":false,"template":"","format":"standard","meta":{"footnotes":""},"categories":[24],"tags":[],"class_list":["post-21590","post","type-post","status-publish","format-standard","hentry","category-politica"],"yoast_head":"<!-- This site is optimized with the Yoast SEO plugin v25.9 - https:\/\/yoast.com\/wordpress\/plugins\/seo\/ -->\n<title>Fuertes olores desde la planta de l\u00edquidos cloacales: \u201cEstamos cerca de la soluci\u00f3n definitiva\u201d - Noticias Radio Reflejos<\/title>\n<meta name=\"robots\" content=\"index, follow, max-snippet:-1, max-image-preview:large, max-video-preview:-1\" \/>\n<link rel=\"canonical\" href=\"https:\/\/www.noticiasradioreflejos.com.ar\/2021\/fuertes-olores-desde-la-planta-de-liquidos-cloacales-estamos-cerca-de-la-solucion-definitiva\/\" \/>\n<meta property=\"og:locale\" content=\"es_ES\" \/>\n<meta property=\"og:type\" content=\"article\" \/>\n<meta property=\"og:title\" content=\"Fuertes olores desde la planta de l\u00edquidos cloacales: \u201cEstamos cerca de la soluci\u00f3n definitiva\u201d - Noticias Radio Reflejos\" \/>\n<meta property=\"og:description\" content=\"Por estos d\u00edas varios vecinos de nuestra ciudad expresaron su reclamo por los fuertes olores que se contin\u00faan emanando desde la planta de tratamiento de l\u00edquidos cloacales del barrio norte, a pesar de las obras que all\u00ed se est\u00e1n llevando adelante.\" \/>\n<meta property=\"og:url\" content=\"https:\/\/www.noticiasradioreflejos.com.ar\/2021\/fuertes-olores-desde-la-planta-de-liquidos-cloacales-estamos-cerca-de-la-solucion-definitiva\/\" \/>\n<meta property=\"og:site_name\" content=\"Noticias Radio Reflejos\" \/>\n<meta property=\"article:published_time\" content=\"2018-05-16T17:59:10+00:00\" \/>\n<meta property=\"og:image\" content=\"https:\/\/www.noticiasradioreflejos.com.ar\/2021\/wp-content\/uploads\/2021\/07\/logosol300x200.png\" \/>\n\t<meta property=\"og:image:width\" content=\"300\" \/>\n\t<meta property=\"og:image:height\" content=\"200\" \/>\n\t<meta property=\"og:image:type\" content=\"image\/png\" \/>\n<meta name=\"author\" content=\"Arnaldo Botto\" \/>\n<meta name=\"twitter:card\" content=\"summary_large_image\" \/>\n<script type=\"application\/ld+json\" class=\"yoast-schema-graph\">{\"@context\":\"https:\/\/schema.org\",\"@graph\":[{\"@type\":\"WebPage\",\"@id\":\"https:\/\/www.noticiasradioreflejos.com.ar\/2021\/fuertes-olores-desde-la-planta-de-liquidos-cloacales-estamos-cerca-de-la-solucion-definitiva\/\",\"url\":\"https:\/\/www.noticiasradioreflejos.com.ar\/2021\/fuertes-olores-desde-la-planta-de-liquidos-cloacales-estamos-cerca-de-la-solucion-definitiva\/\",\"name\":\"Fuertes olores desde la planta de l\u00edquidos cloacales: \u201cEstamos cerca de la soluci\u00f3n definitiva\u201d - Noticias Radio Reflejos\",\"isPartOf\":{\"@id\":\"https:\/\/www.noticiasradioreflejos.com.ar\/2021\/#website\"},\"datePublished\":\"2018-05-16T17:59:10+00:00\",\"author\":{\"@id\":\"https:\/\/www.noticiasradioreflejos.com.ar\/2021\/#\/schema\/person\/ad82545263dcc5ec0996818884fd5fb1\"},\"breadcrumb\":{\"@id\":\"https:\/\/www.noticiasradioreflejos.com.ar\/2021\/fuertes-olores-desde-la-planta-de-liquidos-cloacales-estamos-cerca-de-la-solucion-definitiva\/#breadcrumb\"},\"inLanguage\":\"es\",\"potentialAction\":[{\"@type\":\"ReadAction\",\"target\":[\"https:\/\/www.noticiasradioreflejos.com.ar\/2021\/fuertes-olores-desde-la-planta-de-liquidos-cloacales-estamos-cerca-de-la-solucion-definitiva\/\"]}]},{\"@type\":\"BreadcrumbList\",\"@id\":\"https:\/\/www.noticiasradioreflejos.com.ar\/2021\/fuertes-olores-desde-la-planta-de-liquidos-cloacales-estamos-cerca-de-la-solucion-definitiva\/#breadcrumb\",\"itemListElement\":[{\"@type\":\"ListItem\",\"position\":1,\"name\":\"Portada\",\"item\":\"https:\/\/www.noticiasradioreflejos.com.ar\/2021\/\"},{\"@type\":\"ListItem\",\"position\":2,\"name\":\"Fuertes olores desde la planta de l\u00edquidos cloacales: \u201cEstamos cerca de la soluci\u00f3n definitiva\u201d\"}]},{\"@type\":\"WebSite\",\"@id\":\"https:\/\/www.noticiasradioreflejos.com.ar\/2021\/#website\",\"url\":\"https:\/\/www.noticiasradioreflejos.com.ar\/2021\/\",\"name\":\"Noticias Radio Reflejos\",\"description\":\"Las noticias de mi comarca\",\"potentialAction\":[{\"@type\":\"SearchAction\",\"target\":{\"@type\":\"EntryPoint\",\"urlTemplate\":\"https:\/\/www.noticiasradioreflejos.com.ar\/2021\/?s={search_term_string}\"},\"query-input\":{\"@type\":\"PropertyValueSpecification\",\"valueRequired\":true,\"valueName\":\"search_term_string\"}}],\"inLanguage\":\"es\"},{\"@type\":\"Person\",\"@id\":\"https:\/\/www.noticiasradioreflejos.com.ar\/2021\/#\/schema\/person\/ad82545263dcc5ec0996818884fd5fb1\",\"name\":\"Arnaldo Botto\",\"image\":{\"@type\":\"ImageObject\",\"inLanguage\":\"es\",\"@id\":\"https:\/\/www.noticiasradioreflejos.com.ar\/2021\/#\/schema\/person\/image\/\",\"url\":\"https:\/\/secure.gravatar.com\/avatar\/55cb5e37c1efa326397366e6974cb338056df65cb50e7d64d1cf314e87504837?s=96&d=mm&r=g\",\"contentUrl\":\"https:\/\/secure.gravatar.com\/avatar\/55cb5e37c1efa326397366e6974cb338056df65cb50e7d64d1cf314e87504837?s=96&d=mm&r=g\",\"caption\":\"Arnaldo Botto\"},\"url\":\"https:\/\/www.noticiasradioreflejos.com.ar\/2021\/author\/arnaldo\/\"}]}<\/script>\n<!-- \/ Yoast SEO plugin. -->","yoast_head_json":{"title":"Fuertes olores desde la planta de l\u00edquidos cloacales: \u201cEstamos cerca de la soluci\u00f3n definitiva\u201d - Noticias Radio Reflejos","robots":{"index":"index","follow":"follow","max-snippet":"max-snippet:-1","max-image-preview":"max-image-preview:large","max-video-preview":"max-video-preview:-1"},"canonical":"https:\/\/www.noticiasradioreflejos.com.ar\/2021\/fuertes-olores-desde-la-planta-de-liquidos-cloacales-estamos-cerca-de-la-solucion-definitiva\/","og_locale":"es_ES","og_type":"article","og_title":"Fuertes olores desde la planta de l\u00edquidos cloacales: \u201cEstamos cerca de la soluci\u00f3n definitiva\u201d - Noticias Radio Reflejos","og_description":"Por estos d\u00edas varios vecinos de nuestra ciudad expresaron su reclamo por los fuertes olores que se contin\u00faan emanando desde la planta de tratamiento de l\u00edquidos cloacales del barrio norte, a pesar de las obras que all\u00ed se est\u00e1n llevando adelante.","og_url":"https:\/\/www.noticiasradioreflejos.com.ar\/2021\/fuertes-olores-desde-la-planta-de-liquidos-cloacales-estamos-cerca-de-la-solucion-definitiva\/","og_site_name":"Noticias Radio Reflejos","article_published_time":"2018-05-16T17:59:10+00:00","og_image":[{"width":300,"height":200,"url":"https:\/\/www.noticiasradioreflejos.com.ar\/2021\/wp-content\/uploads\/2021\/07\/logosol300x200.png","type":"image\/png"}],"author":"Arnaldo Botto","twitter_card":"summary_large_image","schema":{"@context":"https:\/\/schema.org","@graph":[{"@type":"WebPage","@id":"https:\/\/www.noticiasradioreflejos.com.ar\/2021\/fuertes-olores-desde-la-planta-de-liquidos-cloacales-estamos-cerca-de-la-solucion-definitiva\/","url":"https:\/\/www.noticiasradioreflejos.com.ar\/2021\/fuertes-olores-desde-la-planta-de-liquidos-cloacales-estamos-cerca-de-la-solucion-definitiva\/","name":"Fuertes olores desde la planta de l\u00edquidos cloacales: \u201cEstamos cerca de la soluci\u00f3n definitiva\u201d - Noticias Radio Reflejos","isPartOf":{"@id":"https:\/\/www.noticiasradioreflejos.com.ar\/2021\/#website"},"datePublished":"2018-05-16T17:59:10+00:00","author":{"@id":"https:\/\/www.noticiasradioreflejos.com.ar\/2021\/#\/schema\/person\/ad82545263dcc5ec0996818884fd5fb1"},"breadcrumb":{"@id":"https:\/\/www.noticiasradioreflejos.com.ar\/2021\/fuertes-olores-desde-la-planta-de-liquidos-cloacales-estamos-cerca-de-la-solucion-definitiva\/#breadcrumb"},"inLanguage":"es","potentialAction":[{"@type":"ReadAction","target":["https:\/\/www.noticiasradioreflejos.com.ar\/2021\/fuertes-olores-desde-la-planta-de-liquidos-cloacales-estamos-cerca-de-la-solucion-definitiva\/"]}]},{"@type":"BreadcrumbList","@id":"https:\/\/www.noticiasradioreflejos.com.ar\/2021\/fuertes-olores-desde-la-planta-de-liquidos-cloacales-estamos-cerca-de-la-solucion-definitiva\/#breadcrumb","itemListElement":[{"@type":"ListItem","position":1,"name":"Portada","item":"https:\/\/www.noticiasradioreflejos.com.ar\/2021\/"},{"@type":"ListItem","position":2,"name":"Fuertes olores desde la planta de l\u00edquidos cloacales: \u201cEstamos cerca de la soluci\u00f3n definitiva\u201d"}]},{"@type":"WebSite","@id":"https:\/\/www.noticiasradioreflejos.com.ar\/2021\/#website","url":"https:\/\/www.noticiasradioreflejos.com.ar\/2021\/","name":"Noticias Radio Reflejos","description":"Las noticias de mi comarca","potentialAction":[{"@type":"SearchAction","target":{"@type":"EntryPoint","urlTemplate":"https:\/\/www.noticiasradioreflejos.com.ar\/2021\/?s={search_term_string}"},"query-input":{"@type":"PropertyValueSpecification","valueRequired":true,"valueName":"search_term_string"}}],"inLanguage":"es"},{"@type":"Person","@id":"https:\/\/www.noticiasradioreflejos.com.ar\/2021\/#\/schema\/person\/ad82545263dcc5ec0996818884fd5fb1","name":"Arnaldo Botto","image":{"@type":"ImageObject","inLanguage":"es","@id":"https:\/\/www.noticiasradioreflejos.com.ar\/2021\/#\/schema\/person\/image\/","url":"https:\/\/secure.gravatar.com\/avatar\/55cb5e37c1efa326397366e6974cb338056df65cb50e7d64d1cf314e87504837?s=96&d=mm&r=g","contentUrl":"https:\/\/secure.gravatar.com\/avatar\/55cb5e37c1efa326397366e6974cb338056df65cb50e7d64d1cf314e87504837?s=96&d=mm&r=g","caption":"Arnaldo Botto"},"url":"https:\/\/www.noticiasradioreflejos.com.ar\/2021\/author\/arnaldo\/"}]}},"_links":{"self":[{"href":"https:\/\/www.noticiasradioreflejos.com.ar\/2021\/wp-json\/wp\/v2\/posts\/21590","targetHints":{"allow":["GET"]}}],"collection":[{"href":"https:\/\/www.noticiasradioreflejos.com.ar\/2021\/wp-json\/wp\/v2\/posts"}],"about":[{"href":"https:\/\/www.noticiasradioreflejos.com.ar\/2021\/wp-json\/wp\/v2\/types\/post"}],"author":[{"embeddable":true,"href":"https:\/\/www.noticiasradioreflejos.com.ar\/2021\/wp-json\/wp\/v2\/users\/3"}],"replies":[{"embeddable":true,"href":"https:\/\/www.noticiasradioreflejos.com.ar\/2021\/wp-json\/wp\/v2\/comments?post=21590"}],"version-history":[{"count":0,"href":"https:\/\/www.noticiasradioreflejos.com.ar\/2021\/wp-json\/wp\/v2\/posts\/21590\/revisions"}],"wp:attachment":[{"href":"https:\/\/www.noticiasradioreflejos.com.ar\/2021\/wp-json\/wp\/v2\/media?parent=21590"}],"wp:term":[{"taxonomy":"category","embeddable":true,"href":"https:\/\/www.noticiasradioreflejos.com.ar\/2021\/wp-json\/wp\/v2\/categories?post=21590"},{"taxonomy":"post_tag","embeddable":true,"href":"https:\/\/www.noticiasradioreflejos.com.ar\/2021\/wp-json\/wp\/v2\/tags?post=21590"}],"curies":[{"name":"wp","href":"https:\/\/api.w.org\/{rel}","templated":true}]}}