{"id":21585,"date":"2018-05-16T20:33:11","date_gmt":"2018-05-16T23:33:11","guid":{"rendered":"http:\/\/www.noticiasradioreflejos.com.ar\/noticias\/?p=21585"},"modified":"2018-05-16T20:33:11","modified_gmt":"2018-05-16T23:33:11","slug":"esperamos-a-toda-la-comunidad-de-sierra-de-la-ventana-y-la-zona-que-tenga-ganas-de-pasar-un-momento-grato-y-en-familia","status":"publish","type":"post","link":"https:\/\/www.noticiasradioreflejos.com.ar\/2021\/esperamos-a-toda-la-comunidad-de-sierra-de-la-ventana-y-la-zona-que-tenga-ganas-de-pasar-un-momento-grato-y-en-familia\/","title":{"rendered":"&quot;Esperamos a toda la comunidad de Sierra de la Ventana y la zona que tenga ganas de pasar un momento grato y en familia&quot;"},"content":{"rendered":"<p><a title=\"received_1717098641690488\" href=\"http:\/\/farm1.staticflickr.com\/908\/41050286084_5a8be7d5db.jpg\" rel=\"\"><img loading=\"lazy\" decoding=\"async\" class=\"alignleft\" style=\"float: left;\" title=\"received_1717098641690488\" src=\"http:\/\/farm1.staticflickr.com\/908\/41050286084_5a8be7d5db.jpg\" alt=\"received_1717098641690488\" width=\"379\" height=\"500\" \/><\/a>Este s\u00e1bado 19 de mayo se realiza una cena en el Cuartel de Bomberos Voluntarios de Sierra de la Ventana a beneficio de la EESN\u00b0 2 y de la Asoc. de bomberos Voluntarios local.<br \/>\nAprovechamos para charlar con Sergio Dominguez, Presidente de Bomberos sobre el evento y repasar como se encuentra la instituci\u00f3n serrana luego de los grandes incendios del verano.<!--more--><br \/>\n\u00abBueno esto realmente venimos trabajando despu\u00e9s de lo que fue el incendio de enero y febrero, que ya lo hemos hablado por la radio las secuelas econ\u00f3micas que deja en un cuartel de un pueblo como el de Sierra o pueblos aleda\u00f1os a estos partidos son gastos muy grandes despu\u00e9s aparte la magnitud de lo que fue el siniestro de tantas cantidades de d\u00edas, entonces bueno justamente nosotros tenemos adentro de la comisi\u00f3n a Rosana Cardoso que es una fiera trabajando en las dos instituciones y bueno, surgi\u00f3 esta idea de trabajar de manera mancomunada para poder recaudar un poco de dinero tanto para la escuela que tambi\u00e9n le hace falta para alg\u00fan tipo de obras que quieren hacer, y nosotros para poder ir recuperando un poco el gran gasto que hemos tenido en ese fuego de enero y febrero. Nosotros lamentablemente hemos tenido la mala suerte de estar en una comisi\u00f3n en un momento en el cual es critico en el pa\u00eds, en todos los ordenes institucionales, osea no estamos exentos de todo lo que esta pasando en nuestro pa\u00eds, gestiones desde el municipio de Tornquist, la persona que mas la tenemos cerca, que es la que mas se interiorizo en nuestra problem\u00e1tica fue el intendente municipal y Vivi Montibeller que la tenemos como delegada y que representa Sierra de la Ventana, entonces est\u00e1n haciendo gestiones a nivel provincial y nacional, para ver si se puede conseguir alg\u00fan tipo de subsidio, hasta el d\u00eda de hoy viene muy complicada la mano, todav\u00eda respuestas certeras no tenemos, s\u00e9 que las gestiones est\u00e1n realizadas, y est\u00e1n haciendo lo imposible para poder gestionar y que nos puedan mandar alg\u00fan tipo de salvavidas econ\u00f3mico para poder recuperar un poco la plata que exist\u00eda en el banco para gastos fijos que tenemos mensualmente dentro del cuartel, pero bueno, realmente todav\u00eda no lo tenemos, hay que agradecer much\u00edsimo y yo siempre digo lo mismo a la comunidad de Sierra de la Ventana, y a los comerciantes, el caso numero uno para mi es Gast\u00f3n Yado, que nos banco el tema del combustible de enero y febrero hasta esta semana que alcance a cancelarle el total de la deuda de combustible, que tambi\u00e9n tuvo la deferencia de no ponerlo en litros sino congelarnos el precio al momento de que lo hab\u00edamos consumido, porque son montos muy grandes y con los dos o tres aumentos que hubo de combustible, si hubiera puesto litros como cualquier persona, vos cuando vas a pagar al precio del momento no cierto, bueno a eso Gast\u00f3n nos dejo el precio fijo de esa suma, que casi rondaba los 300 mil pesos, y con un gran esfuerzo Rosana desde la tesorer\u00eda y el trabajo que se viene haciendo mancomunado con los chicos de bomberos en ruta y estamos haciendo el estacionamiento del parque provincial, y bueno este tipo de eventos como la tallarinada, realmente es para poder recuperar un poco esa plata que realmente no la ten\u00edamos, y hoy en el banco estamos en una situaci\u00f3n bastante complicada porque los gastos fijos los seguimos teniendo, hay gastos de operatividad, tenemos los cuarteleros, el gasto de luz y gas, que se viene trabajando, Vivi Montibeller viene trabajando tratando de conseguir que el cuartel de bomberos no paguemos mas luz y gas que son gastos siderales para nosotros, por el movimiento que existe en el cuartel, a nivel social tambi\u00e9n, porque tenemos cursos de electricidad que est\u00e1n dando, y la ultima boleta estuvo rondando entre los 12 y 13 mil pesos, y son gastos muy grandes, el monstruo del cuartel es grandisimo, ya te digo hay muchos eventos que se generan adentro del cuartel como cursos de capacitaci\u00f3n que se hacen dos o tres veces por semana, ma\u00f1ana hay un curso de poda que es de las 8 a las 13, y brindamos esa asistencia social y tambi\u00e9n colaboraci\u00f3n a los municipios, pero todo insume gastos, todo es muy costoso para nosotros, y mantener todos los gastos fijos del cuartel nos obliga a generar este tipo de eventos, y la colaboraci\u00f3n de la sociedad de Sierra y la zona, a participar de este tipo de cenas o bingos que hagamos adentro del cuartel, porque es un granito de arena que suma para llegar a fin de mes y poder cumplir con las exigencias econ\u00f3micas que tenemos en el cuartel\u00bb. Expres\u00f3 Teko Dominguez<br \/>\n\u00abLo de este s\u00e1bado es una tallarinada con estofado, para toda la familia, se sacaron 100 tarjetas a la venta, va a ser el s\u00e1bado a las 21:30hs donde vamos a hacer un bingo familiar entre todos los que estemos disfrutando de esa cena, y bueno se cobra 200$, no esta incluida la bebida, tienen que llevar los cubiertos, los platos los tenemos en el cuartel, asique bueno la idea es recaudar un poco de fondos para la escuelita 2 que lo necesita y por medio de bomberos si les podemos dar una mano se las vamos a dar, esperamos a toda la gente y la comunidad de Sierra de la Ventana y la zona que tenga ganas de pasar un momento grato, de compartir con nosotros este fin de semana, tenemos un buen momento para pasarlo en familia\u00bb. Finaliz\u00f3 Sergio \u00abTeko\u00bb Dominguez<br \/>\nNOTA COMPLETA:<br \/>\n<iframe loading=\"lazy\" src=\"https:\/\/w.soundcloud.com\/player\/?url=https%3A\/\/api.soundcloud.com\/tracks\/444849918&amp;color=%23ff5500&amp;auto_play=false&amp;hide_related=false&amp;show_comments=true&amp;show_user=true&amp;show_reposts=false&amp;show_teaser=true\" width=\"100%\" height=\"166\" frameborder=\"no\" scrolling=\"no\"><\/iframe><\/p>\n","protected":false},"excerpt":{"rendered":"<p>Este s\u00e1bado 19 de mayo se realiza una cena en el Cuartel de Bomberos Voluntarios de Sierra de la Ventana a beneficio de la EESN\u00b0 2 y de la Asoc. de bomberos Voluntarios local. Aprovechamos para charlar con Sergio Dominguez, Presidente de Bomberos sobre el evento y repasar como se encuentra la instituci\u00f3n serrana luego [&hellip;]<\/p>\n","protected":false},"author":3,"featured_media":0,"comment_status":"closed","ping_status":"open","sticky":false,"template":"","format":"standard","meta":{"footnotes":""},"categories":[26],"tags":[],"class_list":["post-21585","post","type-post","status-publish","format-standard","hentry","category-sociedad"],"yoast_head":"<!-- This site is optimized with the Yoast SEO plugin v25.9 - https:\/\/yoast.com\/wordpress\/plugins\/seo\/ -->\n<title>&quot;Esperamos a toda la comunidad de Sierra de la Ventana y la zona que tenga ganas de pasar un momento grato y en familia&quot; - Noticias Radio Reflejos<\/title>\n<meta name=\"robots\" content=\"index, follow, max-snippet:-1, max-image-preview:large, max-video-preview:-1\" \/>\n<link rel=\"canonical\" href=\"https:\/\/www.noticiasradioreflejos.com.ar\/2021\/esperamos-a-toda-la-comunidad-de-sierra-de-la-ventana-y-la-zona-que-tenga-ganas-de-pasar-un-momento-grato-y-en-familia\/\" \/>\n<meta property=\"og:locale\" content=\"es_ES\" \/>\n<meta property=\"og:type\" content=\"article\" \/>\n<meta property=\"og:title\" content=\"&quot;Esperamos a toda la comunidad de Sierra de la Ventana y la zona que tenga ganas de pasar un momento grato y en familia&quot; - Noticias Radio Reflejos\" \/>\n<meta property=\"og:description\" content=\"Este s\u00e1bado 19 de mayo se realiza una cena en el Cuartel de Bomberos Voluntarios de Sierra de la Ventana a beneficio de la EESN\u00b0 2 y de la Asoc. de bomberos Voluntarios local. Aprovechamos para charlar con Sergio Dominguez, Presidente de Bomberos sobre el evento y repasar como se encuentra la instituci\u00f3n serrana luego [&hellip;]\" \/>\n<meta property=\"og:url\" content=\"https:\/\/www.noticiasradioreflejos.com.ar\/2021\/esperamos-a-toda-la-comunidad-de-sierra-de-la-ventana-y-la-zona-que-tenga-ganas-de-pasar-un-momento-grato-y-en-familia\/\" \/>\n<meta property=\"og:site_name\" content=\"Noticias Radio Reflejos\" \/>\n<meta property=\"article:published_time\" content=\"2018-05-16T23:33:11+00:00\" \/>\n<meta property=\"og:image\" content=\"http:\/\/farm1.staticflickr.com\/908\/41050286084_5a8be7d5db.jpg\" \/>\n<meta name=\"author\" content=\"Arnaldo Botto\" \/>\n<meta name=\"twitter:card\" content=\"summary_large_image\" \/>\n<script type=\"application\/ld+json\" class=\"yoast-schema-graph\">{\"@context\":\"https:\/\/schema.org\",\"@graph\":[{\"@type\":\"WebPage\",\"@id\":\"https:\/\/www.noticiasradioreflejos.com.ar\/2021\/esperamos-a-toda-la-comunidad-de-sierra-de-la-ventana-y-la-zona-que-tenga-ganas-de-pasar-un-momento-grato-y-en-familia\/\",\"url\":\"https:\/\/www.noticiasradioreflejos.com.ar\/2021\/esperamos-a-toda-la-comunidad-de-sierra-de-la-ventana-y-la-zona-que-tenga-ganas-de-pasar-un-momento-grato-y-en-familia\/\",\"name\":\"&quot;Esperamos a toda la comunidad de Sierra de la Ventana y la zona que tenga ganas de pasar un momento grato y en familia&quot; - Noticias Radio Reflejos\",\"isPartOf\":{\"@id\":\"https:\/\/www.noticiasradioreflejos.com.ar\/2021\/#website\"},\"primaryImageOfPage\":{\"@id\":\"https:\/\/www.noticiasradioreflejos.com.ar\/2021\/esperamos-a-toda-la-comunidad-de-sierra-de-la-ventana-y-la-zona-que-tenga-ganas-de-pasar-un-momento-grato-y-en-familia\/#primaryimage\"},\"image\":{\"@id\":\"https:\/\/www.noticiasradioreflejos.com.ar\/2021\/esperamos-a-toda-la-comunidad-de-sierra-de-la-ventana-y-la-zona-que-tenga-ganas-de-pasar-un-momento-grato-y-en-familia\/#primaryimage\"},\"thumbnailUrl\":\"http:\/\/farm1.staticflickr.com\/908\/41050286084_5a8be7d5db.jpg\",\"datePublished\":\"2018-05-16T23:33:11+00:00\",\"author\":{\"@id\":\"https:\/\/www.noticiasradioreflejos.com.ar\/2021\/#\/schema\/person\/ad82545263dcc5ec0996818884fd5fb1\"},\"breadcrumb\":{\"@id\":\"https:\/\/www.noticiasradioreflejos.com.ar\/2021\/esperamos-a-toda-la-comunidad-de-sierra-de-la-ventana-y-la-zona-que-tenga-ganas-de-pasar-un-momento-grato-y-en-familia\/#breadcrumb\"},\"inLanguage\":\"es\",\"potentialAction\":[{\"@type\":\"ReadAction\",\"target\":[\"https:\/\/www.noticiasradioreflejos.com.ar\/2021\/esperamos-a-toda-la-comunidad-de-sierra-de-la-ventana-y-la-zona-que-tenga-ganas-de-pasar-un-momento-grato-y-en-familia\/\"]}]},{\"@type\":\"ImageObject\",\"inLanguage\":\"es\",\"@id\":\"https:\/\/www.noticiasradioreflejos.com.ar\/2021\/esperamos-a-toda-la-comunidad-de-sierra-de-la-ventana-y-la-zona-que-tenga-ganas-de-pasar-un-momento-grato-y-en-familia\/#primaryimage\",\"url\":\"http:\/\/farm1.staticflickr.com\/908\/41050286084_5a8be7d5db.jpg\",\"contentUrl\":\"http:\/\/farm1.staticflickr.com\/908\/41050286084_5a8be7d5db.jpg\"},{\"@type\":\"BreadcrumbList\",\"@id\":\"https:\/\/www.noticiasradioreflejos.com.ar\/2021\/esperamos-a-toda-la-comunidad-de-sierra-de-la-ventana-y-la-zona-que-tenga-ganas-de-pasar-un-momento-grato-y-en-familia\/#breadcrumb\",\"itemListElement\":[{\"@type\":\"ListItem\",\"position\":1,\"name\":\"Portada\",\"item\":\"https:\/\/www.noticiasradioreflejos.com.ar\/2021\/\"},{\"@type\":\"ListItem\",\"position\":2,\"name\":\"&quot;Esperamos a toda la comunidad de Sierra de la Ventana y la zona que tenga ganas de pasar un momento grato y en familia&quot;\"}]},{\"@type\":\"WebSite\",\"@id\":\"https:\/\/www.noticiasradioreflejos.com.ar\/2021\/#website\",\"url\":\"https:\/\/www.noticiasradioreflejos.com.ar\/2021\/\",\"name\":\"Noticias Radio Reflejos\",\"description\":\"Las noticias de mi comarca\",\"potentialAction\":[{\"@type\":\"SearchAction\",\"target\":{\"@type\":\"EntryPoint\",\"urlTemplate\":\"https:\/\/www.noticiasradioreflejos.com.ar\/2021\/?s={search_term_string}\"},\"query-input\":{\"@type\":\"PropertyValueSpecification\",\"valueRequired\":true,\"valueName\":\"search_term_string\"}}],\"inLanguage\":\"es\"},{\"@type\":\"Person\",\"@id\":\"https:\/\/www.noticiasradioreflejos.com.ar\/2021\/#\/schema\/person\/ad82545263dcc5ec0996818884fd5fb1\",\"name\":\"Arnaldo Botto\",\"image\":{\"@type\":\"ImageObject\",\"inLanguage\":\"es\",\"@id\":\"https:\/\/www.noticiasradioreflejos.com.ar\/2021\/#\/schema\/person\/image\/\",\"url\":\"https:\/\/secure.gravatar.com\/avatar\/55cb5e37c1efa326397366e6974cb338056df65cb50e7d64d1cf314e87504837?s=96&d=mm&r=g\",\"contentUrl\":\"https:\/\/secure.gravatar.com\/avatar\/55cb5e37c1efa326397366e6974cb338056df65cb50e7d64d1cf314e87504837?s=96&d=mm&r=g\",\"caption\":\"Arnaldo Botto\"},\"url\":\"https:\/\/www.noticiasradioreflejos.com.ar\/2021\/author\/arnaldo\/\"}]}<\/script>\n<!-- \/ Yoast SEO plugin. -->","yoast_head_json":{"title":"&quot;Esperamos a toda la comunidad de Sierra de la Ventana y la zona que tenga ganas de pasar un momento grato y en familia&quot; - Noticias Radio Reflejos","robots":{"index":"index","follow":"follow","max-snippet":"max-snippet:-1","max-image-preview":"max-image-preview:large","max-video-preview":"max-video-preview:-1"},"canonical":"https:\/\/www.noticiasradioreflejos.com.ar\/2021\/esperamos-a-toda-la-comunidad-de-sierra-de-la-ventana-y-la-zona-que-tenga-ganas-de-pasar-un-momento-grato-y-en-familia\/","og_locale":"es_ES","og_type":"article","og_title":"&quot;Esperamos a toda la comunidad de Sierra de la Ventana y la zona que tenga ganas de pasar un momento grato y en familia&quot; - Noticias Radio Reflejos","og_description":"Este s\u00e1bado 19 de mayo se realiza una cena en el Cuartel de Bomberos Voluntarios de Sierra de la Ventana a beneficio de la EESN\u00b0 2 y de la Asoc. de bomberos Voluntarios local. Aprovechamos para charlar con Sergio Dominguez, Presidente de Bomberos sobre el evento y repasar como se encuentra la instituci\u00f3n serrana luego [&hellip;]","og_url":"https:\/\/www.noticiasradioreflejos.com.ar\/2021\/esperamos-a-toda-la-comunidad-de-sierra-de-la-ventana-y-la-zona-que-tenga-ganas-de-pasar-un-momento-grato-y-en-familia\/","og_site_name":"Noticias Radio Reflejos","article_published_time":"2018-05-16T23:33:11+00:00","og_image":[{"url":"http:\/\/farm1.staticflickr.com\/908\/41050286084_5a8be7d5db.jpg","type":"","width":"","height":""}],"author":"Arnaldo Botto","twitter_card":"summary_large_image","schema":{"@context":"https:\/\/schema.org","@graph":[{"@type":"WebPage","@id":"https:\/\/www.noticiasradioreflejos.com.ar\/2021\/esperamos-a-toda-la-comunidad-de-sierra-de-la-ventana-y-la-zona-que-tenga-ganas-de-pasar-un-momento-grato-y-en-familia\/","url":"https:\/\/www.noticiasradioreflejos.com.ar\/2021\/esperamos-a-toda-la-comunidad-de-sierra-de-la-ventana-y-la-zona-que-tenga-ganas-de-pasar-un-momento-grato-y-en-familia\/","name":"&quot;Esperamos a toda la comunidad de Sierra de la Ventana y la zona que tenga ganas de pasar un momento grato y en familia&quot; - Noticias Radio Reflejos","isPartOf":{"@id":"https:\/\/www.noticiasradioreflejos.com.ar\/2021\/#website"},"primaryImageOfPage":{"@id":"https:\/\/www.noticiasradioreflejos.com.ar\/2021\/esperamos-a-toda-la-comunidad-de-sierra-de-la-ventana-y-la-zona-que-tenga-ganas-de-pasar-un-momento-grato-y-en-familia\/#primaryimage"},"image":{"@id":"https:\/\/www.noticiasradioreflejos.com.ar\/2021\/esperamos-a-toda-la-comunidad-de-sierra-de-la-ventana-y-la-zona-que-tenga-ganas-de-pasar-un-momento-grato-y-en-familia\/#primaryimage"},"thumbnailUrl":"http:\/\/farm1.staticflickr.com\/908\/41050286084_5a8be7d5db.jpg","datePublished":"2018-05-16T23:33:11+00:00","author":{"@id":"https:\/\/www.noticiasradioreflejos.com.ar\/2021\/#\/schema\/person\/ad82545263dcc5ec0996818884fd5fb1"},"breadcrumb":{"@id":"https:\/\/www.noticiasradioreflejos.com.ar\/2021\/esperamos-a-toda-la-comunidad-de-sierra-de-la-ventana-y-la-zona-que-tenga-ganas-de-pasar-un-momento-grato-y-en-familia\/#breadcrumb"},"inLanguage":"es","potentialAction":[{"@type":"ReadAction","target":["https:\/\/www.noticiasradioreflejos.com.ar\/2021\/esperamos-a-toda-la-comunidad-de-sierra-de-la-ventana-y-la-zona-que-tenga-ganas-de-pasar-un-momento-grato-y-en-familia\/"]}]},{"@type":"ImageObject","inLanguage":"es","@id":"https:\/\/www.noticiasradioreflejos.com.ar\/2021\/esperamos-a-toda-la-comunidad-de-sierra-de-la-ventana-y-la-zona-que-tenga-ganas-de-pasar-un-momento-grato-y-en-familia\/#primaryimage","url":"http:\/\/farm1.staticflickr.com\/908\/41050286084_5a8be7d5db.jpg","contentUrl":"http:\/\/farm1.staticflickr.com\/908\/41050286084_5a8be7d5db.jpg"},{"@type":"BreadcrumbList","@id":"https:\/\/www.noticiasradioreflejos.com.ar\/2021\/esperamos-a-toda-la-comunidad-de-sierra-de-la-ventana-y-la-zona-que-tenga-ganas-de-pasar-un-momento-grato-y-en-familia\/#breadcrumb","itemListElement":[{"@type":"ListItem","position":1,"name":"Portada","item":"https:\/\/www.noticiasradioreflejos.com.ar\/2021\/"},{"@type":"ListItem","position":2,"name":"&quot;Esperamos a toda la comunidad de Sierra de la Ventana y la zona que tenga ganas de pasar un momento grato y en familia&quot;"}]},{"@type":"WebSite","@id":"https:\/\/www.noticiasradioreflejos.com.ar\/2021\/#website","url":"https:\/\/www.noticiasradioreflejos.com.ar\/2021\/","name":"Noticias Radio Reflejos","description":"Las noticias de mi comarca","potentialAction":[{"@type":"SearchAction","target":{"@type":"EntryPoint","urlTemplate":"https:\/\/www.noticiasradioreflejos.com.ar\/2021\/?s={search_term_string}"},"query-input":{"@type":"PropertyValueSpecification","valueRequired":true,"valueName":"search_term_string"}}],"inLanguage":"es"},{"@type":"Person","@id":"https:\/\/www.noticiasradioreflejos.com.ar\/2021\/#\/schema\/person\/ad82545263dcc5ec0996818884fd5fb1","name":"Arnaldo Botto","image":{"@type":"ImageObject","inLanguage":"es","@id":"https:\/\/www.noticiasradioreflejos.com.ar\/2021\/#\/schema\/person\/image\/","url":"https:\/\/secure.gravatar.com\/avatar\/55cb5e37c1efa326397366e6974cb338056df65cb50e7d64d1cf314e87504837?s=96&d=mm&r=g","contentUrl":"https:\/\/secure.gravatar.com\/avatar\/55cb5e37c1efa326397366e6974cb338056df65cb50e7d64d1cf314e87504837?s=96&d=mm&r=g","caption":"Arnaldo Botto"},"url":"https:\/\/www.noticiasradioreflejos.com.ar\/2021\/author\/arnaldo\/"}]}},"_links":{"self":[{"href":"https:\/\/www.noticiasradioreflejos.com.ar\/2021\/wp-json\/wp\/v2\/posts\/21585","targetHints":{"allow":["GET"]}}],"collection":[{"href":"https:\/\/www.noticiasradioreflejos.com.ar\/2021\/wp-json\/wp\/v2\/posts"}],"about":[{"href":"https:\/\/www.noticiasradioreflejos.com.ar\/2021\/wp-json\/wp\/v2\/types\/post"}],"author":[{"embeddable":true,"href":"https:\/\/www.noticiasradioreflejos.com.ar\/2021\/wp-json\/wp\/v2\/users\/3"}],"replies":[{"embeddable":true,"href":"https:\/\/www.noticiasradioreflejos.com.ar\/2021\/wp-json\/wp\/v2\/comments?post=21585"}],"version-history":[{"count":0,"href":"https:\/\/www.noticiasradioreflejos.com.ar\/2021\/wp-json\/wp\/v2\/posts\/21585\/revisions"}],"wp:attachment":[{"href":"https:\/\/www.noticiasradioreflejos.com.ar\/2021\/wp-json\/wp\/v2\/media?parent=21585"}],"wp:term":[{"taxonomy":"category","embeddable":true,"href":"https:\/\/www.noticiasradioreflejos.com.ar\/2021\/wp-json\/wp\/v2\/categories?post=21585"},{"taxonomy":"post_tag","embeddable":true,"href":"https:\/\/www.noticiasradioreflejos.com.ar\/2021\/wp-json\/wp\/v2\/tags?post=21585"}],"curies":[{"name":"wp","href":"https:\/\/api.w.org\/{rel}","templated":true}]}}