{"id":21527,"date":"2018-05-14T12:47:05","date_gmt":"2018-05-14T15:47:05","guid":{"rendered":"http:\/\/www.noticiasradioreflejos.com.ar\/noticias\/?p=21527"},"modified":"2018-05-14T12:47:05","modified_gmt":"2018-05-14T15:47:05","slug":"21527","status":"publish","type":"post","link":"https:\/\/www.noticiasradioreflejos.com.ar\/2021\/21527\/","title":{"rendered":"Corte de la ruta 51 de 8 a 18 horas este martes 15."},"content":{"rendered":"<p><a title=\"desvio ruta 51 coronel pringles\" href=\"http:\/\/farm1.staticflickr.com\/946\/42113990341_ca033888e4.jpg\" rel=\"\"><img loading=\"lazy\" decoding=\"async\" class=\"alignleft\" style=\"float: left;\" title=\"desvio ruta 51 coronel pringles\" src=\"http:\/\/farm1.staticflickr.com\/946\/42113990341_ca033888e4.jpg\" alt=\"desvio ruta 51 coronel pringles\" width=\"500\" height=\"398\" \/><\/a>La Direcci\u00f3n de Vialidad de la Provincia de Buenos Aires informa que, debido a los trabajos que se est\u00e1n llevando a cabo en la Ruta Provincial 51, el d\u00eda martes 15 de mayo \u2013 de 8 a 18 hs- se cerrar\u00e1 el tr\u00e1nsito desde Coronel Pringles hasta El Despe\u00f1adero.<!--more--><br \/>\nEn el marco de los trabajos de ensanche y repavimentaci\u00f3n de calzada, se proceder\u00e1 a efectuar las tareas de voladura de material p\u00e9treo y la posterior limpieza, a la altura del Km 644 del corredor bonaerense.<br \/>\nConsecuentemente, y con el objetivo de garantizar la seguridad vial, se interrumpir\u00e1 en forma total el tr\u00e1nsito de dicha arteria.<br \/>\nPor tal motivo, quienes circulen por Ruta 51 sentido Bah\u00eda Blanca tendr\u00e1n dos alternativas de desv\u00edo: la primera, tomar por Ruta 85 hasta su empalme con Ruta Nacional 3 para luego empalmar con Ruta 72 o continuar por la Ruta Nacional 3 hacia Bah\u00eda Blanca. La segunda, por Ruta 85 hasta su empalme con Ruta 76 para luego empalmar con la Ruta 72 y retomar la Ruta 51. Para ambas opciones lo mismo en sentido contrario.<br \/>\nLa Direcci\u00f3n de Vialidad solicita a los veh\u00edculos respetar los desv\u00edos que se encuentran debidamente se\u00f1alizados, para as\u00ed evitar inconvenientes en el desplazamiento vehicular.<br \/>\nDirecci\u00f3n Provincial de Vialidad<\/p>\n","protected":false},"excerpt":{"rendered":"<p>La Direcci\u00f3n de Vialidad de la Provincia de Buenos Aires informa que, debido a los trabajos que se est\u00e1n llevando a cabo en la Ruta Provincial 51, el d\u00eda martes 15 de mayo \u2013 de 8 a 18 hs- se cerrar\u00e1 el tr\u00e1nsito desde Coronel Pringles hasta El Despe\u00f1adero.<\/p>\n","protected":false},"author":3,"featured_media":0,"comment_status":"closed","ping_status":"open","sticky":false,"template":"","format":"standard","meta":{"footnotes":""},"categories":[29],"tags":[],"class_list":["post-21527","post","type-post","status-publish","format-standard","hentry","category-policiales"],"yoast_head":"<!-- This site is optimized with the Yoast SEO plugin v25.9 - https:\/\/yoast.com\/wordpress\/plugins\/seo\/ -->\n<title>Corte de la ruta 51 de 8 a 18 horas este martes 15. - Noticias Radio Reflejos<\/title>\n<meta name=\"robots\" content=\"index, follow, max-snippet:-1, max-image-preview:large, max-video-preview:-1\" \/>\n<link rel=\"canonical\" href=\"https:\/\/www.noticiasradioreflejos.com.ar\/2021\/21527\/\" \/>\n<meta property=\"og:locale\" content=\"es_ES\" \/>\n<meta property=\"og:type\" content=\"article\" \/>\n<meta property=\"og:title\" content=\"Corte de la ruta 51 de 8 a 18 horas este martes 15. - Noticias Radio Reflejos\" \/>\n<meta property=\"og:description\" content=\"La Direcci\u00f3n de Vialidad de la Provincia de Buenos Aires informa que, debido a los trabajos que se est\u00e1n llevando a cabo en la Ruta Provincial 51, el d\u00eda martes 15 de mayo \u2013 de 8 a 18 hs- se cerrar\u00e1 el tr\u00e1nsito desde Coronel Pringles hasta El Despe\u00f1adero.\" \/>\n<meta property=\"og:url\" content=\"https:\/\/www.noticiasradioreflejos.com.ar\/2021\/21527\/\" \/>\n<meta property=\"og:site_name\" content=\"Noticias Radio Reflejos\" \/>\n<meta property=\"article:published_time\" content=\"2018-05-14T15:47:05+00:00\" \/>\n<meta property=\"og:image\" content=\"http:\/\/farm1.staticflickr.com\/946\/42113990341_ca033888e4.jpg\" \/>\n<meta name=\"author\" content=\"Arnaldo Botto\" \/>\n<meta name=\"twitter:card\" content=\"summary_large_image\" \/>\n<script type=\"application\/ld+json\" class=\"yoast-schema-graph\">{\"@context\":\"https:\/\/schema.org\",\"@graph\":[{\"@type\":\"WebPage\",\"@id\":\"https:\/\/www.noticiasradioreflejos.com.ar\/2021\/21527\/\",\"url\":\"https:\/\/www.noticiasradioreflejos.com.ar\/2021\/21527\/\",\"name\":\"Corte de la ruta 51 de 8 a 18 horas este martes 15. - Noticias Radio Reflejos\",\"isPartOf\":{\"@id\":\"https:\/\/www.noticiasradioreflejos.com.ar\/2021\/#website\"},\"primaryImageOfPage\":{\"@id\":\"https:\/\/www.noticiasradioreflejos.com.ar\/2021\/21527\/#primaryimage\"},\"image\":{\"@id\":\"https:\/\/www.noticiasradioreflejos.com.ar\/2021\/21527\/#primaryimage\"},\"thumbnailUrl\":\"http:\/\/farm1.staticflickr.com\/946\/42113990341_ca033888e4.jpg\",\"datePublished\":\"2018-05-14T15:47:05+00:00\",\"author\":{\"@id\":\"https:\/\/www.noticiasradioreflejos.com.ar\/2021\/#\/schema\/person\/ad82545263dcc5ec0996818884fd5fb1\"},\"breadcrumb\":{\"@id\":\"https:\/\/www.noticiasradioreflejos.com.ar\/2021\/21527\/#breadcrumb\"},\"inLanguage\":\"es\",\"potentialAction\":[{\"@type\":\"ReadAction\",\"target\":[\"https:\/\/www.noticiasradioreflejos.com.ar\/2021\/21527\/\"]}]},{\"@type\":\"ImageObject\",\"inLanguage\":\"es\",\"@id\":\"https:\/\/www.noticiasradioreflejos.com.ar\/2021\/21527\/#primaryimage\",\"url\":\"http:\/\/farm1.staticflickr.com\/946\/42113990341_ca033888e4.jpg\",\"contentUrl\":\"http:\/\/farm1.staticflickr.com\/946\/42113990341_ca033888e4.jpg\"},{\"@type\":\"BreadcrumbList\",\"@id\":\"https:\/\/www.noticiasradioreflejos.com.ar\/2021\/21527\/#breadcrumb\",\"itemListElement\":[{\"@type\":\"ListItem\",\"position\":1,\"name\":\"Portada\",\"item\":\"https:\/\/www.noticiasradioreflejos.com.ar\/2021\/\"},{\"@type\":\"ListItem\",\"position\":2,\"name\":\"Corte de la ruta 51 de 8 a 18 horas este martes 15.\"}]},{\"@type\":\"WebSite\",\"@id\":\"https:\/\/www.noticiasradioreflejos.com.ar\/2021\/#website\",\"url\":\"https:\/\/www.noticiasradioreflejos.com.ar\/2021\/\",\"name\":\"Noticias Radio Reflejos\",\"description\":\"Las noticias de mi comarca\",\"potentialAction\":[{\"@type\":\"SearchAction\",\"target\":{\"@type\":\"EntryPoint\",\"urlTemplate\":\"https:\/\/www.noticiasradioreflejos.com.ar\/2021\/?s={search_term_string}\"},\"query-input\":{\"@type\":\"PropertyValueSpecification\",\"valueRequired\":true,\"valueName\":\"search_term_string\"}}],\"inLanguage\":\"es\"},{\"@type\":\"Person\",\"@id\":\"https:\/\/www.noticiasradioreflejos.com.ar\/2021\/#\/schema\/person\/ad82545263dcc5ec0996818884fd5fb1\",\"name\":\"Arnaldo Botto\",\"image\":{\"@type\":\"ImageObject\",\"inLanguage\":\"es\",\"@id\":\"https:\/\/www.noticiasradioreflejos.com.ar\/2021\/#\/schema\/person\/image\/\",\"url\":\"https:\/\/secure.gravatar.com\/avatar\/55cb5e37c1efa326397366e6974cb338056df65cb50e7d64d1cf314e87504837?s=96&d=mm&r=g\",\"contentUrl\":\"https:\/\/secure.gravatar.com\/avatar\/55cb5e37c1efa326397366e6974cb338056df65cb50e7d64d1cf314e87504837?s=96&d=mm&r=g\",\"caption\":\"Arnaldo Botto\"},\"url\":\"https:\/\/www.noticiasradioreflejos.com.ar\/2021\/author\/arnaldo\/\"}]}<\/script>\n<!-- \/ Yoast SEO plugin. -->","yoast_head_json":{"title":"Corte de la ruta 51 de 8 a 18 horas este martes 15. - Noticias Radio Reflejos","robots":{"index":"index","follow":"follow","max-snippet":"max-snippet:-1","max-image-preview":"max-image-preview:large","max-video-preview":"max-video-preview:-1"},"canonical":"https:\/\/www.noticiasradioreflejos.com.ar\/2021\/21527\/","og_locale":"es_ES","og_type":"article","og_title":"Corte de la ruta 51 de 8 a 18 horas este martes 15. - Noticias Radio Reflejos","og_description":"La Direcci\u00f3n de Vialidad de la Provincia de Buenos Aires informa que, debido a los trabajos que se est\u00e1n llevando a cabo en la Ruta Provincial 51, el d\u00eda martes 15 de mayo \u2013 de 8 a 18 hs- se cerrar\u00e1 el tr\u00e1nsito desde Coronel Pringles hasta El Despe\u00f1adero.","og_url":"https:\/\/www.noticiasradioreflejos.com.ar\/2021\/21527\/","og_site_name":"Noticias Radio Reflejos","article_published_time":"2018-05-14T15:47:05+00:00","og_image":[{"url":"http:\/\/farm1.staticflickr.com\/946\/42113990341_ca033888e4.jpg","type":"","width":"","height":""}],"author":"Arnaldo Botto","twitter_card":"summary_large_image","schema":{"@context":"https:\/\/schema.org","@graph":[{"@type":"WebPage","@id":"https:\/\/www.noticiasradioreflejos.com.ar\/2021\/21527\/","url":"https:\/\/www.noticiasradioreflejos.com.ar\/2021\/21527\/","name":"Corte de la ruta 51 de 8 a 18 horas este martes 15. - Noticias Radio Reflejos","isPartOf":{"@id":"https:\/\/www.noticiasradioreflejos.com.ar\/2021\/#website"},"primaryImageOfPage":{"@id":"https:\/\/www.noticiasradioreflejos.com.ar\/2021\/21527\/#primaryimage"},"image":{"@id":"https:\/\/www.noticiasradioreflejos.com.ar\/2021\/21527\/#primaryimage"},"thumbnailUrl":"http:\/\/farm1.staticflickr.com\/946\/42113990341_ca033888e4.jpg","datePublished":"2018-05-14T15:47:05+00:00","author":{"@id":"https:\/\/www.noticiasradioreflejos.com.ar\/2021\/#\/schema\/person\/ad82545263dcc5ec0996818884fd5fb1"},"breadcrumb":{"@id":"https:\/\/www.noticiasradioreflejos.com.ar\/2021\/21527\/#breadcrumb"},"inLanguage":"es","potentialAction":[{"@type":"ReadAction","target":["https:\/\/www.noticiasradioreflejos.com.ar\/2021\/21527\/"]}]},{"@type":"ImageObject","inLanguage":"es","@id":"https:\/\/www.noticiasradioreflejos.com.ar\/2021\/21527\/#primaryimage","url":"http:\/\/farm1.staticflickr.com\/946\/42113990341_ca033888e4.jpg","contentUrl":"http:\/\/farm1.staticflickr.com\/946\/42113990341_ca033888e4.jpg"},{"@type":"BreadcrumbList","@id":"https:\/\/www.noticiasradioreflejos.com.ar\/2021\/21527\/#breadcrumb","itemListElement":[{"@type":"ListItem","position":1,"name":"Portada","item":"https:\/\/www.noticiasradioreflejos.com.ar\/2021\/"},{"@type":"ListItem","position":2,"name":"Corte de la ruta 51 de 8 a 18 horas este martes 15."}]},{"@type":"WebSite","@id":"https:\/\/www.noticiasradioreflejos.com.ar\/2021\/#website","url":"https:\/\/www.noticiasradioreflejos.com.ar\/2021\/","name":"Noticias Radio Reflejos","description":"Las noticias de mi comarca","potentialAction":[{"@type":"SearchAction","target":{"@type":"EntryPoint","urlTemplate":"https:\/\/www.noticiasradioreflejos.com.ar\/2021\/?s={search_term_string}"},"query-input":{"@type":"PropertyValueSpecification","valueRequired":true,"valueName":"search_term_string"}}],"inLanguage":"es"},{"@type":"Person","@id":"https:\/\/www.noticiasradioreflejos.com.ar\/2021\/#\/schema\/person\/ad82545263dcc5ec0996818884fd5fb1","name":"Arnaldo Botto","image":{"@type":"ImageObject","inLanguage":"es","@id":"https:\/\/www.noticiasradioreflejos.com.ar\/2021\/#\/schema\/person\/image\/","url":"https:\/\/secure.gravatar.com\/avatar\/55cb5e37c1efa326397366e6974cb338056df65cb50e7d64d1cf314e87504837?s=96&d=mm&r=g","contentUrl":"https:\/\/secure.gravatar.com\/avatar\/55cb5e37c1efa326397366e6974cb338056df65cb50e7d64d1cf314e87504837?s=96&d=mm&r=g","caption":"Arnaldo Botto"},"url":"https:\/\/www.noticiasradioreflejos.com.ar\/2021\/author\/arnaldo\/"}]}},"_links":{"self":[{"href":"https:\/\/www.noticiasradioreflejos.com.ar\/2021\/wp-json\/wp\/v2\/posts\/21527","targetHints":{"allow":["GET"]}}],"collection":[{"href":"https:\/\/www.noticiasradioreflejos.com.ar\/2021\/wp-json\/wp\/v2\/posts"}],"about":[{"href":"https:\/\/www.noticiasradioreflejos.com.ar\/2021\/wp-json\/wp\/v2\/types\/post"}],"author":[{"embeddable":true,"href":"https:\/\/www.noticiasradioreflejos.com.ar\/2021\/wp-json\/wp\/v2\/users\/3"}],"replies":[{"embeddable":true,"href":"https:\/\/www.noticiasradioreflejos.com.ar\/2021\/wp-json\/wp\/v2\/comments?post=21527"}],"version-history":[{"count":0,"href":"https:\/\/www.noticiasradioreflejos.com.ar\/2021\/wp-json\/wp\/v2\/posts\/21527\/revisions"}],"wp:attachment":[{"href":"https:\/\/www.noticiasradioreflejos.com.ar\/2021\/wp-json\/wp\/v2\/media?parent=21527"}],"wp:term":[{"taxonomy":"category","embeddable":true,"href":"https:\/\/www.noticiasradioreflejos.com.ar\/2021\/wp-json\/wp\/v2\/categories?post=21527"},{"taxonomy":"post_tag","embeddable":true,"href":"https:\/\/www.noticiasradioreflejos.com.ar\/2021\/wp-json\/wp\/v2\/tags?post=21527"}],"curies":[{"name":"wp","href":"https:\/\/api.w.org\/{rel}","templated":true}]}}