{"id":21508,"date":"2018-05-14T08:26:17","date_gmt":"2018-05-14T11:26:17","guid":{"rendered":"http:\/\/www.noticiasradioreflejos.com.ar\/noticias\/?p=21508"},"modified":"2018-05-14T08:26:17","modified_gmt":"2018-05-14T11:26:17","slug":"comenzaron-las-capacitaciones-internas-en-bomberos-voluntarios-de-tornquist","status":"publish","type":"post","link":"https:\/\/www.noticiasradioreflejos.com.ar\/2021\/comenzaron-las-capacitaciones-internas-en-bomberos-voluntarios-de-tornquist\/","title":{"rendered":"Comenzaron las capacitaciones internas en Bomberos Voluntarios de Tornquist."},"content":{"rendered":"<p>Desde el mes de abril hasta noviembre, la Asociaci\u00f3n Cuerpo Bomberos Voluntarios de Tornquist, realiza las capacitaciones internas para el personal del Cuerpo Activo, en las cuales se realizan en forma te\u00f3rica y pr\u00e1ctica. El departamento de capacitaci\u00f3n de la Instituci\u00f3n, programa el temario de capacitaci\u00f3n del a\u00f1o de acuerdo a las necesidades operativas y as\u00ed mantener constante los conocimientos adquiridos en los distintos cursos realizados.<!--more--><br \/>\nLas capacitaciones est\u00e1n organizadas mensualmente, el primer mi\u00e9rcoles de cada mes se dictan las clases te\u00f3ricas, para todos los integrantes y posteriormente se realizan las clases pr\u00e1cticas los d\u00edas s\u00e1bados divididos en dos brigadas.<br \/>\nEl profesionalismo se logra con la constante capacitaci\u00f3n, ya sea interna o externa (Cursos a nivel Federativo, Nacional e Internacional); por eso la importancia de las capacitaciones de nuestro Cuerpo Activo, no solamente por el crecimiento personal de ellos, sino por el crecimiento Institucional.<br \/>\nEn el mes de abril, comenz\u00f3 la capacitaci\u00f3n con el tema INMOVILIZACI\u00d3N DE VICTIMAS, trabajando en la clase pr\u00e1ctica sobre hip\u00f3tesis de escenarios de accidentes automovil\u00edsticos y de infraestructura, con utilizaci\u00f3n de v\u00edctimas que presentaban varios traumatismos para la generaci\u00f3n de un triage.<br \/>\nAs\u00ed mismo, participaron de las clases pr\u00e1cticas los Voluntarios de Chasic\u00f3, quienes suman conocimientos, experiencia y camarader\u00eda.<br \/>\nQueremos agradecer en esta oportunidad a todos los que colaboraron para realizar esta pr\u00e1ctica en el sector del Ferrocarril.<br \/>\n<iframe loading=\"lazy\" src=\"https:\/\/www.youtube.com\/embed\/MJZcdMNONIk\" width=\"560\" height=\"315\" frameborder=\"0\" allowfullscreen=\"allowfullscreen\"><\/iframe><br \/>\nPrensa: ASOCIACION CUERPO BOMBEROS VOLUNTARIOS DE TORNQUIST<\/p>\n","protected":false},"excerpt":{"rendered":"<p>Desde el mes de abril hasta noviembre, la Asociaci\u00f3n Cuerpo Bomberos Voluntarios de Tornquist, realiza las capacitaciones internas para el personal del Cuerpo Activo, en las cuales se realizan en forma te\u00f3rica y pr\u00e1ctica. El departamento de capacitaci\u00f3n de la Instituci\u00f3n, programa el temario de capacitaci\u00f3n del a\u00f1o de acuerdo a las necesidades operativas y [&hellip;]<\/p>\n","protected":false},"author":3,"featured_media":0,"comment_status":"closed","ping_status":"open","sticky":false,"template":"","format":"standard","meta":{"footnotes":""},"categories":[26],"tags":[],"class_list":["post-21508","post","type-post","status-publish","format-standard","hentry","category-sociedad"],"yoast_head":"<!-- This site is optimized with the Yoast SEO plugin v25.9 - https:\/\/yoast.com\/wordpress\/plugins\/seo\/ -->\n<title>Comenzaron las capacitaciones internas en Bomberos Voluntarios de Tornquist. - Noticias Radio Reflejos<\/title>\n<meta name=\"robots\" content=\"index, follow, max-snippet:-1, max-image-preview:large, max-video-preview:-1\" \/>\n<link rel=\"canonical\" href=\"https:\/\/www.noticiasradioreflejos.com.ar\/2021\/comenzaron-las-capacitaciones-internas-en-bomberos-voluntarios-de-tornquist\/\" \/>\n<meta property=\"og:locale\" content=\"es_ES\" \/>\n<meta property=\"og:type\" content=\"article\" \/>\n<meta property=\"og:title\" content=\"Comenzaron las capacitaciones internas en Bomberos Voluntarios de Tornquist. - Noticias Radio Reflejos\" \/>\n<meta property=\"og:description\" content=\"Desde el mes de abril hasta noviembre, la Asociaci\u00f3n Cuerpo Bomberos Voluntarios de Tornquist, realiza las capacitaciones internas para el personal del Cuerpo Activo, en las cuales se realizan en forma te\u00f3rica y pr\u00e1ctica. El departamento de capacitaci\u00f3n de la Instituci\u00f3n, programa el temario de capacitaci\u00f3n del a\u00f1o de acuerdo a las necesidades operativas y [&hellip;]\" \/>\n<meta property=\"og:url\" content=\"https:\/\/www.noticiasradioreflejos.com.ar\/2021\/comenzaron-las-capacitaciones-internas-en-bomberos-voluntarios-de-tornquist\/\" \/>\n<meta property=\"og:site_name\" content=\"Noticias Radio Reflejos\" \/>\n<meta property=\"article:published_time\" content=\"2018-05-14T11:26:17+00:00\" \/>\n<meta property=\"og:image\" content=\"https:\/\/www.noticiasradioreflejos.com.ar\/2021\/wp-content\/uploads\/2021\/07\/logosol300x200.png\" \/>\n\t<meta property=\"og:image:width\" content=\"300\" \/>\n\t<meta property=\"og:image:height\" content=\"200\" \/>\n\t<meta property=\"og:image:type\" content=\"image\/png\" \/>\n<meta name=\"author\" content=\"Arnaldo Botto\" \/>\n<meta name=\"twitter:card\" content=\"summary_large_image\" \/>\n<script type=\"application\/ld+json\" class=\"yoast-schema-graph\">{\"@context\":\"https:\/\/schema.org\",\"@graph\":[{\"@type\":\"WebPage\",\"@id\":\"https:\/\/www.noticiasradioreflejos.com.ar\/2021\/comenzaron-las-capacitaciones-internas-en-bomberos-voluntarios-de-tornquist\/\",\"url\":\"https:\/\/www.noticiasradioreflejos.com.ar\/2021\/comenzaron-las-capacitaciones-internas-en-bomberos-voluntarios-de-tornquist\/\",\"name\":\"Comenzaron las capacitaciones internas en Bomberos Voluntarios de Tornquist. - Noticias Radio Reflejos\",\"isPartOf\":{\"@id\":\"https:\/\/www.noticiasradioreflejos.com.ar\/2021\/#website\"},\"datePublished\":\"2018-05-14T11:26:17+00:00\",\"author\":{\"@id\":\"https:\/\/www.noticiasradioreflejos.com.ar\/2021\/#\/schema\/person\/ad82545263dcc5ec0996818884fd5fb1\"},\"breadcrumb\":{\"@id\":\"https:\/\/www.noticiasradioreflejos.com.ar\/2021\/comenzaron-las-capacitaciones-internas-en-bomberos-voluntarios-de-tornquist\/#breadcrumb\"},\"inLanguage\":\"es\",\"potentialAction\":[{\"@type\":\"ReadAction\",\"target\":[\"https:\/\/www.noticiasradioreflejos.com.ar\/2021\/comenzaron-las-capacitaciones-internas-en-bomberos-voluntarios-de-tornquist\/\"]}]},{\"@type\":\"BreadcrumbList\",\"@id\":\"https:\/\/www.noticiasradioreflejos.com.ar\/2021\/comenzaron-las-capacitaciones-internas-en-bomberos-voluntarios-de-tornquist\/#breadcrumb\",\"itemListElement\":[{\"@type\":\"ListItem\",\"position\":1,\"name\":\"Portada\",\"item\":\"https:\/\/www.noticiasradioreflejos.com.ar\/2021\/\"},{\"@type\":\"ListItem\",\"position\":2,\"name\":\"Comenzaron las capacitaciones internas en Bomberos Voluntarios de Tornquist.\"}]},{\"@type\":\"WebSite\",\"@id\":\"https:\/\/www.noticiasradioreflejos.com.ar\/2021\/#website\",\"url\":\"https:\/\/www.noticiasradioreflejos.com.ar\/2021\/\",\"name\":\"Noticias Radio Reflejos\",\"description\":\"Las noticias de mi comarca\",\"potentialAction\":[{\"@type\":\"SearchAction\",\"target\":{\"@type\":\"EntryPoint\",\"urlTemplate\":\"https:\/\/www.noticiasradioreflejos.com.ar\/2021\/?s={search_term_string}\"},\"query-input\":{\"@type\":\"PropertyValueSpecification\",\"valueRequired\":true,\"valueName\":\"search_term_string\"}}],\"inLanguage\":\"es\"},{\"@type\":\"Person\",\"@id\":\"https:\/\/www.noticiasradioreflejos.com.ar\/2021\/#\/schema\/person\/ad82545263dcc5ec0996818884fd5fb1\",\"name\":\"Arnaldo Botto\",\"image\":{\"@type\":\"ImageObject\",\"inLanguage\":\"es\",\"@id\":\"https:\/\/www.noticiasradioreflejos.com.ar\/2021\/#\/schema\/person\/image\/\",\"url\":\"https:\/\/secure.gravatar.com\/avatar\/55cb5e37c1efa326397366e6974cb338056df65cb50e7d64d1cf314e87504837?s=96&d=mm&r=g\",\"contentUrl\":\"https:\/\/secure.gravatar.com\/avatar\/55cb5e37c1efa326397366e6974cb338056df65cb50e7d64d1cf314e87504837?s=96&d=mm&r=g\",\"caption\":\"Arnaldo Botto\"},\"url\":\"https:\/\/www.noticiasradioreflejos.com.ar\/2021\/author\/arnaldo\/\"}]}<\/script>\n<!-- \/ Yoast SEO plugin. -->","yoast_head_json":{"title":"Comenzaron las capacitaciones internas en Bomberos Voluntarios de Tornquist. - Noticias Radio Reflejos","robots":{"index":"index","follow":"follow","max-snippet":"max-snippet:-1","max-image-preview":"max-image-preview:large","max-video-preview":"max-video-preview:-1"},"canonical":"https:\/\/www.noticiasradioreflejos.com.ar\/2021\/comenzaron-las-capacitaciones-internas-en-bomberos-voluntarios-de-tornquist\/","og_locale":"es_ES","og_type":"article","og_title":"Comenzaron las capacitaciones internas en Bomberos Voluntarios de Tornquist. - Noticias Radio Reflejos","og_description":"Desde el mes de abril hasta noviembre, la Asociaci\u00f3n Cuerpo Bomberos Voluntarios de Tornquist, realiza las capacitaciones internas para el personal del Cuerpo Activo, en las cuales se realizan en forma te\u00f3rica y pr\u00e1ctica. El departamento de capacitaci\u00f3n de la Instituci\u00f3n, programa el temario de capacitaci\u00f3n del a\u00f1o de acuerdo a las necesidades operativas y [&hellip;]","og_url":"https:\/\/www.noticiasradioreflejos.com.ar\/2021\/comenzaron-las-capacitaciones-internas-en-bomberos-voluntarios-de-tornquist\/","og_site_name":"Noticias Radio Reflejos","article_published_time":"2018-05-14T11:26:17+00:00","og_image":[{"width":300,"height":200,"url":"https:\/\/www.noticiasradioreflejos.com.ar\/2021\/wp-content\/uploads\/2021\/07\/logosol300x200.png","type":"image\/png"}],"author":"Arnaldo Botto","twitter_card":"summary_large_image","schema":{"@context":"https:\/\/schema.org","@graph":[{"@type":"WebPage","@id":"https:\/\/www.noticiasradioreflejos.com.ar\/2021\/comenzaron-las-capacitaciones-internas-en-bomberos-voluntarios-de-tornquist\/","url":"https:\/\/www.noticiasradioreflejos.com.ar\/2021\/comenzaron-las-capacitaciones-internas-en-bomberos-voluntarios-de-tornquist\/","name":"Comenzaron las capacitaciones internas en Bomberos Voluntarios de Tornquist. - Noticias Radio Reflejos","isPartOf":{"@id":"https:\/\/www.noticiasradioreflejos.com.ar\/2021\/#website"},"datePublished":"2018-05-14T11:26:17+00:00","author":{"@id":"https:\/\/www.noticiasradioreflejos.com.ar\/2021\/#\/schema\/person\/ad82545263dcc5ec0996818884fd5fb1"},"breadcrumb":{"@id":"https:\/\/www.noticiasradioreflejos.com.ar\/2021\/comenzaron-las-capacitaciones-internas-en-bomberos-voluntarios-de-tornquist\/#breadcrumb"},"inLanguage":"es","potentialAction":[{"@type":"ReadAction","target":["https:\/\/www.noticiasradioreflejos.com.ar\/2021\/comenzaron-las-capacitaciones-internas-en-bomberos-voluntarios-de-tornquist\/"]}]},{"@type":"BreadcrumbList","@id":"https:\/\/www.noticiasradioreflejos.com.ar\/2021\/comenzaron-las-capacitaciones-internas-en-bomberos-voluntarios-de-tornquist\/#breadcrumb","itemListElement":[{"@type":"ListItem","position":1,"name":"Portada","item":"https:\/\/www.noticiasradioreflejos.com.ar\/2021\/"},{"@type":"ListItem","position":2,"name":"Comenzaron las capacitaciones internas en Bomberos Voluntarios de Tornquist."}]},{"@type":"WebSite","@id":"https:\/\/www.noticiasradioreflejos.com.ar\/2021\/#website","url":"https:\/\/www.noticiasradioreflejos.com.ar\/2021\/","name":"Noticias Radio Reflejos","description":"Las noticias de mi comarca","potentialAction":[{"@type":"SearchAction","target":{"@type":"EntryPoint","urlTemplate":"https:\/\/www.noticiasradioreflejos.com.ar\/2021\/?s={search_term_string}"},"query-input":{"@type":"PropertyValueSpecification","valueRequired":true,"valueName":"search_term_string"}}],"inLanguage":"es"},{"@type":"Person","@id":"https:\/\/www.noticiasradioreflejos.com.ar\/2021\/#\/schema\/person\/ad82545263dcc5ec0996818884fd5fb1","name":"Arnaldo Botto","image":{"@type":"ImageObject","inLanguage":"es","@id":"https:\/\/www.noticiasradioreflejos.com.ar\/2021\/#\/schema\/person\/image\/","url":"https:\/\/secure.gravatar.com\/avatar\/55cb5e37c1efa326397366e6974cb338056df65cb50e7d64d1cf314e87504837?s=96&d=mm&r=g","contentUrl":"https:\/\/secure.gravatar.com\/avatar\/55cb5e37c1efa326397366e6974cb338056df65cb50e7d64d1cf314e87504837?s=96&d=mm&r=g","caption":"Arnaldo Botto"},"url":"https:\/\/www.noticiasradioreflejos.com.ar\/2021\/author\/arnaldo\/"}]}},"_links":{"self":[{"href":"https:\/\/www.noticiasradioreflejos.com.ar\/2021\/wp-json\/wp\/v2\/posts\/21508","targetHints":{"allow":["GET"]}}],"collection":[{"href":"https:\/\/www.noticiasradioreflejos.com.ar\/2021\/wp-json\/wp\/v2\/posts"}],"about":[{"href":"https:\/\/www.noticiasradioreflejos.com.ar\/2021\/wp-json\/wp\/v2\/types\/post"}],"author":[{"embeddable":true,"href":"https:\/\/www.noticiasradioreflejos.com.ar\/2021\/wp-json\/wp\/v2\/users\/3"}],"replies":[{"embeddable":true,"href":"https:\/\/www.noticiasradioreflejos.com.ar\/2021\/wp-json\/wp\/v2\/comments?post=21508"}],"version-history":[{"count":0,"href":"https:\/\/www.noticiasradioreflejos.com.ar\/2021\/wp-json\/wp\/v2\/posts\/21508\/revisions"}],"wp:attachment":[{"href":"https:\/\/www.noticiasradioreflejos.com.ar\/2021\/wp-json\/wp\/v2\/media?parent=21508"}],"wp:term":[{"taxonomy":"category","embeddable":true,"href":"https:\/\/www.noticiasradioreflejos.com.ar\/2021\/wp-json\/wp\/v2\/categories?post=21508"},{"taxonomy":"post_tag","embeddable":true,"href":"https:\/\/www.noticiasradioreflejos.com.ar\/2021\/wp-json\/wp\/v2\/tags?post=21508"}],"curies":[{"name":"wp","href":"https:\/\/api.w.org\/{rel}","templated":true}]}}