{"id":21478,"date":"2018-05-11T15:50:41","date_gmt":"2018-05-11T18:50:41","guid":{"rendered":"http:\/\/www.noticiasradioreflejos.com.ar\/noticias\/?p=21478"},"modified":"2018-05-11T15:50:41","modified_gmt":"2018-05-11T18:50:41","slug":"finalizamos-en-el-centro-de-interpretacion-donde-hablaremos-de-salamone-que-nos-ha-dado-obras-tan-bellas","status":"publish","type":"post","link":"https:\/\/www.noticiasradioreflejos.com.ar\/2021\/finalizamos-en-el-centro-de-interpretacion-donde-hablaremos-de-salamone-que-nos-ha-dado-obras-tan-bellas\/","title":{"rendered":"&quot;Finalizamos en el centro de interpretaci\u00f3n donde hablaremos de Salamone, que nos ha dado obras tan bellas&quot;"},"content":{"rendered":"<p>Dante Peralta, integrante de ATUCOS nos informa en esta charla telef\u00f3nica, los preparativos que se llevan adelante para la jornada de ma\u00f1ana en Saldungaray.<br \/>\nEl evento tendr\u00e1 lugar este s\u00e1bado 12 de mayo a partir el de las 14 hs. desde la Estaci\u00f3n ferroviaria y recorrer\u00e1 las obras del Ing. Arq. Francisco Salamone.<!--more--><br \/>\n\u00abAc\u00e1 estamos, trabajando, ya se nos vino la fecha, ma\u00f1ana ya tenemos el evento, asique estamos preparando todo. Digamos que el tema de la inscripci\u00f3n de los monumentos ya hace mas de dos meses que est\u00e1n, en la comisi\u00f3n nacional de monumentos, hay mas de 700 monumentos en el pa\u00eds que est\u00e1n inscriptos a nivel nacional a trav\u00e9s de la comisi\u00f3n que est\u00e1n haciendo la publicidad a nivel nacional y provincial, y la mayor\u00eda normalmente los municipios mas donde hay obras que por ah\u00ed son emblem\u00e1ticas est\u00e1n inscriptos, nosotros inscribimos 4 obras, lo que pasa que en principio no estaba toda la informaci\u00f3n bien, pensamos de Saldungaray el cementerio que es un monumento nacional, pero ya est\u00e1n declarados, delegaci\u00f3n municipal, bueno, y yo en ese momento consulte si se pod\u00edan inscribir alg\u00fan otro tipo de edificios y tuve contacto con el arquitecto Martinez, me llam\u00f3 inclusive, Martinez es el que esta encargado en lo que es inscripci\u00f3n de los monumentos. Y pensamos tambi\u00e9n por la problem\u00e1tica que ten\u00edamos con el tema de la estaci\u00f3n y que ve\u00edamos que por ah\u00ed al quedar cerrada pod\u00eda ser un problema, ver de instrumentar los elementos como para decir bueno si la podemos declarar por ah\u00ed que sea patrimonio y dem\u00e1s, le consulte, le pareci\u00f3 perfecto, ah\u00ed es donde \u00e9l me aclaro que uno pod\u00eda presentar la obra que consideraba que era hist\u00f3rica o monumento hist\u00f3rico, esto pod\u00eda haber sido mucho mas grande, capaz que falt\u00f3 no se si mas difusi\u00f3n, porque difusi\u00f3n evidentemente hubo, pero hay algunos casos que no se han enterado, pero lo que ellos ped\u00edan era por un lado la inscripci\u00f3n, y que actividades desarrollamos durante los dos d\u00edas esos que era 12 y 13 de Mayo. Nosotros concentramos todo, estuvimos mirando y nos conven\u00eda mas por una cuesti\u00f3n t\u00e9cnica, de instrumentar todo en un solo d\u00eda, entonces el d\u00eda s\u00e1bado iniciamos a las 14hs en la estaci\u00f3n del ferrocarril, porque arrancamos en la estaci\u00f3n del ferrocarril?, porque justamente tenemos un artista que viene haciendo expresiones art\u00edsticas en las estaciones que es Maria Celia Paniagua, auspiciado por la cooperativa obrera, y despu\u00e9s bueno de la municipalidad vamos a tener disponible una combi porque la idea es poder hacer visitas guiadas, y en cada parada que hagamos va a haber alguna expresi\u00f3n y Maria Celia en cada espacio va a hacer alguna representaci\u00f3n, y finalizamos en el centro de interpretaci\u00f3n donde terminaremos hablando un poquito de Salamone mas de firme, de este arquitecto que nos ha dado hoy por hoy estas obras tan bellas que tenemos en la localidad\u00bb. Cont\u00f3 Dante Peralta<br \/>\n\u00abNo obstante no solo lo que nombr\u00e9, sino tambi\u00e9n la idea es poder pasar por el resto de los monumentos, vamos a ver tambi\u00e9n si nos da lugar de pasar por el Fort\u00edn Pavon, que hoy por hoy logramos gracias a dios, y esa es una cosa para mencionar, de que se esta cercando, hay un cerco perimetral, que se esta llevando adelante, que eso nos va a poder permitir despu\u00e9s seguir con el otro proyecto que es poder armar un museo tem\u00e1tico ah\u00ed en los ranchos, y bueno, darle un poquito mas de valor a ese lugar que por ah\u00ed estando como esta es como que se va deteriorando con el tiempo\u00bb.<br \/>\nNOTA COMPLETA:<br \/>\n<iframe loading=\"lazy\" src=\"https:\/\/w.soundcloud.com\/player\/?url=https%3A\/\/api.soundcloud.com\/tracks\/442584837&amp;color=%23ff5500&amp;auto_play=false&amp;hide_related=false&amp;show_comments=true&amp;show_user=true&amp;show_reposts=false&amp;show_teaser=true\" width=\"100%\" height=\"166\" frameborder=\"no\" scrolling=\"no\"><\/iframe><\/p>\n","protected":false},"excerpt":{"rendered":"<p>Dante Peralta, integrante de ATUCOS nos informa en esta charla telef\u00f3nica, los preparativos que se llevan adelante para la jornada de ma\u00f1ana en Saldungaray. El evento tendr\u00e1 lugar este s\u00e1bado 12 de mayo a partir el de las 14 hs. desde la Estaci\u00f3n ferroviaria y recorrer\u00e1 las obras del Ing. Arq. Francisco Salamone.<\/p>\n","protected":false},"author":3,"featured_media":0,"comment_status":"closed","ping_status":"open","sticky":false,"template":"","format":"standard","meta":{"footnotes":""},"categories":[35],"tags":[],"class_list":["post-21478","post","type-post","status-publish","format-standard","hentry","category-cultura"],"yoast_head":"<!-- This site is optimized with the Yoast SEO plugin v25.9 - https:\/\/yoast.com\/wordpress\/plugins\/seo\/ -->\n<title>&quot;Finalizamos en el centro de interpretaci\u00f3n donde hablaremos de Salamone, que nos ha dado obras tan bellas&quot; - Noticias Radio Reflejos<\/title>\n<meta name=\"robots\" content=\"index, follow, max-snippet:-1, max-image-preview:large, max-video-preview:-1\" \/>\n<link rel=\"canonical\" href=\"https:\/\/www.noticiasradioreflejos.com.ar\/2021\/finalizamos-en-el-centro-de-interpretacion-donde-hablaremos-de-salamone-que-nos-ha-dado-obras-tan-bellas\/\" \/>\n<meta property=\"og:locale\" content=\"es_ES\" \/>\n<meta property=\"og:type\" content=\"article\" \/>\n<meta property=\"og:title\" content=\"&quot;Finalizamos en el centro de interpretaci\u00f3n donde hablaremos de Salamone, que nos ha dado obras tan bellas&quot; - Noticias Radio Reflejos\" \/>\n<meta property=\"og:description\" content=\"Dante Peralta, integrante de ATUCOS nos informa en esta charla telef\u00f3nica, los preparativos que se llevan adelante para la jornada de ma\u00f1ana en Saldungaray. El evento tendr\u00e1 lugar este s\u00e1bado 12 de mayo a partir el de las 14 hs. desde la Estaci\u00f3n ferroviaria y recorrer\u00e1 las obras del Ing. Arq. Francisco Salamone.\" \/>\n<meta property=\"og:url\" content=\"https:\/\/www.noticiasradioreflejos.com.ar\/2021\/finalizamos-en-el-centro-de-interpretacion-donde-hablaremos-de-salamone-que-nos-ha-dado-obras-tan-bellas\/\" \/>\n<meta property=\"og:site_name\" content=\"Noticias Radio Reflejos\" \/>\n<meta property=\"article:published_time\" content=\"2018-05-11T18:50:41+00:00\" \/>\n<meta property=\"og:image\" content=\"https:\/\/www.noticiasradioreflejos.com.ar\/2021\/wp-content\/uploads\/2021\/07\/logosol300x200.png\" \/>\n\t<meta property=\"og:image:width\" content=\"300\" \/>\n\t<meta property=\"og:image:height\" content=\"200\" \/>\n\t<meta property=\"og:image:type\" content=\"image\/png\" \/>\n<meta name=\"author\" content=\"Arnaldo Botto\" \/>\n<meta name=\"twitter:card\" content=\"summary_large_image\" \/>\n<script type=\"application\/ld+json\" class=\"yoast-schema-graph\">{\"@context\":\"https:\/\/schema.org\",\"@graph\":[{\"@type\":\"WebPage\",\"@id\":\"https:\/\/www.noticiasradioreflejos.com.ar\/2021\/finalizamos-en-el-centro-de-interpretacion-donde-hablaremos-de-salamone-que-nos-ha-dado-obras-tan-bellas\/\",\"url\":\"https:\/\/www.noticiasradioreflejos.com.ar\/2021\/finalizamos-en-el-centro-de-interpretacion-donde-hablaremos-de-salamone-que-nos-ha-dado-obras-tan-bellas\/\",\"name\":\"&quot;Finalizamos en el centro de interpretaci\u00f3n donde hablaremos de Salamone, que nos ha dado obras tan bellas&quot; - Noticias Radio Reflejos\",\"isPartOf\":{\"@id\":\"https:\/\/www.noticiasradioreflejos.com.ar\/2021\/#website\"},\"datePublished\":\"2018-05-11T18:50:41+00:00\",\"author\":{\"@id\":\"https:\/\/www.noticiasradioreflejos.com.ar\/2021\/#\/schema\/person\/ad82545263dcc5ec0996818884fd5fb1\"},\"breadcrumb\":{\"@id\":\"https:\/\/www.noticiasradioreflejos.com.ar\/2021\/finalizamos-en-el-centro-de-interpretacion-donde-hablaremos-de-salamone-que-nos-ha-dado-obras-tan-bellas\/#breadcrumb\"},\"inLanguage\":\"es\",\"potentialAction\":[{\"@type\":\"ReadAction\",\"target\":[\"https:\/\/www.noticiasradioreflejos.com.ar\/2021\/finalizamos-en-el-centro-de-interpretacion-donde-hablaremos-de-salamone-que-nos-ha-dado-obras-tan-bellas\/\"]}]},{\"@type\":\"BreadcrumbList\",\"@id\":\"https:\/\/www.noticiasradioreflejos.com.ar\/2021\/finalizamos-en-el-centro-de-interpretacion-donde-hablaremos-de-salamone-que-nos-ha-dado-obras-tan-bellas\/#breadcrumb\",\"itemListElement\":[{\"@type\":\"ListItem\",\"position\":1,\"name\":\"Portada\",\"item\":\"https:\/\/www.noticiasradioreflejos.com.ar\/2021\/\"},{\"@type\":\"ListItem\",\"position\":2,\"name\":\"&quot;Finalizamos en el centro de interpretaci\u00f3n donde hablaremos de Salamone, que nos ha dado obras tan bellas&quot;\"}]},{\"@type\":\"WebSite\",\"@id\":\"https:\/\/www.noticiasradioreflejos.com.ar\/2021\/#website\",\"url\":\"https:\/\/www.noticiasradioreflejos.com.ar\/2021\/\",\"name\":\"Noticias Radio Reflejos\",\"description\":\"Las noticias de mi comarca\",\"potentialAction\":[{\"@type\":\"SearchAction\",\"target\":{\"@type\":\"EntryPoint\",\"urlTemplate\":\"https:\/\/www.noticiasradioreflejos.com.ar\/2021\/?s={search_term_string}\"},\"query-input\":{\"@type\":\"PropertyValueSpecification\",\"valueRequired\":true,\"valueName\":\"search_term_string\"}}],\"inLanguage\":\"es\"},{\"@type\":\"Person\",\"@id\":\"https:\/\/www.noticiasradioreflejos.com.ar\/2021\/#\/schema\/person\/ad82545263dcc5ec0996818884fd5fb1\",\"name\":\"Arnaldo Botto\",\"image\":{\"@type\":\"ImageObject\",\"inLanguage\":\"es\",\"@id\":\"https:\/\/www.noticiasradioreflejos.com.ar\/2021\/#\/schema\/person\/image\/\",\"url\":\"https:\/\/secure.gravatar.com\/avatar\/55cb5e37c1efa326397366e6974cb338056df65cb50e7d64d1cf314e87504837?s=96&d=mm&r=g\",\"contentUrl\":\"https:\/\/secure.gravatar.com\/avatar\/55cb5e37c1efa326397366e6974cb338056df65cb50e7d64d1cf314e87504837?s=96&d=mm&r=g\",\"caption\":\"Arnaldo Botto\"},\"url\":\"https:\/\/www.noticiasradioreflejos.com.ar\/2021\/author\/arnaldo\/\"}]}<\/script>\n<!-- \/ Yoast SEO plugin. -->","yoast_head_json":{"title":"&quot;Finalizamos en el centro de interpretaci\u00f3n donde hablaremos de Salamone, que nos ha dado obras tan bellas&quot; - Noticias Radio Reflejos","robots":{"index":"index","follow":"follow","max-snippet":"max-snippet:-1","max-image-preview":"max-image-preview:large","max-video-preview":"max-video-preview:-1"},"canonical":"https:\/\/www.noticiasradioreflejos.com.ar\/2021\/finalizamos-en-el-centro-de-interpretacion-donde-hablaremos-de-salamone-que-nos-ha-dado-obras-tan-bellas\/","og_locale":"es_ES","og_type":"article","og_title":"&quot;Finalizamos en el centro de interpretaci\u00f3n donde hablaremos de Salamone, que nos ha dado obras tan bellas&quot; - Noticias Radio Reflejos","og_description":"Dante Peralta, integrante de ATUCOS nos informa en esta charla telef\u00f3nica, los preparativos que se llevan adelante para la jornada de ma\u00f1ana en Saldungaray. El evento tendr\u00e1 lugar este s\u00e1bado 12 de mayo a partir el de las 14 hs. desde la Estaci\u00f3n ferroviaria y recorrer\u00e1 las obras del Ing. Arq. Francisco Salamone.","og_url":"https:\/\/www.noticiasradioreflejos.com.ar\/2021\/finalizamos-en-el-centro-de-interpretacion-donde-hablaremos-de-salamone-que-nos-ha-dado-obras-tan-bellas\/","og_site_name":"Noticias Radio Reflejos","article_published_time":"2018-05-11T18:50:41+00:00","og_image":[{"width":300,"height":200,"url":"https:\/\/www.noticiasradioreflejos.com.ar\/2021\/wp-content\/uploads\/2021\/07\/logosol300x200.png","type":"image\/png"}],"author":"Arnaldo Botto","twitter_card":"summary_large_image","schema":{"@context":"https:\/\/schema.org","@graph":[{"@type":"WebPage","@id":"https:\/\/www.noticiasradioreflejos.com.ar\/2021\/finalizamos-en-el-centro-de-interpretacion-donde-hablaremos-de-salamone-que-nos-ha-dado-obras-tan-bellas\/","url":"https:\/\/www.noticiasradioreflejos.com.ar\/2021\/finalizamos-en-el-centro-de-interpretacion-donde-hablaremos-de-salamone-que-nos-ha-dado-obras-tan-bellas\/","name":"&quot;Finalizamos en el centro de interpretaci\u00f3n donde hablaremos de Salamone, que nos ha dado obras tan bellas&quot; - Noticias Radio Reflejos","isPartOf":{"@id":"https:\/\/www.noticiasradioreflejos.com.ar\/2021\/#website"},"datePublished":"2018-05-11T18:50:41+00:00","author":{"@id":"https:\/\/www.noticiasradioreflejos.com.ar\/2021\/#\/schema\/person\/ad82545263dcc5ec0996818884fd5fb1"},"breadcrumb":{"@id":"https:\/\/www.noticiasradioreflejos.com.ar\/2021\/finalizamos-en-el-centro-de-interpretacion-donde-hablaremos-de-salamone-que-nos-ha-dado-obras-tan-bellas\/#breadcrumb"},"inLanguage":"es","potentialAction":[{"@type":"ReadAction","target":["https:\/\/www.noticiasradioreflejos.com.ar\/2021\/finalizamos-en-el-centro-de-interpretacion-donde-hablaremos-de-salamone-que-nos-ha-dado-obras-tan-bellas\/"]}]},{"@type":"BreadcrumbList","@id":"https:\/\/www.noticiasradioreflejos.com.ar\/2021\/finalizamos-en-el-centro-de-interpretacion-donde-hablaremos-de-salamone-que-nos-ha-dado-obras-tan-bellas\/#breadcrumb","itemListElement":[{"@type":"ListItem","position":1,"name":"Portada","item":"https:\/\/www.noticiasradioreflejos.com.ar\/2021\/"},{"@type":"ListItem","position":2,"name":"&quot;Finalizamos en el centro de interpretaci\u00f3n donde hablaremos de Salamone, que nos ha dado obras tan bellas&quot;"}]},{"@type":"WebSite","@id":"https:\/\/www.noticiasradioreflejos.com.ar\/2021\/#website","url":"https:\/\/www.noticiasradioreflejos.com.ar\/2021\/","name":"Noticias Radio Reflejos","description":"Las noticias de mi comarca","potentialAction":[{"@type":"SearchAction","target":{"@type":"EntryPoint","urlTemplate":"https:\/\/www.noticiasradioreflejos.com.ar\/2021\/?s={search_term_string}"},"query-input":{"@type":"PropertyValueSpecification","valueRequired":true,"valueName":"search_term_string"}}],"inLanguage":"es"},{"@type":"Person","@id":"https:\/\/www.noticiasradioreflejos.com.ar\/2021\/#\/schema\/person\/ad82545263dcc5ec0996818884fd5fb1","name":"Arnaldo Botto","image":{"@type":"ImageObject","inLanguage":"es","@id":"https:\/\/www.noticiasradioreflejos.com.ar\/2021\/#\/schema\/person\/image\/","url":"https:\/\/secure.gravatar.com\/avatar\/55cb5e37c1efa326397366e6974cb338056df65cb50e7d64d1cf314e87504837?s=96&d=mm&r=g","contentUrl":"https:\/\/secure.gravatar.com\/avatar\/55cb5e37c1efa326397366e6974cb338056df65cb50e7d64d1cf314e87504837?s=96&d=mm&r=g","caption":"Arnaldo Botto"},"url":"https:\/\/www.noticiasradioreflejos.com.ar\/2021\/author\/arnaldo\/"}]}},"_links":{"self":[{"href":"https:\/\/www.noticiasradioreflejos.com.ar\/2021\/wp-json\/wp\/v2\/posts\/21478","targetHints":{"allow":["GET"]}}],"collection":[{"href":"https:\/\/www.noticiasradioreflejos.com.ar\/2021\/wp-json\/wp\/v2\/posts"}],"about":[{"href":"https:\/\/www.noticiasradioreflejos.com.ar\/2021\/wp-json\/wp\/v2\/types\/post"}],"author":[{"embeddable":true,"href":"https:\/\/www.noticiasradioreflejos.com.ar\/2021\/wp-json\/wp\/v2\/users\/3"}],"replies":[{"embeddable":true,"href":"https:\/\/www.noticiasradioreflejos.com.ar\/2021\/wp-json\/wp\/v2\/comments?post=21478"}],"version-history":[{"count":0,"href":"https:\/\/www.noticiasradioreflejos.com.ar\/2021\/wp-json\/wp\/v2\/posts\/21478\/revisions"}],"wp:attachment":[{"href":"https:\/\/www.noticiasradioreflejos.com.ar\/2021\/wp-json\/wp\/v2\/media?parent=21478"}],"wp:term":[{"taxonomy":"category","embeddable":true,"href":"https:\/\/www.noticiasradioreflejos.com.ar\/2021\/wp-json\/wp\/v2\/categories?post=21478"},{"taxonomy":"post_tag","embeddable":true,"href":"https:\/\/www.noticiasradioreflejos.com.ar\/2021\/wp-json\/wp\/v2\/tags?post=21478"}],"curies":[{"name":"wp","href":"https:\/\/api.w.org\/{rel}","templated":true}]}}