{"id":21467,"date":"2018-05-10T18:17:38","date_gmt":"2018-05-10T21:17:38","guid":{"rendered":"http:\/\/www.noticiasradioreflejos.com.ar\/noticias\/?p=21467"},"modified":"2018-05-10T18:17:38","modified_gmt":"2018-05-10T21:17:38","slug":"bomberos-voluntarios-de-tornquist-hoy-nos-visitaron-del-jardin-905","status":"publish","type":"post","link":"https:\/\/www.noticiasradioreflejos.com.ar\/2021\/bomberos-voluntarios-de-tornquist-hoy-nos-visitaron-del-jardin-905\/","title":{"rendered":"Bomberos Voluntarios de Tornquist, &quot;Hoy nos visitaron del jard\u00edn 905&quot;"},"content":{"rendered":"<div>Hoy tuvimos la grata visita de los alumnos de 3, 4 y 5 a\u00f1os de SALA ROJA del Jard\u00edn de Infantes N\u00ba905.<br \/>\nLes mostramos nuestro cuartel, los autobombas, la sirena y hasta se cambiaron con nuestra ropa, tambi\u00e9n salimos a dar una vuelta por Tornquist en un cami\u00f3n.<!--more--><br \/>\nNuestra instituci\u00f3n est\u00e1 abierta a todas los entes educativos y la comunidad en general para visitas.<\/div>\n<div><\/div>\n<div id=\"x_m_-172939335549416422m_-7351616168459262923signature\">\n<div id=\"x_m_-172939335549416422m_-7351616168459262923divtagdefaultwrapper\">Prensa:\u00a0<b><span style=\"color: #ff0000;\">ASOCIACION CUERPO BOMBEROS VOLUNTARIOS DE TORNQUIST<\/span><\/b><\/div>\n<\/div>\n<div><\/div>\n<p><a href=\"http:\/\/farm1.staticflickr.com\/832\/27155150477_3cfefd642a_z.jpg\" title=\"jardin a bomberos6\" rel=\"\"><img loading=\"lazy\" decoding=\"async\" src=\"http:\/\/farm1.staticflickr.com\/832\/27155150477_3cfefd642a_z.jpg\" width=\"640\" height=\"480\" alt=\"jardin a bomberos6\" title=\"jardin a bomberos6\" class=\"aligncenter\"><\/a><br \/>\n<a href=\"http:\/\/farm1.staticflickr.com\/962\/28152395748_5efb806489_z.jpg\" title=\"jardin a bomberos5\" rel=\"\"><img loading=\"lazy\" decoding=\"async\" src=\"http:\/\/farm1.staticflickr.com\/962\/28152395748_5efb806489_z.jpg\" width=\"640\" height=\"480\" alt=\"jardin a bomberos5\" title=\"jardin a bomberos5\" class=\"aligncenter\"><\/a><br \/>\n<a href=\"http:\/\/farm1.staticflickr.com\/979\/27155151217_e8db214ee7_z.jpg\" title=\"jardin a bomberos4\" rel=\"\"><img loading=\"lazy\" decoding=\"async\" src=\"http:\/\/farm1.staticflickr.com\/979\/27155151217_e8db214ee7_z.jpg\" width=\"640\" height=\"480\" alt=\"jardin a bomberos4\" title=\"jardin a bomberos4\" class=\"aligncenter\"><\/a><br \/>\n<a href=\"http:\/\/farm1.staticflickr.com\/951\/28152396468_a519b07a34_z.jpg\" title=\"jardin a bomberos3\" rel=\"\"><img loading=\"lazy\" decoding=\"async\" src=\"http:\/\/farm1.staticflickr.com\/951\/28152396468_a519b07a34_z.jpg\" width=\"480\" height=\"640\" alt=\"jardin a bomberos3\" title=\"jardin a bomberos3\" class=\"aligncenter\"><\/a><br \/>\n<a href=\"http:\/\/farm1.staticflickr.com\/964\/27155151987_aefe5f4bf4_z.jpg\" title=\"jardin a bomberos2\" rel=\"\"><img loading=\"lazy\" decoding=\"async\" src=\"http:\/\/farm1.staticflickr.com\/964\/27155151987_aefe5f4bf4_z.jpg\" width=\"640\" height=\"480\" alt=\"jardin a bomberos2\" title=\"jardin a bomberos2\" class=\"aligncenter\"><\/a><\/p>\n","protected":false},"excerpt":{"rendered":"<p>Hoy tuvimos la grata visita de los alumnos de 3, 4 y 5 a\u00f1os de SALA ROJA del Jard\u00edn de Infantes N\u00ba905. Les mostramos nuestro cuartel, los autobombas, la sirena y hasta se cambiaron con nuestra ropa, tambi\u00e9n salimos a dar una vuelta por Tornquist en un cami\u00f3n.<\/p>\n","protected":false},"author":3,"featured_media":0,"comment_status":"closed","ping_status":"open","sticky":false,"template":"","format":"standard","meta":{"footnotes":""},"categories":[26],"tags":[],"class_list":["post-21467","post","type-post","status-publish","format-standard","hentry","category-sociedad"],"yoast_head":"<!-- This site is optimized with the Yoast SEO plugin v25.9 - https:\/\/yoast.com\/wordpress\/plugins\/seo\/ -->\n<title>Bomberos Voluntarios de Tornquist, &quot;Hoy nos visitaron del jard\u00edn 905&quot; - Noticias Radio Reflejos<\/title>\n<meta name=\"robots\" content=\"index, follow, max-snippet:-1, max-image-preview:large, max-video-preview:-1\" \/>\n<link rel=\"canonical\" href=\"https:\/\/www.noticiasradioreflejos.com.ar\/2021\/bomberos-voluntarios-de-tornquist-hoy-nos-visitaron-del-jardin-905\/\" \/>\n<meta property=\"og:locale\" content=\"es_ES\" \/>\n<meta property=\"og:type\" content=\"article\" \/>\n<meta property=\"og:title\" content=\"Bomberos Voluntarios de Tornquist, &quot;Hoy nos visitaron del jard\u00edn 905&quot; - Noticias Radio Reflejos\" \/>\n<meta property=\"og:description\" content=\"Hoy tuvimos la grata visita de los alumnos de 3, 4 y 5 a\u00f1os de SALA ROJA del Jard\u00edn de Infantes N\u00ba905. Les mostramos nuestro cuartel, los autobombas, la sirena y hasta se cambiaron con nuestra ropa, tambi\u00e9n salimos a dar una vuelta por Tornquist en un cami\u00f3n.\" \/>\n<meta property=\"og:url\" content=\"https:\/\/www.noticiasradioreflejos.com.ar\/2021\/bomberos-voluntarios-de-tornquist-hoy-nos-visitaron-del-jardin-905\/\" \/>\n<meta property=\"og:site_name\" content=\"Noticias Radio Reflejos\" \/>\n<meta property=\"article:published_time\" content=\"2018-05-10T21:17:38+00:00\" \/>\n<meta property=\"og:image\" content=\"http:\/\/farm1.staticflickr.com\/832\/27155150477_3cfefd642a_z.jpg\" \/>\n<meta name=\"author\" content=\"Arnaldo Botto\" \/>\n<meta name=\"twitter:card\" content=\"summary_large_image\" \/>\n<script type=\"application\/ld+json\" class=\"yoast-schema-graph\">{\"@context\":\"https:\/\/schema.org\",\"@graph\":[{\"@type\":\"WebPage\",\"@id\":\"https:\/\/www.noticiasradioreflejos.com.ar\/2021\/bomberos-voluntarios-de-tornquist-hoy-nos-visitaron-del-jardin-905\/\",\"url\":\"https:\/\/www.noticiasradioreflejos.com.ar\/2021\/bomberos-voluntarios-de-tornquist-hoy-nos-visitaron-del-jardin-905\/\",\"name\":\"Bomberos Voluntarios de Tornquist, &quot;Hoy nos visitaron del jard\u00edn 905&quot; - Noticias Radio Reflejos\",\"isPartOf\":{\"@id\":\"https:\/\/www.noticiasradioreflejos.com.ar\/2021\/#website\"},\"primaryImageOfPage\":{\"@id\":\"https:\/\/www.noticiasradioreflejos.com.ar\/2021\/bomberos-voluntarios-de-tornquist-hoy-nos-visitaron-del-jardin-905\/#primaryimage\"},\"image\":{\"@id\":\"https:\/\/www.noticiasradioreflejos.com.ar\/2021\/bomberos-voluntarios-de-tornquist-hoy-nos-visitaron-del-jardin-905\/#primaryimage\"},\"thumbnailUrl\":\"http:\/\/farm1.staticflickr.com\/832\/27155150477_3cfefd642a_z.jpg\",\"datePublished\":\"2018-05-10T21:17:38+00:00\",\"author\":{\"@id\":\"https:\/\/www.noticiasradioreflejos.com.ar\/2021\/#\/schema\/person\/ad82545263dcc5ec0996818884fd5fb1\"},\"breadcrumb\":{\"@id\":\"https:\/\/www.noticiasradioreflejos.com.ar\/2021\/bomberos-voluntarios-de-tornquist-hoy-nos-visitaron-del-jardin-905\/#breadcrumb\"},\"inLanguage\":\"es\",\"potentialAction\":[{\"@type\":\"ReadAction\",\"target\":[\"https:\/\/www.noticiasradioreflejos.com.ar\/2021\/bomberos-voluntarios-de-tornquist-hoy-nos-visitaron-del-jardin-905\/\"]}]},{\"@type\":\"ImageObject\",\"inLanguage\":\"es\",\"@id\":\"https:\/\/www.noticiasradioreflejos.com.ar\/2021\/bomberos-voluntarios-de-tornquist-hoy-nos-visitaron-del-jardin-905\/#primaryimage\",\"url\":\"http:\/\/farm1.staticflickr.com\/832\/27155150477_3cfefd642a_z.jpg\",\"contentUrl\":\"http:\/\/farm1.staticflickr.com\/832\/27155150477_3cfefd642a_z.jpg\"},{\"@type\":\"BreadcrumbList\",\"@id\":\"https:\/\/www.noticiasradioreflejos.com.ar\/2021\/bomberos-voluntarios-de-tornquist-hoy-nos-visitaron-del-jardin-905\/#breadcrumb\",\"itemListElement\":[{\"@type\":\"ListItem\",\"position\":1,\"name\":\"Portada\",\"item\":\"https:\/\/www.noticiasradioreflejos.com.ar\/2021\/\"},{\"@type\":\"ListItem\",\"position\":2,\"name\":\"Bomberos Voluntarios de Tornquist, &quot;Hoy nos visitaron del jard\u00edn 905&quot;\"}]},{\"@type\":\"WebSite\",\"@id\":\"https:\/\/www.noticiasradioreflejos.com.ar\/2021\/#website\",\"url\":\"https:\/\/www.noticiasradioreflejos.com.ar\/2021\/\",\"name\":\"Noticias Radio Reflejos\",\"description\":\"Las noticias de mi comarca\",\"potentialAction\":[{\"@type\":\"SearchAction\",\"target\":{\"@type\":\"EntryPoint\",\"urlTemplate\":\"https:\/\/www.noticiasradioreflejos.com.ar\/2021\/?s={search_term_string}\"},\"query-input\":{\"@type\":\"PropertyValueSpecification\",\"valueRequired\":true,\"valueName\":\"search_term_string\"}}],\"inLanguage\":\"es\"},{\"@type\":\"Person\",\"@id\":\"https:\/\/www.noticiasradioreflejos.com.ar\/2021\/#\/schema\/person\/ad82545263dcc5ec0996818884fd5fb1\",\"name\":\"Arnaldo Botto\",\"image\":{\"@type\":\"ImageObject\",\"inLanguage\":\"es\",\"@id\":\"https:\/\/www.noticiasradioreflejos.com.ar\/2021\/#\/schema\/person\/image\/\",\"url\":\"https:\/\/secure.gravatar.com\/avatar\/55cb5e37c1efa326397366e6974cb338056df65cb50e7d64d1cf314e87504837?s=96&d=mm&r=g\",\"contentUrl\":\"https:\/\/secure.gravatar.com\/avatar\/55cb5e37c1efa326397366e6974cb338056df65cb50e7d64d1cf314e87504837?s=96&d=mm&r=g\",\"caption\":\"Arnaldo Botto\"},\"url\":\"https:\/\/www.noticiasradioreflejos.com.ar\/2021\/author\/arnaldo\/\"}]}<\/script>\n<!-- \/ Yoast SEO plugin. -->","yoast_head_json":{"title":"Bomberos Voluntarios de Tornquist, &quot;Hoy nos visitaron del jard\u00edn 905&quot; - Noticias Radio Reflejos","robots":{"index":"index","follow":"follow","max-snippet":"max-snippet:-1","max-image-preview":"max-image-preview:large","max-video-preview":"max-video-preview:-1"},"canonical":"https:\/\/www.noticiasradioreflejos.com.ar\/2021\/bomberos-voluntarios-de-tornquist-hoy-nos-visitaron-del-jardin-905\/","og_locale":"es_ES","og_type":"article","og_title":"Bomberos Voluntarios de Tornquist, &quot;Hoy nos visitaron del jard\u00edn 905&quot; - Noticias Radio Reflejos","og_description":"Hoy tuvimos la grata visita de los alumnos de 3, 4 y 5 a\u00f1os de SALA ROJA del Jard\u00edn de Infantes N\u00ba905. Les mostramos nuestro cuartel, los autobombas, la sirena y hasta se cambiaron con nuestra ropa, tambi\u00e9n salimos a dar una vuelta por Tornquist en un cami\u00f3n.","og_url":"https:\/\/www.noticiasradioreflejos.com.ar\/2021\/bomberos-voluntarios-de-tornquist-hoy-nos-visitaron-del-jardin-905\/","og_site_name":"Noticias Radio Reflejos","article_published_time":"2018-05-10T21:17:38+00:00","og_image":[{"url":"http:\/\/farm1.staticflickr.com\/832\/27155150477_3cfefd642a_z.jpg","type":"","width":"","height":""}],"author":"Arnaldo Botto","twitter_card":"summary_large_image","schema":{"@context":"https:\/\/schema.org","@graph":[{"@type":"WebPage","@id":"https:\/\/www.noticiasradioreflejos.com.ar\/2021\/bomberos-voluntarios-de-tornquist-hoy-nos-visitaron-del-jardin-905\/","url":"https:\/\/www.noticiasradioreflejos.com.ar\/2021\/bomberos-voluntarios-de-tornquist-hoy-nos-visitaron-del-jardin-905\/","name":"Bomberos Voluntarios de Tornquist, &quot;Hoy nos visitaron del jard\u00edn 905&quot; - Noticias Radio Reflejos","isPartOf":{"@id":"https:\/\/www.noticiasradioreflejos.com.ar\/2021\/#website"},"primaryImageOfPage":{"@id":"https:\/\/www.noticiasradioreflejos.com.ar\/2021\/bomberos-voluntarios-de-tornquist-hoy-nos-visitaron-del-jardin-905\/#primaryimage"},"image":{"@id":"https:\/\/www.noticiasradioreflejos.com.ar\/2021\/bomberos-voluntarios-de-tornquist-hoy-nos-visitaron-del-jardin-905\/#primaryimage"},"thumbnailUrl":"http:\/\/farm1.staticflickr.com\/832\/27155150477_3cfefd642a_z.jpg","datePublished":"2018-05-10T21:17:38+00:00","author":{"@id":"https:\/\/www.noticiasradioreflejos.com.ar\/2021\/#\/schema\/person\/ad82545263dcc5ec0996818884fd5fb1"},"breadcrumb":{"@id":"https:\/\/www.noticiasradioreflejos.com.ar\/2021\/bomberos-voluntarios-de-tornquist-hoy-nos-visitaron-del-jardin-905\/#breadcrumb"},"inLanguage":"es","potentialAction":[{"@type":"ReadAction","target":["https:\/\/www.noticiasradioreflejos.com.ar\/2021\/bomberos-voluntarios-de-tornquist-hoy-nos-visitaron-del-jardin-905\/"]}]},{"@type":"ImageObject","inLanguage":"es","@id":"https:\/\/www.noticiasradioreflejos.com.ar\/2021\/bomberos-voluntarios-de-tornquist-hoy-nos-visitaron-del-jardin-905\/#primaryimage","url":"http:\/\/farm1.staticflickr.com\/832\/27155150477_3cfefd642a_z.jpg","contentUrl":"http:\/\/farm1.staticflickr.com\/832\/27155150477_3cfefd642a_z.jpg"},{"@type":"BreadcrumbList","@id":"https:\/\/www.noticiasradioreflejos.com.ar\/2021\/bomberos-voluntarios-de-tornquist-hoy-nos-visitaron-del-jardin-905\/#breadcrumb","itemListElement":[{"@type":"ListItem","position":1,"name":"Portada","item":"https:\/\/www.noticiasradioreflejos.com.ar\/2021\/"},{"@type":"ListItem","position":2,"name":"Bomberos Voluntarios de Tornquist, &quot;Hoy nos visitaron del jard\u00edn 905&quot;"}]},{"@type":"WebSite","@id":"https:\/\/www.noticiasradioreflejos.com.ar\/2021\/#website","url":"https:\/\/www.noticiasradioreflejos.com.ar\/2021\/","name":"Noticias Radio Reflejos","description":"Las noticias de mi comarca","potentialAction":[{"@type":"SearchAction","target":{"@type":"EntryPoint","urlTemplate":"https:\/\/www.noticiasradioreflejos.com.ar\/2021\/?s={search_term_string}"},"query-input":{"@type":"PropertyValueSpecification","valueRequired":true,"valueName":"search_term_string"}}],"inLanguage":"es"},{"@type":"Person","@id":"https:\/\/www.noticiasradioreflejos.com.ar\/2021\/#\/schema\/person\/ad82545263dcc5ec0996818884fd5fb1","name":"Arnaldo Botto","image":{"@type":"ImageObject","inLanguage":"es","@id":"https:\/\/www.noticiasradioreflejos.com.ar\/2021\/#\/schema\/person\/image\/","url":"https:\/\/secure.gravatar.com\/avatar\/55cb5e37c1efa326397366e6974cb338056df65cb50e7d64d1cf314e87504837?s=96&d=mm&r=g","contentUrl":"https:\/\/secure.gravatar.com\/avatar\/55cb5e37c1efa326397366e6974cb338056df65cb50e7d64d1cf314e87504837?s=96&d=mm&r=g","caption":"Arnaldo Botto"},"url":"https:\/\/www.noticiasradioreflejos.com.ar\/2021\/author\/arnaldo\/"}]}},"_links":{"self":[{"href":"https:\/\/www.noticiasradioreflejos.com.ar\/2021\/wp-json\/wp\/v2\/posts\/21467","targetHints":{"allow":["GET"]}}],"collection":[{"href":"https:\/\/www.noticiasradioreflejos.com.ar\/2021\/wp-json\/wp\/v2\/posts"}],"about":[{"href":"https:\/\/www.noticiasradioreflejos.com.ar\/2021\/wp-json\/wp\/v2\/types\/post"}],"author":[{"embeddable":true,"href":"https:\/\/www.noticiasradioreflejos.com.ar\/2021\/wp-json\/wp\/v2\/users\/3"}],"replies":[{"embeddable":true,"href":"https:\/\/www.noticiasradioreflejos.com.ar\/2021\/wp-json\/wp\/v2\/comments?post=21467"}],"version-history":[{"count":0,"href":"https:\/\/www.noticiasradioreflejos.com.ar\/2021\/wp-json\/wp\/v2\/posts\/21467\/revisions"}],"wp:attachment":[{"href":"https:\/\/www.noticiasradioreflejos.com.ar\/2021\/wp-json\/wp\/v2\/media?parent=21467"}],"wp:term":[{"taxonomy":"category","embeddable":true,"href":"https:\/\/www.noticiasradioreflejos.com.ar\/2021\/wp-json\/wp\/v2\/categories?post=21467"},{"taxonomy":"post_tag","embeddable":true,"href":"https:\/\/www.noticiasradioreflejos.com.ar\/2021\/wp-json\/wp\/v2\/tags?post=21467"}],"curies":[{"name":"wp","href":"https:\/\/api.w.org\/{rel}","templated":true}]}}