{"id":21466,"date":"2018-05-10T18:15:28","date_gmt":"2018-05-10T21:15:28","guid":{"rendered":"http:\/\/www.noticiasradioreflejos.com.ar\/noticias\/?p=21466"},"modified":"2018-05-10T18:15:28","modified_gmt":"2018-05-10T21:15:28","slug":"nuevas-modalidades-de-atencion-implementan-en-el-hospital-municipal-de-tornquist","status":"publish","type":"post","link":"https:\/\/www.noticiasradioreflejos.com.ar\/2021\/nuevas-modalidades-de-atencion-implementan-en-el-hospital-municipal-de-tornquist\/","title":{"rendered":"Nuevas modalidades de atenci\u00f3n implementan en el hospital municipal de Tornquist."},"content":{"rendered":"<p>Con el objetivo principal de optimizar la atenci\u00f3n m\u00e9dica que se brinda en la Guardia, de acuerdo a las caracter\u00edsticas y necesidades que presente cada paciente, se implementar\u00e1 un sistema de Atenci\u00f3n Medica Ambulatoria, denominado AMA.  Este incorpora un m\u00e9dico m\u00e1s a la atenci\u00f3n m\u00e9dica ambulatoria para problemas frecuentes de salud agudos que no revistan riesgo vital.<!--more--><br \/>\nLa modalidad de atenci\u00f3n ser\u00e1 por prioridades, no por orden de llegada como sucede hasta el momento, lo cual ocasiona grandes inconvenientes en la atenci\u00f3n m\u00e9dica. Funcionar\u00e1 de lunes a viernes de 9 a 12 y de 17 a 20 hs. Fuera de estos d\u00edas y horarios se atender\u00e1 con prioridad las emergencias y urgencias.<br \/>\nEste nuevo proyecto de atenci\u00f3n m\u00e9dica ambulatoria en su implementaci\u00f3n constar\u00e1 de varias etapas de desarrollo y en continua evaluaci\u00f3n y revisi\u00f3n para ajustarse a las necesidades de la poblaci\u00f3n.<br \/>\nEl Secretario de Salud Dr. Jorge Ferraro y el Dr. Juan Pastori brindan detalles sobre la implementaci\u00f3n de este nuevo sistema de Atenci\u00f3n M\u00e9dica Ambulatoria (AMA).<br \/>\n\u201cEs un proyecto que el Dr. Pastori ( Juan) me hab\u00eda acercado hace alg\u00fan tiempo,  que no hab\u00edamos comenzado a delinear por falta de organizaci\u00f3n pero s\u00ed lo ten\u00edamos en la cabeza para implementarlo lo mas pronto posible\u201d explic\u00f3 el Secretario de Salud Dr. Jorge Ferraro.<br \/>\nConsign\u00f3 que la iniciativa propende a cambiar el esteriotipo de atenci\u00f3n en el distrito, b\u00e1sicamente lo que es el hospital, y es un proyecto de atenci\u00f3n m\u00e9dica ambulatoria.<br \/>\n\u201cReorganizar la consulta m\u00e9dica a demanda; uno puede hacer una consulta m\u00e9dica a demanda o programada\u201d<br \/>\n\u201cLa consulta a demanda se otorga en consultorios a demanda, determinado para eso, y en la guardia donde se ve urgencia y emergencia\u201d<br \/>\n\u201cLa urgencia es aquella donde corre riesgo la vida y se atiende primero y la urgencia la que podr\u00eda correr riesgo\u201d<br \/>\n\u201cAMA, lo que hace es jerarquizar cada una de las atenciones; lo que es urgencia y emergencia se atiende primero y lo que no es urgencia y emergencia se atiende de manera diferida en el momento\u201d<br \/>\n\u201cLa idea es jerarquizar y optimizar la atenci\u00f3n m\u00e9dica siempre pensando en mejorar la calidad de atenci\u00f3n de la poblaci\u00f3n\u201d<br \/>\nFerraro se\u00f1al\u00f3 que \u201choy en d\u00eda en el hospital se atiende por orden de llegada y eso no es viable. Lo que es urgencia y emergencia difiere mucho la atenci\u00f3n y hay cosas que son de urgencia y emergencia y quedan solapadas en la sala de espera y eso lleva a errores de diagn\u00f3stico y tratamiento\u201d sostuvo el Secretario de Salud.<br \/>\n\u201cEl AMA est\u00e1 dise\u00f1ado para optimizar y brindarle mayor cantidad de horas a la poblaci\u00f3n\u201d insisti\u00f3  el titular de salud del distrito de Tornquist.<br \/>\n\u201cLos enfermeros hoy realizan este trabajo de manera muy organizada y hoy le ponemos un nombre y apellido a su tarea\u201d subray\u00f3<br \/>\n\u201cTenemos enfermeros muy capacitados y confiamos plenamente en su tarea, pero el vecino tiene que saber que siempre se ir\u00e1 tendido por un m\u00e9dico\u201d resalt\u00f3.<br \/>\n\u201cA la gente le tiene que quedar claro que en realidad a la guardia se agrega un m\u00e9dico\u201d dijo el Dr. Juan Pastori,<br \/>\nEl facultativo destac\u00f3 la din\u00e1mica del sistema de atenci\u00f3n citando como ejemplo que \u201cuna persona puede vernir con  un dolor de pecho y la enfermera puede suponer que se  trata de un infarto y se llama al m\u00e9dico de guardia y tal esa situaci\u00f3n termine siendo un dolor costal  y no un infarto; pero ese m\u00e9dico de guardia estar\u00e1 alerta para un dolor de pecho. Y puede darse la situaci\u00f3n al revez con una persona que tal vez presenta un dolor de garganta y ese dolor de garganta no es una faringitis sino un infarto que se manifest\u00f3 con un dolor en el cuello y se va a llamar al m\u00e9dico de la guardia para que se encargue de ese paciente\u201d se\u00f1al\u00f3.<br \/>\n\u201cLos m\u00e9dicos y los equipos de atenci\u00f3n dentro del hospital est\u00e1n en continua comunicaci\u00f3n y habr\u00e1 dos m\u00e9dicos trabajando\u201d<br \/>\nPastori recalc\u00f3 que el AMA atender\u00e1 en el hospital en una franja horaria que ir\u00e1 desde las 09:00 hasta lasa 16:00 hs. y se podr\u00eda ampliar en funci\u00f3n del recurso humano disponible.<br \/>\n\u201cLo que le pedimos a la poblaci\u00f3n que si hay un paciente que hace quince d\u00edas tiene tos, no venga a las dos de la ma\u00f1ana y que aguarde hasta las 09:00 del otro d\u00eda que se lo va a atender\u201d<br \/>\n<strong>Los tres colores<\/strong><br \/>\nRespecto a la evaluaci\u00f3n del paciente ni bien arriba al nosocomio, Pastor\u00ed adelant\u00f3 que \u201cesto es un c\u00f3digo canadiense dispuesto a nivel mundial donde se incluyen los tres colores mas conocidos por todo el mundo que son los de los semaforos: rojo, (parar) en el caso de la medicina que es algo grave, amarillo (precauci\u00f3n)  que viene a ser la urgencia y el verde  que en medicina viene a ser la consulta\u201d<br \/>\nJuan Pastori indic\u00f3 que ser\u00e1 el enfermero quien realice esa primer evaluaci\u00f3n \u201ctiene que ser l\u00facido y la lucidez se la da su profesionalismo\u201d<br \/>\n\u201cEl enfermero que hasta hoy lo hacia autom\u00e1ticamente, hoy le ponemos un color\u201d se\u00f1al\u00f3.<br \/>\nMiguel Herrada<\/p>\n","protected":false},"excerpt":{"rendered":"<p>Con el objetivo principal de optimizar la atenci\u00f3n m\u00e9dica que se brinda en la Guardia, de acuerdo a las caracter\u00edsticas y necesidades que presente cada paciente, se implementar\u00e1 un sistema de Atenci\u00f3n Medica Ambulatoria, denominado AMA. Este incorpora un m\u00e9dico m\u00e1s a la atenci\u00f3n m\u00e9dica ambulatoria para problemas frecuentes de salud agudos que no revistan [&hellip;]<\/p>\n","protected":false},"author":3,"featured_media":0,"comment_status":"closed","ping_status":"open","sticky":false,"template":"","format":"standard","meta":{"footnotes":""},"categories":[30],"tags":[],"class_list":["post-21466","post","type-post","status-publish","format-standard","hentry","category-salud"],"yoast_head":"<!-- This site is optimized with the Yoast SEO plugin v25.9 - https:\/\/yoast.com\/wordpress\/plugins\/seo\/ -->\n<title>Nuevas modalidades de atenci\u00f3n implementan en el hospital municipal de Tornquist. - Noticias Radio Reflejos<\/title>\n<meta name=\"robots\" content=\"index, follow, max-snippet:-1, max-image-preview:large, max-video-preview:-1\" \/>\n<link rel=\"canonical\" href=\"https:\/\/www.noticiasradioreflejos.com.ar\/2021\/nuevas-modalidades-de-atencion-implementan-en-el-hospital-municipal-de-tornquist\/\" \/>\n<meta property=\"og:locale\" content=\"es_ES\" \/>\n<meta property=\"og:type\" content=\"article\" \/>\n<meta property=\"og:title\" content=\"Nuevas modalidades de atenci\u00f3n implementan en el hospital municipal de Tornquist. - Noticias Radio Reflejos\" \/>\n<meta property=\"og:description\" content=\"Con el objetivo principal de optimizar la atenci\u00f3n m\u00e9dica que se brinda en la Guardia, de acuerdo a las caracter\u00edsticas y necesidades que presente cada paciente, se implementar\u00e1 un sistema de Atenci\u00f3n Medica Ambulatoria, denominado AMA. Este incorpora un m\u00e9dico m\u00e1s a la atenci\u00f3n m\u00e9dica ambulatoria para problemas frecuentes de salud agudos que no revistan [&hellip;]\" \/>\n<meta property=\"og:url\" content=\"https:\/\/www.noticiasradioreflejos.com.ar\/2021\/nuevas-modalidades-de-atencion-implementan-en-el-hospital-municipal-de-tornquist\/\" \/>\n<meta property=\"og:site_name\" content=\"Noticias Radio Reflejos\" \/>\n<meta property=\"article:published_time\" content=\"2018-05-10T21:15:28+00:00\" \/>\n<meta property=\"og:image\" content=\"https:\/\/www.noticiasradioreflejos.com.ar\/2021\/wp-content\/uploads\/2021\/07\/logosol300x200.png\" \/>\n\t<meta property=\"og:image:width\" content=\"300\" \/>\n\t<meta property=\"og:image:height\" content=\"200\" \/>\n\t<meta property=\"og:image:type\" content=\"image\/png\" \/>\n<meta name=\"author\" content=\"Arnaldo Botto\" \/>\n<meta name=\"twitter:card\" content=\"summary_large_image\" \/>\n<script type=\"application\/ld+json\" class=\"yoast-schema-graph\">{\"@context\":\"https:\/\/schema.org\",\"@graph\":[{\"@type\":\"WebPage\",\"@id\":\"https:\/\/www.noticiasradioreflejos.com.ar\/2021\/nuevas-modalidades-de-atencion-implementan-en-el-hospital-municipal-de-tornquist\/\",\"url\":\"https:\/\/www.noticiasradioreflejos.com.ar\/2021\/nuevas-modalidades-de-atencion-implementan-en-el-hospital-municipal-de-tornquist\/\",\"name\":\"Nuevas modalidades de atenci\u00f3n implementan en el hospital municipal de Tornquist. - Noticias Radio Reflejos\",\"isPartOf\":{\"@id\":\"https:\/\/www.noticiasradioreflejos.com.ar\/2021\/#website\"},\"datePublished\":\"2018-05-10T21:15:28+00:00\",\"author\":{\"@id\":\"https:\/\/www.noticiasradioreflejos.com.ar\/2021\/#\/schema\/person\/ad82545263dcc5ec0996818884fd5fb1\"},\"breadcrumb\":{\"@id\":\"https:\/\/www.noticiasradioreflejos.com.ar\/2021\/nuevas-modalidades-de-atencion-implementan-en-el-hospital-municipal-de-tornquist\/#breadcrumb\"},\"inLanguage\":\"es\",\"potentialAction\":[{\"@type\":\"ReadAction\",\"target\":[\"https:\/\/www.noticiasradioreflejos.com.ar\/2021\/nuevas-modalidades-de-atencion-implementan-en-el-hospital-municipal-de-tornquist\/\"]}]},{\"@type\":\"BreadcrumbList\",\"@id\":\"https:\/\/www.noticiasradioreflejos.com.ar\/2021\/nuevas-modalidades-de-atencion-implementan-en-el-hospital-municipal-de-tornquist\/#breadcrumb\",\"itemListElement\":[{\"@type\":\"ListItem\",\"position\":1,\"name\":\"Portada\",\"item\":\"https:\/\/www.noticiasradioreflejos.com.ar\/2021\/\"},{\"@type\":\"ListItem\",\"position\":2,\"name\":\"Nuevas modalidades de atenci\u00f3n implementan en el hospital municipal de Tornquist.\"}]},{\"@type\":\"WebSite\",\"@id\":\"https:\/\/www.noticiasradioreflejos.com.ar\/2021\/#website\",\"url\":\"https:\/\/www.noticiasradioreflejos.com.ar\/2021\/\",\"name\":\"Noticias Radio Reflejos\",\"description\":\"Las noticias de mi comarca\",\"potentialAction\":[{\"@type\":\"SearchAction\",\"target\":{\"@type\":\"EntryPoint\",\"urlTemplate\":\"https:\/\/www.noticiasradioreflejos.com.ar\/2021\/?s={search_term_string}\"},\"query-input\":{\"@type\":\"PropertyValueSpecification\",\"valueRequired\":true,\"valueName\":\"search_term_string\"}}],\"inLanguage\":\"es\"},{\"@type\":\"Person\",\"@id\":\"https:\/\/www.noticiasradioreflejos.com.ar\/2021\/#\/schema\/person\/ad82545263dcc5ec0996818884fd5fb1\",\"name\":\"Arnaldo Botto\",\"image\":{\"@type\":\"ImageObject\",\"inLanguage\":\"es\",\"@id\":\"https:\/\/www.noticiasradioreflejos.com.ar\/2021\/#\/schema\/person\/image\/\",\"url\":\"https:\/\/secure.gravatar.com\/avatar\/55cb5e37c1efa326397366e6974cb338056df65cb50e7d64d1cf314e87504837?s=96&d=mm&r=g\",\"contentUrl\":\"https:\/\/secure.gravatar.com\/avatar\/55cb5e37c1efa326397366e6974cb338056df65cb50e7d64d1cf314e87504837?s=96&d=mm&r=g\",\"caption\":\"Arnaldo Botto\"},\"url\":\"https:\/\/www.noticiasradioreflejos.com.ar\/2021\/author\/arnaldo\/\"}]}<\/script>\n<!-- \/ Yoast SEO plugin. -->","yoast_head_json":{"title":"Nuevas modalidades de atenci\u00f3n implementan en el hospital municipal de Tornquist. - Noticias Radio Reflejos","robots":{"index":"index","follow":"follow","max-snippet":"max-snippet:-1","max-image-preview":"max-image-preview:large","max-video-preview":"max-video-preview:-1"},"canonical":"https:\/\/www.noticiasradioreflejos.com.ar\/2021\/nuevas-modalidades-de-atencion-implementan-en-el-hospital-municipal-de-tornquist\/","og_locale":"es_ES","og_type":"article","og_title":"Nuevas modalidades de atenci\u00f3n implementan en el hospital municipal de Tornquist. - Noticias Radio Reflejos","og_description":"Con el objetivo principal de optimizar la atenci\u00f3n m\u00e9dica que se brinda en la Guardia, de acuerdo a las caracter\u00edsticas y necesidades que presente cada paciente, se implementar\u00e1 un sistema de Atenci\u00f3n Medica Ambulatoria, denominado AMA. Este incorpora un m\u00e9dico m\u00e1s a la atenci\u00f3n m\u00e9dica ambulatoria para problemas frecuentes de salud agudos que no revistan [&hellip;]","og_url":"https:\/\/www.noticiasradioreflejos.com.ar\/2021\/nuevas-modalidades-de-atencion-implementan-en-el-hospital-municipal-de-tornquist\/","og_site_name":"Noticias Radio Reflejos","article_published_time":"2018-05-10T21:15:28+00:00","og_image":[{"width":300,"height":200,"url":"https:\/\/www.noticiasradioreflejos.com.ar\/2021\/wp-content\/uploads\/2021\/07\/logosol300x200.png","type":"image\/png"}],"author":"Arnaldo Botto","twitter_card":"summary_large_image","schema":{"@context":"https:\/\/schema.org","@graph":[{"@type":"WebPage","@id":"https:\/\/www.noticiasradioreflejos.com.ar\/2021\/nuevas-modalidades-de-atencion-implementan-en-el-hospital-municipal-de-tornquist\/","url":"https:\/\/www.noticiasradioreflejos.com.ar\/2021\/nuevas-modalidades-de-atencion-implementan-en-el-hospital-municipal-de-tornquist\/","name":"Nuevas modalidades de atenci\u00f3n implementan en el hospital municipal de Tornquist. - Noticias Radio Reflejos","isPartOf":{"@id":"https:\/\/www.noticiasradioreflejos.com.ar\/2021\/#website"},"datePublished":"2018-05-10T21:15:28+00:00","author":{"@id":"https:\/\/www.noticiasradioreflejos.com.ar\/2021\/#\/schema\/person\/ad82545263dcc5ec0996818884fd5fb1"},"breadcrumb":{"@id":"https:\/\/www.noticiasradioreflejos.com.ar\/2021\/nuevas-modalidades-de-atencion-implementan-en-el-hospital-municipal-de-tornquist\/#breadcrumb"},"inLanguage":"es","potentialAction":[{"@type":"ReadAction","target":["https:\/\/www.noticiasradioreflejos.com.ar\/2021\/nuevas-modalidades-de-atencion-implementan-en-el-hospital-municipal-de-tornquist\/"]}]},{"@type":"BreadcrumbList","@id":"https:\/\/www.noticiasradioreflejos.com.ar\/2021\/nuevas-modalidades-de-atencion-implementan-en-el-hospital-municipal-de-tornquist\/#breadcrumb","itemListElement":[{"@type":"ListItem","position":1,"name":"Portada","item":"https:\/\/www.noticiasradioreflejos.com.ar\/2021\/"},{"@type":"ListItem","position":2,"name":"Nuevas modalidades de atenci\u00f3n implementan en el hospital municipal de Tornquist."}]},{"@type":"WebSite","@id":"https:\/\/www.noticiasradioreflejos.com.ar\/2021\/#website","url":"https:\/\/www.noticiasradioreflejos.com.ar\/2021\/","name":"Noticias Radio Reflejos","description":"Las noticias de mi comarca","potentialAction":[{"@type":"SearchAction","target":{"@type":"EntryPoint","urlTemplate":"https:\/\/www.noticiasradioreflejos.com.ar\/2021\/?s={search_term_string}"},"query-input":{"@type":"PropertyValueSpecification","valueRequired":true,"valueName":"search_term_string"}}],"inLanguage":"es"},{"@type":"Person","@id":"https:\/\/www.noticiasradioreflejos.com.ar\/2021\/#\/schema\/person\/ad82545263dcc5ec0996818884fd5fb1","name":"Arnaldo Botto","image":{"@type":"ImageObject","inLanguage":"es","@id":"https:\/\/www.noticiasradioreflejos.com.ar\/2021\/#\/schema\/person\/image\/","url":"https:\/\/secure.gravatar.com\/avatar\/55cb5e37c1efa326397366e6974cb338056df65cb50e7d64d1cf314e87504837?s=96&d=mm&r=g","contentUrl":"https:\/\/secure.gravatar.com\/avatar\/55cb5e37c1efa326397366e6974cb338056df65cb50e7d64d1cf314e87504837?s=96&d=mm&r=g","caption":"Arnaldo Botto"},"url":"https:\/\/www.noticiasradioreflejos.com.ar\/2021\/author\/arnaldo\/"}]}},"_links":{"self":[{"href":"https:\/\/www.noticiasradioreflejos.com.ar\/2021\/wp-json\/wp\/v2\/posts\/21466","targetHints":{"allow":["GET"]}}],"collection":[{"href":"https:\/\/www.noticiasradioreflejos.com.ar\/2021\/wp-json\/wp\/v2\/posts"}],"about":[{"href":"https:\/\/www.noticiasradioreflejos.com.ar\/2021\/wp-json\/wp\/v2\/types\/post"}],"author":[{"embeddable":true,"href":"https:\/\/www.noticiasradioreflejos.com.ar\/2021\/wp-json\/wp\/v2\/users\/3"}],"replies":[{"embeddable":true,"href":"https:\/\/www.noticiasradioreflejos.com.ar\/2021\/wp-json\/wp\/v2\/comments?post=21466"}],"version-history":[{"count":0,"href":"https:\/\/www.noticiasradioreflejos.com.ar\/2021\/wp-json\/wp\/v2\/posts\/21466\/revisions"}],"wp:attachment":[{"href":"https:\/\/www.noticiasradioreflejos.com.ar\/2021\/wp-json\/wp\/v2\/media?parent=21466"}],"wp:term":[{"taxonomy":"category","embeddable":true,"href":"https:\/\/www.noticiasradioreflejos.com.ar\/2021\/wp-json\/wp\/v2\/categories?post=21466"},{"taxonomy":"post_tag","embeddable":true,"href":"https:\/\/www.noticiasradioreflejos.com.ar\/2021\/wp-json\/wp\/v2\/tags?post=21466"}],"curies":[{"name":"wp","href":"https:\/\/api.w.org\/{rel}","templated":true}]}}