{"id":21461,"date":"2018-05-10T18:56:02","date_gmt":"2018-05-10T21:56:02","guid":{"rendered":"http:\/\/www.noticiasradioreflejos.com.ar\/noticias\/?p=21461"},"modified":"2018-05-10T18:56:02","modified_gmt":"2018-05-10T21:56:02","slug":"lo-hicieron-muy-conscientes-con-ganas-la-identidad-quedo-bien-marcada","status":"publish","type":"post","link":"https:\/\/www.noticiasradioreflejos.com.ar\/2021\/lo-hicieron-muy-conscientes-con-ganas-la-identidad-quedo-bien-marcada\/","title":{"rendered":"&quot;Lo hicieron muy conscientes, con ganas, la identidad quedo bien marcada&quot;"},"content":{"rendered":"<p><a title=\"dufaur 6\" href=\"http:\/\/farm1.staticflickr.com\/952\/41949835692_9fb5b6c172.jpg\" rel=\"\"><img loading=\"lazy\" decoding=\"async\" class=\"alignleft\" style=\"float: left;\" title=\"dufaur 6\" src=\"http:\/\/farm1.staticflickr.com\/952\/41949835692_9fb5b6c172.jpg\" alt=\"dufaur 6\" width=\"500\" height=\"283\" \/><\/a>Entrevistamos a la docente <strong>Antonia Diaz Arocena<\/strong>, quien desarroll\u00f3 un trabajo en la materia Pr\u00e1cticas del lenguaje con alumnos de la Escuela de Ense\u00f1anza Secundaria N\u00ba 1 ANEXO 3011 y la Escuela Primaria N\u00ba9 \u201cJuan Bautista Alberdi\u201d de la localidad de Dufaur en el distrito de Saavedra.<br \/>\nMediante este trabajo que titulamos<strong> <a href=\"http:\/\/www.noticiasradioreflejos.com.ar\/noticias\/index.php\/2018\/05\/09\/dufaur-se-hace-foto\/\" target=\"_blank\" rel=\"noopener\">Dufaur se hace foto !!<\/a><\/strong>\u00a0, sus alumnos buscan promocionar al lugar como destino tur\u00edstico dentro del circuito de <strong>\u201cVentania\u201d<\/strong>.<br \/>\nEsta peque\u00f1a localidad de apenas 200 habitantes fue declarado hace muy poco tiempo \u201cPueblo tur\u00edstico de la provincia de Buenos Aires\u201d y su poblaci\u00f3n entiende que con esta muestra fotogr\u00e1fica promocionar\u00edan el destino.<!--more--><br \/>\n\u00abPrimero que nada agradecerte a vos y a la audiencia que esta escuchando por haber le\u00eddo el trabajo que hicieron los chicos, ellos est\u00e1n muy contentos, tambi\u00e9n lo leyeron, y tambi\u00e9n tuvieron conocimiento la familia de todo esto, y es como dec\u00edas vos, tratar de promocionar un poco este lugar que esta un tanto escondido, por as\u00ed decirlo, que esta a tan solo 20km de Tornquist, que es Dufaur, y poder conocer esta belleza de pueblo, que me toca y tengo el orgullo de trabajar ah\u00ed. Yo soy de Tornquist, mi carrera docente arranc\u00f3 en Sierra de la Ventana, y en el 2016 tuve la oportunidad a trav\u00e9s de una amiga compa\u00f1era de trabajo de ir al distrito de Saavedra a trabajar\u00bb. Inici\u00f3 Antonia<br \/>\n\u00abNosotros est\u00e1bamos trabajando un contenido propio del \u00e1rea, de practicas del lenguaje, con los 3 cursos, porque es una escuela donde se trabaja con primero, segundo y tercero juntos, y comenzamos con los distintos tipos de tramas y bueno sali\u00f3 la idea esta de poder promocionar el lugar, el poder mostrar el lugar donde ellos viven, varios chicos son de campos cercanos a la escuela, y viajan todos los d\u00edas, la localidad es muy chiquita, como pusimos en una foto, son 200 habitantes nomas, y dos de ellos son nativos de ah\u00ed de Dufaur, despu\u00e9s el resto viaja, es un grupo peque\u00f1o el que nosotros tenemos en el colegio, y bueno la idea era promocionar a trav\u00e9s de fotos, que ellos mismos se encargaron de sacar, el objetivo era que ellos busquen un lugar del pueblo que les guste, que tengan an\u00e9cdotas, vivencias y dem\u00e1s, y puedan compartirlo con los dem\u00e1s, sali\u00f3 una cosa muy linda, yo no esperaba el trabajo tan hermoso, que lo pudieron lograr ellos, que uno siempre escucha quejarse de los adolescentes, de que no escriben, no leen y creo que esto es una forma de demostrar que si ellos pueden\u00bb. Cont\u00f3 Diaz Arocena<br \/>\n\u00abYo trabaje en la escuela primaria con la docente Fernanda, ella se encargo de hacer los ep\u00edgrafes, y yo trabajo con una franja de edad de 12 a 15 a\u00f1os, es el segundo a\u00f1o que yo comparto con ellos, y la verdad si, es un orgullo que ellos puedan y verles la cara de alegr\u00eda cuando se encuentran con el diario, la nota reflejada, o que vieron que muchas personas compartieron la noticia, y as\u00ed poder hacer conocer su lugar. He tenido varias llamadas, de varios diarios y dem\u00e1s, para poder charlar con ellos, para poder charlar conmigo es muy importante lo que paso y que no lo esper\u00e1bamos la verdad nosotros, estamos muy contentos y sorprendidos por todo esto\u00bb.<br \/>\n\u00abDentro de la comunidad hay un grupo que se encarga de turismo, que son los encargados de ellos tambi\u00e9n y de promocionar y dem\u00e1s, y nosotros lo que hicimos fue darles una mano desde la educaci\u00f3n, de un trabajo, un proyecto educativo, la idea es que puedan visitar este lugar, que yo no soy nativa del mismo, pero me siento muy atra\u00edda por la tranquilidad, la paz que hay en el lugar, en Dufaur mismo. Es un lugar paradis\u00edaco, as\u00ed como lo describe una chica Brenda Sansinena una alumna, es impresionante la energ\u00eda que hay en ese lugar, la tranquilidad, y como profesora en mi rol tambi\u00e9n, uno trabaja muy bien, puede llegar mucho a los chicos, te responden de manera muy satisfactoria. Lo que voy a hacer yo es poner en manos del grupo de turismo Dufaur todo esto, y bueno la verdad es que lo vamos a charlar, como podemos continuar con todo esto, la verdad nos sorprende todo el movimiento que genero las fotos de los chicos, yo creo que la onda que ellos le pusieron para realizar el trabajo es lo que genera esto tambi\u00e9n, porque lo hicieron muy conscientes, con ganas, la identidad quedo bien marcada\u00bb.<br \/>\n<a title=\"dufaur 7\" href=\"http:\/\/farm1.staticflickr.com\/979\/40187503340_4d26e561bf_z.jpg\" rel=\"\"><img loading=\"lazy\" decoding=\"async\" class=\"aligncenter\" title=\"dufaur 7\" src=\"http:\/\/farm1.staticflickr.com\/979\/40187503340_4d26e561bf_z.jpg\" alt=\"dufaur 7\" width=\"586\" height=\"333\" \/><\/a><br \/>\nNOTA COMPLETA:<br \/>\n<iframe loading=\"lazy\" src=\"https:\/\/w.soundcloud.com\/player\/?url=https%3A\/\/api.soundcloud.com\/tracks\/442131762&amp;color=%23ff5500&amp;auto_play=false&amp;hide_related=false&amp;show_comments=true&amp;show_user=true&amp;show_reposts=false&amp;show_teaser=true\" width=\"100%\" height=\"166\" frameborder=\"no\" scrolling=\"no\"><\/iframe><\/p>\n","protected":false},"excerpt":{"rendered":"<p>Entrevistamos a la docente Antonia Diaz Arocena, quien desarroll\u00f3 un trabajo en la materia Pr\u00e1cticas del lenguaje con alumnos de la Escuela de Ense\u00f1anza Secundaria N\u00ba 1 ANEXO 3011 y la Escuela Primaria N\u00ba9 \u201cJuan Bautista Alberdi\u201d de la localidad de Dufaur en el distrito de Saavedra. Mediante este trabajo que titulamos Dufaur se hace [&hellip;]<\/p>\n","protected":false},"author":3,"featured_media":0,"comment_status":"closed","ping_status":"open","sticky":false,"template":"","format":"standard","meta":{"footnotes":""},"categories":[34],"tags":[],"class_list":["post-21461","post","type-post","status-publish","format-standard","hentry","category-educacion"],"yoast_head":"<!-- This site is optimized with the Yoast SEO plugin v25.9 - https:\/\/yoast.com\/wordpress\/plugins\/seo\/ -->\n<title>&quot;Lo hicieron muy conscientes, con ganas, la identidad quedo bien marcada&quot; - Noticias Radio Reflejos<\/title>\n<meta name=\"robots\" content=\"index, follow, max-snippet:-1, max-image-preview:large, max-video-preview:-1\" \/>\n<link rel=\"canonical\" href=\"https:\/\/www.noticiasradioreflejos.com.ar\/2021\/lo-hicieron-muy-conscientes-con-ganas-la-identidad-quedo-bien-marcada\/\" \/>\n<meta property=\"og:locale\" content=\"es_ES\" \/>\n<meta property=\"og:type\" content=\"article\" \/>\n<meta property=\"og:title\" content=\"&quot;Lo hicieron muy conscientes, con ganas, la identidad quedo bien marcada&quot; - Noticias Radio Reflejos\" \/>\n<meta property=\"og:description\" content=\"Entrevistamos a la docente Antonia Diaz Arocena, quien desarroll\u00f3 un trabajo en la materia Pr\u00e1cticas del lenguaje con alumnos de la Escuela de Ense\u00f1anza Secundaria N\u00ba 1 ANEXO 3011 y la Escuela Primaria N\u00ba9 \u201cJuan Bautista Alberdi\u201d de la localidad de Dufaur en el distrito de Saavedra. Mediante este trabajo que titulamos Dufaur se hace [&hellip;]\" \/>\n<meta property=\"og:url\" content=\"https:\/\/www.noticiasradioreflejos.com.ar\/2021\/lo-hicieron-muy-conscientes-con-ganas-la-identidad-quedo-bien-marcada\/\" \/>\n<meta property=\"og:site_name\" content=\"Noticias Radio Reflejos\" \/>\n<meta property=\"article:published_time\" content=\"2018-05-10T21:56:02+00:00\" \/>\n<meta property=\"og:image\" content=\"http:\/\/farm1.staticflickr.com\/952\/41949835692_9fb5b6c172.jpg\" \/>\n<meta name=\"author\" content=\"Arnaldo Botto\" \/>\n<meta name=\"twitter:card\" content=\"summary_large_image\" \/>\n<script type=\"application\/ld+json\" class=\"yoast-schema-graph\">{\"@context\":\"https:\/\/schema.org\",\"@graph\":[{\"@type\":\"WebPage\",\"@id\":\"https:\/\/www.noticiasradioreflejos.com.ar\/2021\/lo-hicieron-muy-conscientes-con-ganas-la-identidad-quedo-bien-marcada\/\",\"url\":\"https:\/\/www.noticiasradioreflejos.com.ar\/2021\/lo-hicieron-muy-conscientes-con-ganas-la-identidad-quedo-bien-marcada\/\",\"name\":\"&quot;Lo hicieron muy conscientes, con ganas, la identidad quedo bien marcada&quot; - Noticias Radio Reflejos\",\"isPartOf\":{\"@id\":\"https:\/\/www.noticiasradioreflejos.com.ar\/2021\/#website\"},\"primaryImageOfPage\":{\"@id\":\"https:\/\/www.noticiasradioreflejos.com.ar\/2021\/lo-hicieron-muy-conscientes-con-ganas-la-identidad-quedo-bien-marcada\/#primaryimage\"},\"image\":{\"@id\":\"https:\/\/www.noticiasradioreflejos.com.ar\/2021\/lo-hicieron-muy-conscientes-con-ganas-la-identidad-quedo-bien-marcada\/#primaryimage\"},\"thumbnailUrl\":\"http:\/\/farm1.staticflickr.com\/952\/41949835692_9fb5b6c172.jpg\",\"datePublished\":\"2018-05-10T21:56:02+00:00\",\"author\":{\"@id\":\"https:\/\/www.noticiasradioreflejos.com.ar\/2021\/#\/schema\/person\/ad82545263dcc5ec0996818884fd5fb1\"},\"breadcrumb\":{\"@id\":\"https:\/\/www.noticiasradioreflejos.com.ar\/2021\/lo-hicieron-muy-conscientes-con-ganas-la-identidad-quedo-bien-marcada\/#breadcrumb\"},\"inLanguage\":\"es\",\"potentialAction\":[{\"@type\":\"ReadAction\",\"target\":[\"https:\/\/www.noticiasradioreflejos.com.ar\/2021\/lo-hicieron-muy-conscientes-con-ganas-la-identidad-quedo-bien-marcada\/\"]}]},{\"@type\":\"ImageObject\",\"inLanguage\":\"es\",\"@id\":\"https:\/\/www.noticiasradioreflejos.com.ar\/2021\/lo-hicieron-muy-conscientes-con-ganas-la-identidad-quedo-bien-marcada\/#primaryimage\",\"url\":\"http:\/\/farm1.staticflickr.com\/952\/41949835692_9fb5b6c172.jpg\",\"contentUrl\":\"http:\/\/farm1.staticflickr.com\/952\/41949835692_9fb5b6c172.jpg\"},{\"@type\":\"BreadcrumbList\",\"@id\":\"https:\/\/www.noticiasradioreflejos.com.ar\/2021\/lo-hicieron-muy-conscientes-con-ganas-la-identidad-quedo-bien-marcada\/#breadcrumb\",\"itemListElement\":[{\"@type\":\"ListItem\",\"position\":1,\"name\":\"Portada\",\"item\":\"https:\/\/www.noticiasradioreflejos.com.ar\/2021\/\"},{\"@type\":\"ListItem\",\"position\":2,\"name\":\"&quot;Lo hicieron muy conscientes, con ganas, la identidad quedo bien marcada&quot;\"}]},{\"@type\":\"WebSite\",\"@id\":\"https:\/\/www.noticiasradioreflejos.com.ar\/2021\/#website\",\"url\":\"https:\/\/www.noticiasradioreflejos.com.ar\/2021\/\",\"name\":\"Noticias Radio Reflejos\",\"description\":\"Las noticias de mi comarca\",\"potentialAction\":[{\"@type\":\"SearchAction\",\"target\":{\"@type\":\"EntryPoint\",\"urlTemplate\":\"https:\/\/www.noticiasradioreflejos.com.ar\/2021\/?s={search_term_string}\"},\"query-input\":{\"@type\":\"PropertyValueSpecification\",\"valueRequired\":true,\"valueName\":\"search_term_string\"}}],\"inLanguage\":\"es\"},{\"@type\":\"Person\",\"@id\":\"https:\/\/www.noticiasradioreflejos.com.ar\/2021\/#\/schema\/person\/ad82545263dcc5ec0996818884fd5fb1\",\"name\":\"Arnaldo Botto\",\"image\":{\"@type\":\"ImageObject\",\"inLanguage\":\"es\",\"@id\":\"https:\/\/www.noticiasradioreflejos.com.ar\/2021\/#\/schema\/person\/image\/\",\"url\":\"https:\/\/secure.gravatar.com\/avatar\/55cb5e37c1efa326397366e6974cb338056df65cb50e7d64d1cf314e87504837?s=96&d=mm&r=g\",\"contentUrl\":\"https:\/\/secure.gravatar.com\/avatar\/55cb5e37c1efa326397366e6974cb338056df65cb50e7d64d1cf314e87504837?s=96&d=mm&r=g\",\"caption\":\"Arnaldo Botto\"},\"url\":\"https:\/\/www.noticiasradioreflejos.com.ar\/2021\/author\/arnaldo\/\"}]}<\/script>\n<!-- \/ Yoast SEO plugin. -->","yoast_head_json":{"title":"&quot;Lo hicieron muy conscientes, con ganas, la identidad quedo bien marcada&quot; - Noticias Radio Reflejos","robots":{"index":"index","follow":"follow","max-snippet":"max-snippet:-1","max-image-preview":"max-image-preview:large","max-video-preview":"max-video-preview:-1"},"canonical":"https:\/\/www.noticiasradioreflejos.com.ar\/2021\/lo-hicieron-muy-conscientes-con-ganas-la-identidad-quedo-bien-marcada\/","og_locale":"es_ES","og_type":"article","og_title":"&quot;Lo hicieron muy conscientes, con ganas, la identidad quedo bien marcada&quot; - Noticias Radio Reflejos","og_description":"Entrevistamos a la docente Antonia Diaz Arocena, quien desarroll\u00f3 un trabajo en la materia Pr\u00e1cticas del lenguaje con alumnos de la Escuela de Ense\u00f1anza Secundaria N\u00ba 1 ANEXO 3011 y la Escuela Primaria N\u00ba9 \u201cJuan Bautista Alberdi\u201d de la localidad de Dufaur en el distrito de Saavedra. Mediante este trabajo que titulamos Dufaur se hace [&hellip;]","og_url":"https:\/\/www.noticiasradioreflejos.com.ar\/2021\/lo-hicieron-muy-conscientes-con-ganas-la-identidad-quedo-bien-marcada\/","og_site_name":"Noticias Radio Reflejos","article_published_time":"2018-05-10T21:56:02+00:00","og_image":[{"url":"http:\/\/farm1.staticflickr.com\/952\/41949835692_9fb5b6c172.jpg","type":"","width":"","height":""}],"author":"Arnaldo Botto","twitter_card":"summary_large_image","schema":{"@context":"https:\/\/schema.org","@graph":[{"@type":"WebPage","@id":"https:\/\/www.noticiasradioreflejos.com.ar\/2021\/lo-hicieron-muy-conscientes-con-ganas-la-identidad-quedo-bien-marcada\/","url":"https:\/\/www.noticiasradioreflejos.com.ar\/2021\/lo-hicieron-muy-conscientes-con-ganas-la-identidad-quedo-bien-marcada\/","name":"&quot;Lo hicieron muy conscientes, con ganas, la identidad quedo bien marcada&quot; - Noticias Radio Reflejos","isPartOf":{"@id":"https:\/\/www.noticiasradioreflejos.com.ar\/2021\/#website"},"primaryImageOfPage":{"@id":"https:\/\/www.noticiasradioreflejos.com.ar\/2021\/lo-hicieron-muy-conscientes-con-ganas-la-identidad-quedo-bien-marcada\/#primaryimage"},"image":{"@id":"https:\/\/www.noticiasradioreflejos.com.ar\/2021\/lo-hicieron-muy-conscientes-con-ganas-la-identidad-quedo-bien-marcada\/#primaryimage"},"thumbnailUrl":"http:\/\/farm1.staticflickr.com\/952\/41949835692_9fb5b6c172.jpg","datePublished":"2018-05-10T21:56:02+00:00","author":{"@id":"https:\/\/www.noticiasradioreflejos.com.ar\/2021\/#\/schema\/person\/ad82545263dcc5ec0996818884fd5fb1"},"breadcrumb":{"@id":"https:\/\/www.noticiasradioreflejos.com.ar\/2021\/lo-hicieron-muy-conscientes-con-ganas-la-identidad-quedo-bien-marcada\/#breadcrumb"},"inLanguage":"es","potentialAction":[{"@type":"ReadAction","target":["https:\/\/www.noticiasradioreflejos.com.ar\/2021\/lo-hicieron-muy-conscientes-con-ganas-la-identidad-quedo-bien-marcada\/"]}]},{"@type":"ImageObject","inLanguage":"es","@id":"https:\/\/www.noticiasradioreflejos.com.ar\/2021\/lo-hicieron-muy-conscientes-con-ganas-la-identidad-quedo-bien-marcada\/#primaryimage","url":"http:\/\/farm1.staticflickr.com\/952\/41949835692_9fb5b6c172.jpg","contentUrl":"http:\/\/farm1.staticflickr.com\/952\/41949835692_9fb5b6c172.jpg"},{"@type":"BreadcrumbList","@id":"https:\/\/www.noticiasradioreflejos.com.ar\/2021\/lo-hicieron-muy-conscientes-con-ganas-la-identidad-quedo-bien-marcada\/#breadcrumb","itemListElement":[{"@type":"ListItem","position":1,"name":"Portada","item":"https:\/\/www.noticiasradioreflejos.com.ar\/2021\/"},{"@type":"ListItem","position":2,"name":"&quot;Lo hicieron muy conscientes, con ganas, la identidad quedo bien marcada&quot;"}]},{"@type":"WebSite","@id":"https:\/\/www.noticiasradioreflejos.com.ar\/2021\/#website","url":"https:\/\/www.noticiasradioreflejos.com.ar\/2021\/","name":"Noticias Radio Reflejos","description":"Las noticias de mi comarca","potentialAction":[{"@type":"SearchAction","target":{"@type":"EntryPoint","urlTemplate":"https:\/\/www.noticiasradioreflejos.com.ar\/2021\/?s={search_term_string}"},"query-input":{"@type":"PropertyValueSpecification","valueRequired":true,"valueName":"search_term_string"}}],"inLanguage":"es"},{"@type":"Person","@id":"https:\/\/www.noticiasradioreflejos.com.ar\/2021\/#\/schema\/person\/ad82545263dcc5ec0996818884fd5fb1","name":"Arnaldo Botto","image":{"@type":"ImageObject","inLanguage":"es","@id":"https:\/\/www.noticiasradioreflejos.com.ar\/2021\/#\/schema\/person\/image\/","url":"https:\/\/secure.gravatar.com\/avatar\/55cb5e37c1efa326397366e6974cb338056df65cb50e7d64d1cf314e87504837?s=96&d=mm&r=g","contentUrl":"https:\/\/secure.gravatar.com\/avatar\/55cb5e37c1efa326397366e6974cb338056df65cb50e7d64d1cf314e87504837?s=96&d=mm&r=g","caption":"Arnaldo Botto"},"url":"https:\/\/www.noticiasradioreflejos.com.ar\/2021\/author\/arnaldo\/"}]}},"_links":{"self":[{"href":"https:\/\/www.noticiasradioreflejos.com.ar\/2021\/wp-json\/wp\/v2\/posts\/21461","targetHints":{"allow":["GET"]}}],"collection":[{"href":"https:\/\/www.noticiasradioreflejos.com.ar\/2021\/wp-json\/wp\/v2\/posts"}],"about":[{"href":"https:\/\/www.noticiasradioreflejos.com.ar\/2021\/wp-json\/wp\/v2\/types\/post"}],"author":[{"embeddable":true,"href":"https:\/\/www.noticiasradioreflejos.com.ar\/2021\/wp-json\/wp\/v2\/users\/3"}],"replies":[{"embeddable":true,"href":"https:\/\/www.noticiasradioreflejos.com.ar\/2021\/wp-json\/wp\/v2\/comments?post=21461"}],"version-history":[{"count":0,"href":"https:\/\/www.noticiasradioreflejos.com.ar\/2021\/wp-json\/wp\/v2\/posts\/21461\/revisions"}],"wp:attachment":[{"href":"https:\/\/www.noticiasradioreflejos.com.ar\/2021\/wp-json\/wp\/v2\/media?parent=21461"}],"wp:term":[{"taxonomy":"category","embeddable":true,"href":"https:\/\/www.noticiasradioreflejos.com.ar\/2021\/wp-json\/wp\/v2\/categories?post=21461"},{"taxonomy":"post_tag","embeddable":true,"href":"https:\/\/www.noticiasradioreflejos.com.ar\/2021\/wp-json\/wp\/v2\/tags?post=21461"}],"curies":[{"name":"wp","href":"https:\/\/api.w.org\/{rel}","templated":true}]}}