{"id":21458,"date":"2018-05-10T16:27:07","date_gmt":"2018-05-10T19:27:07","guid":{"rendered":"http:\/\/www.noticiasradioreflejos.com.ar\/noticias\/?p=21458"},"modified":"2018-05-10T16:27:07","modified_gmt":"2018-05-10T19:27:07","slug":"arte-y-lectura-contra-la-violencia-de-genero-capacitacion-docente-en-esi","status":"publish","type":"post","link":"https:\/\/www.noticiasradioreflejos.com.ar\/2021\/arte-y-lectura-contra-la-violencia-de-genero-capacitacion-docente-en-esi\/","title":{"rendered":"Arte y lectura contra la Violencia de g\u00e9nero: Capacitaci\u00f3n docente en ESI"},"content":{"rendered":"<p style=\"font-weight: 400;\">El Profesor y Licenciado en Filosof\u00eda\u00a0Sandro Emanuel Ulloa de Bah\u00eda Blanca,\u00a0estar\u00e1 en Villa Ventana este fin de semana invitado por la Biblioteca Popular Macedonio Fern\u00e1ndez en el marco del proyecto Arte y Lectura contra la Violencia de G\u00e9nero aprobado por Conabip.<\/p>\n<p><!--more--><\/p>\n<p style=\"font-weight: 400;\"><strong>&gt;&gt;<u>Actividad para el viernes 11 de mayo<\/u>\u00a0\u2013 Escuela Secundaria CEPT N\u00b012 de Villa Ventana 9 hs.<\/strong><\/p>\n<p style=\"font-weight: 400;\"><strong>Contenido a abordar<\/strong>:\u00a0 _Los estereotipos de g\u00e9nero en la adolescencia.<\/p>\n<p style=\"font-weight: 400;\">\u00a0_Los medios de comunicaci\u00f3n y la violencia.<\/p>\n<p style=\"font-weight: 400;\">\u00a0<u>Destinatarias\/os y part\u00edcipes de la actividad<\/u>: estudiantes de las Escuelas Secundarias de la Comarca Serrana<\/p>\n<p>&gt;&gt;<strong><u>Actividad para el s\u00e1bado 12 de mayo en las instalaciones de la Biblioteca Popular<\/u>: Capacitaci\u00f3n Docente en ESI. Todos los niveles<\/strong><br \/>\n<u>Destinatarias\/os<\/u>: docentes\u00a0 y p\u00fablico adulto interesado en la tem\u00e1tica<br \/>\n<u>Objetivos:<\/u><\/p>\n<ul>\n<li>Presentar e informar sobre las principales dimensiones de trabajo de la Educaci\u00f3n Sexual Integral, desde las leyes 26.150 y 14.744<\/li>\n<li>Brindar herramientas conceptuales para el abordaje de la Esi en el aula<\/li>\n<li>Proponer y discutir enfoques, paradigmas y aportes te\u00f3ricos en torno a la Esi en la escuela<\/li>\n<li>Conocer y analizar secuencias did\u00e1cticas y materiales \u00e1ulicos para el trabajo en el aula con la Esi<\/li>\n<\/ul>\n<p style=\"font-weight: 400;\"><strong>Entrada libre y gratuita.<\/strong><\/p>\n","protected":false},"excerpt":{"rendered":"<p>El Profesor y Licenciado en Filosof\u00eda\u00a0Sandro Emanuel Ulloa de Bah\u00eda Blanca,\u00a0estar\u00e1 en Villa Ventana este fin de semana invitado por la Biblioteca Popular Macedonio Fern\u00e1ndez en el marco del proyecto Arte y Lectura contra la Violencia de G\u00e9nero aprobado por Conabip.<\/p>\n","protected":false},"author":3,"featured_media":0,"comment_status":"closed","ping_status":"open","sticky":false,"template":"","format":"standard","meta":{"footnotes":""},"categories":[35],"tags":[],"class_list":["post-21458","post","type-post","status-publish","format-standard","hentry","category-cultura"],"yoast_head":"<!-- This site is optimized with the Yoast SEO plugin v25.9 - https:\/\/yoast.com\/wordpress\/plugins\/seo\/ -->\n<title>Arte y lectura contra la Violencia de g\u00e9nero: Capacitaci\u00f3n docente en ESI - Noticias Radio Reflejos<\/title>\n<meta name=\"robots\" content=\"index, follow, max-snippet:-1, max-image-preview:large, max-video-preview:-1\" \/>\n<link rel=\"canonical\" href=\"https:\/\/www.noticiasradioreflejos.com.ar\/2021\/arte-y-lectura-contra-la-violencia-de-genero-capacitacion-docente-en-esi\/\" \/>\n<meta property=\"og:locale\" content=\"es_ES\" \/>\n<meta property=\"og:type\" content=\"article\" \/>\n<meta property=\"og:title\" content=\"Arte y lectura contra la Violencia de g\u00e9nero: Capacitaci\u00f3n docente en ESI - Noticias Radio Reflejos\" \/>\n<meta property=\"og:description\" content=\"El Profesor y Licenciado en Filosof\u00eda\u00a0Sandro Emanuel Ulloa de Bah\u00eda Blanca,\u00a0estar\u00e1 en Villa Ventana este fin de semana invitado por la Biblioteca Popular Macedonio Fern\u00e1ndez en el marco del proyecto Arte y Lectura contra la Violencia de G\u00e9nero aprobado por Conabip.\" \/>\n<meta property=\"og:url\" content=\"https:\/\/www.noticiasradioreflejos.com.ar\/2021\/arte-y-lectura-contra-la-violencia-de-genero-capacitacion-docente-en-esi\/\" \/>\n<meta property=\"og:site_name\" content=\"Noticias Radio Reflejos\" \/>\n<meta property=\"article:published_time\" content=\"2018-05-10T19:27:07+00:00\" \/>\n<meta property=\"og:image\" content=\"https:\/\/www.noticiasradioreflejos.com.ar\/2021\/wp-content\/uploads\/2021\/07\/logosol300x200.png\" \/>\n\t<meta property=\"og:image:width\" content=\"300\" \/>\n\t<meta property=\"og:image:height\" content=\"200\" \/>\n\t<meta property=\"og:image:type\" content=\"image\/png\" \/>\n<meta name=\"author\" content=\"Arnaldo Botto\" \/>\n<meta name=\"twitter:card\" content=\"summary_large_image\" \/>\n<script type=\"application\/ld+json\" class=\"yoast-schema-graph\">{\"@context\":\"https:\/\/schema.org\",\"@graph\":[{\"@type\":\"WebPage\",\"@id\":\"https:\/\/www.noticiasradioreflejos.com.ar\/2021\/arte-y-lectura-contra-la-violencia-de-genero-capacitacion-docente-en-esi\/\",\"url\":\"https:\/\/www.noticiasradioreflejos.com.ar\/2021\/arte-y-lectura-contra-la-violencia-de-genero-capacitacion-docente-en-esi\/\",\"name\":\"Arte y lectura contra la Violencia de g\u00e9nero: Capacitaci\u00f3n docente en ESI - Noticias Radio Reflejos\",\"isPartOf\":{\"@id\":\"https:\/\/www.noticiasradioreflejos.com.ar\/2021\/#website\"},\"datePublished\":\"2018-05-10T19:27:07+00:00\",\"author\":{\"@id\":\"https:\/\/www.noticiasradioreflejos.com.ar\/2021\/#\/schema\/person\/ad82545263dcc5ec0996818884fd5fb1\"},\"breadcrumb\":{\"@id\":\"https:\/\/www.noticiasradioreflejos.com.ar\/2021\/arte-y-lectura-contra-la-violencia-de-genero-capacitacion-docente-en-esi\/#breadcrumb\"},\"inLanguage\":\"es\",\"potentialAction\":[{\"@type\":\"ReadAction\",\"target\":[\"https:\/\/www.noticiasradioreflejos.com.ar\/2021\/arte-y-lectura-contra-la-violencia-de-genero-capacitacion-docente-en-esi\/\"]}]},{\"@type\":\"BreadcrumbList\",\"@id\":\"https:\/\/www.noticiasradioreflejos.com.ar\/2021\/arte-y-lectura-contra-la-violencia-de-genero-capacitacion-docente-en-esi\/#breadcrumb\",\"itemListElement\":[{\"@type\":\"ListItem\",\"position\":1,\"name\":\"Portada\",\"item\":\"https:\/\/www.noticiasradioreflejos.com.ar\/2021\/\"},{\"@type\":\"ListItem\",\"position\":2,\"name\":\"Arte y lectura contra la Violencia de g\u00e9nero: Capacitaci\u00f3n docente en ESI\"}]},{\"@type\":\"WebSite\",\"@id\":\"https:\/\/www.noticiasradioreflejos.com.ar\/2021\/#website\",\"url\":\"https:\/\/www.noticiasradioreflejos.com.ar\/2021\/\",\"name\":\"Noticias Radio Reflejos\",\"description\":\"Las noticias de mi comarca\",\"potentialAction\":[{\"@type\":\"SearchAction\",\"target\":{\"@type\":\"EntryPoint\",\"urlTemplate\":\"https:\/\/www.noticiasradioreflejos.com.ar\/2021\/?s={search_term_string}\"},\"query-input\":{\"@type\":\"PropertyValueSpecification\",\"valueRequired\":true,\"valueName\":\"search_term_string\"}}],\"inLanguage\":\"es\"},{\"@type\":\"Person\",\"@id\":\"https:\/\/www.noticiasradioreflejos.com.ar\/2021\/#\/schema\/person\/ad82545263dcc5ec0996818884fd5fb1\",\"name\":\"Arnaldo Botto\",\"image\":{\"@type\":\"ImageObject\",\"inLanguage\":\"es\",\"@id\":\"https:\/\/www.noticiasradioreflejos.com.ar\/2021\/#\/schema\/person\/image\/\",\"url\":\"https:\/\/secure.gravatar.com\/avatar\/55cb5e37c1efa326397366e6974cb338056df65cb50e7d64d1cf314e87504837?s=96&d=mm&r=g\",\"contentUrl\":\"https:\/\/secure.gravatar.com\/avatar\/55cb5e37c1efa326397366e6974cb338056df65cb50e7d64d1cf314e87504837?s=96&d=mm&r=g\",\"caption\":\"Arnaldo Botto\"},\"url\":\"https:\/\/www.noticiasradioreflejos.com.ar\/2021\/author\/arnaldo\/\"}]}<\/script>\n<!-- \/ Yoast SEO plugin. -->","yoast_head_json":{"title":"Arte y lectura contra la Violencia de g\u00e9nero: Capacitaci\u00f3n docente en ESI - Noticias Radio Reflejos","robots":{"index":"index","follow":"follow","max-snippet":"max-snippet:-1","max-image-preview":"max-image-preview:large","max-video-preview":"max-video-preview:-1"},"canonical":"https:\/\/www.noticiasradioreflejos.com.ar\/2021\/arte-y-lectura-contra-la-violencia-de-genero-capacitacion-docente-en-esi\/","og_locale":"es_ES","og_type":"article","og_title":"Arte y lectura contra la Violencia de g\u00e9nero: Capacitaci\u00f3n docente en ESI - Noticias Radio Reflejos","og_description":"El Profesor y Licenciado en Filosof\u00eda\u00a0Sandro Emanuel Ulloa de Bah\u00eda Blanca,\u00a0estar\u00e1 en Villa Ventana este fin de semana invitado por la Biblioteca Popular Macedonio Fern\u00e1ndez en el marco del proyecto Arte y Lectura contra la Violencia de G\u00e9nero aprobado por Conabip.","og_url":"https:\/\/www.noticiasradioreflejos.com.ar\/2021\/arte-y-lectura-contra-la-violencia-de-genero-capacitacion-docente-en-esi\/","og_site_name":"Noticias Radio Reflejos","article_published_time":"2018-05-10T19:27:07+00:00","og_image":[{"width":300,"height":200,"url":"https:\/\/www.noticiasradioreflejos.com.ar\/2021\/wp-content\/uploads\/2021\/07\/logosol300x200.png","type":"image\/png"}],"author":"Arnaldo Botto","twitter_card":"summary_large_image","schema":{"@context":"https:\/\/schema.org","@graph":[{"@type":"WebPage","@id":"https:\/\/www.noticiasradioreflejos.com.ar\/2021\/arte-y-lectura-contra-la-violencia-de-genero-capacitacion-docente-en-esi\/","url":"https:\/\/www.noticiasradioreflejos.com.ar\/2021\/arte-y-lectura-contra-la-violencia-de-genero-capacitacion-docente-en-esi\/","name":"Arte y lectura contra la Violencia de g\u00e9nero: Capacitaci\u00f3n docente en ESI - Noticias Radio Reflejos","isPartOf":{"@id":"https:\/\/www.noticiasradioreflejos.com.ar\/2021\/#website"},"datePublished":"2018-05-10T19:27:07+00:00","author":{"@id":"https:\/\/www.noticiasradioreflejos.com.ar\/2021\/#\/schema\/person\/ad82545263dcc5ec0996818884fd5fb1"},"breadcrumb":{"@id":"https:\/\/www.noticiasradioreflejos.com.ar\/2021\/arte-y-lectura-contra-la-violencia-de-genero-capacitacion-docente-en-esi\/#breadcrumb"},"inLanguage":"es","potentialAction":[{"@type":"ReadAction","target":["https:\/\/www.noticiasradioreflejos.com.ar\/2021\/arte-y-lectura-contra-la-violencia-de-genero-capacitacion-docente-en-esi\/"]}]},{"@type":"BreadcrumbList","@id":"https:\/\/www.noticiasradioreflejos.com.ar\/2021\/arte-y-lectura-contra-la-violencia-de-genero-capacitacion-docente-en-esi\/#breadcrumb","itemListElement":[{"@type":"ListItem","position":1,"name":"Portada","item":"https:\/\/www.noticiasradioreflejos.com.ar\/2021\/"},{"@type":"ListItem","position":2,"name":"Arte y lectura contra la Violencia de g\u00e9nero: Capacitaci\u00f3n docente en ESI"}]},{"@type":"WebSite","@id":"https:\/\/www.noticiasradioreflejos.com.ar\/2021\/#website","url":"https:\/\/www.noticiasradioreflejos.com.ar\/2021\/","name":"Noticias Radio Reflejos","description":"Las noticias de mi comarca","potentialAction":[{"@type":"SearchAction","target":{"@type":"EntryPoint","urlTemplate":"https:\/\/www.noticiasradioreflejos.com.ar\/2021\/?s={search_term_string}"},"query-input":{"@type":"PropertyValueSpecification","valueRequired":true,"valueName":"search_term_string"}}],"inLanguage":"es"},{"@type":"Person","@id":"https:\/\/www.noticiasradioreflejos.com.ar\/2021\/#\/schema\/person\/ad82545263dcc5ec0996818884fd5fb1","name":"Arnaldo Botto","image":{"@type":"ImageObject","inLanguage":"es","@id":"https:\/\/www.noticiasradioreflejos.com.ar\/2021\/#\/schema\/person\/image\/","url":"https:\/\/secure.gravatar.com\/avatar\/55cb5e37c1efa326397366e6974cb338056df65cb50e7d64d1cf314e87504837?s=96&d=mm&r=g","contentUrl":"https:\/\/secure.gravatar.com\/avatar\/55cb5e37c1efa326397366e6974cb338056df65cb50e7d64d1cf314e87504837?s=96&d=mm&r=g","caption":"Arnaldo Botto"},"url":"https:\/\/www.noticiasradioreflejos.com.ar\/2021\/author\/arnaldo\/"}]}},"_links":{"self":[{"href":"https:\/\/www.noticiasradioreflejos.com.ar\/2021\/wp-json\/wp\/v2\/posts\/21458","targetHints":{"allow":["GET"]}}],"collection":[{"href":"https:\/\/www.noticiasradioreflejos.com.ar\/2021\/wp-json\/wp\/v2\/posts"}],"about":[{"href":"https:\/\/www.noticiasradioreflejos.com.ar\/2021\/wp-json\/wp\/v2\/types\/post"}],"author":[{"embeddable":true,"href":"https:\/\/www.noticiasradioreflejos.com.ar\/2021\/wp-json\/wp\/v2\/users\/3"}],"replies":[{"embeddable":true,"href":"https:\/\/www.noticiasradioreflejos.com.ar\/2021\/wp-json\/wp\/v2\/comments?post=21458"}],"version-history":[{"count":0,"href":"https:\/\/www.noticiasradioreflejos.com.ar\/2021\/wp-json\/wp\/v2\/posts\/21458\/revisions"}],"wp:attachment":[{"href":"https:\/\/www.noticiasradioreflejos.com.ar\/2021\/wp-json\/wp\/v2\/media?parent=21458"}],"wp:term":[{"taxonomy":"category","embeddable":true,"href":"https:\/\/www.noticiasradioreflejos.com.ar\/2021\/wp-json\/wp\/v2\/categories?post=21458"},{"taxonomy":"post_tag","embeddable":true,"href":"https:\/\/www.noticiasradioreflejos.com.ar\/2021\/wp-json\/wp\/v2\/tags?post=21458"}],"curies":[{"name":"wp","href":"https:\/\/api.w.org\/{rel}","templated":true}]}}