{"id":21452,"date":"2018-05-10T16:16:05","date_gmt":"2018-05-10T19:16:05","guid":{"rendered":"http:\/\/www.noticiasradioreflejos.com.ar\/noticias\/?p=21452"},"modified":"2018-05-10T16:16:05","modified_gmt":"2018-05-10T19:16:05","slug":"apertura-de-temporada-banda-sinfonica-bahia-blanca","status":"publish","type":"post","link":"https:\/\/www.noticiasradioreflejos.com.ar\/2021\/apertura-de-temporada-banda-sinfonica-bahia-blanca\/","title":{"rendered":"Apertura de temporada, banda sinf\u00f3nica Bah\u00eda Blanca"},"content":{"rendered":"<p>El\u00a0<b>pr\u00f3ximo martes 15 de mayo<\/b>, a las 21hs., en el\u00a0<b>Teatro Municipal<\/b>, la\u00a0<b>Banda Sinf\u00f3nica de Bah\u00eda Blanca\u00a0<\/b>presentar\u00e1 su funci\u00f3n de apertura de temporada con un concierto titulado\u00a0<b>\u00abREPERTORIO UNIVERSAL\u00bb<\/b>.<!--more--><br \/>\n<a title=\"banda sinfonica bahia blanca2\" href=\"http:\/\/farm1.staticflickr.com\/971\/40215777050_82ec6e8be9_z.jpg\" rel=\"\"><img loading=\"lazy\" decoding=\"async\" class=\"aligncenter\" title=\"banda sinfonica bahia blanca2\" src=\"http:\/\/farm1.staticflickr.com\/971\/40215777050_82ec6e8be9_z.jpg\" alt=\"banda sinfonica bahia blanca2\" width=\"640\" height=\"434\" \/><\/a><br \/>\nUn programa integrado por piezas cl\u00e1sicas y populares de autores de Norteam\u00e9rica, Inglaterra, Espa\u00f1a, Francia y Argentina. Obras universales, muy atractivas y para todo p\u00fablico.<br \/>\nDirector:<b>\u00a0Patricio Pinto Loyola\u00a0<\/b><br \/>\nPresentaci\u00f3n y relatos:\u00a0<b>Eduardo Gonz\u00e1lez Mart\u00ednez<\/b><br \/>\n<b>Valor de la entrada general: $50\u00a0<\/b><br \/>\nGratuita para los socios de la Asociaci\u00f3n Filarm\u00f3nica de Bah\u00eda Blanca<br \/>\nOrganiza: Asociaci\u00f3n Filarm\u00f3nica de Bahia Blanca<br \/>\n<b>Asociaci\u00f3n Civil, de Bien P\u00fablico, sin fines de lucro<\/b><\/p>\n<div><span style=\"color: #1d2129; font-family: Helvetica, Arial, sans-serif;\">\u00a0<\/span><\/div>\n<div><span style=\"color: #1d2129; font-family: Helvetica, Arial, sans-serif;\"><b>\u00a0<\/b><\/span><\/div>\n<div><span style=\"color: #1d2129; font-family: Helvetica, Arial, sans-serif;\"><b>PR\u00d3XIMOS CONCIERTOS:\u00a0<\/b><\/span><\/div>\n<div>S\u00e1bado 19 de mayo: Teatro Espa\u00f1ol (Coronel Pringles)<\/div>\n<div><span style=\"color: #1d2129; font-family: Helvetica, Arial, sans-serif;\">Jueves 31 de mayo: Teatro Municipal Bah\u00eda Blanca\u00a0<\/span><\/div>\n<div><span style=\"color: #1d2129; font-family: Helvetica, Arial, sans-serif;\">(Gala 30\u00ba Aniversaio Colegio de Ingenieros)<\/span><\/div>\n<div><span style=\"color: #1d2129; font-family: Helvetica, Arial, sans-serif;\">\u00a0<\/span><\/div>\n<div><span style=\"color: #1d2129; font-family: Helvetica, Arial, sans-serif;\"><b>M\u00e1s de nuestra Asociaci\u00f3n (y fotos)\u00a0<\/b><a href=\"https:\/\/www.asociacionfilarmonica.com\/\" target=\"_blank\" rel=\"noopener noreferrer\">https:\/\/www.<wbr \/>asociacionfilarmonica.com<\/a><\/span><\/div>\n<div><span style=\"color: #1d2129; font-family: Helvetica, Arial, sans-serif;\"><b>Evento en facebook<\/b>:\u00a0<\/span><\/div>\n<div><span style=\"color: #1d2129; font-family: Helvetica, Arial, sans-serif;\"><a href=\"https:\/\/www.facebook.com\/events\/609762879376126\/permalink\/609769439375470\/\" target=\"_blank\" rel=\"noopener noreferrer\">https:\/\/www.facebook.com\/<wbr \/>events\/609762879376126\/<wbr \/>permalink\/609769439375470\/<\/a><\/span><\/div>\n<div><span style=\"color: #1d2129; font-family: Helvetica, Arial, sans-serif;\"><b>Videos en\u00a0<\/b><a href=\"https:\/\/www.youtube.com\/channel\/UCcOlUoL63WdLq1xaBDpo-rA\" target=\"_blank\" rel=\"noopener noreferrer\">https:\/\/www.youtube.com\/<wbr \/>channel\/UCcOlUoL63WdLq1xaBDpo-<wbr \/>rA<\/a><\/span><\/div>\n","protected":false},"excerpt":{"rendered":"<p>El\u00a0pr\u00f3ximo martes 15 de mayo, a las 21hs., en el\u00a0Teatro Municipal, la\u00a0Banda Sinf\u00f3nica de Bah\u00eda Blanca\u00a0presentar\u00e1 su funci\u00f3n de apertura de temporada con un concierto titulado\u00a0\u00abREPERTORIO UNIVERSAL\u00bb.<\/p>\n","protected":false},"author":3,"featured_media":0,"comment_status":"closed","ping_status":"open","sticky":false,"template":"","format":"standard","meta":{"footnotes":""},"categories":[35],"tags":[],"class_list":["post-21452","post","type-post","status-publish","format-standard","hentry","category-cultura"],"yoast_head":"<!-- This site is optimized with the Yoast SEO plugin v25.9 - https:\/\/yoast.com\/wordpress\/plugins\/seo\/ -->\n<title>Apertura de temporada, banda sinf\u00f3nica Bah\u00eda Blanca - Noticias Radio Reflejos<\/title>\n<meta name=\"robots\" content=\"index, follow, max-snippet:-1, max-image-preview:large, max-video-preview:-1\" \/>\n<link rel=\"canonical\" href=\"https:\/\/www.noticiasradioreflejos.com.ar\/2021\/apertura-de-temporada-banda-sinfonica-bahia-blanca\/\" \/>\n<meta property=\"og:locale\" content=\"es_ES\" \/>\n<meta property=\"og:type\" content=\"article\" \/>\n<meta property=\"og:title\" content=\"Apertura de temporada, banda sinf\u00f3nica Bah\u00eda Blanca - Noticias Radio Reflejos\" \/>\n<meta property=\"og:description\" content=\"El\u00a0pr\u00f3ximo martes 15 de mayo, a las 21hs., en el\u00a0Teatro Municipal, la\u00a0Banda Sinf\u00f3nica de Bah\u00eda Blanca\u00a0presentar\u00e1 su funci\u00f3n de apertura de temporada con un concierto titulado\u00a0\u00abREPERTORIO UNIVERSAL\u00bb.\" \/>\n<meta property=\"og:url\" content=\"https:\/\/www.noticiasradioreflejos.com.ar\/2021\/apertura-de-temporada-banda-sinfonica-bahia-blanca\/\" \/>\n<meta property=\"og:site_name\" content=\"Noticias Radio Reflejos\" \/>\n<meta property=\"article:published_time\" content=\"2018-05-10T19:16:05+00:00\" \/>\n<meta property=\"og:image\" content=\"http:\/\/farm1.staticflickr.com\/971\/40215777050_82ec6e8be9_z.jpg\" \/>\n<meta name=\"author\" content=\"Arnaldo Botto\" \/>\n<meta name=\"twitter:card\" content=\"summary_large_image\" \/>\n<script type=\"application\/ld+json\" class=\"yoast-schema-graph\">{\"@context\":\"https:\/\/schema.org\",\"@graph\":[{\"@type\":\"WebPage\",\"@id\":\"https:\/\/www.noticiasradioreflejos.com.ar\/2021\/apertura-de-temporada-banda-sinfonica-bahia-blanca\/\",\"url\":\"https:\/\/www.noticiasradioreflejos.com.ar\/2021\/apertura-de-temporada-banda-sinfonica-bahia-blanca\/\",\"name\":\"Apertura de temporada, banda sinf\u00f3nica Bah\u00eda Blanca - Noticias Radio Reflejos\",\"isPartOf\":{\"@id\":\"https:\/\/www.noticiasradioreflejos.com.ar\/2021\/#website\"},\"primaryImageOfPage\":{\"@id\":\"https:\/\/www.noticiasradioreflejos.com.ar\/2021\/apertura-de-temporada-banda-sinfonica-bahia-blanca\/#primaryimage\"},\"image\":{\"@id\":\"https:\/\/www.noticiasradioreflejos.com.ar\/2021\/apertura-de-temporada-banda-sinfonica-bahia-blanca\/#primaryimage\"},\"thumbnailUrl\":\"http:\/\/farm1.staticflickr.com\/971\/40215777050_82ec6e8be9_z.jpg\",\"datePublished\":\"2018-05-10T19:16:05+00:00\",\"author\":{\"@id\":\"https:\/\/www.noticiasradioreflejos.com.ar\/2021\/#\/schema\/person\/ad82545263dcc5ec0996818884fd5fb1\"},\"breadcrumb\":{\"@id\":\"https:\/\/www.noticiasradioreflejos.com.ar\/2021\/apertura-de-temporada-banda-sinfonica-bahia-blanca\/#breadcrumb\"},\"inLanguage\":\"es\",\"potentialAction\":[{\"@type\":\"ReadAction\",\"target\":[\"https:\/\/www.noticiasradioreflejos.com.ar\/2021\/apertura-de-temporada-banda-sinfonica-bahia-blanca\/\"]}]},{\"@type\":\"ImageObject\",\"inLanguage\":\"es\",\"@id\":\"https:\/\/www.noticiasradioreflejos.com.ar\/2021\/apertura-de-temporada-banda-sinfonica-bahia-blanca\/#primaryimage\",\"url\":\"http:\/\/farm1.staticflickr.com\/971\/40215777050_82ec6e8be9_z.jpg\",\"contentUrl\":\"http:\/\/farm1.staticflickr.com\/971\/40215777050_82ec6e8be9_z.jpg\"},{\"@type\":\"BreadcrumbList\",\"@id\":\"https:\/\/www.noticiasradioreflejos.com.ar\/2021\/apertura-de-temporada-banda-sinfonica-bahia-blanca\/#breadcrumb\",\"itemListElement\":[{\"@type\":\"ListItem\",\"position\":1,\"name\":\"Portada\",\"item\":\"https:\/\/www.noticiasradioreflejos.com.ar\/2021\/\"},{\"@type\":\"ListItem\",\"position\":2,\"name\":\"Apertura de temporada, banda sinf\u00f3nica Bah\u00eda Blanca\"}]},{\"@type\":\"WebSite\",\"@id\":\"https:\/\/www.noticiasradioreflejos.com.ar\/2021\/#website\",\"url\":\"https:\/\/www.noticiasradioreflejos.com.ar\/2021\/\",\"name\":\"Noticias Radio Reflejos\",\"description\":\"Las noticias de mi comarca\",\"potentialAction\":[{\"@type\":\"SearchAction\",\"target\":{\"@type\":\"EntryPoint\",\"urlTemplate\":\"https:\/\/www.noticiasradioreflejos.com.ar\/2021\/?s={search_term_string}\"},\"query-input\":{\"@type\":\"PropertyValueSpecification\",\"valueRequired\":true,\"valueName\":\"search_term_string\"}}],\"inLanguage\":\"es\"},{\"@type\":\"Person\",\"@id\":\"https:\/\/www.noticiasradioreflejos.com.ar\/2021\/#\/schema\/person\/ad82545263dcc5ec0996818884fd5fb1\",\"name\":\"Arnaldo Botto\",\"image\":{\"@type\":\"ImageObject\",\"inLanguage\":\"es\",\"@id\":\"https:\/\/www.noticiasradioreflejos.com.ar\/2021\/#\/schema\/person\/image\/\",\"url\":\"https:\/\/secure.gravatar.com\/avatar\/55cb5e37c1efa326397366e6974cb338056df65cb50e7d64d1cf314e87504837?s=96&d=mm&r=g\",\"contentUrl\":\"https:\/\/secure.gravatar.com\/avatar\/55cb5e37c1efa326397366e6974cb338056df65cb50e7d64d1cf314e87504837?s=96&d=mm&r=g\",\"caption\":\"Arnaldo Botto\"},\"url\":\"https:\/\/www.noticiasradioreflejos.com.ar\/2021\/author\/arnaldo\/\"}]}<\/script>\n<!-- \/ Yoast SEO plugin. -->","yoast_head_json":{"title":"Apertura de temporada, banda sinf\u00f3nica Bah\u00eda Blanca - Noticias Radio Reflejos","robots":{"index":"index","follow":"follow","max-snippet":"max-snippet:-1","max-image-preview":"max-image-preview:large","max-video-preview":"max-video-preview:-1"},"canonical":"https:\/\/www.noticiasradioreflejos.com.ar\/2021\/apertura-de-temporada-banda-sinfonica-bahia-blanca\/","og_locale":"es_ES","og_type":"article","og_title":"Apertura de temporada, banda sinf\u00f3nica Bah\u00eda Blanca - Noticias Radio Reflejos","og_description":"El\u00a0pr\u00f3ximo martes 15 de mayo, a las 21hs., en el\u00a0Teatro Municipal, la\u00a0Banda Sinf\u00f3nica de Bah\u00eda Blanca\u00a0presentar\u00e1 su funci\u00f3n de apertura de temporada con un concierto titulado\u00a0\u00abREPERTORIO UNIVERSAL\u00bb.","og_url":"https:\/\/www.noticiasradioreflejos.com.ar\/2021\/apertura-de-temporada-banda-sinfonica-bahia-blanca\/","og_site_name":"Noticias Radio Reflejos","article_published_time":"2018-05-10T19:16:05+00:00","og_image":[{"url":"http:\/\/farm1.staticflickr.com\/971\/40215777050_82ec6e8be9_z.jpg","type":"","width":"","height":""}],"author":"Arnaldo Botto","twitter_card":"summary_large_image","schema":{"@context":"https:\/\/schema.org","@graph":[{"@type":"WebPage","@id":"https:\/\/www.noticiasradioreflejos.com.ar\/2021\/apertura-de-temporada-banda-sinfonica-bahia-blanca\/","url":"https:\/\/www.noticiasradioreflejos.com.ar\/2021\/apertura-de-temporada-banda-sinfonica-bahia-blanca\/","name":"Apertura de temporada, banda sinf\u00f3nica Bah\u00eda Blanca - Noticias Radio Reflejos","isPartOf":{"@id":"https:\/\/www.noticiasradioreflejos.com.ar\/2021\/#website"},"primaryImageOfPage":{"@id":"https:\/\/www.noticiasradioreflejos.com.ar\/2021\/apertura-de-temporada-banda-sinfonica-bahia-blanca\/#primaryimage"},"image":{"@id":"https:\/\/www.noticiasradioreflejos.com.ar\/2021\/apertura-de-temporada-banda-sinfonica-bahia-blanca\/#primaryimage"},"thumbnailUrl":"http:\/\/farm1.staticflickr.com\/971\/40215777050_82ec6e8be9_z.jpg","datePublished":"2018-05-10T19:16:05+00:00","author":{"@id":"https:\/\/www.noticiasradioreflejos.com.ar\/2021\/#\/schema\/person\/ad82545263dcc5ec0996818884fd5fb1"},"breadcrumb":{"@id":"https:\/\/www.noticiasradioreflejos.com.ar\/2021\/apertura-de-temporada-banda-sinfonica-bahia-blanca\/#breadcrumb"},"inLanguage":"es","potentialAction":[{"@type":"ReadAction","target":["https:\/\/www.noticiasradioreflejos.com.ar\/2021\/apertura-de-temporada-banda-sinfonica-bahia-blanca\/"]}]},{"@type":"ImageObject","inLanguage":"es","@id":"https:\/\/www.noticiasradioreflejos.com.ar\/2021\/apertura-de-temporada-banda-sinfonica-bahia-blanca\/#primaryimage","url":"http:\/\/farm1.staticflickr.com\/971\/40215777050_82ec6e8be9_z.jpg","contentUrl":"http:\/\/farm1.staticflickr.com\/971\/40215777050_82ec6e8be9_z.jpg"},{"@type":"BreadcrumbList","@id":"https:\/\/www.noticiasradioreflejos.com.ar\/2021\/apertura-de-temporada-banda-sinfonica-bahia-blanca\/#breadcrumb","itemListElement":[{"@type":"ListItem","position":1,"name":"Portada","item":"https:\/\/www.noticiasradioreflejos.com.ar\/2021\/"},{"@type":"ListItem","position":2,"name":"Apertura de temporada, banda sinf\u00f3nica Bah\u00eda Blanca"}]},{"@type":"WebSite","@id":"https:\/\/www.noticiasradioreflejos.com.ar\/2021\/#website","url":"https:\/\/www.noticiasradioreflejos.com.ar\/2021\/","name":"Noticias Radio Reflejos","description":"Las noticias de mi comarca","potentialAction":[{"@type":"SearchAction","target":{"@type":"EntryPoint","urlTemplate":"https:\/\/www.noticiasradioreflejos.com.ar\/2021\/?s={search_term_string}"},"query-input":{"@type":"PropertyValueSpecification","valueRequired":true,"valueName":"search_term_string"}}],"inLanguage":"es"},{"@type":"Person","@id":"https:\/\/www.noticiasradioreflejos.com.ar\/2021\/#\/schema\/person\/ad82545263dcc5ec0996818884fd5fb1","name":"Arnaldo Botto","image":{"@type":"ImageObject","inLanguage":"es","@id":"https:\/\/www.noticiasradioreflejos.com.ar\/2021\/#\/schema\/person\/image\/","url":"https:\/\/secure.gravatar.com\/avatar\/55cb5e37c1efa326397366e6974cb338056df65cb50e7d64d1cf314e87504837?s=96&d=mm&r=g","contentUrl":"https:\/\/secure.gravatar.com\/avatar\/55cb5e37c1efa326397366e6974cb338056df65cb50e7d64d1cf314e87504837?s=96&d=mm&r=g","caption":"Arnaldo Botto"},"url":"https:\/\/www.noticiasradioreflejos.com.ar\/2021\/author\/arnaldo\/"}]}},"_links":{"self":[{"href":"https:\/\/www.noticiasradioreflejos.com.ar\/2021\/wp-json\/wp\/v2\/posts\/21452","targetHints":{"allow":["GET"]}}],"collection":[{"href":"https:\/\/www.noticiasradioreflejos.com.ar\/2021\/wp-json\/wp\/v2\/posts"}],"about":[{"href":"https:\/\/www.noticiasradioreflejos.com.ar\/2021\/wp-json\/wp\/v2\/types\/post"}],"author":[{"embeddable":true,"href":"https:\/\/www.noticiasradioreflejos.com.ar\/2021\/wp-json\/wp\/v2\/users\/3"}],"replies":[{"embeddable":true,"href":"https:\/\/www.noticiasradioreflejos.com.ar\/2021\/wp-json\/wp\/v2\/comments?post=21452"}],"version-history":[{"count":0,"href":"https:\/\/www.noticiasradioreflejos.com.ar\/2021\/wp-json\/wp\/v2\/posts\/21452\/revisions"}],"wp:attachment":[{"href":"https:\/\/www.noticiasradioreflejos.com.ar\/2021\/wp-json\/wp\/v2\/media?parent=21452"}],"wp:term":[{"taxonomy":"category","embeddable":true,"href":"https:\/\/www.noticiasradioreflejos.com.ar\/2021\/wp-json\/wp\/v2\/categories?post=21452"},{"taxonomy":"post_tag","embeddable":true,"href":"https:\/\/www.noticiasradioreflejos.com.ar\/2021\/wp-json\/wp\/v2\/tags?post=21452"}],"curies":[{"name":"wp","href":"https:\/\/api.w.org\/{rel}","templated":true}]}}