{"id":21449,"date":"2018-05-10T10:21:35","date_gmt":"2018-05-10T13:21:35","guid":{"rendered":"http:\/\/www.noticiasradioreflejos.com.ar\/noticias\/?p=21449"},"modified":"2018-05-10T10:21:35","modified_gmt":"2018-05-10T13:21:35","slug":"informe-de-la-sesion-autoconvocada-del-martes-8-de-mayo-del-concejo-deliberante-de-tornquist","status":"publish","type":"post","link":"https:\/\/www.noticiasradioreflejos.com.ar\/2021\/informe-de-la-sesion-autoconvocada-del-martes-8-de-mayo-del-concejo-deliberante-de-tornquist\/","title":{"rendered":"Informe de la sesi\u00f3n autoconvocada del martes 8 de mayo del Concejo Deliberante de Tornquist."},"content":{"rendered":"<p>Los Concejales en reuni\u00f3n de trabajo del d\u00eda 8 de mayo del corriente resolvieron autconvocarse en Sesi\u00f3n Extraordinaria a fin de tratar el Expediente N\u00ba 101\/18 caratulado: \u201cD.E. Modificaci\u00f3n C\u00f3digo Tributario\u201d.<!--more--><br \/>\nSe aprob\u00f3 por unanimidad la Ordenanza Preparatoria N\u00ba 3039\/18 por la que se Incorpora en el Art\u00edculo 78\u00b0, correspondiente a la Tasa por  Habilitaci\u00f3n de Comercio e Industria, dentro del rubro \u201cIndustria\u201d, la actividad \u201cObradores de obras civiles y otras obras en general que requieran espacio f\u00edsico donde instalar equipamiento y maquinarias para llevar adelante sus actividades comerciales o industriales\u201d. El m\u00ednimo de esta actividad ser\u00e1 de $ 10.000 y su c\u00f3mputo estar\u00e1 sujeto a lo prescripto por el Cap\u00edtulo 10 del C\u00f3digo Tributario.<br \/>\nSe incorpora en el Art\u00edculo 117\u00b0, correspondiente a la Tasa por Inspecci\u00f3n de Seguridad e Higiene, dentro del rubro \u201cXI\u2013CONSTRUCCION\u201d la actividad \u201c05-Parques e\u00f3licos, parques solares, sistemas de biog\u00e1s o similares\u201d. La misma tendr\u00e1 una al\u00edcuota de 7%0 (7\/1000) aplicado a la facturaci\u00f3n mensual declarada.<br \/>\nSe incorpora  a continuaci\u00f3n del Art\u00edculo 212\u00b0, como  Art\u00edculo  212\u00b0 bis, correspondiente a la Tasa por Derechos de Construcci\u00f3n, el siguiente texto:<br \/>\n\u201cArt\u00edculo 212\u00b0 bis: Para el caso de obras vinculadas a la actividad \u201c05-Parques e\u00f3licos, parques solares, sistemas de biog\u00e1s o similares\u201d y para otras obras de infraestructura, f\u00e1bricas o industrias, les corresponder\u00e1 tributar sobre la valuaci\u00f3n, para lo cual se aplicar\u00e1 por \u00fanica vez como al\u00edcuota el 2% (2\/100) del total de la inversi\u00f3n final requerida para afrontar la totalidad de la obra. El pago de esta tasa podr\u00e1 financiarse mediante un plan de pago a definir por el D.E. y para su c\u00e1lculo la empresa deber\u00e1 presentar previamente una declaraci\u00f3n jurada firmada indicando el valor de la inversi\u00f3n a realizar con su correspondiente desglose de materiales y servicios.\u201d<br \/>\nHONORABLE CONCEJO DELIBERANTE<\/p>\n","protected":false},"excerpt":{"rendered":"<p>Los Concejales en reuni\u00f3n de trabajo del d\u00eda 8 de mayo del corriente resolvieron autconvocarse en Sesi\u00f3n Extraordinaria a fin de tratar el Expediente N\u00ba 101\/18 caratulado: \u201cD.E. Modificaci\u00f3n C\u00f3digo Tributario\u201d.<\/p>\n","protected":false},"author":3,"featured_media":0,"comment_status":"closed","ping_status":"open","sticky":false,"template":"","format":"standard","meta":{"footnotes":""},"categories":[28],"tags":[],"class_list":["post-21449","post","type-post","status-publish","format-standard","hentry","category-municipales"],"yoast_head":"<!-- This site is optimized with the Yoast SEO plugin v25.9 - https:\/\/yoast.com\/wordpress\/plugins\/seo\/ -->\n<title>Informe de la sesi\u00f3n autoconvocada del martes 8 de mayo del Concejo Deliberante de Tornquist. - Noticias Radio Reflejos<\/title>\n<meta name=\"robots\" content=\"index, follow, max-snippet:-1, max-image-preview:large, max-video-preview:-1\" \/>\n<link rel=\"canonical\" href=\"https:\/\/www.noticiasradioreflejos.com.ar\/2021\/informe-de-la-sesion-autoconvocada-del-martes-8-de-mayo-del-concejo-deliberante-de-tornquist\/\" \/>\n<meta property=\"og:locale\" content=\"es_ES\" \/>\n<meta property=\"og:type\" content=\"article\" \/>\n<meta property=\"og:title\" content=\"Informe de la sesi\u00f3n autoconvocada del martes 8 de mayo del Concejo Deliberante de Tornquist. - Noticias Radio Reflejos\" \/>\n<meta property=\"og:description\" content=\"Los Concejales en reuni\u00f3n de trabajo del d\u00eda 8 de mayo del corriente resolvieron autconvocarse en Sesi\u00f3n Extraordinaria a fin de tratar el Expediente N\u00ba 101\/18 caratulado: \u201cD.E. Modificaci\u00f3n C\u00f3digo Tributario\u201d.\" \/>\n<meta property=\"og:url\" content=\"https:\/\/www.noticiasradioreflejos.com.ar\/2021\/informe-de-la-sesion-autoconvocada-del-martes-8-de-mayo-del-concejo-deliberante-de-tornquist\/\" \/>\n<meta property=\"og:site_name\" content=\"Noticias Radio Reflejos\" \/>\n<meta property=\"article:published_time\" content=\"2018-05-10T13:21:35+00:00\" \/>\n<meta property=\"og:image\" content=\"https:\/\/www.noticiasradioreflejos.com.ar\/2021\/wp-content\/uploads\/2021\/07\/logosol300x200.png\" \/>\n\t<meta property=\"og:image:width\" content=\"300\" \/>\n\t<meta property=\"og:image:height\" content=\"200\" \/>\n\t<meta property=\"og:image:type\" content=\"image\/png\" \/>\n<meta name=\"author\" content=\"Arnaldo Botto\" \/>\n<meta name=\"twitter:card\" content=\"summary_large_image\" \/>\n<script type=\"application\/ld+json\" class=\"yoast-schema-graph\">{\"@context\":\"https:\/\/schema.org\",\"@graph\":[{\"@type\":\"WebPage\",\"@id\":\"https:\/\/www.noticiasradioreflejos.com.ar\/2021\/informe-de-la-sesion-autoconvocada-del-martes-8-de-mayo-del-concejo-deliberante-de-tornquist\/\",\"url\":\"https:\/\/www.noticiasradioreflejos.com.ar\/2021\/informe-de-la-sesion-autoconvocada-del-martes-8-de-mayo-del-concejo-deliberante-de-tornquist\/\",\"name\":\"Informe de la sesi\u00f3n autoconvocada del martes 8 de mayo del Concejo Deliberante de Tornquist. - Noticias Radio Reflejos\",\"isPartOf\":{\"@id\":\"https:\/\/www.noticiasradioreflejos.com.ar\/2021\/#website\"},\"datePublished\":\"2018-05-10T13:21:35+00:00\",\"author\":{\"@id\":\"https:\/\/www.noticiasradioreflejos.com.ar\/2021\/#\/schema\/person\/ad82545263dcc5ec0996818884fd5fb1\"},\"breadcrumb\":{\"@id\":\"https:\/\/www.noticiasradioreflejos.com.ar\/2021\/informe-de-la-sesion-autoconvocada-del-martes-8-de-mayo-del-concejo-deliberante-de-tornquist\/#breadcrumb\"},\"inLanguage\":\"es\",\"potentialAction\":[{\"@type\":\"ReadAction\",\"target\":[\"https:\/\/www.noticiasradioreflejos.com.ar\/2021\/informe-de-la-sesion-autoconvocada-del-martes-8-de-mayo-del-concejo-deliberante-de-tornquist\/\"]}]},{\"@type\":\"BreadcrumbList\",\"@id\":\"https:\/\/www.noticiasradioreflejos.com.ar\/2021\/informe-de-la-sesion-autoconvocada-del-martes-8-de-mayo-del-concejo-deliberante-de-tornquist\/#breadcrumb\",\"itemListElement\":[{\"@type\":\"ListItem\",\"position\":1,\"name\":\"Portada\",\"item\":\"https:\/\/www.noticiasradioreflejos.com.ar\/2021\/\"},{\"@type\":\"ListItem\",\"position\":2,\"name\":\"Informe de la sesi\u00f3n autoconvocada del martes 8 de mayo del Concejo Deliberante de Tornquist.\"}]},{\"@type\":\"WebSite\",\"@id\":\"https:\/\/www.noticiasradioreflejos.com.ar\/2021\/#website\",\"url\":\"https:\/\/www.noticiasradioreflejos.com.ar\/2021\/\",\"name\":\"Noticias Radio Reflejos\",\"description\":\"Las noticias de mi comarca\",\"potentialAction\":[{\"@type\":\"SearchAction\",\"target\":{\"@type\":\"EntryPoint\",\"urlTemplate\":\"https:\/\/www.noticiasradioreflejos.com.ar\/2021\/?s={search_term_string}\"},\"query-input\":{\"@type\":\"PropertyValueSpecification\",\"valueRequired\":true,\"valueName\":\"search_term_string\"}}],\"inLanguage\":\"es\"},{\"@type\":\"Person\",\"@id\":\"https:\/\/www.noticiasradioreflejos.com.ar\/2021\/#\/schema\/person\/ad82545263dcc5ec0996818884fd5fb1\",\"name\":\"Arnaldo Botto\",\"image\":{\"@type\":\"ImageObject\",\"inLanguage\":\"es\",\"@id\":\"https:\/\/www.noticiasradioreflejos.com.ar\/2021\/#\/schema\/person\/image\/\",\"url\":\"https:\/\/secure.gravatar.com\/avatar\/55cb5e37c1efa326397366e6974cb338056df65cb50e7d64d1cf314e87504837?s=96&d=mm&r=g\",\"contentUrl\":\"https:\/\/secure.gravatar.com\/avatar\/55cb5e37c1efa326397366e6974cb338056df65cb50e7d64d1cf314e87504837?s=96&d=mm&r=g\",\"caption\":\"Arnaldo Botto\"},\"url\":\"https:\/\/www.noticiasradioreflejos.com.ar\/2021\/author\/arnaldo\/\"}]}<\/script>\n<!-- \/ Yoast SEO plugin. -->","yoast_head_json":{"title":"Informe de la sesi\u00f3n autoconvocada del martes 8 de mayo del Concejo Deliberante de Tornquist. - Noticias Radio Reflejos","robots":{"index":"index","follow":"follow","max-snippet":"max-snippet:-1","max-image-preview":"max-image-preview:large","max-video-preview":"max-video-preview:-1"},"canonical":"https:\/\/www.noticiasradioreflejos.com.ar\/2021\/informe-de-la-sesion-autoconvocada-del-martes-8-de-mayo-del-concejo-deliberante-de-tornquist\/","og_locale":"es_ES","og_type":"article","og_title":"Informe de la sesi\u00f3n autoconvocada del martes 8 de mayo del Concejo Deliberante de Tornquist. - Noticias Radio Reflejos","og_description":"Los Concejales en reuni\u00f3n de trabajo del d\u00eda 8 de mayo del corriente resolvieron autconvocarse en Sesi\u00f3n Extraordinaria a fin de tratar el Expediente N\u00ba 101\/18 caratulado: \u201cD.E. Modificaci\u00f3n C\u00f3digo Tributario\u201d.","og_url":"https:\/\/www.noticiasradioreflejos.com.ar\/2021\/informe-de-la-sesion-autoconvocada-del-martes-8-de-mayo-del-concejo-deliberante-de-tornquist\/","og_site_name":"Noticias Radio Reflejos","article_published_time":"2018-05-10T13:21:35+00:00","og_image":[{"width":300,"height":200,"url":"https:\/\/www.noticiasradioreflejos.com.ar\/2021\/wp-content\/uploads\/2021\/07\/logosol300x200.png","type":"image\/png"}],"author":"Arnaldo Botto","twitter_card":"summary_large_image","schema":{"@context":"https:\/\/schema.org","@graph":[{"@type":"WebPage","@id":"https:\/\/www.noticiasradioreflejos.com.ar\/2021\/informe-de-la-sesion-autoconvocada-del-martes-8-de-mayo-del-concejo-deliberante-de-tornquist\/","url":"https:\/\/www.noticiasradioreflejos.com.ar\/2021\/informe-de-la-sesion-autoconvocada-del-martes-8-de-mayo-del-concejo-deliberante-de-tornquist\/","name":"Informe de la sesi\u00f3n autoconvocada del martes 8 de mayo del Concejo Deliberante de Tornquist. - Noticias Radio Reflejos","isPartOf":{"@id":"https:\/\/www.noticiasradioreflejos.com.ar\/2021\/#website"},"datePublished":"2018-05-10T13:21:35+00:00","author":{"@id":"https:\/\/www.noticiasradioreflejos.com.ar\/2021\/#\/schema\/person\/ad82545263dcc5ec0996818884fd5fb1"},"breadcrumb":{"@id":"https:\/\/www.noticiasradioreflejos.com.ar\/2021\/informe-de-la-sesion-autoconvocada-del-martes-8-de-mayo-del-concejo-deliberante-de-tornquist\/#breadcrumb"},"inLanguage":"es","potentialAction":[{"@type":"ReadAction","target":["https:\/\/www.noticiasradioreflejos.com.ar\/2021\/informe-de-la-sesion-autoconvocada-del-martes-8-de-mayo-del-concejo-deliberante-de-tornquist\/"]}]},{"@type":"BreadcrumbList","@id":"https:\/\/www.noticiasradioreflejos.com.ar\/2021\/informe-de-la-sesion-autoconvocada-del-martes-8-de-mayo-del-concejo-deliberante-de-tornquist\/#breadcrumb","itemListElement":[{"@type":"ListItem","position":1,"name":"Portada","item":"https:\/\/www.noticiasradioreflejos.com.ar\/2021\/"},{"@type":"ListItem","position":2,"name":"Informe de la sesi\u00f3n autoconvocada del martes 8 de mayo del Concejo Deliberante de Tornquist."}]},{"@type":"WebSite","@id":"https:\/\/www.noticiasradioreflejos.com.ar\/2021\/#website","url":"https:\/\/www.noticiasradioreflejos.com.ar\/2021\/","name":"Noticias Radio Reflejos","description":"Las noticias de mi comarca","potentialAction":[{"@type":"SearchAction","target":{"@type":"EntryPoint","urlTemplate":"https:\/\/www.noticiasradioreflejos.com.ar\/2021\/?s={search_term_string}"},"query-input":{"@type":"PropertyValueSpecification","valueRequired":true,"valueName":"search_term_string"}}],"inLanguage":"es"},{"@type":"Person","@id":"https:\/\/www.noticiasradioreflejos.com.ar\/2021\/#\/schema\/person\/ad82545263dcc5ec0996818884fd5fb1","name":"Arnaldo Botto","image":{"@type":"ImageObject","inLanguage":"es","@id":"https:\/\/www.noticiasradioreflejos.com.ar\/2021\/#\/schema\/person\/image\/","url":"https:\/\/secure.gravatar.com\/avatar\/55cb5e37c1efa326397366e6974cb338056df65cb50e7d64d1cf314e87504837?s=96&d=mm&r=g","contentUrl":"https:\/\/secure.gravatar.com\/avatar\/55cb5e37c1efa326397366e6974cb338056df65cb50e7d64d1cf314e87504837?s=96&d=mm&r=g","caption":"Arnaldo Botto"},"url":"https:\/\/www.noticiasradioreflejos.com.ar\/2021\/author\/arnaldo\/"}]}},"_links":{"self":[{"href":"https:\/\/www.noticiasradioreflejos.com.ar\/2021\/wp-json\/wp\/v2\/posts\/21449","targetHints":{"allow":["GET"]}}],"collection":[{"href":"https:\/\/www.noticiasradioreflejos.com.ar\/2021\/wp-json\/wp\/v2\/posts"}],"about":[{"href":"https:\/\/www.noticiasradioreflejos.com.ar\/2021\/wp-json\/wp\/v2\/types\/post"}],"author":[{"embeddable":true,"href":"https:\/\/www.noticiasradioreflejos.com.ar\/2021\/wp-json\/wp\/v2\/users\/3"}],"replies":[{"embeddable":true,"href":"https:\/\/www.noticiasradioreflejos.com.ar\/2021\/wp-json\/wp\/v2\/comments?post=21449"}],"version-history":[{"count":0,"href":"https:\/\/www.noticiasradioreflejos.com.ar\/2021\/wp-json\/wp\/v2\/posts\/21449\/revisions"}],"wp:attachment":[{"href":"https:\/\/www.noticiasradioreflejos.com.ar\/2021\/wp-json\/wp\/v2\/media?parent=21449"}],"wp:term":[{"taxonomy":"category","embeddable":true,"href":"https:\/\/www.noticiasradioreflejos.com.ar\/2021\/wp-json\/wp\/v2\/categories?post=21449"},{"taxonomy":"post_tag","embeddable":true,"href":"https:\/\/www.noticiasradioreflejos.com.ar\/2021\/wp-json\/wp\/v2\/tags?post=21449"}],"curies":[{"name":"wp","href":"https:\/\/api.w.org\/{rel}","templated":true}]}}