{"id":21399,"date":"2018-05-08T21:22:18","date_gmt":"2018-05-09T00:22:18","guid":{"rendered":"http:\/\/www.noticiasradioreflejos.com.ar\/noticias\/?p=21399"},"modified":"2018-05-08T21:22:18","modified_gmt":"2018-05-09T00:22:18","slug":"guardia-del-hospital-municipal-a-partir-del-lunes-nueva-modalidad-de-atencion","status":"publish","type":"post","link":"https:\/\/www.noticiasradioreflejos.com.ar\/2021\/guardia-del-hospital-municipal-a-partir-del-lunes-nueva-modalidad-de-atencion\/","title":{"rendered":"Guardia del Hospital Municipal: a partir del lunes nueva modalidad de atenci\u00f3n"},"content":{"rendered":"<p>Con el objetivo principal de optimizar la atenci\u00f3n m\u00e9dica que se brinda en la Guardia, de acuerdo a las caracter\u00edsticas y necesidades que presente cada paciente, se implementar\u00e1 un sistema de Atenci\u00f3n Medica Ambulatoria, denominado AMA. Este incorpora un m\u00e9dico m\u00e1s a la atenci\u00f3n m\u00e9dica ambulatoria para problemas frecuentes de salud agudos que no revistan riesgo vital.<!--more--><br \/>\nLa modalidad de atenci\u00f3n ser\u00e1 por prioridades, no por orden de llegada como sucede hasta el momento, lo cual ocasiona grandes inconvenientes en la atenci\u00f3n m\u00e9dica. Funcionar\u00e1 de lunes a viernes de 9 a 12 y de 17 a 20 hs. Fuera de estos d\u00edas y horarios se atender\u00e1 con prioridad las emergencias y urgencias.<br \/>\nEste nuevo proyecto de atenci\u00f3n m\u00e9dica ambulatoria en su implementaci\u00f3n constar\u00e1 de varias etapas de desarrollo y en continua evaluaci\u00f3n y revisi\u00f3n para ajustarse a las necesidades de la poblaci\u00f3n.<br \/>\nEl \u00e1rea de Salud municipal organiz\u00f3 para este jueves 10, una charla informativa acerca del nuevo proyecto de atenci\u00f3n medica ambulatoria que brindar\u00e1 la Guardia del Hospital Municipal, destinada a los vecinos que deseen interiorizarse y conocer el servicio . La misma se llevar\u00e1 a cabo en\u00a0la Sala de Situaciones de la Municipalidad, Sarmiento 53 a las 19.00 hs.<\/p>\n","protected":false},"excerpt":{"rendered":"<p>Con el objetivo principal de optimizar la atenci\u00f3n m\u00e9dica que se brinda en la Guardia, de acuerdo a las caracter\u00edsticas y necesidades que presente cada paciente, se implementar\u00e1 un sistema de Atenci\u00f3n Medica Ambulatoria, denominado AMA. Este incorpora un m\u00e9dico m\u00e1s a la atenci\u00f3n m\u00e9dica ambulatoria para problemas frecuentes de salud agudos que no revistan [&hellip;]<\/p>\n","protected":false},"author":3,"featured_media":0,"comment_status":"closed","ping_status":"open","sticky":false,"template":"","format":"standard","meta":{"footnotes":""},"categories":[30],"tags":[],"class_list":["post-21399","post","type-post","status-publish","format-standard","hentry","category-salud"],"yoast_head":"<!-- This site is optimized with the Yoast SEO plugin v25.9 - https:\/\/yoast.com\/wordpress\/plugins\/seo\/ -->\n<title>Guardia del Hospital Municipal: a partir del lunes nueva modalidad de atenci\u00f3n - Noticias Radio Reflejos<\/title>\n<meta name=\"robots\" content=\"index, follow, max-snippet:-1, max-image-preview:large, max-video-preview:-1\" \/>\n<link rel=\"canonical\" href=\"https:\/\/www.noticiasradioreflejos.com.ar\/2021\/guardia-del-hospital-municipal-a-partir-del-lunes-nueva-modalidad-de-atencion\/\" \/>\n<meta property=\"og:locale\" content=\"es_ES\" \/>\n<meta property=\"og:type\" content=\"article\" \/>\n<meta property=\"og:title\" content=\"Guardia del Hospital Municipal: a partir del lunes nueva modalidad de atenci\u00f3n - Noticias Radio Reflejos\" \/>\n<meta property=\"og:description\" content=\"Con el objetivo principal de optimizar la atenci\u00f3n m\u00e9dica que se brinda en la Guardia, de acuerdo a las caracter\u00edsticas y necesidades que presente cada paciente, se implementar\u00e1 un sistema de Atenci\u00f3n Medica Ambulatoria, denominado AMA. Este incorpora un m\u00e9dico m\u00e1s a la atenci\u00f3n m\u00e9dica ambulatoria para problemas frecuentes de salud agudos que no revistan [&hellip;]\" \/>\n<meta property=\"og:url\" content=\"https:\/\/www.noticiasradioreflejos.com.ar\/2021\/guardia-del-hospital-municipal-a-partir-del-lunes-nueva-modalidad-de-atencion\/\" \/>\n<meta property=\"og:site_name\" content=\"Noticias Radio Reflejos\" \/>\n<meta property=\"article:published_time\" content=\"2018-05-09T00:22:18+00:00\" \/>\n<meta property=\"og:image\" content=\"https:\/\/www.noticiasradioreflejos.com.ar\/2021\/wp-content\/uploads\/2021\/07\/logosol300x200.png\" \/>\n\t<meta property=\"og:image:width\" content=\"300\" \/>\n\t<meta property=\"og:image:height\" content=\"200\" \/>\n\t<meta property=\"og:image:type\" content=\"image\/png\" \/>\n<meta name=\"author\" content=\"Arnaldo Botto\" \/>\n<meta name=\"twitter:card\" content=\"summary_large_image\" \/>\n<script type=\"application\/ld+json\" class=\"yoast-schema-graph\">{\"@context\":\"https:\/\/schema.org\",\"@graph\":[{\"@type\":\"WebPage\",\"@id\":\"https:\/\/www.noticiasradioreflejos.com.ar\/2021\/guardia-del-hospital-municipal-a-partir-del-lunes-nueva-modalidad-de-atencion\/\",\"url\":\"https:\/\/www.noticiasradioreflejos.com.ar\/2021\/guardia-del-hospital-municipal-a-partir-del-lunes-nueva-modalidad-de-atencion\/\",\"name\":\"Guardia del Hospital Municipal: a partir del lunes nueva modalidad de atenci\u00f3n - Noticias Radio Reflejos\",\"isPartOf\":{\"@id\":\"https:\/\/www.noticiasradioreflejos.com.ar\/2021\/#website\"},\"datePublished\":\"2018-05-09T00:22:18+00:00\",\"author\":{\"@id\":\"https:\/\/www.noticiasradioreflejos.com.ar\/2021\/#\/schema\/person\/ad82545263dcc5ec0996818884fd5fb1\"},\"breadcrumb\":{\"@id\":\"https:\/\/www.noticiasradioreflejos.com.ar\/2021\/guardia-del-hospital-municipal-a-partir-del-lunes-nueva-modalidad-de-atencion\/#breadcrumb\"},\"inLanguage\":\"es\",\"potentialAction\":[{\"@type\":\"ReadAction\",\"target\":[\"https:\/\/www.noticiasradioreflejos.com.ar\/2021\/guardia-del-hospital-municipal-a-partir-del-lunes-nueva-modalidad-de-atencion\/\"]}]},{\"@type\":\"BreadcrumbList\",\"@id\":\"https:\/\/www.noticiasradioreflejos.com.ar\/2021\/guardia-del-hospital-municipal-a-partir-del-lunes-nueva-modalidad-de-atencion\/#breadcrumb\",\"itemListElement\":[{\"@type\":\"ListItem\",\"position\":1,\"name\":\"Portada\",\"item\":\"https:\/\/www.noticiasradioreflejos.com.ar\/2021\/\"},{\"@type\":\"ListItem\",\"position\":2,\"name\":\"Guardia del Hospital Municipal: a partir del lunes nueva modalidad de atenci\u00f3n\"}]},{\"@type\":\"WebSite\",\"@id\":\"https:\/\/www.noticiasradioreflejos.com.ar\/2021\/#website\",\"url\":\"https:\/\/www.noticiasradioreflejos.com.ar\/2021\/\",\"name\":\"Noticias Radio Reflejos\",\"description\":\"Las noticias de mi comarca\",\"potentialAction\":[{\"@type\":\"SearchAction\",\"target\":{\"@type\":\"EntryPoint\",\"urlTemplate\":\"https:\/\/www.noticiasradioreflejos.com.ar\/2021\/?s={search_term_string}\"},\"query-input\":{\"@type\":\"PropertyValueSpecification\",\"valueRequired\":true,\"valueName\":\"search_term_string\"}}],\"inLanguage\":\"es\"},{\"@type\":\"Person\",\"@id\":\"https:\/\/www.noticiasradioreflejos.com.ar\/2021\/#\/schema\/person\/ad82545263dcc5ec0996818884fd5fb1\",\"name\":\"Arnaldo Botto\",\"image\":{\"@type\":\"ImageObject\",\"inLanguage\":\"es\",\"@id\":\"https:\/\/www.noticiasradioreflejos.com.ar\/2021\/#\/schema\/person\/image\/\",\"url\":\"https:\/\/secure.gravatar.com\/avatar\/55cb5e37c1efa326397366e6974cb338056df65cb50e7d64d1cf314e87504837?s=96&d=mm&r=g\",\"contentUrl\":\"https:\/\/secure.gravatar.com\/avatar\/55cb5e37c1efa326397366e6974cb338056df65cb50e7d64d1cf314e87504837?s=96&d=mm&r=g\",\"caption\":\"Arnaldo Botto\"},\"url\":\"https:\/\/www.noticiasradioreflejos.com.ar\/2021\/author\/arnaldo\/\"}]}<\/script>\n<!-- \/ Yoast SEO plugin. -->","yoast_head_json":{"title":"Guardia del Hospital Municipal: a partir del lunes nueva modalidad de atenci\u00f3n - Noticias Radio Reflejos","robots":{"index":"index","follow":"follow","max-snippet":"max-snippet:-1","max-image-preview":"max-image-preview:large","max-video-preview":"max-video-preview:-1"},"canonical":"https:\/\/www.noticiasradioreflejos.com.ar\/2021\/guardia-del-hospital-municipal-a-partir-del-lunes-nueva-modalidad-de-atencion\/","og_locale":"es_ES","og_type":"article","og_title":"Guardia del Hospital Municipal: a partir del lunes nueva modalidad de atenci\u00f3n - Noticias Radio Reflejos","og_description":"Con el objetivo principal de optimizar la atenci\u00f3n m\u00e9dica que se brinda en la Guardia, de acuerdo a las caracter\u00edsticas y necesidades que presente cada paciente, se implementar\u00e1 un sistema de Atenci\u00f3n Medica Ambulatoria, denominado AMA. Este incorpora un m\u00e9dico m\u00e1s a la atenci\u00f3n m\u00e9dica ambulatoria para problemas frecuentes de salud agudos que no revistan [&hellip;]","og_url":"https:\/\/www.noticiasradioreflejos.com.ar\/2021\/guardia-del-hospital-municipal-a-partir-del-lunes-nueva-modalidad-de-atencion\/","og_site_name":"Noticias Radio Reflejos","article_published_time":"2018-05-09T00:22:18+00:00","og_image":[{"width":300,"height":200,"url":"https:\/\/www.noticiasradioreflejos.com.ar\/2021\/wp-content\/uploads\/2021\/07\/logosol300x200.png","type":"image\/png"}],"author":"Arnaldo Botto","twitter_card":"summary_large_image","schema":{"@context":"https:\/\/schema.org","@graph":[{"@type":"WebPage","@id":"https:\/\/www.noticiasradioreflejos.com.ar\/2021\/guardia-del-hospital-municipal-a-partir-del-lunes-nueva-modalidad-de-atencion\/","url":"https:\/\/www.noticiasradioreflejos.com.ar\/2021\/guardia-del-hospital-municipal-a-partir-del-lunes-nueva-modalidad-de-atencion\/","name":"Guardia del Hospital Municipal: a partir del lunes nueva modalidad de atenci\u00f3n - Noticias Radio Reflejos","isPartOf":{"@id":"https:\/\/www.noticiasradioreflejos.com.ar\/2021\/#website"},"datePublished":"2018-05-09T00:22:18+00:00","author":{"@id":"https:\/\/www.noticiasradioreflejos.com.ar\/2021\/#\/schema\/person\/ad82545263dcc5ec0996818884fd5fb1"},"breadcrumb":{"@id":"https:\/\/www.noticiasradioreflejos.com.ar\/2021\/guardia-del-hospital-municipal-a-partir-del-lunes-nueva-modalidad-de-atencion\/#breadcrumb"},"inLanguage":"es","potentialAction":[{"@type":"ReadAction","target":["https:\/\/www.noticiasradioreflejos.com.ar\/2021\/guardia-del-hospital-municipal-a-partir-del-lunes-nueva-modalidad-de-atencion\/"]}]},{"@type":"BreadcrumbList","@id":"https:\/\/www.noticiasradioreflejos.com.ar\/2021\/guardia-del-hospital-municipal-a-partir-del-lunes-nueva-modalidad-de-atencion\/#breadcrumb","itemListElement":[{"@type":"ListItem","position":1,"name":"Portada","item":"https:\/\/www.noticiasradioreflejos.com.ar\/2021\/"},{"@type":"ListItem","position":2,"name":"Guardia del Hospital Municipal: a partir del lunes nueva modalidad de atenci\u00f3n"}]},{"@type":"WebSite","@id":"https:\/\/www.noticiasradioreflejos.com.ar\/2021\/#website","url":"https:\/\/www.noticiasradioreflejos.com.ar\/2021\/","name":"Noticias Radio Reflejos","description":"Las noticias de mi comarca","potentialAction":[{"@type":"SearchAction","target":{"@type":"EntryPoint","urlTemplate":"https:\/\/www.noticiasradioreflejos.com.ar\/2021\/?s={search_term_string}"},"query-input":{"@type":"PropertyValueSpecification","valueRequired":true,"valueName":"search_term_string"}}],"inLanguage":"es"},{"@type":"Person","@id":"https:\/\/www.noticiasradioreflejos.com.ar\/2021\/#\/schema\/person\/ad82545263dcc5ec0996818884fd5fb1","name":"Arnaldo Botto","image":{"@type":"ImageObject","inLanguage":"es","@id":"https:\/\/www.noticiasradioreflejos.com.ar\/2021\/#\/schema\/person\/image\/","url":"https:\/\/secure.gravatar.com\/avatar\/55cb5e37c1efa326397366e6974cb338056df65cb50e7d64d1cf314e87504837?s=96&d=mm&r=g","contentUrl":"https:\/\/secure.gravatar.com\/avatar\/55cb5e37c1efa326397366e6974cb338056df65cb50e7d64d1cf314e87504837?s=96&d=mm&r=g","caption":"Arnaldo Botto"},"url":"https:\/\/www.noticiasradioreflejos.com.ar\/2021\/author\/arnaldo\/"}]}},"_links":{"self":[{"href":"https:\/\/www.noticiasradioreflejos.com.ar\/2021\/wp-json\/wp\/v2\/posts\/21399","targetHints":{"allow":["GET"]}}],"collection":[{"href":"https:\/\/www.noticiasradioreflejos.com.ar\/2021\/wp-json\/wp\/v2\/posts"}],"about":[{"href":"https:\/\/www.noticiasradioreflejos.com.ar\/2021\/wp-json\/wp\/v2\/types\/post"}],"author":[{"embeddable":true,"href":"https:\/\/www.noticiasradioreflejos.com.ar\/2021\/wp-json\/wp\/v2\/users\/3"}],"replies":[{"embeddable":true,"href":"https:\/\/www.noticiasradioreflejos.com.ar\/2021\/wp-json\/wp\/v2\/comments?post=21399"}],"version-history":[{"count":0,"href":"https:\/\/www.noticiasradioreflejos.com.ar\/2021\/wp-json\/wp\/v2\/posts\/21399\/revisions"}],"wp:attachment":[{"href":"https:\/\/www.noticiasradioreflejos.com.ar\/2021\/wp-json\/wp\/v2\/media?parent=21399"}],"wp:term":[{"taxonomy":"category","embeddable":true,"href":"https:\/\/www.noticiasradioreflejos.com.ar\/2021\/wp-json\/wp\/v2\/categories?post=21399"},{"taxonomy":"post_tag","embeddable":true,"href":"https:\/\/www.noticiasradioreflejos.com.ar\/2021\/wp-json\/wp\/v2\/tags?post=21399"}],"curies":[{"name":"wp","href":"https:\/\/api.w.org\/{rel}","templated":true}]}}