{"id":21396,"date":"2018-05-09T10:00:19","date_gmt":"2018-05-09T13:00:19","guid":{"rendered":"http:\/\/www.noticiasradioreflejos.com.ar\/noticias\/?p=21396"},"modified":"2018-05-09T10:00:19","modified_gmt":"2018-05-09T13:00:19","slug":"dufaur-se-hace-foto","status":"publish","type":"post","link":"https:\/\/www.noticiasradioreflejos.com.ar\/2021\/dufaur-se-hace-foto\/","title":{"rendered":"Dufaur se hace foto !!"},"content":{"rendered":"<p>Un trabajo realizado en la materia Pr\u00e1cticas del lenguaje, por los alumnos de la Escuela de Ense\u00f1anza Secundaria N\u00ba1 ANEXO 3011 y la Escuela Primaria N\u00ba9 \u00abJuan Bautista Alberdi\u00bb, busca promocionar al lugar como destino tur\u00edstico dentro del circuito de \u00abVentania\u00bb.<br \/>\nEsta peque\u00f1a localidad fue declarado hace muy poco tiempo \u00abPueblo tur\u00edstico de la provincia de Buenos Aires\u00bb y su poblaci\u00f3n entiende que con esta muestra fotogr\u00e1fica promocionar\u00edan el destino.<!--more--><br \/>\n<strong>Trabajo educativo:<\/strong><br \/>\nPuedo ver sus flashes retratando espacios<br \/>\nPuedo sentir las voces relatando historias<br \/>\nPuedo oir las risas por los rincones escondidos<br \/>\nY el repicar de la lluvia en los techos de chapa<br \/>\nDufaur, nuestro lugar en el mundo se hace foto<br \/>\nY se hace palabras.<br \/>\nDufaur, \u00a0Orgullo de mi infancia feliz.<br \/>\nHoy las Pr\u00e1cticas del Lenguaje en contexto, hacen de esta actividad una ventana a la historia centenaria.<br \/>\nRecorran con ojos adolescentes sus espacios.<br \/>\nPreceptora \u00a0<strong>Valeria Nu\u00f1ez<\/strong><br \/>\n<a title=\"dufaur 1\" href=\"http:\/\/farm1.staticflickr.com\/968\/41949839132_30e2519768.jpg\" rel=\"\"><img loading=\"lazy\" decoding=\"async\" class=\"alignleft\" style=\"float: left;\" title=\"dufaur 1\" src=\"http:\/\/farm1.staticflickr.com\/968\/41949839132_30e2519768.jpg\" alt=\"dufaur 1\" width=\"500\" height=\"372\" \/><\/a><br \/>\n<strong>Lourdes Flores<\/strong><br \/>\n<strong>Monumento\u00a0 y homenaje a los ca\u00eddos en Malvinas<\/strong><br \/>\n<strong>\u00a0<\/strong>\u00bfNunca te paso que ten\u00e9s que viajar todos los d\u00edas 5km para ir al colegio? En mi caso debo hacerlo y sin embargo es lindo porque lleg\u00e1s a Dufaur y ves el monumento de las Islas Malvinas. Un monumento\u00a0 que representa\u00a0 el sentimiento del pueblo hacia las fechas patrias, dise\u00f1ado y propuesto \u00a0por alumnos de nuestra\u00a0 Escuela Secundaria. No te pierdas la oportunidad de conocerlo\u2026Dufaur te espera.<br \/>\n&nbsp;<br \/>\n&nbsp;<br \/>\n&nbsp;<br \/>\n&nbsp;<br \/>\n<strong><a title=\"dufaur 2\" href=\"http:\/\/farm1.staticflickr.com\/965\/41949838692_d6b31c0219.jpg\" rel=\"\"><img loading=\"lazy\" decoding=\"async\" class=\"alignleft\" style=\"float: left;\" title=\"dufaur 2\" src=\"http:\/\/farm1.staticflickr.com\/965\/41949838692_d6b31c0219.jpg\" alt=\"dufaur 2\" width=\"500\" height=\"384\" \/><\/a>Morena Fari\u00f1a Cleppe<\/strong><br \/>\n<strong>Tranquila \u00a0adolescencia<\/strong><br \/>\nTodos los alumnos a las 7:30 \u00a0\u00a0entramos a la escuela y podemos llegar en bicicleta. \u00bfCu\u00e1nto nos queda la escuela de nuestro hogar? \u00a0Tan s\u00f3lo dos cuadras\u2026 As\u00ed como le\u00edste. Dufaur no tiene\u00a0 sem\u00e1foros ni\u00a0 ruidos de autos. La gente toma su bicicleta y sale a hacer mandados, pasear o\u00a0 \u00a0tomar aire fresco\u2026 \u00a0Una experiencia \u00fanica, digna de conocer. Ven\u00ed a Dufaur<br \/>\n&nbsp;<br \/>\n&nbsp;<br \/>\n&nbsp;<br \/>\n&nbsp;<br \/>\n<strong><a title=\"dufaur 3\" href=\"http:\/\/farm1.staticflickr.com\/904\/41949837102_e9fe16eefe.jpg\" rel=\"\"><img loading=\"lazy\" decoding=\"async\" class=\"alignleft\" style=\"float: left;\" title=\"dufaur 3\" src=\"http:\/\/farm1.staticflickr.com\/904\/41949837102_e9fe16eefe.jpg\" alt=\"dufaur 3\" width=\"500\" height=\"377\" \/><\/a>Axel \u00a0Valent\u00edn Reyna<\/strong><br \/>\n<strong>Dufaur suena distinto. <\/strong><strong>Empezar \u00a0el d\u00eda con el sonido del tren, es comenzar el d\u00eda con una sonrisa.<\/strong><br \/>\n<strong>\u00a0<\/strong><br \/>\n\u00bfSab\u00e9s d\u00f3nde vivo yo? En la estaci\u00f3n de trenes de Dufaur.<br \/>\nSiempre al amanecer escucho el tren. Cuando vengo a la escuela, las bocinas\u00a0 anuncian que se acerca.<br \/>\n\u00bfPueden pensar c\u00f3mo es vivir al lado de la estaci\u00f3n? Es lindo. Cuando pasa,\u00a0 vibran todas las cosas de mi casa.<br \/>\nEste sonido centenario es caracter\u00edstico de Dufaur, \u00a0lugar\u00a0 cargado de buena energ\u00eda\u2026. \u00a1Vivenci\u00e1 esto!<br \/>\n&nbsp;<br \/>\n<strong><a title=\"dufaur 4\" href=\"http:\/\/farm1.staticflickr.com\/960\/41949836522_ccda344f5f.jpg\" rel=\"\"><img loading=\"lazy\" decoding=\"async\" class=\"alignleft\" style=\"float: left;\" title=\"dufaur 4\" src=\"http:\/\/farm1.staticflickr.com\/960\/41949836522_ccda344f5f.jpg\" alt=\"dufaur 4\" width=\"500\" height=\"290\" \/><\/a>Santiago Lisandro \u00a0Vizoso<\/strong><br \/>\n<strong>Dufaur un lugar para enamorarse, <\/strong><strong>\u00a0un lugar divertido y tur\u00edstico disfrutando la incre\u00edble vista a las sierras.<\/strong><br \/>\n<strong>\u00a0<\/strong><br \/>\nDufaur tiene una plaza a los pies de los cordones serranos m\u00e1s antiguos del sistema de Ventania, donde los chicos pueden jugar y divertirse. Un lugar para comer un asado al aire libre y escuchar el canto de los p\u00e1jaros.<br \/>\nUn pueblo, \u00a0\u00abun pueblo agr\u00edcola-ganadero\u00bb, y \u00a0si nos visit\u00e1s pod\u00e9s probar los ricos chorizos caseros de \u00a0jabal\u00ed, quesos saborizados , alfajores artesanales \u00a0\u201cLa Catita\u201d y mucho m\u00e1s \u00a0\u00a1Vas a degustar los riqu\u00edsimos dulces caseros,\u00a0 sin conservantes ni \u00a0agrot\u00f3xicos!<br \/>\nSi sos apasionado de las fotos, \u00a0aqu\u00ed encontrar\u00e1s adem\u00e1s, un paisaje que no tiene comparaci\u00f3n. &#8230;No te lo pierdas\u2026 \u00a1Ven\u00ed a ser parte de nuestra\u00a0 postal! Acercate \u00bfQu\u00e9 est\u00e1s esperando?<br \/>\n<strong><a title=\"dufaur 5\" href=\"http:\/\/farm1.staticflickr.com\/826\/41949836072_62772176e8.jpg\" rel=\"\"><img loading=\"lazy\" decoding=\"async\" class=\"alignleft\" style=\"float: left;\" title=\"dufaur 5\" src=\"http:\/\/farm1.staticflickr.com\/826\/41949836072_62772176e8.jpg\" alt=\"dufaur 5\" width=\"500\" height=\"370\" \/><\/a>Tisiano Flores<\/strong><br \/>\n<strong>Historias con risas .Paz en la noche disfrutando bellos juegos.<\/strong><br \/>\n\u00bfVos pod\u00e9s recordar alguna plaza de tu infancia? Yo recuerdo y tengo muy presente esta plaza <strong><em>\u201cRayito de sol\u201d<\/em><\/strong>Sus juegos son muy lindos, tiene un tobog\u00e1n con un tubo, es chica pero muy divertida. \u00a0Guarda los secretos y risas de muchos chicos de Dufaur. No te pod\u00e9s quedar sin conocer y vivenciar esta experiencia.<br \/>\n&nbsp;<br \/>\n&nbsp;<br \/>\n&nbsp;<br \/>\n<strong><a title=\"dufaur 6\" href=\"http:\/\/farm1.staticflickr.com\/952\/41949835692_9fb5b6c172.jpg\" rel=\"\"><img loading=\"lazy\" decoding=\"async\" class=\"alignleft\" style=\"float: left;\" title=\"dufaur 6\" src=\"http:\/\/farm1.staticflickr.com\/952\/41949835692_9fb5b6c172.jpg\" alt=\"dufaur 6\" width=\"500\" height=\"283\" \/><\/a>Brenda Sansinena<\/strong><br \/>\n<strong><em>Un para\u00edso so\u00f1ado\u00a0 \u00a0&#8230;Nos cuida un indio dormido\u2026<\/em><\/strong><br \/>\nDufaur es un pueblo so\u00f1ado, la belleza \u00a0de aqu\u00ed, ha tenido tiempo de crecer y crear el mejor horizonte que se puede pedir.\u00a0 Para m\u00ed \u00a0Dufaur es un para\u00edso, donde todos nos conocemos y hay grandes amistades.\u00a0 \u00bfA qu\u00e9 llamo para\u00edso? Para\u00edso porque se puede dormir la siesta, respirar aire puro y adem\u00e1s hay mucha paz. Los amantes de la meditaci\u00f3n pueden acercarse y la brisa del aire har\u00e1 de esto una experiencia exitosa.<br \/>\n\u00bfCu\u00e1ntos habitantes son en tu ciudad? En la m\u00eda somos 200 en total, algo \u00fanico. Nos conocemos todos y podemos confiar en nuestros vecinos.<br \/>\nDespertamos cada ma\u00f1ana y no perdemos la costumbre de un buen d\u00eda, buenas tardes o un simple \u00a1hasta ma\u00f1ana VECINO!<br \/>\n<strong><a title=\"dufaur 7\" href=\"http:\/\/farm1.staticflickr.com\/979\/40187503340_4d26e561bf.jpg\" rel=\"\"><img loading=\"lazy\" decoding=\"async\" class=\"alignleft\" style=\"float: left;\" title=\"dufaur 7\" src=\"http:\/\/farm1.staticflickr.com\/979\/40187503340_4d26e561bf.jpg\" alt=\"dufaur 7\" width=\"500\" height=\"284\" \/><\/a>Bruno Joaqu\u00edn\u00a0 Gonz\u00e1lez<\/strong><br \/>\n<strong>Estas callecitas tienen un no s\u00e9 qu\u00e9\u2026 Un mural centenario\u2026<\/strong><br \/>\nA este pueblo vengo a la escuela y estoy cada d\u00eda m\u00e1s convencido\u00a0 que es digno de conocer y poder pasar unas lindas\u00a0 vacaciones \u00a0en familia. Sus calles son de tierra, las casas son antiguas y sus habitantes muy amables. Un pueblo cargado de historia, de cultura, de memoria.<br \/>\n\u00bfAlguna vez pensaste de donde salen estas piedritas , la arena para levantar tu casa o el asfalto de algunas \u00a0calles? Tenemos la suerte de tener cerquita\u00a0 a la \u00a0cantera Piro y Ruiz, de la cual se extrae muy buena piedra y arena.<br \/>\n<a title=\"dufaur 8\" href=\"http:\/\/farm1.staticflickr.com\/976\/41949834082_075e46c5c5_z.jpg\" rel=\"\"><img loading=\"lazy\" decoding=\"async\" class=\"aligncenter\" title=\"dufaur 8\" src=\"http:\/\/farm1.staticflickr.com\/976\/41949834082_075e46c5c5_z.jpg\" alt=\"dufaur 8\" width=\"587\" height=\"355\" \/><\/a><br \/>\nEn un rinc\u00f3n bello de Dufaur se encuentra el parque municipal, un para\u00edso verde totalmente natural \u00a0para poder disfrutar con la familia de comidas gracias a sus parrillas y poder ver la gran vista a la sierras.<br \/>\nPor otro lado, disfrutar de los juegos infantiles, del play\u00f3n y en verano poder refrescarse en la pileta municipal.<br \/>\nProfesora de Pr\u00e1cticas del lenguaje : D\u00edaz Arocena, Antonia<\/p>\n","protected":false},"excerpt":{"rendered":"<p>Un trabajo realizado en la materia Pr\u00e1cticas del lenguaje, por los alumnos de la Escuela de Ense\u00f1anza Secundaria N\u00ba1 ANEXO 3011 y la Escuela Primaria N\u00ba9 \u00abJuan Bautista Alberdi\u00bb, busca promocionar al lugar como destino tur\u00edstico dentro del circuito de \u00abVentania\u00bb. Esta peque\u00f1a localidad fue declarado hace muy poco tiempo \u00abPueblo tur\u00edstico de la provincia [&hellip;]<\/p>\n","protected":false},"author":3,"featured_media":0,"comment_status":"closed","ping_status":"open","sticky":false,"template":"","format":"standard","meta":{"footnotes":""},"categories":[34],"tags":[],"class_list":["post-21396","post","type-post","status-publish","format-standard","hentry","category-educacion"],"yoast_head":"<!-- This site is optimized with the Yoast SEO plugin v25.9 - https:\/\/yoast.com\/wordpress\/plugins\/seo\/ -->\n<title>Dufaur se hace foto !! - Noticias Radio Reflejos<\/title>\n<meta name=\"robots\" content=\"index, follow, max-snippet:-1, max-image-preview:large, max-video-preview:-1\" \/>\n<link rel=\"canonical\" href=\"https:\/\/www.noticiasradioreflejos.com.ar\/2021\/dufaur-se-hace-foto\/\" \/>\n<meta property=\"og:locale\" content=\"es_ES\" \/>\n<meta property=\"og:type\" content=\"article\" \/>\n<meta property=\"og:title\" content=\"Dufaur se hace foto !! - Noticias Radio Reflejos\" \/>\n<meta property=\"og:description\" content=\"Un trabajo realizado en la materia Pr\u00e1cticas del lenguaje, por los alumnos de la Escuela de Ense\u00f1anza Secundaria N\u00ba1 ANEXO 3011 y la Escuela Primaria N\u00ba9 \u00abJuan Bautista Alberdi\u00bb, busca promocionar al lugar como destino tur\u00edstico dentro del circuito de \u00abVentania\u00bb. Esta peque\u00f1a localidad fue declarado hace muy poco tiempo \u00abPueblo tur\u00edstico de la provincia [&hellip;]\" \/>\n<meta property=\"og:url\" content=\"https:\/\/www.noticiasradioreflejos.com.ar\/2021\/dufaur-se-hace-foto\/\" \/>\n<meta property=\"og:site_name\" content=\"Noticias Radio Reflejos\" \/>\n<meta property=\"article:published_time\" content=\"2018-05-09T13:00:19+00:00\" \/>\n<meta property=\"og:image\" content=\"http:\/\/farm1.staticflickr.com\/968\/41949839132_30e2519768.jpg\" \/>\n<meta name=\"author\" content=\"Arnaldo Botto\" \/>\n<meta name=\"twitter:card\" content=\"summary_large_image\" \/>\n<script type=\"application\/ld+json\" class=\"yoast-schema-graph\">{\"@context\":\"https:\/\/schema.org\",\"@graph\":[{\"@type\":\"WebPage\",\"@id\":\"https:\/\/www.noticiasradioreflejos.com.ar\/2021\/dufaur-se-hace-foto\/\",\"url\":\"https:\/\/www.noticiasradioreflejos.com.ar\/2021\/dufaur-se-hace-foto\/\",\"name\":\"Dufaur se hace foto !! - Noticias Radio Reflejos\",\"isPartOf\":{\"@id\":\"https:\/\/www.noticiasradioreflejos.com.ar\/2021\/#website\"},\"primaryImageOfPage\":{\"@id\":\"https:\/\/www.noticiasradioreflejos.com.ar\/2021\/dufaur-se-hace-foto\/#primaryimage\"},\"image\":{\"@id\":\"https:\/\/www.noticiasradioreflejos.com.ar\/2021\/dufaur-se-hace-foto\/#primaryimage\"},\"thumbnailUrl\":\"http:\/\/farm1.staticflickr.com\/968\/41949839132_30e2519768.jpg\",\"datePublished\":\"2018-05-09T13:00:19+00:00\",\"author\":{\"@id\":\"https:\/\/www.noticiasradioreflejos.com.ar\/2021\/#\/schema\/person\/ad82545263dcc5ec0996818884fd5fb1\"},\"breadcrumb\":{\"@id\":\"https:\/\/www.noticiasradioreflejos.com.ar\/2021\/dufaur-se-hace-foto\/#breadcrumb\"},\"inLanguage\":\"es\",\"potentialAction\":[{\"@type\":\"ReadAction\",\"target\":[\"https:\/\/www.noticiasradioreflejos.com.ar\/2021\/dufaur-se-hace-foto\/\"]}]},{\"@type\":\"ImageObject\",\"inLanguage\":\"es\",\"@id\":\"https:\/\/www.noticiasradioreflejos.com.ar\/2021\/dufaur-se-hace-foto\/#primaryimage\",\"url\":\"http:\/\/farm1.staticflickr.com\/968\/41949839132_30e2519768.jpg\",\"contentUrl\":\"http:\/\/farm1.staticflickr.com\/968\/41949839132_30e2519768.jpg\"},{\"@type\":\"BreadcrumbList\",\"@id\":\"https:\/\/www.noticiasradioreflejos.com.ar\/2021\/dufaur-se-hace-foto\/#breadcrumb\",\"itemListElement\":[{\"@type\":\"ListItem\",\"position\":1,\"name\":\"Portada\",\"item\":\"https:\/\/www.noticiasradioreflejos.com.ar\/2021\/\"},{\"@type\":\"ListItem\",\"position\":2,\"name\":\"Dufaur se hace foto !!\"}]},{\"@type\":\"WebSite\",\"@id\":\"https:\/\/www.noticiasradioreflejos.com.ar\/2021\/#website\",\"url\":\"https:\/\/www.noticiasradioreflejos.com.ar\/2021\/\",\"name\":\"Noticias Radio Reflejos\",\"description\":\"Las noticias de mi comarca\",\"potentialAction\":[{\"@type\":\"SearchAction\",\"target\":{\"@type\":\"EntryPoint\",\"urlTemplate\":\"https:\/\/www.noticiasradioreflejos.com.ar\/2021\/?s={search_term_string}\"},\"query-input\":{\"@type\":\"PropertyValueSpecification\",\"valueRequired\":true,\"valueName\":\"search_term_string\"}}],\"inLanguage\":\"es\"},{\"@type\":\"Person\",\"@id\":\"https:\/\/www.noticiasradioreflejos.com.ar\/2021\/#\/schema\/person\/ad82545263dcc5ec0996818884fd5fb1\",\"name\":\"Arnaldo Botto\",\"image\":{\"@type\":\"ImageObject\",\"inLanguage\":\"es\",\"@id\":\"https:\/\/www.noticiasradioreflejos.com.ar\/2021\/#\/schema\/person\/image\/\",\"url\":\"https:\/\/secure.gravatar.com\/avatar\/55cb5e37c1efa326397366e6974cb338056df65cb50e7d64d1cf314e87504837?s=96&d=mm&r=g\",\"contentUrl\":\"https:\/\/secure.gravatar.com\/avatar\/55cb5e37c1efa326397366e6974cb338056df65cb50e7d64d1cf314e87504837?s=96&d=mm&r=g\",\"caption\":\"Arnaldo Botto\"},\"url\":\"https:\/\/www.noticiasradioreflejos.com.ar\/2021\/author\/arnaldo\/\"}]}<\/script>\n<!-- \/ Yoast SEO plugin. -->","yoast_head_json":{"title":"Dufaur se hace foto !! - Noticias Radio Reflejos","robots":{"index":"index","follow":"follow","max-snippet":"max-snippet:-1","max-image-preview":"max-image-preview:large","max-video-preview":"max-video-preview:-1"},"canonical":"https:\/\/www.noticiasradioreflejos.com.ar\/2021\/dufaur-se-hace-foto\/","og_locale":"es_ES","og_type":"article","og_title":"Dufaur se hace foto !! - Noticias Radio Reflejos","og_description":"Un trabajo realizado en la materia Pr\u00e1cticas del lenguaje, por los alumnos de la Escuela de Ense\u00f1anza Secundaria N\u00ba1 ANEXO 3011 y la Escuela Primaria N\u00ba9 \u00abJuan Bautista Alberdi\u00bb, busca promocionar al lugar como destino tur\u00edstico dentro del circuito de \u00abVentania\u00bb. Esta peque\u00f1a localidad fue declarado hace muy poco tiempo \u00abPueblo tur\u00edstico de la provincia [&hellip;]","og_url":"https:\/\/www.noticiasradioreflejos.com.ar\/2021\/dufaur-se-hace-foto\/","og_site_name":"Noticias Radio Reflejos","article_published_time":"2018-05-09T13:00:19+00:00","og_image":[{"url":"http:\/\/farm1.staticflickr.com\/968\/41949839132_30e2519768.jpg","type":"","width":"","height":""}],"author":"Arnaldo Botto","twitter_card":"summary_large_image","schema":{"@context":"https:\/\/schema.org","@graph":[{"@type":"WebPage","@id":"https:\/\/www.noticiasradioreflejos.com.ar\/2021\/dufaur-se-hace-foto\/","url":"https:\/\/www.noticiasradioreflejos.com.ar\/2021\/dufaur-se-hace-foto\/","name":"Dufaur se hace foto !! - Noticias Radio Reflejos","isPartOf":{"@id":"https:\/\/www.noticiasradioreflejos.com.ar\/2021\/#website"},"primaryImageOfPage":{"@id":"https:\/\/www.noticiasradioreflejos.com.ar\/2021\/dufaur-se-hace-foto\/#primaryimage"},"image":{"@id":"https:\/\/www.noticiasradioreflejos.com.ar\/2021\/dufaur-se-hace-foto\/#primaryimage"},"thumbnailUrl":"http:\/\/farm1.staticflickr.com\/968\/41949839132_30e2519768.jpg","datePublished":"2018-05-09T13:00:19+00:00","author":{"@id":"https:\/\/www.noticiasradioreflejos.com.ar\/2021\/#\/schema\/person\/ad82545263dcc5ec0996818884fd5fb1"},"breadcrumb":{"@id":"https:\/\/www.noticiasradioreflejos.com.ar\/2021\/dufaur-se-hace-foto\/#breadcrumb"},"inLanguage":"es","potentialAction":[{"@type":"ReadAction","target":["https:\/\/www.noticiasradioreflejos.com.ar\/2021\/dufaur-se-hace-foto\/"]}]},{"@type":"ImageObject","inLanguage":"es","@id":"https:\/\/www.noticiasradioreflejos.com.ar\/2021\/dufaur-se-hace-foto\/#primaryimage","url":"http:\/\/farm1.staticflickr.com\/968\/41949839132_30e2519768.jpg","contentUrl":"http:\/\/farm1.staticflickr.com\/968\/41949839132_30e2519768.jpg"},{"@type":"BreadcrumbList","@id":"https:\/\/www.noticiasradioreflejos.com.ar\/2021\/dufaur-se-hace-foto\/#breadcrumb","itemListElement":[{"@type":"ListItem","position":1,"name":"Portada","item":"https:\/\/www.noticiasradioreflejos.com.ar\/2021\/"},{"@type":"ListItem","position":2,"name":"Dufaur se hace foto !!"}]},{"@type":"WebSite","@id":"https:\/\/www.noticiasradioreflejos.com.ar\/2021\/#website","url":"https:\/\/www.noticiasradioreflejos.com.ar\/2021\/","name":"Noticias Radio Reflejos","description":"Las noticias de mi comarca","potentialAction":[{"@type":"SearchAction","target":{"@type":"EntryPoint","urlTemplate":"https:\/\/www.noticiasradioreflejos.com.ar\/2021\/?s={search_term_string}"},"query-input":{"@type":"PropertyValueSpecification","valueRequired":true,"valueName":"search_term_string"}}],"inLanguage":"es"},{"@type":"Person","@id":"https:\/\/www.noticiasradioreflejos.com.ar\/2021\/#\/schema\/person\/ad82545263dcc5ec0996818884fd5fb1","name":"Arnaldo Botto","image":{"@type":"ImageObject","inLanguage":"es","@id":"https:\/\/www.noticiasradioreflejos.com.ar\/2021\/#\/schema\/person\/image\/","url":"https:\/\/secure.gravatar.com\/avatar\/55cb5e37c1efa326397366e6974cb338056df65cb50e7d64d1cf314e87504837?s=96&d=mm&r=g","contentUrl":"https:\/\/secure.gravatar.com\/avatar\/55cb5e37c1efa326397366e6974cb338056df65cb50e7d64d1cf314e87504837?s=96&d=mm&r=g","caption":"Arnaldo Botto"},"url":"https:\/\/www.noticiasradioreflejos.com.ar\/2021\/author\/arnaldo\/"}]}},"_links":{"self":[{"href":"https:\/\/www.noticiasradioreflejos.com.ar\/2021\/wp-json\/wp\/v2\/posts\/21396","targetHints":{"allow":["GET"]}}],"collection":[{"href":"https:\/\/www.noticiasradioreflejos.com.ar\/2021\/wp-json\/wp\/v2\/posts"}],"about":[{"href":"https:\/\/www.noticiasradioreflejos.com.ar\/2021\/wp-json\/wp\/v2\/types\/post"}],"author":[{"embeddable":true,"href":"https:\/\/www.noticiasradioreflejos.com.ar\/2021\/wp-json\/wp\/v2\/users\/3"}],"replies":[{"embeddable":true,"href":"https:\/\/www.noticiasradioreflejos.com.ar\/2021\/wp-json\/wp\/v2\/comments?post=21396"}],"version-history":[{"count":0,"href":"https:\/\/www.noticiasradioreflejos.com.ar\/2021\/wp-json\/wp\/v2\/posts\/21396\/revisions"}],"wp:attachment":[{"href":"https:\/\/www.noticiasradioreflejos.com.ar\/2021\/wp-json\/wp\/v2\/media?parent=21396"}],"wp:term":[{"taxonomy":"category","embeddable":true,"href":"https:\/\/www.noticiasradioreflejos.com.ar\/2021\/wp-json\/wp\/v2\/categories?post=21396"},{"taxonomy":"post_tag","embeddable":true,"href":"https:\/\/www.noticiasradioreflejos.com.ar\/2021\/wp-json\/wp\/v2\/tags?post=21396"}],"curies":[{"name":"wp","href":"https:\/\/api.w.org\/{rel}","templated":true}]}}