{"id":21393,"date":"2018-05-08T17:50:43","date_gmt":"2018-05-08T20:50:43","guid":{"rendered":"http:\/\/www.noticiasradioreflejos.com.ar\/noticias\/?p=21393"},"modified":"2018-05-08T17:50:43","modified_gmt":"2018-05-08T20:50:43","slug":"el-partido-justicilista-de-buenos-aires-rechaza-el-acuerdo-con-el-fmi","status":"publish","type":"post","link":"https:\/\/www.noticiasradioreflejos.com.ar\/2021\/el-partido-justicilista-de-buenos-aires-rechaza-el-acuerdo-con-el-fmi\/","title":{"rendered":"El Partido Justicialista de Buenos Aires rechaza el acuerdo con el FMI"},"content":{"rendered":"<p>Ante el anuncio del gobierno nacional de este mediod\u00eda, el PJ Bonaerense emiti\u00f3 un comunicado para hacer conocer su posici\u00f3n.<br \/>\n<strong>Comunicado: <\/strong>Desde el Partido Justicialista de la Provincia de Buenos Aires rechazamos la decisi\u00f3n del gobierno de acordar ayuda financiera con el Fondo Monetario Internacional. La pol\u00edtica econ\u00f3mica de Cambiemos es sin\u00f3nimo de fracaso, mentiras e inoperancia. Y con esta nueva medida, directamente entregan la independencia de nuestro pa\u00eds al mejor postor y someten al pueblo a un futuro de ajuste y pobreza. <!--more--><br \/>\nHoy m\u00e1s que nunca el peronismo unido toma el compromiso de defender los pilares de nuestro movimiento y a trav\u00e9s de ellos a todos los argentinos: justicia social, independencia econ\u00f3mica y soberan\u00eda pol\u00edtica.<br \/>\nLa llegada a la presidencia de Juan Domingo Per\u00f3n marc\u00f3 un antes y un despu\u00e9s, fundando Doctrina en materia econ\u00f3mica demostrando en los hechos que otra forma de hacer pol\u00edtica era posible en la Argentina. Per\u00f3n se enfrent\u00f3 a las m\u00e1s grandes corporaciones internacionales y en un contexto de gran complejidad, traz\u00f3 con coraje e inteligencia una estrategia para resolver el problema de los empr\u00e9stitos, logrando saldar la deuda soberana y poner en valor la matriz productiva nacional.<br \/>\nAl asumir N\u00e9stor Kirchner como presidente tambi\u00e9n propuso un modelo econ\u00f3mico de desarrollo, independencia e inclusi\u00f3n. En 2006 logr\u00f3 que la Argentina cancele en un solo pago la deuda que manten\u00eda con el FMI por m\u00e1s de 9.800 millones de d\u00f3lares.<br \/>\nHoy el neoliberalismo se est\u00e1 llevando puesto el esfuerzo de todos los ciudadanos, en lo que representa un retroceso hist\u00f3rico para nuestra Naci\u00f3n con recetas que nos han hecho much\u00edsimo da\u00f1o.<br \/>\nLe pedimos al gobierno que abra el di\u00e1logo con todos los sectores para lograr en conjunto una soluci\u00f3n superadora y recuperar la esperanza de construir una Patria con todos y para todos.<\/p>\n","protected":false},"excerpt":{"rendered":"<p>Ante el anuncio del gobierno nacional de este mediod\u00eda, el PJ Bonaerense emiti\u00f3 un comunicado para hacer conocer su posici\u00f3n. Comunicado: Desde el Partido Justicialista de la Provincia de Buenos Aires rechazamos la decisi\u00f3n del gobierno de acordar ayuda financiera con el Fondo Monetario Internacional. La pol\u00edtica econ\u00f3mica de Cambiemos es sin\u00f3nimo de fracaso, mentiras [&hellip;]<\/p>\n","protected":false},"author":3,"featured_media":20620,"comment_status":"closed","ping_status":"open","sticky":false,"template":"","format":"standard","meta":{"footnotes":""},"categories":[24],"tags":[],"class_list":["post-21393","post","type-post","status-publish","format-standard","has-post-thumbnail","hentry","category-politica"],"yoast_head":"<!-- This site is optimized with the Yoast SEO plugin v25.9 - https:\/\/yoast.com\/wordpress\/plugins\/seo\/ -->\n<title>El Partido Justicialista de Buenos Aires rechaza el acuerdo con el FMI - Noticias Radio Reflejos<\/title>\n<meta name=\"robots\" content=\"index, follow, max-snippet:-1, max-image-preview:large, max-video-preview:-1\" \/>\n<link rel=\"canonical\" href=\"https:\/\/www.noticiasradioreflejos.com.ar\/2021\/el-partido-justicilista-de-buenos-aires-rechaza-el-acuerdo-con-el-fmi\/\" \/>\n<meta property=\"og:locale\" content=\"es_ES\" \/>\n<meta property=\"og:type\" content=\"article\" \/>\n<meta property=\"og:title\" content=\"El Partido Justicialista de Buenos Aires rechaza el acuerdo con el FMI - Noticias Radio Reflejos\" \/>\n<meta property=\"og:description\" content=\"Ante el anuncio del gobierno nacional de este mediod\u00eda, el PJ Bonaerense emiti\u00f3 un comunicado para hacer conocer su posici\u00f3n. Comunicado: Desde el Partido Justicialista de la Provincia de Buenos Aires rechazamos la decisi\u00f3n del gobierno de acordar ayuda financiera con el Fondo Monetario Internacional. La pol\u00edtica econ\u00f3mica de Cambiemos es sin\u00f3nimo de fracaso, mentiras [&hellip;]\" \/>\n<meta property=\"og:url\" content=\"https:\/\/www.noticiasradioreflejos.com.ar\/2021\/el-partido-justicilista-de-buenos-aires-rechaza-el-acuerdo-con-el-fmi\/\" \/>\n<meta property=\"og:site_name\" content=\"Noticias Radio Reflejos\" \/>\n<meta property=\"article:published_time\" content=\"2018-05-08T20:50:43+00:00\" \/>\n<meta property=\"og:image\" content=\"https:\/\/www.noticiasradioreflejos.com.ar\/2021\/wp-content\/uploads\/2021\/07\/logosol300x200.png\" \/>\n\t<meta property=\"og:image:width\" content=\"300\" \/>\n\t<meta property=\"og:image:height\" content=\"200\" \/>\n\t<meta property=\"og:image:type\" content=\"image\/png\" \/>\n<meta name=\"author\" content=\"Arnaldo Botto\" \/>\n<meta name=\"twitter:card\" content=\"summary_large_image\" \/>\n<script type=\"application\/ld+json\" class=\"yoast-schema-graph\">{\"@context\":\"https:\/\/schema.org\",\"@graph\":[{\"@type\":\"WebPage\",\"@id\":\"https:\/\/www.noticiasradioreflejos.com.ar\/2021\/el-partido-justicilista-de-buenos-aires-rechaza-el-acuerdo-con-el-fmi\/\",\"url\":\"https:\/\/www.noticiasradioreflejos.com.ar\/2021\/el-partido-justicilista-de-buenos-aires-rechaza-el-acuerdo-con-el-fmi\/\",\"name\":\"El Partido Justicialista de Buenos Aires rechaza el acuerdo con el FMI - Noticias Radio Reflejos\",\"isPartOf\":{\"@id\":\"https:\/\/www.noticiasradioreflejos.com.ar\/2021\/#website\"},\"primaryImageOfPage\":{\"@id\":\"https:\/\/www.noticiasradioreflejos.com.ar\/2021\/el-partido-justicilista-de-buenos-aires-rechaza-el-acuerdo-con-el-fmi\/#primaryimage\"},\"image\":{\"@id\":\"https:\/\/www.noticiasradioreflejos.com.ar\/2021\/el-partido-justicilista-de-buenos-aires-rechaza-el-acuerdo-con-el-fmi\/#primaryimage\"},\"thumbnailUrl\":\"\",\"datePublished\":\"2018-05-08T20:50:43+00:00\",\"author\":{\"@id\":\"https:\/\/www.noticiasradioreflejos.com.ar\/2021\/#\/schema\/person\/ad82545263dcc5ec0996818884fd5fb1\"},\"breadcrumb\":{\"@id\":\"https:\/\/www.noticiasradioreflejos.com.ar\/2021\/el-partido-justicilista-de-buenos-aires-rechaza-el-acuerdo-con-el-fmi\/#breadcrumb\"},\"inLanguage\":\"es\",\"potentialAction\":[{\"@type\":\"ReadAction\",\"target\":[\"https:\/\/www.noticiasradioreflejos.com.ar\/2021\/el-partido-justicilista-de-buenos-aires-rechaza-el-acuerdo-con-el-fmi\/\"]}]},{\"@type\":\"ImageObject\",\"inLanguage\":\"es\",\"@id\":\"https:\/\/www.noticiasradioreflejos.com.ar\/2021\/el-partido-justicilista-de-buenos-aires-rechaza-el-acuerdo-con-el-fmi\/#primaryimage\",\"url\":\"\",\"contentUrl\":\"\"},{\"@type\":\"BreadcrumbList\",\"@id\":\"https:\/\/www.noticiasradioreflejos.com.ar\/2021\/el-partido-justicilista-de-buenos-aires-rechaza-el-acuerdo-con-el-fmi\/#breadcrumb\",\"itemListElement\":[{\"@type\":\"ListItem\",\"position\":1,\"name\":\"Portada\",\"item\":\"https:\/\/www.noticiasradioreflejos.com.ar\/2021\/\"},{\"@type\":\"ListItem\",\"position\":2,\"name\":\"El Partido Justicialista de Buenos Aires rechaza el acuerdo con el FMI\"}]},{\"@type\":\"WebSite\",\"@id\":\"https:\/\/www.noticiasradioreflejos.com.ar\/2021\/#website\",\"url\":\"https:\/\/www.noticiasradioreflejos.com.ar\/2021\/\",\"name\":\"Noticias Radio Reflejos\",\"description\":\"Las noticias de mi comarca\",\"potentialAction\":[{\"@type\":\"SearchAction\",\"target\":{\"@type\":\"EntryPoint\",\"urlTemplate\":\"https:\/\/www.noticiasradioreflejos.com.ar\/2021\/?s={search_term_string}\"},\"query-input\":{\"@type\":\"PropertyValueSpecification\",\"valueRequired\":true,\"valueName\":\"search_term_string\"}}],\"inLanguage\":\"es\"},{\"@type\":\"Person\",\"@id\":\"https:\/\/www.noticiasradioreflejos.com.ar\/2021\/#\/schema\/person\/ad82545263dcc5ec0996818884fd5fb1\",\"name\":\"Arnaldo Botto\",\"image\":{\"@type\":\"ImageObject\",\"inLanguage\":\"es\",\"@id\":\"https:\/\/www.noticiasradioreflejos.com.ar\/2021\/#\/schema\/person\/image\/\",\"url\":\"https:\/\/secure.gravatar.com\/avatar\/55cb5e37c1efa326397366e6974cb338056df65cb50e7d64d1cf314e87504837?s=96&d=mm&r=g\",\"contentUrl\":\"https:\/\/secure.gravatar.com\/avatar\/55cb5e37c1efa326397366e6974cb338056df65cb50e7d64d1cf314e87504837?s=96&d=mm&r=g\",\"caption\":\"Arnaldo Botto\"},\"url\":\"https:\/\/www.noticiasradioreflejos.com.ar\/2021\/author\/arnaldo\/\"}]}<\/script>\n<!-- \/ Yoast SEO plugin. -->","yoast_head_json":{"title":"El Partido Justicialista de Buenos Aires rechaza el acuerdo con el FMI - Noticias Radio Reflejos","robots":{"index":"index","follow":"follow","max-snippet":"max-snippet:-1","max-image-preview":"max-image-preview:large","max-video-preview":"max-video-preview:-1"},"canonical":"https:\/\/www.noticiasradioreflejos.com.ar\/2021\/el-partido-justicilista-de-buenos-aires-rechaza-el-acuerdo-con-el-fmi\/","og_locale":"es_ES","og_type":"article","og_title":"El Partido Justicialista de Buenos Aires rechaza el acuerdo con el FMI - Noticias Radio Reflejos","og_description":"Ante el anuncio del gobierno nacional de este mediod\u00eda, el PJ Bonaerense emiti\u00f3 un comunicado para hacer conocer su posici\u00f3n. Comunicado: Desde el Partido Justicialista de la Provincia de Buenos Aires rechazamos la decisi\u00f3n del gobierno de acordar ayuda financiera con el Fondo Monetario Internacional. La pol\u00edtica econ\u00f3mica de Cambiemos es sin\u00f3nimo de fracaso, mentiras [&hellip;]","og_url":"https:\/\/www.noticiasradioreflejos.com.ar\/2021\/el-partido-justicilista-de-buenos-aires-rechaza-el-acuerdo-con-el-fmi\/","og_site_name":"Noticias Radio Reflejos","article_published_time":"2018-05-08T20:50:43+00:00","og_image":[{"width":300,"height":200,"url":"https:\/\/www.noticiasradioreflejos.com.ar\/2021\/wp-content\/uploads\/2021\/07\/logosol300x200.png","type":"image\/png"}],"author":"Arnaldo Botto","twitter_card":"summary_large_image","schema":{"@context":"https:\/\/schema.org","@graph":[{"@type":"WebPage","@id":"https:\/\/www.noticiasradioreflejos.com.ar\/2021\/el-partido-justicilista-de-buenos-aires-rechaza-el-acuerdo-con-el-fmi\/","url":"https:\/\/www.noticiasradioreflejos.com.ar\/2021\/el-partido-justicilista-de-buenos-aires-rechaza-el-acuerdo-con-el-fmi\/","name":"El Partido Justicialista de Buenos Aires rechaza el acuerdo con el FMI - Noticias Radio Reflejos","isPartOf":{"@id":"https:\/\/www.noticiasradioreflejos.com.ar\/2021\/#website"},"primaryImageOfPage":{"@id":"https:\/\/www.noticiasradioreflejos.com.ar\/2021\/el-partido-justicilista-de-buenos-aires-rechaza-el-acuerdo-con-el-fmi\/#primaryimage"},"image":{"@id":"https:\/\/www.noticiasradioreflejos.com.ar\/2021\/el-partido-justicilista-de-buenos-aires-rechaza-el-acuerdo-con-el-fmi\/#primaryimage"},"thumbnailUrl":"","datePublished":"2018-05-08T20:50:43+00:00","author":{"@id":"https:\/\/www.noticiasradioreflejos.com.ar\/2021\/#\/schema\/person\/ad82545263dcc5ec0996818884fd5fb1"},"breadcrumb":{"@id":"https:\/\/www.noticiasradioreflejos.com.ar\/2021\/el-partido-justicilista-de-buenos-aires-rechaza-el-acuerdo-con-el-fmi\/#breadcrumb"},"inLanguage":"es","potentialAction":[{"@type":"ReadAction","target":["https:\/\/www.noticiasradioreflejos.com.ar\/2021\/el-partido-justicilista-de-buenos-aires-rechaza-el-acuerdo-con-el-fmi\/"]}]},{"@type":"ImageObject","inLanguage":"es","@id":"https:\/\/www.noticiasradioreflejos.com.ar\/2021\/el-partido-justicilista-de-buenos-aires-rechaza-el-acuerdo-con-el-fmi\/#primaryimage","url":"","contentUrl":""},{"@type":"BreadcrumbList","@id":"https:\/\/www.noticiasradioreflejos.com.ar\/2021\/el-partido-justicilista-de-buenos-aires-rechaza-el-acuerdo-con-el-fmi\/#breadcrumb","itemListElement":[{"@type":"ListItem","position":1,"name":"Portada","item":"https:\/\/www.noticiasradioreflejos.com.ar\/2021\/"},{"@type":"ListItem","position":2,"name":"El Partido Justicialista de Buenos Aires rechaza el acuerdo con el FMI"}]},{"@type":"WebSite","@id":"https:\/\/www.noticiasradioreflejos.com.ar\/2021\/#website","url":"https:\/\/www.noticiasradioreflejos.com.ar\/2021\/","name":"Noticias Radio Reflejos","description":"Las noticias de mi comarca","potentialAction":[{"@type":"SearchAction","target":{"@type":"EntryPoint","urlTemplate":"https:\/\/www.noticiasradioreflejos.com.ar\/2021\/?s={search_term_string}"},"query-input":{"@type":"PropertyValueSpecification","valueRequired":true,"valueName":"search_term_string"}}],"inLanguage":"es"},{"@type":"Person","@id":"https:\/\/www.noticiasradioreflejos.com.ar\/2021\/#\/schema\/person\/ad82545263dcc5ec0996818884fd5fb1","name":"Arnaldo Botto","image":{"@type":"ImageObject","inLanguage":"es","@id":"https:\/\/www.noticiasradioreflejos.com.ar\/2021\/#\/schema\/person\/image\/","url":"https:\/\/secure.gravatar.com\/avatar\/55cb5e37c1efa326397366e6974cb338056df65cb50e7d64d1cf314e87504837?s=96&d=mm&r=g","contentUrl":"https:\/\/secure.gravatar.com\/avatar\/55cb5e37c1efa326397366e6974cb338056df65cb50e7d64d1cf314e87504837?s=96&d=mm&r=g","caption":"Arnaldo Botto"},"url":"https:\/\/www.noticiasradioreflejos.com.ar\/2021\/author\/arnaldo\/"}]}},"_links":{"self":[{"href":"https:\/\/www.noticiasradioreflejos.com.ar\/2021\/wp-json\/wp\/v2\/posts\/21393","targetHints":{"allow":["GET"]}}],"collection":[{"href":"https:\/\/www.noticiasradioreflejos.com.ar\/2021\/wp-json\/wp\/v2\/posts"}],"about":[{"href":"https:\/\/www.noticiasradioreflejos.com.ar\/2021\/wp-json\/wp\/v2\/types\/post"}],"author":[{"embeddable":true,"href":"https:\/\/www.noticiasradioreflejos.com.ar\/2021\/wp-json\/wp\/v2\/users\/3"}],"replies":[{"embeddable":true,"href":"https:\/\/www.noticiasradioreflejos.com.ar\/2021\/wp-json\/wp\/v2\/comments?post=21393"}],"version-history":[{"count":0,"href":"https:\/\/www.noticiasradioreflejos.com.ar\/2021\/wp-json\/wp\/v2\/posts\/21393\/revisions"}],"wp:featuredmedia":[{"embeddable":true,"href":"https:\/\/www.noticiasradioreflejos.com.ar\/2021\/wp-json\/"}],"wp:attachment":[{"href":"https:\/\/www.noticiasradioreflejos.com.ar\/2021\/wp-json\/wp\/v2\/media?parent=21393"}],"wp:term":[{"taxonomy":"category","embeddable":true,"href":"https:\/\/www.noticiasradioreflejos.com.ar\/2021\/wp-json\/wp\/v2\/categories?post=21393"},{"taxonomy":"post_tag","embeddable":true,"href":"https:\/\/www.noticiasradioreflejos.com.ar\/2021\/wp-json\/wp\/v2\/tags?post=21393"}],"curies":[{"name":"wp","href":"https:\/\/api.w.org\/{rel}","templated":true}]}}