{"id":21390,"date":"2018-05-08T17:46:11","date_gmt":"2018-05-08T20:46:11","guid":{"rendered":"http:\/\/www.noticiasradioreflejos.com.ar\/noticias\/?p=21390"},"modified":"2018-05-08T17:46:11","modified_gmt":"2018-05-08T20:46:11","slug":"quedo-inaugurado-el-same-provincia-en-el-distrito","status":"publish","type":"post","link":"https:\/\/www.noticiasradioreflejos.com.ar\/2021\/quedo-inaugurado-el-same-provincia-en-el-distrito\/","title":{"rendered":"Qued\u00f3 inaugurado el SAME PROVINCIA en el distrito"},"content":{"rendered":"<p><a title=\"DSCN4423-1024x768\" href=\"http:\/\/farm1.staticflickr.com\/982\/41263552714_b79818231e.jpg\" rel=\"\"><img loading=\"lazy\" decoding=\"async\" class=\"alignleft\" style=\"float: left;\" title=\"DSCN4423-1024x768\" src=\"http:\/\/farm1.staticflickr.com\/982\/41263552714_b79818231e.jpg\" alt=\"DSCN4423-1024x768\" width=\"500\" height=\"375\" \/><\/a>Hoy por la ma\u00f1ana, el Intendente municipal Sergio Bordoni recibi\u00f3 en su despacho al Lic. Federico Pupillio, representante del SAME Provincia, para firmar el convenio que dar\u00e1 el marco regulatorio para la implementaci\u00f3n del sistema.<br \/>\nTornquist, es el 49\u00b0 municipio en instalar el servicio de emergencias del estado bonaerense, que cuida a m\u00e1s de 8 millones de vecinos.<br \/>\nEn un breve acto en el Hospital Municipal \u201cDr. Alberto Castro\u201d, se dej\u00f3 inaugurado el servicio, que brinda atenci\u00f3n medica de calidad y a tiempo, en caso de accidentes o urgencias en la v\u00eda p\u00fablica.<!--more--><br \/>\nEl jefe comunal resalt\u00f3 el gran compromiso que tiene la gesti\u00f3n de Mar\u00eda Eugenia Vidal, para con el \u00e1rea de salud, el gran esfuerzo que han realizado estos dos a\u00f1os para mejorar no solo la infraestructura, sino tambi\u00e9n el equipamiento y por ende la calidad del servicio brindado.<br \/>\nLuego fue el turno del Dr. Jorge Ferraro, Secretario de Salud, quien explic\u00f3 la importancia de contar con un servicio integral, con tecnolog\u00eda de punta que permita colaborar e interactuar con todas las localidades del distrito, y con los municipios vecinos, logrando una mejor organizaci\u00f3n.<br \/>\nPara finalizar la parte protocolar, el funcionario provincial agradeci\u00f3 el recibimiento que tuvo por parte del municipio, y destac\u00f3 la importancia de seguir trabajando en conjunto, para consolidar la cartera de salud. Adem\u00e1s hizo entrega de la llave de la ambulancia de alta complejidad, equipada con cardiodesfribador y kits para atenci\u00f3n de trauma, atenci\u00f3n de la v\u00eda a\u00e9rea, partos y quemaduras. La unidad se suma a las que se encuentran en la localidad de Tornquist, y uno de los m\u00f3viles de la ciudad cabecera se traslada a la localidad de Tres Picos.<br \/>\nPosteriormente, Bordoni recorri\u00f3, junto a Pupilio las instalaciones del nosocomio local, para mostrarle las obras realizadas estos dos a\u00f1os, con el Fondo de Infraestructura Municipal, y las que se encuentran en marcha este a\u00f1o, como la ampliaci\u00f3n del laboratorio, incluyendo un \u00e1rea de bacteriolog\u00eda, la construcci\u00f3n de un espacio de hemoterapia y la reconstrucci\u00f3n de ba\u00f1os con accesibilidad.<br \/>\n<a title=\"DSCN4475-1024x768\" href=\"http:\/\/farm1.staticflickr.com\/966\/41937645672_8cef41a265_z.jpg\" rel=\"\"><img loading=\"lazy\" decoding=\"async\" class=\"aligncenter\" title=\"DSCN4475-1024x768\" src=\"http:\/\/farm1.staticflickr.com\/966\/41937645672_8cef41a265_z.jpg\" alt=\"DSCN4475-1024x768\" width=\"627\" height=\"470\" \/><\/a><\/p>\n","protected":false},"excerpt":{"rendered":"<p>Hoy por la ma\u00f1ana, el Intendente municipal Sergio Bordoni recibi\u00f3 en su despacho al Lic. Federico Pupillio, representante del SAME Provincia, para firmar el convenio que dar\u00e1 el marco regulatorio para la implementaci\u00f3n del sistema. Tornquist, es el 49\u00b0 municipio en instalar el servicio de emergencias del estado bonaerense, que cuida a m\u00e1s de 8 [&hellip;]<\/p>\n","protected":false},"author":3,"featured_media":0,"comment_status":"closed","ping_status":"open","sticky":false,"template":"","format":"standard","meta":{"footnotes":""},"categories":[30],"tags":[],"class_list":["post-21390","post","type-post","status-publish","format-standard","hentry","category-salud"],"yoast_head":"<!-- This site is optimized with the Yoast SEO plugin v25.9 - https:\/\/yoast.com\/wordpress\/plugins\/seo\/ -->\n<title>Qued\u00f3 inaugurado el SAME PROVINCIA en el distrito - Noticias Radio Reflejos<\/title>\n<meta name=\"robots\" content=\"index, follow, max-snippet:-1, max-image-preview:large, max-video-preview:-1\" \/>\n<link rel=\"canonical\" href=\"https:\/\/www.noticiasradioreflejos.com.ar\/2021\/quedo-inaugurado-el-same-provincia-en-el-distrito\/\" \/>\n<meta property=\"og:locale\" content=\"es_ES\" \/>\n<meta property=\"og:type\" content=\"article\" \/>\n<meta property=\"og:title\" content=\"Qued\u00f3 inaugurado el SAME PROVINCIA en el distrito - Noticias Radio Reflejos\" \/>\n<meta property=\"og:description\" content=\"Hoy por la ma\u00f1ana, el Intendente municipal Sergio Bordoni recibi\u00f3 en su despacho al Lic. Federico Pupillio, representante del SAME Provincia, para firmar el convenio que dar\u00e1 el marco regulatorio para la implementaci\u00f3n del sistema. Tornquist, es el 49\u00b0 municipio en instalar el servicio de emergencias del estado bonaerense, que cuida a m\u00e1s de 8 [&hellip;]\" \/>\n<meta property=\"og:url\" content=\"https:\/\/www.noticiasradioreflejos.com.ar\/2021\/quedo-inaugurado-el-same-provincia-en-el-distrito\/\" \/>\n<meta property=\"og:site_name\" content=\"Noticias Radio Reflejos\" \/>\n<meta property=\"article:published_time\" content=\"2018-05-08T20:46:11+00:00\" \/>\n<meta property=\"og:image\" content=\"http:\/\/farm1.staticflickr.com\/982\/41263552714_b79818231e.jpg\" \/>\n<meta name=\"author\" content=\"Arnaldo Botto\" \/>\n<meta name=\"twitter:card\" content=\"summary_large_image\" \/>\n<script type=\"application\/ld+json\" class=\"yoast-schema-graph\">{\"@context\":\"https:\/\/schema.org\",\"@graph\":[{\"@type\":\"WebPage\",\"@id\":\"https:\/\/www.noticiasradioreflejos.com.ar\/2021\/quedo-inaugurado-el-same-provincia-en-el-distrito\/\",\"url\":\"https:\/\/www.noticiasradioreflejos.com.ar\/2021\/quedo-inaugurado-el-same-provincia-en-el-distrito\/\",\"name\":\"Qued\u00f3 inaugurado el SAME PROVINCIA en el distrito - Noticias Radio Reflejos\",\"isPartOf\":{\"@id\":\"https:\/\/www.noticiasradioreflejos.com.ar\/2021\/#website\"},\"primaryImageOfPage\":{\"@id\":\"https:\/\/www.noticiasradioreflejos.com.ar\/2021\/quedo-inaugurado-el-same-provincia-en-el-distrito\/#primaryimage\"},\"image\":{\"@id\":\"https:\/\/www.noticiasradioreflejos.com.ar\/2021\/quedo-inaugurado-el-same-provincia-en-el-distrito\/#primaryimage\"},\"thumbnailUrl\":\"http:\/\/farm1.staticflickr.com\/982\/41263552714_b79818231e.jpg\",\"datePublished\":\"2018-05-08T20:46:11+00:00\",\"author\":{\"@id\":\"https:\/\/www.noticiasradioreflejos.com.ar\/2021\/#\/schema\/person\/ad82545263dcc5ec0996818884fd5fb1\"},\"breadcrumb\":{\"@id\":\"https:\/\/www.noticiasradioreflejos.com.ar\/2021\/quedo-inaugurado-el-same-provincia-en-el-distrito\/#breadcrumb\"},\"inLanguage\":\"es\",\"potentialAction\":[{\"@type\":\"ReadAction\",\"target\":[\"https:\/\/www.noticiasradioreflejos.com.ar\/2021\/quedo-inaugurado-el-same-provincia-en-el-distrito\/\"]}]},{\"@type\":\"ImageObject\",\"inLanguage\":\"es\",\"@id\":\"https:\/\/www.noticiasradioreflejos.com.ar\/2021\/quedo-inaugurado-el-same-provincia-en-el-distrito\/#primaryimage\",\"url\":\"http:\/\/farm1.staticflickr.com\/982\/41263552714_b79818231e.jpg\",\"contentUrl\":\"http:\/\/farm1.staticflickr.com\/982\/41263552714_b79818231e.jpg\"},{\"@type\":\"BreadcrumbList\",\"@id\":\"https:\/\/www.noticiasradioreflejos.com.ar\/2021\/quedo-inaugurado-el-same-provincia-en-el-distrito\/#breadcrumb\",\"itemListElement\":[{\"@type\":\"ListItem\",\"position\":1,\"name\":\"Portada\",\"item\":\"https:\/\/www.noticiasradioreflejos.com.ar\/2021\/\"},{\"@type\":\"ListItem\",\"position\":2,\"name\":\"Qued\u00f3 inaugurado el SAME PROVINCIA en el distrito\"}]},{\"@type\":\"WebSite\",\"@id\":\"https:\/\/www.noticiasradioreflejos.com.ar\/2021\/#website\",\"url\":\"https:\/\/www.noticiasradioreflejos.com.ar\/2021\/\",\"name\":\"Noticias Radio Reflejos\",\"description\":\"Las noticias de mi comarca\",\"potentialAction\":[{\"@type\":\"SearchAction\",\"target\":{\"@type\":\"EntryPoint\",\"urlTemplate\":\"https:\/\/www.noticiasradioreflejos.com.ar\/2021\/?s={search_term_string}\"},\"query-input\":{\"@type\":\"PropertyValueSpecification\",\"valueRequired\":true,\"valueName\":\"search_term_string\"}}],\"inLanguage\":\"es\"},{\"@type\":\"Person\",\"@id\":\"https:\/\/www.noticiasradioreflejos.com.ar\/2021\/#\/schema\/person\/ad82545263dcc5ec0996818884fd5fb1\",\"name\":\"Arnaldo Botto\",\"image\":{\"@type\":\"ImageObject\",\"inLanguage\":\"es\",\"@id\":\"https:\/\/www.noticiasradioreflejos.com.ar\/2021\/#\/schema\/person\/image\/\",\"url\":\"https:\/\/secure.gravatar.com\/avatar\/55cb5e37c1efa326397366e6974cb338056df65cb50e7d64d1cf314e87504837?s=96&d=mm&r=g\",\"contentUrl\":\"https:\/\/secure.gravatar.com\/avatar\/55cb5e37c1efa326397366e6974cb338056df65cb50e7d64d1cf314e87504837?s=96&d=mm&r=g\",\"caption\":\"Arnaldo Botto\"},\"url\":\"https:\/\/www.noticiasradioreflejos.com.ar\/2021\/author\/arnaldo\/\"}]}<\/script>\n<!-- \/ Yoast SEO plugin. -->","yoast_head_json":{"title":"Qued\u00f3 inaugurado el SAME PROVINCIA en el distrito - Noticias Radio Reflejos","robots":{"index":"index","follow":"follow","max-snippet":"max-snippet:-1","max-image-preview":"max-image-preview:large","max-video-preview":"max-video-preview:-1"},"canonical":"https:\/\/www.noticiasradioreflejos.com.ar\/2021\/quedo-inaugurado-el-same-provincia-en-el-distrito\/","og_locale":"es_ES","og_type":"article","og_title":"Qued\u00f3 inaugurado el SAME PROVINCIA en el distrito - Noticias Radio Reflejos","og_description":"Hoy por la ma\u00f1ana, el Intendente municipal Sergio Bordoni recibi\u00f3 en su despacho al Lic. Federico Pupillio, representante del SAME Provincia, para firmar el convenio que dar\u00e1 el marco regulatorio para la implementaci\u00f3n del sistema. Tornquist, es el 49\u00b0 municipio en instalar el servicio de emergencias del estado bonaerense, que cuida a m\u00e1s de 8 [&hellip;]","og_url":"https:\/\/www.noticiasradioreflejos.com.ar\/2021\/quedo-inaugurado-el-same-provincia-en-el-distrito\/","og_site_name":"Noticias Radio Reflejos","article_published_time":"2018-05-08T20:46:11+00:00","og_image":[{"url":"http:\/\/farm1.staticflickr.com\/982\/41263552714_b79818231e.jpg","type":"","width":"","height":""}],"author":"Arnaldo Botto","twitter_card":"summary_large_image","schema":{"@context":"https:\/\/schema.org","@graph":[{"@type":"WebPage","@id":"https:\/\/www.noticiasradioreflejos.com.ar\/2021\/quedo-inaugurado-el-same-provincia-en-el-distrito\/","url":"https:\/\/www.noticiasradioreflejos.com.ar\/2021\/quedo-inaugurado-el-same-provincia-en-el-distrito\/","name":"Qued\u00f3 inaugurado el SAME PROVINCIA en el distrito - Noticias Radio Reflejos","isPartOf":{"@id":"https:\/\/www.noticiasradioreflejos.com.ar\/2021\/#website"},"primaryImageOfPage":{"@id":"https:\/\/www.noticiasradioreflejos.com.ar\/2021\/quedo-inaugurado-el-same-provincia-en-el-distrito\/#primaryimage"},"image":{"@id":"https:\/\/www.noticiasradioreflejos.com.ar\/2021\/quedo-inaugurado-el-same-provincia-en-el-distrito\/#primaryimage"},"thumbnailUrl":"http:\/\/farm1.staticflickr.com\/982\/41263552714_b79818231e.jpg","datePublished":"2018-05-08T20:46:11+00:00","author":{"@id":"https:\/\/www.noticiasradioreflejos.com.ar\/2021\/#\/schema\/person\/ad82545263dcc5ec0996818884fd5fb1"},"breadcrumb":{"@id":"https:\/\/www.noticiasradioreflejos.com.ar\/2021\/quedo-inaugurado-el-same-provincia-en-el-distrito\/#breadcrumb"},"inLanguage":"es","potentialAction":[{"@type":"ReadAction","target":["https:\/\/www.noticiasradioreflejos.com.ar\/2021\/quedo-inaugurado-el-same-provincia-en-el-distrito\/"]}]},{"@type":"ImageObject","inLanguage":"es","@id":"https:\/\/www.noticiasradioreflejos.com.ar\/2021\/quedo-inaugurado-el-same-provincia-en-el-distrito\/#primaryimage","url":"http:\/\/farm1.staticflickr.com\/982\/41263552714_b79818231e.jpg","contentUrl":"http:\/\/farm1.staticflickr.com\/982\/41263552714_b79818231e.jpg"},{"@type":"BreadcrumbList","@id":"https:\/\/www.noticiasradioreflejos.com.ar\/2021\/quedo-inaugurado-el-same-provincia-en-el-distrito\/#breadcrumb","itemListElement":[{"@type":"ListItem","position":1,"name":"Portada","item":"https:\/\/www.noticiasradioreflejos.com.ar\/2021\/"},{"@type":"ListItem","position":2,"name":"Qued\u00f3 inaugurado el SAME PROVINCIA en el distrito"}]},{"@type":"WebSite","@id":"https:\/\/www.noticiasradioreflejos.com.ar\/2021\/#website","url":"https:\/\/www.noticiasradioreflejos.com.ar\/2021\/","name":"Noticias Radio Reflejos","description":"Las noticias de mi comarca","potentialAction":[{"@type":"SearchAction","target":{"@type":"EntryPoint","urlTemplate":"https:\/\/www.noticiasradioreflejos.com.ar\/2021\/?s={search_term_string}"},"query-input":{"@type":"PropertyValueSpecification","valueRequired":true,"valueName":"search_term_string"}}],"inLanguage":"es"},{"@type":"Person","@id":"https:\/\/www.noticiasradioreflejos.com.ar\/2021\/#\/schema\/person\/ad82545263dcc5ec0996818884fd5fb1","name":"Arnaldo Botto","image":{"@type":"ImageObject","inLanguage":"es","@id":"https:\/\/www.noticiasradioreflejos.com.ar\/2021\/#\/schema\/person\/image\/","url":"https:\/\/secure.gravatar.com\/avatar\/55cb5e37c1efa326397366e6974cb338056df65cb50e7d64d1cf314e87504837?s=96&d=mm&r=g","contentUrl":"https:\/\/secure.gravatar.com\/avatar\/55cb5e37c1efa326397366e6974cb338056df65cb50e7d64d1cf314e87504837?s=96&d=mm&r=g","caption":"Arnaldo Botto"},"url":"https:\/\/www.noticiasradioreflejos.com.ar\/2021\/author\/arnaldo\/"}]}},"_links":{"self":[{"href":"https:\/\/www.noticiasradioreflejos.com.ar\/2021\/wp-json\/wp\/v2\/posts\/21390","targetHints":{"allow":["GET"]}}],"collection":[{"href":"https:\/\/www.noticiasradioreflejos.com.ar\/2021\/wp-json\/wp\/v2\/posts"}],"about":[{"href":"https:\/\/www.noticiasradioreflejos.com.ar\/2021\/wp-json\/wp\/v2\/types\/post"}],"author":[{"embeddable":true,"href":"https:\/\/www.noticiasradioreflejos.com.ar\/2021\/wp-json\/wp\/v2\/users\/3"}],"replies":[{"embeddable":true,"href":"https:\/\/www.noticiasradioreflejos.com.ar\/2021\/wp-json\/wp\/v2\/comments?post=21390"}],"version-history":[{"count":0,"href":"https:\/\/www.noticiasradioreflejos.com.ar\/2021\/wp-json\/wp\/v2\/posts\/21390\/revisions"}],"wp:attachment":[{"href":"https:\/\/www.noticiasradioreflejos.com.ar\/2021\/wp-json\/wp\/v2\/media?parent=21390"}],"wp:term":[{"taxonomy":"category","embeddable":true,"href":"https:\/\/www.noticiasradioreflejos.com.ar\/2021\/wp-json\/wp\/v2\/categories?post=21390"},{"taxonomy":"post_tag","embeddable":true,"href":"https:\/\/www.noticiasradioreflejos.com.ar\/2021\/wp-json\/wp\/v2\/tags?post=21390"}],"curies":[{"name":"wp","href":"https:\/\/api.w.org\/{rel}","templated":true}]}}