{"id":21387,"date":"2018-05-08T16:16:49","date_gmt":"2018-05-08T19:16:49","guid":{"rendered":"http:\/\/www.noticiasradioreflejos.com.ar\/noticias\/?p=21387"},"modified":"2018-05-08T16:16:49","modified_gmt":"2018-05-08T19:16:49","slug":"la-escuelita-azulgrana-continua-con-su-nutrida-actividad","status":"publish","type":"post","link":"https:\/\/www.noticiasradioreflejos.com.ar\/2021\/la-escuelita-azulgrana-continua-con-su-nutrida-actividad\/","title":{"rendered":"La Escuelita Azulgrana contin\u00faa con su nutrida actividad"},"content":{"rendered":"<p>Un nutrido grupo de ni\u00f1os de la escuela de f\u00fatbol del Automoto Club Deportivo particip\u00f3 el pasado s\u00e1bado del encuentro organizado por el club Uni\u00f3n de nuestra ciudad, del que tambi\u00e9n formaron parte San Mart\u00edn de Saavedra, Uni\u00f3n Pig\u00fc\u00e9, Pac\u00edfico de Bah\u00eda Blanca y San Mart\u00edn de Chasic\u00f3.<!--more--><br \/>\nLos ni\u00f1os azulgranas presentes fueron:<br \/>\n* Categor\u00eda 2007: Santiago Hansel, Luciano Sandobal, Vichenzo Vallucci, Lautaro Colado, Agust\u00edn Storm, Juan Mart\u00edn Flores, Benjam\u00edn Mold\u00fa, Ezequiel Heine, Luca Montiel Solano, Thiago Caball\u00edn, Danilo Laurenco y Ezequiel Sandobal.<br \/>\n* Categor\u00eda 2008: Emiliano Solano, Franco Tejeda, Mateo Gambirassi, Alessandro Marzialetti, Francisco Meriggi, Cristopher Salazar, Dante Mancinelli, Ian Borches y Robertino Rossi.<br \/>\n* Categor\u00eda 2009: Bautista Schwab, Facundo Abalos, Nazareno Verdinelli, Nahuel Garc\u00eda, Juan Ignacio Abreg\u00fa, Faustino Belelli, Juli\u00e1n Trankels, Juan Botto y Uriel D\u00edaz.<br \/>\n* Categor\u00eda 2010: Pedrito Braun, Francisco Tobares, Kevin Ferreyra, Lautaro Del P\u00f3, Valentino Sgammini, Valentino Braun, Juan Melchior Bras y Miguel Vera.<br \/>\n* Categor\u00eda 2011: Mateo Hansel, Uriam Di\u00f3cares, Laureano Esquivel, Miqueas Figueroa, Kevin Medina, Santino Cartuccia, Bautista Contreras, Santino Storm y Juan Bautista Botto.<br \/>\n* Categor\u00eda 2012: Ciro Meriggi, Benicio Ant\u00f3n, Mateo Garc\u00eda, Juan M. Buitrago, Juan Bonzini, Marcos Nievas y Facundo Torsani.<br \/>\n* Categor\u00eda 2013: Agust\u00edn Meriggi, Ian Villar, Zoe Borches, Juan Ant\u00f3n, Vittorio Luongo, Santino Luongo y Dante Urriaga.<br \/>\nLos profesores Sof\u00eda, Agust\u00edn, Hern\u00e1n y Juli\u00e1n agradecen a los ni\u00f1os que estuvieron presentes y a los padres que los acompa\u00f1aron.<br \/>\nEl pr\u00f3ximo encuentro ser\u00e1 el viernes 25 de corriente, feriado nacional, en nuestro club.<br \/>\nReuni\u00f3n de padres<br \/>\nSe recuerda a los padres de la categor\u00eda 2007, que este martes, a las 20.10, se realizar\u00e1 una reuni\u00f3n en el fog\u00f3n del gimnasio. Los esperamos.<br \/>\nDepartamento de Prensa \u2013 Automoto Club Deportivo<br \/>\nwww.clubautomotopasion.com.ar<br \/>\nFacebook: \/automototornquist<br \/>\nTwitter: @ClubAutomoto<br \/>\n<a href=\"http:\/\/farm1.staticflickr.com\/829\/27111679857_bd6a4da398_z.jpg\" title=\"azulgrana4\" rel=\"\"><img loading=\"lazy\" decoding=\"async\" src=\"http:\/\/farm1.staticflickr.com\/829\/27111679857_bd6a4da398_z.jpg\" width=\"640\" height=\"480\" alt=\"azulgrana4\" title=\"azulgrana4\" class=\"aligncenter\"><\/a><br \/>\n<a href=\"http:\/\/farm1.staticflickr.com\/911\/28109407758_320b455129_z.jpg\" title=\"azulgrana3\" rel=\"\"><img loading=\"lazy\" decoding=\"async\" src=\"http:\/\/farm1.staticflickr.com\/911\/28109407758_320b455129_z.jpg\" width=\"640\" height=\"360\" alt=\"azulgrana3\" title=\"azulgrana3\" class=\"aligncenter\"><\/a><br \/>\n<a href=\"http:\/\/farm1.staticflickr.com\/977\/41262199634_d7cd04ab04_z.jpg\" title=\"azulgrana2\" rel=\"\"><img loading=\"lazy\" decoding=\"async\" src=\"http:\/\/farm1.staticflickr.com\/977\/41262199634_d7cd04ab04_z.jpg\" width=\"640\" height=\"480\" alt=\"azulgrana2\" title=\"azulgrana2\" class=\"aligncenter\"><\/a><\/p>\n","protected":false},"excerpt":{"rendered":"<p>Un nutrido grupo de ni\u00f1os de la escuela de f\u00fatbol del Automoto Club Deportivo particip\u00f3 el pasado s\u00e1bado del encuentro organizado por el club Uni\u00f3n de nuestra ciudad, del que tambi\u00e9n formaron parte San Mart\u00edn de Saavedra, Uni\u00f3n Pig\u00fc\u00e9, Pac\u00edfico de Bah\u00eda Blanca y San Mart\u00edn de Chasic\u00f3.<\/p>\n","protected":false},"author":3,"featured_media":0,"comment_status":"closed","ping_status":"open","sticky":false,"template":"","format":"standard","meta":{"footnotes":""},"categories":[27],"tags":[],"class_list":["post-21387","post","type-post","status-publish","format-standard","hentry","category-deportes"],"yoast_head":"<!-- This site is optimized with the Yoast SEO plugin v25.9 - https:\/\/yoast.com\/wordpress\/plugins\/seo\/ -->\n<title>La Escuelita Azulgrana contin\u00faa con su nutrida actividad - Noticias Radio Reflejos<\/title>\n<meta name=\"robots\" content=\"index, follow, max-snippet:-1, max-image-preview:large, max-video-preview:-1\" \/>\n<link rel=\"canonical\" href=\"https:\/\/www.noticiasradioreflejos.com.ar\/2021\/la-escuelita-azulgrana-continua-con-su-nutrida-actividad\/\" \/>\n<meta property=\"og:locale\" content=\"es_ES\" \/>\n<meta property=\"og:type\" content=\"article\" \/>\n<meta property=\"og:title\" content=\"La Escuelita Azulgrana contin\u00faa con su nutrida actividad - Noticias Radio Reflejos\" \/>\n<meta property=\"og:description\" content=\"Un nutrido grupo de ni\u00f1os de la escuela de f\u00fatbol del Automoto Club Deportivo particip\u00f3 el pasado s\u00e1bado del encuentro organizado por el club Uni\u00f3n de nuestra ciudad, del que tambi\u00e9n formaron parte San Mart\u00edn de Saavedra, Uni\u00f3n Pig\u00fc\u00e9, Pac\u00edfico de Bah\u00eda Blanca y San Mart\u00edn de Chasic\u00f3.\" \/>\n<meta property=\"og:url\" content=\"https:\/\/www.noticiasradioreflejos.com.ar\/2021\/la-escuelita-azulgrana-continua-con-su-nutrida-actividad\/\" \/>\n<meta property=\"og:site_name\" content=\"Noticias Radio Reflejos\" \/>\n<meta property=\"article:published_time\" content=\"2018-05-08T19:16:49+00:00\" \/>\n<meta property=\"og:image\" content=\"http:\/\/farm1.staticflickr.com\/829\/27111679857_bd6a4da398_z.jpg\" \/>\n<meta name=\"author\" content=\"Arnaldo Botto\" \/>\n<meta name=\"twitter:card\" content=\"summary_large_image\" \/>\n<script type=\"application\/ld+json\" class=\"yoast-schema-graph\">{\"@context\":\"https:\/\/schema.org\",\"@graph\":[{\"@type\":\"WebPage\",\"@id\":\"https:\/\/www.noticiasradioreflejos.com.ar\/2021\/la-escuelita-azulgrana-continua-con-su-nutrida-actividad\/\",\"url\":\"https:\/\/www.noticiasradioreflejos.com.ar\/2021\/la-escuelita-azulgrana-continua-con-su-nutrida-actividad\/\",\"name\":\"La Escuelita Azulgrana contin\u00faa con su nutrida actividad - Noticias Radio Reflejos\",\"isPartOf\":{\"@id\":\"https:\/\/www.noticiasradioreflejos.com.ar\/2021\/#website\"},\"primaryImageOfPage\":{\"@id\":\"https:\/\/www.noticiasradioreflejos.com.ar\/2021\/la-escuelita-azulgrana-continua-con-su-nutrida-actividad\/#primaryimage\"},\"image\":{\"@id\":\"https:\/\/www.noticiasradioreflejos.com.ar\/2021\/la-escuelita-azulgrana-continua-con-su-nutrida-actividad\/#primaryimage\"},\"thumbnailUrl\":\"http:\/\/farm1.staticflickr.com\/829\/27111679857_bd6a4da398_z.jpg\",\"datePublished\":\"2018-05-08T19:16:49+00:00\",\"author\":{\"@id\":\"https:\/\/www.noticiasradioreflejos.com.ar\/2021\/#\/schema\/person\/ad82545263dcc5ec0996818884fd5fb1\"},\"breadcrumb\":{\"@id\":\"https:\/\/www.noticiasradioreflejos.com.ar\/2021\/la-escuelita-azulgrana-continua-con-su-nutrida-actividad\/#breadcrumb\"},\"inLanguage\":\"es\",\"potentialAction\":[{\"@type\":\"ReadAction\",\"target\":[\"https:\/\/www.noticiasradioreflejos.com.ar\/2021\/la-escuelita-azulgrana-continua-con-su-nutrida-actividad\/\"]}]},{\"@type\":\"ImageObject\",\"inLanguage\":\"es\",\"@id\":\"https:\/\/www.noticiasradioreflejos.com.ar\/2021\/la-escuelita-azulgrana-continua-con-su-nutrida-actividad\/#primaryimage\",\"url\":\"http:\/\/farm1.staticflickr.com\/829\/27111679857_bd6a4da398_z.jpg\",\"contentUrl\":\"http:\/\/farm1.staticflickr.com\/829\/27111679857_bd6a4da398_z.jpg\"},{\"@type\":\"BreadcrumbList\",\"@id\":\"https:\/\/www.noticiasradioreflejos.com.ar\/2021\/la-escuelita-azulgrana-continua-con-su-nutrida-actividad\/#breadcrumb\",\"itemListElement\":[{\"@type\":\"ListItem\",\"position\":1,\"name\":\"Portada\",\"item\":\"https:\/\/www.noticiasradioreflejos.com.ar\/2021\/\"},{\"@type\":\"ListItem\",\"position\":2,\"name\":\"La Escuelita Azulgrana contin\u00faa con su nutrida actividad\"}]},{\"@type\":\"WebSite\",\"@id\":\"https:\/\/www.noticiasradioreflejos.com.ar\/2021\/#website\",\"url\":\"https:\/\/www.noticiasradioreflejos.com.ar\/2021\/\",\"name\":\"Noticias Radio Reflejos\",\"description\":\"Las noticias de mi comarca\",\"potentialAction\":[{\"@type\":\"SearchAction\",\"target\":{\"@type\":\"EntryPoint\",\"urlTemplate\":\"https:\/\/www.noticiasradioreflejos.com.ar\/2021\/?s={search_term_string}\"},\"query-input\":{\"@type\":\"PropertyValueSpecification\",\"valueRequired\":true,\"valueName\":\"search_term_string\"}}],\"inLanguage\":\"es\"},{\"@type\":\"Person\",\"@id\":\"https:\/\/www.noticiasradioreflejos.com.ar\/2021\/#\/schema\/person\/ad82545263dcc5ec0996818884fd5fb1\",\"name\":\"Arnaldo Botto\",\"image\":{\"@type\":\"ImageObject\",\"inLanguage\":\"es\",\"@id\":\"https:\/\/www.noticiasradioreflejos.com.ar\/2021\/#\/schema\/person\/image\/\",\"url\":\"https:\/\/secure.gravatar.com\/avatar\/55cb5e37c1efa326397366e6974cb338056df65cb50e7d64d1cf314e87504837?s=96&d=mm&r=g\",\"contentUrl\":\"https:\/\/secure.gravatar.com\/avatar\/55cb5e37c1efa326397366e6974cb338056df65cb50e7d64d1cf314e87504837?s=96&d=mm&r=g\",\"caption\":\"Arnaldo Botto\"},\"url\":\"https:\/\/www.noticiasradioreflejos.com.ar\/2021\/author\/arnaldo\/\"}]}<\/script>\n<!-- \/ Yoast SEO plugin. -->","yoast_head_json":{"title":"La Escuelita Azulgrana contin\u00faa con su nutrida actividad - Noticias Radio Reflejos","robots":{"index":"index","follow":"follow","max-snippet":"max-snippet:-1","max-image-preview":"max-image-preview:large","max-video-preview":"max-video-preview:-1"},"canonical":"https:\/\/www.noticiasradioreflejos.com.ar\/2021\/la-escuelita-azulgrana-continua-con-su-nutrida-actividad\/","og_locale":"es_ES","og_type":"article","og_title":"La Escuelita Azulgrana contin\u00faa con su nutrida actividad - Noticias Radio Reflejos","og_description":"Un nutrido grupo de ni\u00f1os de la escuela de f\u00fatbol del Automoto Club Deportivo particip\u00f3 el pasado s\u00e1bado del encuentro organizado por el club Uni\u00f3n de nuestra ciudad, del que tambi\u00e9n formaron parte San Mart\u00edn de Saavedra, Uni\u00f3n Pig\u00fc\u00e9, Pac\u00edfico de Bah\u00eda Blanca y San Mart\u00edn de Chasic\u00f3.","og_url":"https:\/\/www.noticiasradioreflejos.com.ar\/2021\/la-escuelita-azulgrana-continua-con-su-nutrida-actividad\/","og_site_name":"Noticias Radio Reflejos","article_published_time":"2018-05-08T19:16:49+00:00","og_image":[{"url":"http:\/\/farm1.staticflickr.com\/829\/27111679857_bd6a4da398_z.jpg","type":"","width":"","height":""}],"author":"Arnaldo Botto","twitter_card":"summary_large_image","schema":{"@context":"https:\/\/schema.org","@graph":[{"@type":"WebPage","@id":"https:\/\/www.noticiasradioreflejos.com.ar\/2021\/la-escuelita-azulgrana-continua-con-su-nutrida-actividad\/","url":"https:\/\/www.noticiasradioreflejos.com.ar\/2021\/la-escuelita-azulgrana-continua-con-su-nutrida-actividad\/","name":"La Escuelita Azulgrana contin\u00faa con su nutrida actividad - Noticias Radio Reflejos","isPartOf":{"@id":"https:\/\/www.noticiasradioreflejos.com.ar\/2021\/#website"},"primaryImageOfPage":{"@id":"https:\/\/www.noticiasradioreflejos.com.ar\/2021\/la-escuelita-azulgrana-continua-con-su-nutrida-actividad\/#primaryimage"},"image":{"@id":"https:\/\/www.noticiasradioreflejos.com.ar\/2021\/la-escuelita-azulgrana-continua-con-su-nutrida-actividad\/#primaryimage"},"thumbnailUrl":"http:\/\/farm1.staticflickr.com\/829\/27111679857_bd6a4da398_z.jpg","datePublished":"2018-05-08T19:16:49+00:00","author":{"@id":"https:\/\/www.noticiasradioreflejos.com.ar\/2021\/#\/schema\/person\/ad82545263dcc5ec0996818884fd5fb1"},"breadcrumb":{"@id":"https:\/\/www.noticiasradioreflejos.com.ar\/2021\/la-escuelita-azulgrana-continua-con-su-nutrida-actividad\/#breadcrumb"},"inLanguage":"es","potentialAction":[{"@type":"ReadAction","target":["https:\/\/www.noticiasradioreflejos.com.ar\/2021\/la-escuelita-azulgrana-continua-con-su-nutrida-actividad\/"]}]},{"@type":"ImageObject","inLanguage":"es","@id":"https:\/\/www.noticiasradioreflejos.com.ar\/2021\/la-escuelita-azulgrana-continua-con-su-nutrida-actividad\/#primaryimage","url":"http:\/\/farm1.staticflickr.com\/829\/27111679857_bd6a4da398_z.jpg","contentUrl":"http:\/\/farm1.staticflickr.com\/829\/27111679857_bd6a4da398_z.jpg"},{"@type":"BreadcrumbList","@id":"https:\/\/www.noticiasradioreflejos.com.ar\/2021\/la-escuelita-azulgrana-continua-con-su-nutrida-actividad\/#breadcrumb","itemListElement":[{"@type":"ListItem","position":1,"name":"Portada","item":"https:\/\/www.noticiasradioreflejos.com.ar\/2021\/"},{"@type":"ListItem","position":2,"name":"La Escuelita Azulgrana contin\u00faa con su nutrida actividad"}]},{"@type":"WebSite","@id":"https:\/\/www.noticiasradioreflejos.com.ar\/2021\/#website","url":"https:\/\/www.noticiasradioreflejos.com.ar\/2021\/","name":"Noticias Radio Reflejos","description":"Las noticias de mi comarca","potentialAction":[{"@type":"SearchAction","target":{"@type":"EntryPoint","urlTemplate":"https:\/\/www.noticiasradioreflejos.com.ar\/2021\/?s={search_term_string}"},"query-input":{"@type":"PropertyValueSpecification","valueRequired":true,"valueName":"search_term_string"}}],"inLanguage":"es"},{"@type":"Person","@id":"https:\/\/www.noticiasradioreflejos.com.ar\/2021\/#\/schema\/person\/ad82545263dcc5ec0996818884fd5fb1","name":"Arnaldo Botto","image":{"@type":"ImageObject","inLanguage":"es","@id":"https:\/\/www.noticiasradioreflejos.com.ar\/2021\/#\/schema\/person\/image\/","url":"https:\/\/secure.gravatar.com\/avatar\/55cb5e37c1efa326397366e6974cb338056df65cb50e7d64d1cf314e87504837?s=96&d=mm&r=g","contentUrl":"https:\/\/secure.gravatar.com\/avatar\/55cb5e37c1efa326397366e6974cb338056df65cb50e7d64d1cf314e87504837?s=96&d=mm&r=g","caption":"Arnaldo Botto"},"url":"https:\/\/www.noticiasradioreflejos.com.ar\/2021\/author\/arnaldo\/"}]}},"_links":{"self":[{"href":"https:\/\/www.noticiasradioreflejos.com.ar\/2021\/wp-json\/wp\/v2\/posts\/21387","targetHints":{"allow":["GET"]}}],"collection":[{"href":"https:\/\/www.noticiasradioreflejos.com.ar\/2021\/wp-json\/wp\/v2\/posts"}],"about":[{"href":"https:\/\/www.noticiasradioreflejos.com.ar\/2021\/wp-json\/wp\/v2\/types\/post"}],"author":[{"embeddable":true,"href":"https:\/\/www.noticiasradioreflejos.com.ar\/2021\/wp-json\/wp\/v2\/users\/3"}],"replies":[{"embeddable":true,"href":"https:\/\/www.noticiasradioreflejos.com.ar\/2021\/wp-json\/wp\/v2\/comments?post=21387"}],"version-history":[{"count":0,"href":"https:\/\/www.noticiasradioreflejos.com.ar\/2021\/wp-json\/wp\/v2\/posts\/21387\/revisions"}],"wp:attachment":[{"href":"https:\/\/www.noticiasradioreflejos.com.ar\/2021\/wp-json\/wp\/v2\/media?parent=21387"}],"wp:term":[{"taxonomy":"category","embeddable":true,"href":"https:\/\/www.noticiasradioreflejos.com.ar\/2021\/wp-json\/wp\/v2\/categories?post=21387"},{"taxonomy":"post_tag","embeddable":true,"href":"https:\/\/www.noticiasradioreflejos.com.ar\/2021\/wp-json\/wp\/v2\/tags?post=21387"}],"curies":[{"name":"wp","href":"https:\/\/api.w.org\/{rel}","templated":true}]}}