{"id":21377,"date":"2018-05-08T21:16:16","date_gmt":"2018-05-09T00:16:16","guid":{"rendered":"http:\/\/www.noticiasradioreflejos.com.ar\/noticias\/?p=21377"},"modified":"2018-05-08T21:16:16","modified_gmt":"2018-05-09T00:16:16","slug":"que-nadie-desespere-dios-vence-siempre-obispo-manuel-acuna","status":"publish","type":"post","link":"https:\/\/www.noticiasradioreflejos.com.ar\/2021\/que-nadie-desespere-dios-vence-siempre-obispo-manuel-acuna\/","title":{"rendered":"&quot;Que nadie desespere, dios vence siempre&quot;. Obispo Manuel Acu\u00f1a"},"content":{"rendered":"<p>EXORCISMOS. Una realidad o un mito?. En el programa de hoy, martes 8 de mayo hablamos con el Obispo Luterano<strong> Manuel Acu\u00f1a<\/strong>, de la parroquia \u00abEl Buen Pastor\u00bb, de la ciudad de Buenos Aires.<br \/>\nAmigo del Papa Francisco entre otras personalidades que ha participado en diferentes exorcismos.<!--more--><br \/>\n\u00c9l nos explica lo referente al tema, evacuandonos todos los interrogantes que muchas veces nos planteamos sobre la espiritualidad, sobre el bien y el mal, sobre dios y la oscuridad.<br \/>\nLa intervenci\u00f3n de la iglesia en las posesiones, la brecha que existe entre un delirio m\u00edstico, lo espiritual y lo psiqui\u00e1trico. En que momento se le da intervenci\u00f3n a la iglesia, como diferencian una realidad de la otra.<br \/>\nCuando se le consulto si existe una edad para el exorcismo, Manuel respondi\u00f3, \u00abNo hay edad, el mas grandioso de los exorcistas que ha sido el padre Gabriel Amorth. Hay una pel\u00edcula inspirada en \u00e9l, que pocos saben que tiene rasgos de muchas de sus experiencias exorcisticas, de sus liberaciones, la pel\u00edcula ha sido (El rito) de Anthony hopkins. El padre Gabriel muri\u00f3 a los 91 a\u00f1os haciendo exorcismos, no a consecuencia de ello, sino ya cansado, se va a descansar y fallece por problemas de salud. Yo fui uno de dos latinoamericanos que pudo compartir largas jornadas con \u00e9l\u00bb.<br \/>\n\u00abTuve mucha relaci\u00f3n con el papa Francisco, mientras era cardenal aqu\u00ed en Buenos Aires, y tengo muy buena relaci\u00f3n de amistad, y \u00e9l me regalo siendo arzobispo, la cruz pectoral que yo llevo como obispo\u00bb. Expres\u00f3<br \/>\n\u00abSoy luterano, a partir de la reforma del siglo 16, pero nuestras iglesias se han unido, nuestro cuerpo tiene 79 millones de fieles en el mundo, y la iglesia me ha delegado para esto ac\u00e1, y soy el \u00fanico en la Argentina que hace esto, y he desplegado hace ya unos 5 a\u00f1os la primer escuela de formaci\u00f3n para consultores exorcisticos, gente que desde la inquietud y el servicio laico que puedan acompa\u00f1ar a los sacerdotes que trabajan esto sin distinci\u00f3n en forma interdenominacional en su labor como exorcistas, el sacerdote que hace el exorcismo y su equipo que lo debe acompa\u00f1ar porque sobre esto tambi\u00e9n hay gracias a los grandes maestros, consejos que nos habilita para esa formaci\u00f3n en la Argentina ya ha comenzado hace 6\/7 a\u00f1os, y ya tengo escuela en Venezuela, y en Colombia\u00bb.<br \/>\nSe le pregunto ademas que es un exorcismo, cuando se determina que una persona esta pose\u00edda?, \u00abExorcia significa tomar autoridad, exorcismo es el ritual por el cual se toma autoridad y se expulsa al diablo, presente en objetos, en personas o en lugares, porque las casas tambi\u00e9n pueden tener posesi\u00f3n, los objetos pueden llegar maleficados, y las personas por supuesto pueden ser invadidas por el demonio e incluso hay otros factores, yo no quiero ser quien abunde lo que ustedes no quieran preguntar, pero si hay exorcismos en esas tres \u00e1reas, objetos, personas, y lugares. El diablo es un \u00e1ngel ca\u00eddo, no es un concepto, no es una idea, es una personalidad, y como tal tiene una estrategia, que nosotros entremos en desesperaci\u00f3n y digamos (No hay dios), porque el combate a dios, para decirle que se ha equivocado con la creaci\u00f3n del ser humano, y el gran bot\u00edn es el alma del ser humano, y en esta guerra espiritual estamos envueltos desde el momento en que el exorcista invisible que fue San Miguel arcangel expulso a lucifer del cielo. Lucifer era un nombre, quer\u00eda decir portador de luz, en cambio satan\u00e1s no es un nombre, es una funci\u00f3n, significa el adversario, el diablo no tiene nombre\u00bb.<br \/>\n\u00abEl ser una persona esc\u00e9ptica no te salva de las consecuencias, en la sociedad presente, esta mas presente que nunca, yo recibo muchas personas en la parroquia con situaciones de agobio en la familia, en la salud, a trav\u00e9s de la brujer\u00eda, la hechicer\u00eda, el maleficio, el pacto, y he recibido gente que ha querido romper con eso, recibo a una se\u00f1ora de 60 a\u00f1os que se recordaba perfectamente cuando a los 5 a\u00f1os su mam\u00e1 la coloco adentro de una ba\u00f1adera con sangre, para hacer un pacto, y que su vida fue desgraciada desde ese momento, hay un mont\u00f3n de situaciones, mont\u00f3n de hechos que nos se\u00f1alan la vigencia de la brujer\u00eda, de la hechicer\u00eda, del maleficio, en este pleno siglo, y cuando uno agarra no hay que hacerlo, ni invito a hacerlo, en internet se ve tambi\u00e9n una cantidad de material que se corresponde con el satanismo, porque el satanismo existe, ya hace unos a\u00f1os que me especializo en demonolog\u00eda y se puede hablar de 3 sectas sat\u00e1nicas distintas en el mundo. Hay aveces falsos mensajes detr\u00e1s de los que se esconden, elementos o rituales que resultan ligaduras, y ligaduras que se extienden, no solo en la vida de una persona sino tambi\u00e9n a sus descendientes, por eso cuando uno habla de liberaci\u00f3n y de exorcismos tiene que tener presente tambi\u00e9n la sanidad espiritual y la sanidad generacional porque lo que ha hecho un abuelo, que ha hecho por ejemplo invocaci\u00f3n espiritista, pacto o algo, eso puede caer sobre un nieto, donde la continuidad por la legalidad otorgada al da\u00f1o, al mal, por la vida trasciende a los descendientes, tambi\u00e9n hasta se hereda\u00bb.<br \/>\nSe despidi\u00f3 finalmente agradeciendo la comunicaci\u00f3n, y dando una bendici\u00f3n hacia todos, hacia Sierra de la Ventana, y hacia todos sus pobladores.<br \/>\nTWITTER: <a href=\"http:\/\/@obispo_manuel\">@obispo_manuel<\/a><br \/>\nTel\u00e9fono de la parroquia: 47599067<br \/>\nNOTA COMPLETA:<br \/>\n<iframe loading=\"lazy\" src=\"https:\/\/w.soundcloud.com\/player\/?url=https%3A\/\/api.soundcloud.com\/tracks\/441118347&amp;color=%23ff5500&amp;auto_play=false&amp;hide_related=false&amp;show_comments=true&amp;show_user=true&amp;show_reposts=false&amp;show_teaser=true\" width=\"100%\" height=\"166\" frameborder=\"no\" scrolling=\"no\"><\/iframe><\/p>\n","protected":false},"excerpt":{"rendered":"<p>EXORCISMOS. Una realidad o un mito?. En el programa de hoy, martes 8 de mayo hablamos con el Obispo Luterano Manuel Acu\u00f1a, de la parroquia \u00abEl Buen Pastor\u00bb, de la ciudad de Buenos Aires. Amigo del Papa Francisco entre otras personalidades que ha participado en diferentes exorcismos.<\/p>\n","protected":false},"author":3,"featured_media":0,"comment_status":"closed","ping_status":"open","sticky":false,"template":"","format":"standard","meta":{"footnotes":""},"categories":[31],"tags":[],"class_list":["post-21377","post","type-post","status-publish","format-standard","hentry","category-programas"],"yoast_head":"<!-- This site is optimized with the Yoast SEO plugin v25.9 - https:\/\/yoast.com\/wordpress\/plugins\/seo\/ -->\n<title>&quot;Que nadie desespere, dios vence siempre&quot;. Obispo Manuel Acu\u00f1a - Noticias Radio Reflejos<\/title>\n<meta name=\"robots\" content=\"index, follow, max-snippet:-1, max-image-preview:large, max-video-preview:-1\" \/>\n<link rel=\"canonical\" href=\"https:\/\/www.noticiasradioreflejos.com.ar\/2021\/que-nadie-desespere-dios-vence-siempre-obispo-manuel-acuna\/\" \/>\n<meta property=\"og:locale\" content=\"es_ES\" \/>\n<meta property=\"og:type\" content=\"article\" \/>\n<meta property=\"og:title\" content=\"&quot;Que nadie desespere, dios vence siempre&quot;. Obispo Manuel Acu\u00f1a - Noticias Radio Reflejos\" \/>\n<meta property=\"og:description\" content=\"EXORCISMOS. Una realidad o un mito?. En el programa de hoy, martes 8 de mayo hablamos con el Obispo Luterano Manuel Acu\u00f1a, de la parroquia \u00abEl Buen Pastor\u00bb, de la ciudad de Buenos Aires. Amigo del Papa Francisco entre otras personalidades que ha participado en diferentes exorcismos.\" \/>\n<meta property=\"og:url\" content=\"https:\/\/www.noticiasradioreflejos.com.ar\/2021\/que-nadie-desespere-dios-vence-siempre-obispo-manuel-acuna\/\" \/>\n<meta property=\"og:site_name\" content=\"Noticias Radio Reflejos\" \/>\n<meta property=\"article:published_time\" content=\"2018-05-09T00:16:16+00:00\" \/>\n<meta property=\"og:image\" content=\"https:\/\/www.noticiasradioreflejos.com.ar\/2021\/wp-content\/uploads\/2021\/07\/logosol300x200.png\" \/>\n\t<meta property=\"og:image:width\" content=\"300\" \/>\n\t<meta property=\"og:image:height\" content=\"200\" \/>\n\t<meta property=\"og:image:type\" content=\"image\/png\" \/>\n<meta name=\"author\" content=\"Arnaldo Botto\" \/>\n<meta name=\"twitter:card\" content=\"summary_large_image\" \/>\n<script type=\"application\/ld+json\" class=\"yoast-schema-graph\">{\"@context\":\"https:\/\/schema.org\",\"@graph\":[{\"@type\":\"WebPage\",\"@id\":\"https:\/\/www.noticiasradioreflejos.com.ar\/2021\/que-nadie-desespere-dios-vence-siempre-obispo-manuel-acuna\/\",\"url\":\"https:\/\/www.noticiasradioreflejos.com.ar\/2021\/que-nadie-desespere-dios-vence-siempre-obispo-manuel-acuna\/\",\"name\":\"&quot;Que nadie desespere, dios vence siempre&quot;. Obispo Manuel Acu\u00f1a - Noticias Radio Reflejos\",\"isPartOf\":{\"@id\":\"https:\/\/www.noticiasradioreflejos.com.ar\/2021\/#website\"},\"datePublished\":\"2018-05-09T00:16:16+00:00\",\"author\":{\"@id\":\"https:\/\/www.noticiasradioreflejos.com.ar\/2021\/#\/schema\/person\/ad82545263dcc5ec0996818884fd5fb1\"},\"breadcrumb\":{\"@id\":\"https:\/\/www.noticiasradioreflejos.com.ar\/2021\/que-nadie-desespere-dios-vence-siempre-obispo-manuel-acuna\/#breadcrumb\"},\"inLanguage\":\"es\",\"potentialAction\":[{\"@type\":\"ReadAction\",\"target\":[\"https:\/\/www.noticiasradioreflejos.com.ar\/2021\/que-nadie-desespere-dios-vence-siempre-obispo-manuel-acuna\/\"]}]},{\"@type\":\"BreadcrumbList\",\"@id\":\"https:\/\/www.noticiasradioreflejos.com.ar\/2021\/que-nadie-desespere-dios-vence-siempre-obispo-manuel-acuna\/#breadcrumb\",\"itemListElement\":[{\"@type\":\"ListItem\",\"position\":1,\"name\":\"Portada\",\"item\":\"https:\/\/www.noticiasradioreflejos.com.ar\/2021\/\"},{\"@type\":\"ListItem\",\"position\":2,\"name\":\"&quot;Que nadie desespere, dios vence siempre&quot;. Obispo Manuel Acu\u00f1a\"}]},{\"@type\":\"WebSite\",\"@id\":\"https:\/\/www.noticiasradioreflejos.com.ar\/2021\/#website\",\"url\":\"https:\/\/www.noticiasradioreflejos.com.ar\/2021\/\",\"name\":\"Noticias Radio Reflejos\",\"description\":\"Las noticias de mi comarca\",\"potentialAction\":[{\"@type\":\"SearchAction\",\"target\":{\"@type\":\"EntryPoint\",\"urlTemplate\":\"https:\/\/www.noticiasradioreflejos.com.ar\/2021\/?s={search_term_string}\"},\"query-input\":{\"@type\":\"PropertyValueSpecification\",\"valueRequired\":true,\"valueName\":\"search_term_string\"}}],\"inLanguage\":\"es\"},{\"@type\":\"Person\",\"@id\":\"https:\/\/www.noticiasradioreflejos.com.ar\/2021\/#\/schema\/person\/ad82545263dcc5ec0996818884fd5fb1\",\"name\":\"Arnaldo Botto\",\"image\":{\"@type\":\"ImageObject\",\"inLanguage\":\"es\",\"@id\":\"https:\/\/www.noticiasradioreflejos.com.ar\/2021\/#\/schema\/person\/image\/\",\"url\":\"https:\/\/secure.gravatar.com\/avatar\/55cb5e37c1efa326397366e6974cb338056df65cb50e7d64d1cf314e87504837?s=96&d=mm&r=g\",\"contentUrl\":\"https:\/\/secure.gravatar.com\/avatar\/55cb5e37c1efa326397366e6974cb338056df65cb50e7d64d1cf314e87504837?s=96&d=mm&r=g\",\"caption\":\"Arnaldo Botto\"},\"url\":\"https:\/\/www.noticiasradioreflejos.com.ar\/2021\/author\/arnaldo\/\"}]}<\/script>\n<!-- \/ Yoast SEO plugin. -->","yoast_head_json":{"title":"&quot;Que nadie desespere, dios vence siempre&quot;. Obispo Manuel Acu\u00f1a - Noticias Radio Reflejos","robots":{"index":"index","follow":"follow","max-snippet":"max-snippet:-1","max-image-preview":"max-image-preview:large","max-video-preview":"max-video-preview:-1"},"canonical":"https:\/\/www.noticiasradioreflejos.com.ar\/2021\/que-nadie-desespere-dios-vence-siempre-obispo-manuel-acuna\/","og_locale":"es_ES","og_type":"article","og_title":"&quot;Que nadie desespere, dios vence siempre&quot;. Obispo Manuel Acu\u00f1a - Noticias Radio Reflejos","og_description":"EXORCISMOS. Una realidad o un mito?. En el programa de hoy, martes 8 de mayo hablamos con el Obispo Luterano Manuel Acu\u00f1a, de la parroquia \u00abEl Buen Pastor\u00bb, de la ciudad de Buenos Aires. Amigo del Papa Francisco entre otras personalidades que ha participado en diferentes exorcismos.","og_url":"https:\/\/www.noticiasradioreflejos.com.ar\/2021\/que-nadie-desespere-dios-vence-siempre-obispo-manuel-acuna\/","og_site_name":"Noticias Radio Reflejos","article_published_time":"2018-05-09T00:16:16+00:00","og_image":[{"width":300,"height":200,"url":"https:\/\/www.noticiasradioreflejos.com.ar\/2021\/wp-content\/uploads\/2021\/07\/logosol300x200.png","type":"image\/png"}],"author":"Arnaldo Botto","twitter_card":"summary_large_image","schema":{"@context":"https:\/\/schema.org","@graph":[{"@type":"WebPage","@id":"https:\/\/www.noticiasradioreflejos.com.ar\/2021\/que-nadie-desespere-dios-vence-siempre-obispo-manuel-acuna\/","url":"https:\/\/www.noticiasradioreflejos.com.ar\/2021\/que-nadie-desespere-dios-vence-siempre-obispo-manuel-acuna\/","name":"&quot;Que nadie desespere, dios vence siempre&quot;. Obispo Manuel Acu\u00f1a - Noticias Radio Reflejos","isPartOf":{"@id":"https:\/\/www.noticiasradioreflejos.com.ar\/2021\/#website"},"datePublished":"2018-05-09T00:16:16+00:00","author":{"@id":"https:\/\/www.noticiasradioreflejos.com.ar\/2021\/#\/schema\/person\/ad82545263dcc5ec0996818884fd5fb1"},"breadcrumb":{"@id":"https:\/\/www.noticiasradioreflejos.com.ar\/2021\/que-nadie-desespere-dios-vence-siempre-obispo-manuel-acuna\/#breadcrumb"},"inLanguage":"es","potentialAction":[{"@type":"ReadAction","target":["https:\/\/www.noticiasradioreflejos.com.ar\/2021\/que-nadie-desespere-dios-vence-siempre-obispo-manuel-acuna\/"]}]},{"@type":"BreadcrumbList","@id":"https:\/\/www.noticiasradioreflejos.com.ar\/2021\/que-nadie-desespere-dios-vence-siempre-obispo-manuel-acuna\/#breadcrumb","itemListElement":[{"@type":"ListItem","position":1,"name":"Portada","item":"https:\/\/www.noticiasradioreflejos.com.ar\/2021\/"},{"@type":"ListItem","position":2,"name":"&quot;Que nadie desespere, dios vence siempre&quot;. Obispo Manuel Acu\u00f1a"}]},{"@type":"WebSite","@id":"https:\/\/www.noticiasradioreflejos.com.ar\/2021\/#website","url":"https:\/\/www.noticiasradioreflejos.com.ar\/2021\/","name":"Noticias Radio Reflejos","description":"Las noticias de mi comarca","potentialAction":[{"@type":"SearchAction","target":{"@type":"EntryPoint","urlTemplate":"https:\/\/www.noticiasradioreflejos.com.ar\/2021\/?s={search_term_string}"},"query-input":{"@type":"PropertyValueSpecification","valueRequired":true,"valueName":"search_term_string"}}],"inLanguage":"es"},{"@type":"Person","@id":"https:\/\/www.noticiasradioreflejos.com.ar\/2021\/#\/schema\/person\/ad82545263dcc5ec0996818884fd5fb1","name":"Arnaldo Botto","image":{"@type":"ImageObject","inLanguage":"es","@id":"https:\/\/www.noticiasradioreflejos.com.ar\/2021\/#\/schema\/person\/image\/","url":"https:\/\/secure.gravatar.com\/avatar\/55cb5e37c1efa326397366e6974cb338056df65cb50e7d64d1cf314e87504837?s=96&d=mm&r=g","contentUrl":"https:\/\/secure.gravatar.com\/avatar\/55cb5e37c1efa326397366e6974cb338056df65cb50e7d64d1cf314e87504837?s=96&d=mm&r=g","caption":"Arnaldo Botto"},"url":"https:\/\/www.noticiasradioreflejos.com.ar\/2021\/author\/arnaldo\/"}]}},"_links":{"self":[{"href":"https:\/\/www.noticiasradioreflejos.com.ar\/2021\/wp-json\/wp\/v2\/posts\/21377","targetHints":{"allow":["GET"]}}],"collection":[{"href":"https:\/\/www.noticiasradioreflejos.com.ar\/2021\/wp-json\/wp\/v2\/posts"}],"about":[{"href":"https:\/\/www.noticiasradioreflejos.com.ar\/2021\/wp-json\/wp\/v2\/types\/post"}],"author":[{"embeddable":true,"href":"https:\/\/www.noticiasradioreflejos.com.ar\/2021\/wp-json\/wp\/v2\/users\/3"}],"replies":[{"embeddable":true,"href":"https:\/\/www.noticiasradioreflejos.com.ar\/2021\/wp-json\/wp\/v2\/comments?post=21377"}],"version-history":[{"count":0,"href":"https:\/\/www.noticiasradioreflejos.com.ar\/2021\/wp-json\/wp\/v2\/posts\/21377\/revisions"}],"wp:attachment":[{"href":"https:\/\/www.noticiasradioreflejos.com.ar\/2021\/wp-json\/wp\/v2\/media?parent=21377"}],"wp:term":[{"taxonomy":"category","embeddable":true,"href":"https:\/\/www.noticiasradioreflejos.com.ar\/2021\/wp-json\/wp\/v2\/categories?post=21377"},{"taxonomy":"post_tag","embeddable":true,"href":"https:\/\/www.noticiasradioreflejos.com.ar\/2021\/wp-json\/wp\/v2\/tags?post=21377"}],"curies":[{"name":"wp","href":"https:\/\/api.w.org\/{rel}","templated":true}]}}