{"id":21374,"date":"2018-05-08T10:24:49","date_gmt":"2018-05-08T13:24:49","guid":{"rendered":"http:\/\/www.noticiasradioreflejos.com.ar\/noticias\/?p=21374"},"modified":"2018-05-08T10:24:49","modified_gmt":"2018-05-08T13:24:49","slug":"un-incendio-destruyo-totalmente-la-estacion-de-trenes-de-pasman","status":"publish","type":"post","link":"https:\/\/www.noticiasradioreflejos.com.ar\/2021\/un-incendio-destruyo-totalmente-la-estacion-de-trenes-de-pasman\/","title":{"rendered":"Un incendio destruy\u00f3 totalmente la estaci\u00f3n de trenes de Pasman."},"content":{"rendered":"<p>Dentro de la vieja estaci\u00f3n viv\u00eda una familia que no sufri\u00f3 heridas pero las p\u00e9rdidas materiales fueron totales. La estructura del edificio qued\u00f3 muy comprometida.<br \/>\nPor causas que se tratan de establecer, minutos antes de las 5 de la ma\u00f1ana un incendio afect\u00f3 la hist\u00f3rica estaci\u00f3n de trenes de la localidad de Pasman, edificio en el que reside una familia radicada en esa comunidad.<!--more--><br \/>\nAlertados los Bomberos Voluntarios de Huanguel\u00e9n emprendieron el viaje hacia Pasman minutos despu\u00e9s en dos dotaciones que hicieron el primer ataque contra las llamas que afectaban totalmente a la vieja estaci\u00f3n, secundados por un tanque cisterna con motobomba que los vecinos de Pasman han preparado para tal fin.<br \/>\nAproximadamente a las seis de la ma\u00f1ana desde el cuartel de Bomberos Voluntarios de Coronel Su\u00e1rez parti\u00f3 una unidad para colaborar en el siniestro de grandes dimensiones que ya afectaba los techos de madera del centenario edificio.<br \/>\nAnte la imposibilidad de reabastecer de agua las dos unidades de bomberos de Huanguel\u00e9n y la de Coronel Su\u00e1rez por la rotura de la bomba de carga superior que la Delegaci\u00f3n posee para el reabastecimiento del regador, la recarga se deb\u00eda hacer en un tanque cisterna propiedad de la firma Cereales Pasman por lo que para acelerar el proceso luego de las 7 de la ma\u00f1ana desde el cuartel suarense parti\u00f3 una segunda unidad para reabastecer de agua directamente a las unidades que all\u00ed trabajaban.<br \/>\nLa estructura del edificio qued\u00f3 muy afectada por el siniestro, produci\u00e9ndose desmoronamiento de paredes y el hundimiento de parte del techo.<br \/>\nDentro de la vieja estaci\u00f3n desde hace muchos a\u00f1os se encuentra radicada una numerosa familia que si bien perdi\u00f3 todos sus bienes no sufri\u00f3 heridas ni afecciones, siendo contenidos por los agentes del Puesto de Vigilancia Policial de Pasman y vecinos de la localidad.<br \/>\nPara las 8 de la ma\u00f1ana el siniestro se encontraba extinguido por lo que todo el personal de bomberos se dispon\u00eda a las tareas de enfriado de la estructura.<br \/>\nFuente: <a href=\"http:\/\/www.lanuevaradiosuarez.com.ar\" target=\"_blank\" rel=\"noopener\">http:\/\/www.lanuevaradiosuarez.com.ar<\/a><\/p>\n","protected":false},"excerpt":{"rendered":"<p>Dentro de la vieja estaci\u00f3n viv\u00eda una familia que no sufri\u00f3 heridas pero las p\u00e9rdidas materiales fueron totales. La estructura del edificio qued\u00f3 muy comprometida. Por causas que se tratan de establecer, minutos antes de las 5 de la ma\u00f1ana un incendio afect\u00f3 la hist\u00f3rica estaci\u00f3n de trenes de la localidad de Pasman, edificio en [&hellip;]<\/p>\n","protected":false},"author":3,"featured_media":0,"comment_status":"closed","ping_status":"open","sticky":false,"template":"","format":"standard","meta":{"footnotes":""},"categories":[29],"tags":[],"class_list":["post-21374","post","type-post","status-publish","format-standard","hentry","category-policiales"],"yoast_head":"<!-- This site is optimized with the Yoast SEO plugin v25.9 - https:\/\/yoast.com\/wordpress\/plugins\/seo\/ -->\n<title>Un incendio destruy\u00f3 totalmente la estaci\u00f3n de trenes de Pasman. - Noticias Radio Reflejos<\/title>\n<meta name=\"robots\" content=\"index, follow, max-snippet:-1, max-image-preview:large, max-video-preview:-1\" \/>\n<link rel=\"canonical\" href=\"https:\/\/www.noticiasradioreflejos.com.ar\/2021\/un-incendio-destruyo-totalmente-la-estacion-de-trenes-de-pasman\/\" \/>\n<meta property=\"og:locale\" content=\"es_ES\" \/>\n<meta property=\"og:type\" content=\"article\" \/>\n<meta property=\"og:title\" content=\"Un incendio destruy\u00f3 totalmente la estaci\u00f3n de trenes de Pasman. - Noticias Radio Reflejos\" \/>\n<meta property=\"og:description\" content=\"Dentro de la vieja estaci\u00f3n viv\u00eda una familia que no sufri\u00f3 heridas pero las p\u00e9rdidas materiales fueron totales. La estructura del edificio qued\u00f3 muy comprometida. Por causas que se tratan de establecer, minutos antes de las 5 de la ma\u00f1ana un incendio afect\u00f3 la hist\u00f3rica estaci\u00f3n de trenes de la localidad de Pasman, edificio en [&hellip;]\" \/>\n<meta property=\"og:url\" content=\"https:\/\/www.noticiasradioreflejos.com.ar\/2021\/un-incendio-destruyo-totalmente-la-estacion-de-trenes-de-pasman\/\" \/>\n<meta property=\"og:site_name\" content=\"Noticias Radio Reflejos\" \/>\n<meta property=\"article:published_time\" content=\"2018-05-08T13:24:49+00:00\" \/>\n<meta property=\"og:image\" content=\"https:\/\/www.noticiasradioreflejos.com.ar\/2021\/wp-content\/uploads\/2021\/07\/logosol300x200.png\" \/>\n\t<meta property=\"og:image:width\" content=\"300\" \/>\n\t<meta property=\"og:image:height\" content=\"200\" \/>\n\t<meta property=\"og:image:type\" content=\"image\/png\" \/>\n<meta name=\"author\" content=\"Arnaldo Botto\" \/>\n<meta name=\"twitter:card\" content=\"summary_large_image\" \/>\n<script type=\"application\/ld+json\" class=\"yoast-schema-graph\">{\"@context\":\"https:\/\/schema.org\",\"@graph\":[{\"@type\":\"WebPage\",\"@id\":\"https:\/\/www.noticiasradioreflejos.com.ar\/2021\/un-incendio-destruyo-totalmente-la-estacion-de-trenes-de-pasman\/\",\"url\":\"https:\/\/www.noticiasradioreflejos.com.ar\/2021\/un-incendio-destruyo-totalmente-la-estacion-de-trenes-de-pasman\/\",\"name\":\"Un incendio destruy\u00f3 totalmente la estaci\u00f3n de trenes de Pasman. - Noticias Radio Reflejos\",\"isPartOf\":{\"@id\":\"https:\/\/www.noticiasradioreflejos.com.ar\/2021\/#website\"},\"datePublished\":\"2018-05-08T13:24:49+00:00\",\"author\":{\"@id\":\"https:\/\/www.noticiasradioreflejos.com.ar\/2021\/#\/schema\/person\/ad82545263dcc5ec0996818884fd5fb1\"},\"breadcrumb\":{\"@id\":\"https:\/\/www.noticiasradioreflejos.com.ar\/2021\/un-incendio-destruyo-totalmente-la-estacion-de-trenes-de-pasman\/#breadcrumb\"},\"inLanguage\":\"es\",\"potentialAction\":[{\"@type\":\"ReadAction\",\"target\":[\"https:\/\/www.noticiasradioreflejos.com.ar\/2021\/un-incendio-destruyo-totalmente-la-estacion-de-trenes-de-pasman\/\"]}]},{\"@type\":\"BreadcrumbList\",\"@id\":\"https:\/\/www.noticiasradioreflejos.com.ar\/2021\/un-incendio-destruyo-totalmente-la-estacion-de-trenes-de-pasman\/#breadcrumb\",\"itemListElement\":[{\"@type\":\"ListItem\",\"position\":1,\"name\":\"Portada\",\"item\":\"https:\/\/www.noticiasradioreflejos.com.ar\/2021\/\"},{\"@type\":\"ListItem\",\"position\":2,\"name\":\"Un incendio destruy\u00f3 totalmente la estaci\u00f3n de trenes de Pasman.\"}]},{\"@type\":\"WebSite\",\"@id\":\"https:\/\/www.noticiasradioreflejos.com.ar\/2021\/#website\",\"url\":\"https:\/\/www.noticiasradioreflejos.com.ar\/2021\/\",\"name\":\"Noticias Radio Reflejos\",\"description\":\"Las noticias de mi comarca\",\"potentialAction\":[{\"@type\":\"SearchAction\",\"target\":{\"@type\":\"EntryPoint\",\"urlTemplate\":\"https:\/\/www.noticiasradioreflejos.com.ar\/2021\/?s={search_term_string}\"},\"query-input\":{\"@type\":\"PropertyValueSpecification\",\"valueRequired\":true,\"valueName\":\"search_term_string\"}}],\"inLanguage\":\"es\"},{\"@type\":\"Person\",\"@id\":\"https:\/\/www.noticiasradioreflejos.com.ar\/2021\/#\/schema\/person\/ad82545263dcc5ec0996818884fd5fb1\",\"name\":\"Arnaldo Botto\",\"image\":{\"@type\":\"ImageObject\",\"inLanguage\":\"es\",\"@id\":\"https:\/\/www.noticiasradioreflejos.com.ar\/2021\/#\/schema\/person\/image\/\",\"url\":\"https:\/\/secure.gravatar.com\/avatar\/55cb5e37c1efa326397366e6974cb338056df65cb50e7d64d1cf314e87504837?s=96&d=mm&r=g\",\"contentUrl\":\"https:\/\/secure.gravatar.com\/avatar\/55cb5e37c1efa326397366e6974cb338056df65cb50e7d64d1cf314e87504837?s=96&d=mm&r=g\",\"caption\":\"Arnaldo Botto\"},\"url\":\"https:\/\/www.noticiasradioreflejos.com.ar\/2021\/author\/arnaldo\/\"}]}<\/script>\n<!-- \/ Yoast SEO plugin. -->","yoast_head_json":{"title":"Un incendio destruy\u00f3 totalmente la estaci\u00f3n de trenes de Pasman. - Noticias Radio Reflejos","robots":{"index":"index","follow":"follow","max-snippet":"max-snippet:-1","max-image-preview":"max-image-preview:large","max-video-preview":"max-video-preview:-1"},"canonical":"https:\/\/www.noticiasradioreflejos.com.ar\/2021\/un-incendio-destruyo-totalmente-la-estacion-de-trenes-de-pasman\/","og_locale":"es_ES","og_type":"article","og_title":"Un incendio destruy\u00f3 totalmente la estaci\u00f3n de trenes de Pasman. - Noticias Radio Reflejos","og_description":"Dentro de la vieja estaci\u00f3n viv\u00eda una familia que no sufri\u00f3 heridas pero las p\u00e9rdidas materiales fueron totales. La estructura del edificio qued\u00f3 muy comprometida. Por causas que se tratan de establecer, minutos antes de las 5 de la ma\u00f1ana un incendio afect\u00f3 la hist\u00f3rica estaci\u00f3n de trenes de la localidad de Pasman, edificio en [&hellip;]","og_url":"https:\/\/www.noticiasradioreflejos.com.ar\/2021\/un-incendio-destruyo-totalmente-la-estacion-de-trenes-de-pasman\/","og_site_name":"Noticias Radio Reflejos","article_published_time":"2018-05-08T13:24:49+00:00","og_image":[{"width":300,"height":200,"url":"https:\/\/www.noticiasradioreflejos.com.ar\/2021\/wp-content\/uploads\/2021\/07\/logosol300x200.png","type":"image\/png"}],"author":"Arnaldo Botto","twitter_card":"summary_large_image","schema":{"@context":"https:\/\/schema.org","@graph":[{"@type":"WebPage","@id":"https:\/\/www.noticiasradioreflejos.com.ar\/2021\/un-incendio-destruyo-totalmente-la-estacion-de-trenes-de-pasman\/","url":"https:\/\/www.noticiasradioreflejos.com.ar\/2021\/un-incendio-destruyo-totalmente-la-estacion-de-trenes-de-pasman\/","name":"Un incendio destruy\u00f3 totalmente la estaci\u00f3n de trenes de Pasman. - Noticias Radio Reflejos","isPartOf":{"@id":"https:\/\/www.noticiasradioreflejos.com.ar\/2021\/#website"},"datePublished":"2018-05-08T13:24:49+00:00","author":{"@id":"https:\/\/www.noticiasradioreflejos.com.ar\/2021\/#\/schema\/person\/ad82545263dcc5ec0996818884fd5fb1"},"breadcrumb":{"@id":"https:\/\/www.noticiasradioreflejos.com.ar\/2021\/un-incendio-destruyo-totalmente-la-estacion-de-trenes-de-pasman\/#breadcrumb"},"inLanguage":"es","potentialAction":[{"@type":"ReadAction","target":["https:\/\/www.noticiasradioreflejos.com.ar\/2021\/un-incendio-destruyo-totalmente-la-estacion-de-trenes-de-pasman\/"]}]},{"@type":"BreadcrumbList","@id":"https:\/\/www.noticiasradioreflejos.com.ar\/2021\/un-incendio-destruyo-totalmente-la-estacion-de-trenes-de-pasman\/#breadcrumb","itemListElement":[{"@type":"ListItem","position":1,"name":"Portada","item":"https:\/\/www.noticiasradioreflejos.com.ar\/2021\/"},{"@type":"ListItem","position":2,"name":"Un incendio destruy\u00f3 totalmente la estaci\u00f3n de trenes de Pasman."}]},{"@type":"WebSite","@id":"https:\/\/www.noticiasradioreflejos.com.ar\/2021\/#website","url":"https:\/\/www.noticiasradioreflejos.com.ar\/2021\/","name":"Noticias Radio Reflejos","description":"Las noticias de mi comarca","potentialAction":[{"@type":"SearchAction","target":{"@type":"EntryPoint","urlTemplate":"https:\/\/www.noticiasradioreflejos.com.ar\/2021\/?s={search_term_string}"},"query-input":{"@type":"PropertyValueSpecification","valueRequired":true,"valueName":"search_term_string"}}],"inLanguage":"es"},{"@type":"Person","@id":"https:\/\/www.noticiasradioreflejos.com.ar\/2021\/#\/schema\/person\/ad82545263dcc5ec0996818884fd5fb1","name":"Arnaldo Botto","image":{"@type":"ImageObject","inLanguage":"es","@id":"https:\/\/www.noticiasradioreflejos.com.ar\/2021\/#\/schema\/person\/image\/","url":"https:\/\/secure.gravatar.com\/avatar\/55cb5e37c1efa326397366e6974cb338056df65cb50e7d64d1cf314e87504837?s=96&d=mm&r=g","contentUrl":"https:\/\/secure.gravatar.com\/avatar\/55cb5e37c1efa326397366e6974cb338056df65cb50e7d64d1cf314e87504837?s=96&d=mm&r=g","caption":"Arnaldo Botto"},"url":"https:\/\/www.noticiasradioreflejos.com.ar\/2021\/author\/arnaldo\/"}]}},"_links":{"self":[{"href":"https:\/\/www.noticiasradioreflejos.com.ar\/2021\/wp-json\/wp\/v2\/posts\/21374","targetHints":{"allow":["GET"]}}],"collection":[{"href":"https:\/\/www.noticiasradioreflejos.com.ar\/2021\/wp-json\/wp\/v2\/posts"}],"about":[{"href":"https:\/\/www.noticiasradioreflejos.com.ar\/2021\/wp-json\/wp\/v2\/types\/post"}],"author":[{"embeddable":true,"href":"https:\/\/www.noticiasradioreflejos.com.ar\/2021\/wp-json\/wp\/v2\/users\/3"}],"replies":[{"embeddable":true,"href":"https:\/\/www.noticiasradioreflejos.com.ar\/2021\/wp-json\/wp\/v2\/comments?post=21374"}],"version-history":[{"count":0,"href":"https:\/\/www.noticiasradioreflejos.com.ar\/2021\/wp-json\/wp\/v2\/posts\/21374\/revisions"}],"wp:attachment":[{"href":"https:\/\/www.noticiasradioreflejos.com.ar\/2021\/wp-json\/wp\/v2\/media?parent=21374"}],"wp:term":[{"taxonomy":"category","embeddable":true,"href":"https:\/\/www.noticiasradioreflejos.com.ar\/2021\/wp-json\/wp\/v2\/categories?post=21374"},{"taxonomy":"post_tag","embeddable":true,"href":"https:\/\/www.noticiasradioreflejos.com.ar\/2021\/wp-json\/wp\/v2\/tags?post=21374"}],"curies":[{"name":"wp","href":"https:\/\/api.w.org\/{rel}","templated":true}]}}