{"id":21321,"date":"2018-05-07T09:49:23","date_gmt":"2018-05-07T12:49:23","guid":{"rendered":"http:\/\/www.noticiasradioreflejos.com.ar\/noticias\/?p=21321"},"modified":"2018-05-07T09:49:23","modified_gmt":"2018-05-07T12:49:23","slug":"bien-tradicional-el-asado-de-tira-su-origen-argentino","status":"publish","type":"post","link":"https:\/\/www.noticiasradioreflejos.com.ar\/2021\/bien-tradicional-el-asado-de-tira-su-origen-argentino\/","title":{"rendered":"Bien tradicional, &quot;El asado de tira&quot;&#8230; su origen argentino."},"content":{"rendered":"<p>FUE EN LA CIUDAD ARGENTINA DE CAMPANA QUE TUVO SU ORIGEN EL ASADO DE TIRA<br \/>\nClaudio Valerio, un ingeniero apasionado por la historia asegura que el \u201casado de tira\u201d, s\u00edmbolo argentino, se origin\u00f3 en la ciudad de Campana cuando el The River Plate Fresh Meat Co., el primer frigor\u00edfico de Sudam\u00e9rica, se instalara en esa ciudad y que, con la<br \/>\nincorporaci\u00f3n de una sierra, se logr\u00f3 cortar los huesos de las reses. Hasta entonces, a las reses se las faenaban a cuchillo.<!--more--><br \/>\nEl hecho es que de una charla entre amigos pueden surgir jugosas an\u00e9cdotas, consejos invalorables, negocios salvadores \u2013e imposibles de<br \/>\nconcretar en la mayor\u00eda de los casos\u2013 y proyectos o sue\u00f1os compartidos que, de otro modos, ser\u00edan inalcanzables. Una sobremesa, quiz\u00e1s, puede ser tambi\u00e9n el lugar propicio para intentar develar grandes inc\u00f3gnitas del ser nacional, como puede ser, por ejemplo, cu\u00e1l es el origen de uno de los cortes de carne m\u00e1s tradicionales que nunca suele faltar en las parrillas argentinas: la tira de asado.<br \/>\nFue ese el tema que qued\u00f3 rondando en la cabeza de Claudio Valerio, un ingeniero mec\u00e1nico y electr\u00f3nico, actor e historiador vocacional que luego de una charla informal con un amigo se decidi\u00f3 a investigar para llegar a establecer que ese corte, tal y como se lo sirve actualmente, tuvo su origen en la ciudad de Campana, Buenos Aires.<br \/>\n<a title=\"VALE3\" href=\"http:\/\/farm1.staticflickr.com\/964\/41950399541_59d3ca5a59_n.jpg\" rel=\"\"><img loading=\"lazy\" decoding=\"async\" class=\"alignleft\" style=\"float: left;\" title=\"VALE3\" src=\"http:\/\/farm1.staticflickr.com\/964\/41950399541_59d3ca5a59_n.jpg\" alt=\"VALE3\" width=\"320\" height=\"205\" \/><\/a>Este hecho, que se convertir\u00eda en hito culinario e hist\u00f3rico para el Distrito, sucedi\u00f3 durante el siglo XIX con la instalaci\u00f3n del frigor\u00edfico The River Plate Fresh Meat Co. en el pueblo bonaerense que crec\u00eda a orillas del R\u00edo Paran\u00e1 de Las Palmas, en el actual territorio de Campana. Entonces la historia comienza en el frigor\u00edfico que fue fundado en 1883 y cerr\u00f3 en 1926 pero dio inicio al proceso de<br \/>\nindustrializaci\u00f3n en la zona.<br \/>\nLos principales compradores de la carne argentina eran los ingleses, que prefer\u00edan los cortes con m\u00e1s carne y menos hueso y grasa. Por eso, el costillar entero era un corte de descarte en el frigor\u00edfico y, en vez de tirarlo, lo consum\u00edan los empleados, acostumbrados a asar porque muchos de ellos proven\u00edan del campo o el interior del pa\u00eds. \u00abSe asaba a la cruz con el cuero, el matambre y la falda, as\u00ed se preparaba desde el 1600. Los curas franciscanos, por ejemplo, se lo daban a los obreros que trabajaban en la construcci\u00f3n de iglesias y as\u00ed tambi\u00e9n lo consum\u00edan los gauchos\u00bb, explica Valerio, quien lleg\u00f3 a la conclusi\u00f3n de que el cambio y el surgimiento de la tira de asado como se consume actualmente \u2013o tal vez con alguna ligera variaci\u00f3n\u2013 se produjo con una innovaci\u00f3n tecnol\u00f3gica implementada en el frigor\u00edfico campanense: el uso de la sierra para fraccionar mejor la res.<br \/>\nSeg\u00fan estima Claudio Valerio, es a partir de la incorporaci\u00f3n de ese novedoso elemento que se pudo comenzar a cortar el hueso ya que hasta el momento los trabajadores s\u00f3lo contaban con una cuchilla para faenar y por m\u00e1s filo que tuviera era imposible poder atravesarlo. Entonces desde ese momento pudo cortarse el costillar, separarle el cuero, el matambre y la falda, y ah\u00ed queda el asado de tira.<br \/>\nLa investigaci\u00f3n le permiti\u00f3 al ingeniero conocer m\u00e1s sobre la historia del Partido y algunos datos le resultaron sorprendentes: \u00abLos hermanos Luis y Eduardo Costa innovaron en la alimentaci\u00f3n del ganado para obtener una mejor carne. Adem\u00e1s fueron ellos y Justa Lima de Atucha quienes donaron lo necesario para que se realizase el primer env\u00edo a Europa de carne vacuna en barcos con c\u00e1maras frigor\u00edficas. Fue la mayor matanza de animales\u00bb, cuenta Valerio, cuya esposa, Fabiana Herreros, es descendiente directa \u2013sobrina bisnieta, precisamente\u2013 delprimer intendente electo de la historia de Campana, Mart\u00edn Castilla.<br \/>\nClaudio Valerio ahora ha publicado un libro en el que se puede leer y profundizar los porqu\u00e9 lo han llevado a llegar a este descubrimiento,<br \/>\ncomo tambi\u00e9n lograr que su hallazgo tenga reconocimiento nacional, sin que ello signifique lucimiento personal. Adem\u00e1s, con la presentaci\u00f3n formal de su trabajo, se pretende institucionalizar la \u201cfiesta nacional del asado de tira\u201d, para que pase a caracterizar al Distrito de Campana.<br \/>\n<iframe loading=\"lazy\" width=\"100%\" height=\"166\" scrolling=\"no\" frameborder=\"no\" allow=\"autoplay\" src=\"https:\/\/w.soundcloud.com\/player\/?url=https%3A\/\/api.soundcloud.com\/tracks\/442595568%3Fsecret_token%3Ds-3trZ7&#038;color=%23ff5500&#038;auto_play=false&#038;hide_related=false&#038;show_comments=true&#038;show_user=true&#038;show_reposts=false&#038;show_teaser=true\"><\/iframe><br \/>\nAntecedentes:<br \/>\n<a href=\"http:\/www.telam.com.ar\/notas\/201803\/256236-historia-origen-asado-de-tira.html\">http:\/www.telam.com.ar\/notas\/201803\/256236-historia-origen-asado-de-tira.html<\/a><br \/>\n<a href=\"https:\/\/www.clarin.com\/ciudades\/Campana-asado_de_tira-invento_0_Bk9Llqi5wXg.html\">https:\/\/www.clarin.com\/ciudades\/Campana-asado_de_tira-invento_0_Bk9Llqi5wXg.html<\/a><br \/>\nhttp:\/\/www.eldebate.com.ar\/claudio-valerio-con-un-proyecto-a-futuro\/<\/p>\n","protected":false},"excerpt":{"rendered":"<p>FUE EN LA CIUDAD ARGENTINA DE CAMPANA QUE TUVO SU ORIGEN EL ASADO DE TIRA Claudio Valerio, un ingeniero apasionado por la historia asegura que el \u201casado de tira\u201d, s\u00edmbolo argentino, se origin\u00f3 en la ciudad de Campana cuando el The River Plate Fresh Meat Co., el primer frigor\u00edfico de Sudam\u00e9rica, se instalara en esa [&hellip;]<\/p>\n","protected":false},"author":3,"featured_media":0,"comment_status":"closed","ping_status":"open","sticky":false,"template":"","format":"standard","meta":{"footnotes":""},"categories":[35],"tags":[],"class_list":["post-21321","post","type-post","status-publish","format-standard","hentry","category-cultura"],"yoast_head":"<!-- This site is optimized with the Yoast SEO plugin v25.9 - https:\/\/yoast.com\/wordpress\/plugins\/seo\/ -->\n<title>Bien tradicional, &quot;El asado de tira&quot;... su origen argentino. - Noticias Radio Reflejos<\/title>\n<meta name=\"robots\" content=\"index, follow, max-snippet:-1, max-image-preview:large, max-video-preview:-1\" \/>\n<link rel=\"canonical\" href=\"https:\/\/www.noticiasradioreflejos.com.ar\/2021\/bien-tradicional-el-asado-de-tira-su-origen-argentino\/\" \/>\n<meta property=\"og:locale\" content=\"es_ES\" \/>\n<meta property=\"og:type\" content=\"article\" \/>\n<meta property=\"og:title\" content=\"Bien tradicional, &quot;El asado de tira&quot;... su origen argentino. - Noticias Radio Reflejos\" \/>\n<meta property=\"og:description\" content=\"FUE EN LA CIUDAD ARGENTINA DE CAMPANA QUE TUVO SU ORIGEN EL ASADO DE TIRA Claudio Valerio, un ingeniero apasionado por la historia asegura que el \u201casado de tira\u201d, s\u00edmbolo argentino, se origin\u00f3 en la ciudad de Campana cuando el The River Plate Fresh Meat Co., el primer frigor\u00edfico de Sudam\u00e9rica, se instalara en esa [&hellip;]\" \/>\n<meta property=\"og:url\" content=\"https:\/\/www.noticiasradioreflejos.com.ar\/2021\/bien-tradicional-el-asado-de-tira-su-origen-argentino\/\" \/>\n<meta property=\"og:site_name\" content=\"Noticias Radio Reflejos\" \/>\n<meta property=\"article:published_time\" content=\"2018-05-07T12:49:23+00:00\" \/>\n<meta property=\"og:image\" content=\"http:\/\/farm1.staticflickr.com\/964\/41950399541_59d3ca5a59_n.jpg\" \/>\n<meta name=\"author\" content=\"Arnaldo Botto\" \/>\n<meta name=\"twitter:card\" content=\"summary_large_image\" \/>\n<script type=\"application\/ld+json\" class=\"yoast-schema-graph\">{\"@context\":\"https:\/\/schema.org\",\"@graph\":[{\"@type\":\"WebPage\",\"@id\":\"https:\/\/www.noticiasradioreflejos.com.ar\/2021\/bien-tradicional-el-asado-de-tira-su-origen-argentino\/\",\"url\":\"https:\/\/www.noticiasradioreflejos.com.ar\/2021\/bien-tradicional-el-asado-de-tira-su-origen-argentino\/\",\"name\":\"Bien tradicional, &quot;El asado de tira&quot;... su origen argentino. - Noticias Radio Reflejos\",\"isPartOf\":{\"@id\":\"https:\/\/www.noticiasradioreflejos.com.ar\/2021\/#website\"},\"primaryImageOfPage\":{\"@id\":\"https:\/\/www.noticiasradioreflejos.com.ar\/2021\/bien-tradicional-el-asado-de-tira-su-origen-argentino\/#primaryimage\"},\"image\":{\"@id\":\"https:\/\/www.noticiasradioreflejos.com.ar\/2021\/bien-tradicional-el-asado-de-tira-su-origen-argentino\/#primaryimage\"},\"thumbnailUrl\":\"http:\/\/farm1.staticflickr.com\/964\/41950399541_59d3ca5a59_n.jpg\",\"datePublished\":\"2018-05-07T12:49:23+00:00\",\"author\":{\"@id\":\"https:\/\/www.noticiasradioreflejos.com.ar\/2021\/#\/schema\/person\/ad82545263dcc5ec0996818884fd5fb1\"},\"breadcrumb\":{\"@id\":\"https:\/\/www.noticiasradioreflejos.com.ar\/2021\/bien-tradicional-el-asado-de-tira-su-origen-argentino\/#breadcrumb\"},\"inLanguage\":\"es\",\"potentialAction\":[{\"@type\":\"ReadAction\",\"target\":[\"https:\/\/www.noticiasradioreflejos.com.ar\/2021\/bien-tradicional-el-asado-de-tira-su-origen-argentino\/\"]}]},{\"@type\":\"ImageObject\",\"inLanguage\":\"es\",\"@id\":\"https:\/\/www.noticiasradioreflejos.com.ar\/2021\/bien-tradicional-el-asado-de-tira-su-origen-argentino\/#primaryimage\",\"url\":\"http:\/\/farm1.staticflickr.com\/964\/41950399541_59d3ca5a59_n.jpg\",\"contentUrl\":\"http:\/\/farm1.staticflickr.com\/964\/41950399541_59d3ca5a59_n.jpg\"},{\"@type\":\"BreadcrumbList\",\"@id\":\"https:\/\/www.noticiasradioreflejos.com.ar\/2021\/bien-tradicional-el-asado-de-tira-su-origen-argentino\/#breadcrumb\",\"itemListElement\":[{\"@type\":\"ListItem\",\"position\":1,\"name\":\"Portada\",\"item\":\"https:\/\/www.noticiasradioreflejos.com.ar\/2021\/\"},{\"@type\":\"ListItem\",\"position\":2,\"name\":\"Bien tradicional, &quot;El asado de tira&quot;&#8230; su origen argentino.\"}]},{\"@type\":\"WebSite\",\"@id\":\"https:\/\/www.noticiasradioreflejos.com.ar\/2021\/#website\",\"url\":\"https:\/\/www.noticiasradioreflejos.com.ar\/2021\/\",\"name\":\"Noticias Radio Reflejos\",\"description\":\"Las noticias de mi comarca\",\"potentialAction\":[{\"@type\":\"SearchAction\",\"target\":{\"@type\":\"EntryPoint\",\"urlTemplate\":\"https:\/\/www.noticiasradioreflejos.com.ar\/2021\/?s={search_term_string}\"},\"query-input\":{\"@type\":\"PropertyValueSpecification\",\"valueRequired\":true,\"valueName\":\"search_term_string\"}}],\"inLanguage\":\"es\"},{\"@type\":\"Person\",\"@id\":\"https:\/\/www.noticiasradioreflejos.com.ar\/2021\/#\/schema\/person\/ad82545263dcc5ec0996818884fd5fb1\",\"name\":\"Arnaldo Botto\",\"image\":{\"@type\":\"ImageObject\",\"inLanguage\":\"es\",\"@id\":\"https:\/\/www.noticiasradioreflejos.com.ar\/2021\/#\/schema\/person\/image\/\",\"url\":\"https:\/\/secure.gravatar.com\/avatar\/55cb5e37c1efa326397366e6974cb338056df65cb50e7d64d1cf314e87504837?s=96&d=mm&r=g\",\"contentUrl\":\"https:\/\/secure.gravatar.com\/avatar\/55cb5e37c1efa326397366e6974cb338056df65cb50e7d64d1cf314e87504837?s=96&d=mm&r=g\",\"caption\":\"Arnaldo Botto\"},\"url\":\"https:\/\/www.noticiasradioreflejos.com.ar\/2021\/author\/arnaldo\/\"}]}<\/script>\n<!-- \/ Yoast SEO plugin. -->","yoast_head_json":{"title":"Bien tradicional, &quot;El asado de tira&quot;... su origen argentino. - Noticias Radio Reflejos","robots":{"index":"index","follow":"follow","max-snippet":"max-snippet:-1","max-image-preview":"max-image-preview:large","max-video-preview":"max-video-preview:-1"},"canonical":"https:\/\/www.noticiasradioreflejos.com.ar\/2021\/bien-tradicional-el-asado-de-tira-su-origen-argentino\/","og_locale":"es_ES","og_type":"article","og_title":"Bien tradicional, &quot;El asado de tira&quot;... su origen argentino. - Noticias Radio Reflejos","og_description":"FUE EN LA CIUDAD ARGENTINA DE CAMPANA QUE TUVO SU ORIGEN EL ASADO DE TIRA Claudio Valerio, un ingeniero apasionado por la historia asegura que el \u201casado de tira\u201d, s\u00edmbolo argentino, se origin\u00f3 en la ciudad de Campana cuando el The River Plate Fresh Meat Co., el primer frigor\u00edfico de Sudam\u00e9rica, se instalara en esa [&hellip;]","og_url":"https:\/\/www.noticiasradioreflejos.com.ar\/2021\/bien-tradicional-el-asado-de-tira-su-origen-argentino\/","og_site_name":"Noticias Radio Reflejos","article_published_time":"2018-05-07T12:49:23+00:00","og_image":[{"url":"http:\/\/farm1.staticflickr.com\/964\/41950399541_59d3ca5a59_n.jpg","type":"","width":"","height":""}],"author":"Arnaldo Botto","twitter_card":"summary_large_image","schema":{"@context":"https:\/\/schema.org","@graph":[{"@type":"WebPage","@id":"https:\/\/www.noticiasradioreflejos.com.ar\/2021\/bien-tradicional-el-asado-de-tira-su-origen-argentino\/","url":"https:\/\/www.noticiasradioreflejos.com.ar\/2021\/bien-tradicional-el-asado-de-tira-su-origen-argentino\/","name":"Bien tradicional, &quot;El asado de tira&quot;... su origen argentino. - Noticias Radio Reflejos","isPartOf":{"@id":"https:\/\/www.noticiasradioreflejos.com.ar\/2021\/#website"},"primaryImageOfPage":{"@id":"https:\/\/www.noticiasradioreflejos.com.ar\/2021\/bien-tradicional-el-asado-de-tira-su-origen-argentino\/#primaryimage"},"image":{"@id":"https:\/\/www.noticiasradioreflejos.com.ar\/2021\/bien-tradicional-el-asado-de-tira-su-origen-argentino\/#primaryimage"},"thumbnailUrl":"http:\/\/farm1.staticflickr.com\/964\/41950399541_59d3ca5a59_n.jpg","datePublished":"2018-05-07T12:49:23+00:00","author":{"@id":"https:\/\/www.noticiasradioreflejos.com.ar\/2021\/#\/schema\/person\/ad82545263dcc5ec0996818884fd5fb1"},"breadcrumb":{"@id":"https:\/\/www.noticiasradioreflejos.com.ar\/2021\/bien-tradicional-el-asado-de-tira-su-origen-argentino\/#breadcrumb"},"inLanguage":"es","potentialAction":[{"@type":"ReadAction","target":["https:\/\/www.noticiasradioreflejos.com.ar\/2021\/bien-tradicional-el-asado-de-tira-su-origen-argentino\/"]}]},{"@type":"ImageObject","inLanguage":"es","@id":"https:\/\/www.noticiasradioreflejos.com.ar\/2021\/bien-tradicional-el-asado-de-tira-su-origen-argentino\/#primaryimage","url":"http:\/\/farm1.staticflickr.com\/964\/41950399541_59d3ca5a59_n.jpg","contentUrl":"http:\/\/farm1.staticflickr.com\/964\/41950399541_59d3ca5a59_n.jpg"},{"@type":"BreadcrumbList","@id":"https:\/\/www.noticiasradioreflejos.com.ar\/2021\/bien-tradicional-el-asado-de-tira-su-origen-argentino\/#breadcrumb","itemListElement":[{"@type":"ListItem","position":1,"name":"Portada","item":"https:\/\/www.noticiasradioreflejos.com.ar\/2021\/"},{"@type":"ListItem","position":2,"name":"Bien tradicional, &quot;El asado de tira&quot;&#8230; su origen argentino."}]},{"@type":"WebSite","@id":"https:\/\/www.noticiasradioreflejos.com.ar\/2021\/#website","url":"https:\/\/www.noticiasradioreflejos.com.ar\/2021\/","name":"Noticias Radio Reflejos","description":"Las noticias de mi comarca","potentialAction":[{"@type":"SearchAction","target":{"@type":"EntryPoint","urlTemplate":"https:\/\/www.noticiasradioreflejos.com.ar\/2021\/?s={search_term_string}"},"query-input":{"@type":"PropertyValueSpecification","valueRequired":true,"valueName":"search_term_string"}}],"inLanguage":"es"},{"@type":"Person","@id":"https:\/\/www.noticiasradioreflejos.com.ar\/2021\/#\/schema\/person\/ad82545263dcc5ec0996818884fd5fb1","name":"Arnaldo Botto","image":{"@type":"ImageObject","inLanguage":"es","@id":"https:\/\/www.noticiasradioreflejos.com.ar\/2021\/#\/schema\/person\/image\/","url":"https:\/\/secure.gravatar.com\/avatar\/55cb5e37c1efa326397366e6974cb338056df65cb50e7d64d1cf314e87504837?s=96&d=mm&r=g","contentUrl":"https:\/\/secure.gravatar.com\/avatar\/55cb5e37c1efa326397366e6974cb338056df65cb50e7d64d1cf314e87504837?s=96&d=mm&r=g","caption":"Arnaldo Botto"},"url":"https:\/\/www.noticiasradioreflejos.com.ar\/2021\/author\/arnaldo\/"}]}},"_links":{"self":[{"href":"https:\/\/www.noticiasradioreflejos.com.ar\/2021\/wp-json\/wp\/v2\/posts\/21321","targetHints":{"allow":["GET"]}}],"collection":[{"href":"https:\/\/www.noticiasradioreflejos.com.ar\/2021\/wp-json\/wp\/v2\/posts"}],"about":[{"href":"https:\/\/www.noticiasradioreflejos.com.ar\/2021\/wp-json\/wp\/v2\/types\/post"}],"author":[{"embeddable":true,"href":"https:\/\/www.noticiasradioreflejos.com.ar\/2021\/wp-json\/wp\/v2\/users\/3"}],"replies":[{"embeddable":true,"href":"https:\/\/www.noticiasradioreflejos.com.ar\/2021\/wp-json\/wp\/v2\/comments?post=21321"}],"version-history":[{"count":0,"href":"https:\/\/www.noticiasradioreflejos.com.ar\/2021\/wp-json\/wp\/v2\/posts\/21321\/revisions"}],"wp:attachment":[{"href":"https:\/\/www.noticiasradioreflejos.com.ar\/2021\/wp-json\/wp\/v2\/media?parent=21321"}],"wp:term":[{"taxonomy":"category","embeddable":true,"href":"https:\/\/www.noticiasradioreflejos.com.ar\/2021\/wp-json\/wp\/v2\/categories?post=21321"},{"taxonomy":"post_tag","embeddable":true,"href":"https:\/\/www.noticiasradioreflejos.com.ar\/2021\/wp-json\/wp\/v2\/tags?post=21321"}],"curies":[{"name":"wp","href":"https:\/\/api.w.org\/{rel}","templated":true}]}}