{"id":21294,"date":"2018-05-04T22:50:20","date_gmt":"2018-05-05T01:50:20","guid":{"rendered":"http:\/\/www.noticiasradioreflejos.com.ar\/noticias\/?p=21294"},"modified":"2018-05-04T22:50:20","modified_gmt":"2018-05-05T01:50:20","slug":"llamado-de-inscripcion","status":"publish","type":"post","link":"https:\/\/www.noticiasradioreflejos.com.ar\/2021\/llamado-de-inscripcion\/","title":{"rendered":"Llamado de inscripci\u00f3n"},"content":{"rendered":"<div id=\"x_m_3821155814780452897yiv2629748278\">\n<div id=\"x_m_3821155814780452897yui_3_16_0_ym19_1_1525267943477_244775\">\n<div id=\"x_m_3821155814780452897yui_3_16_0_ym19_1_1525267943477_244774\">\n<div id=\"x_m_3821155814780452897yiv2629748278yui_3_16_0_ym19_1_1525267943477_198275\" dir=\"ltr\">Secretar\u00eda de Asuntos Docentes de Tornquist llama a Inscripci\u00f3n para cubrir dos Cargos de Preceptor en I.S.F.D.Y.T N\u00b0 162 :<\/div>\n<p><!--more--><\/p>\n<ul id=\"x_m_3821155814780452897yiv2629748278yui_3_16_0_ym19_1_1525267943477_198775\" dir=\"ltr\">\n<li id=\"x_m_3821155814780452897yiv2629748278yui_3_16_0_ym19_1_1525267943477_198774\"><b id=\"x_m_3821155814780452897yiv2629748278yui_3_16_0_ym19_1_1525267943477_198422\">1 Preceptor\u00a0<\/b><b id=\"x_m_3821155814780452897yiv2629748278yui_3_16_0_ym19_1_1525267943477_198462\">(Suplente)<\/b><span id=\"x_m_3821155814780452897yiv2629748278yui_3_16_0_ym19_1_1525267943477_198869\">\u00a0<span id=\"x_m_3821155814780452897yiv2629748278yui_3_16_0_ym19_1_1525267943477_198431\">en sede<\/span><\/span>, turno Vespertino.<\/li>\n<li id=\"x_m_3821155814780452897yiv2629748278yui_3_16_0_ym19_1_1525267943477_198774\"><b id=\"x_m_3821155814780452897yiv2629748278yui_3_16_0_ym19_1_1525267943477_198450\">1 Preceptor (Provisional)<\/b>, en Anexo Sierra de la Ventana, turno Vespertino.\u00a0 \u00a0 \u00a0 \u00a0 \u00a0 \u00a0 \u00a0 \u00a0 \u00a0 \u00a0 \u00a0 \u00a0 \u00a0 \u00a0 \u00a0 \u00a0 \u00a0 \u00a0 \u00a0 \u00a0 \u00a0 \u00a0 \u00a0 \u00a0 \u00a0 \u00a0 \u00a0 \u00a0 \u00a0 \u00a0 \u00a0 \u00a0 \u00a0 \u00a0 \u00a0 \u00a0 \u00a0 \u00a0 (De acuerdo a la Disposici\u00f3n Conjunta N\u00b0 01\/2004).<\/li>\n<\/ul>\n<div id=\"x_m_3821155814780452897yiv2629748278yui_3_16_0_ym19_1_1525267943477_198275\" dir=\"ltr\"><b id=\"x_m_3821155814780452897yiv2629748278yui_3_16_0_ym19_1_1525267943477_198824\">Perfil del Aspirante:<\/b><\/div>\n<div id=\"x_m_3821155814780452897yiv2629748278yui_3_16_0_ym19_1_1525267943477_198275\" dir=\"ltr\">Poseer T\u00edtulo Terciario y\/o Universitario con orientaci\u00f3n en Inform\u00e1tica y\/o Computaci\u00f3n.<\/div>\n<div id=\"x_m_3821155814780452897yiv2629748278yui_3_16_0_ym19_1_1525267943477_198275\" dir=\"ltr\"><b id=\"x_m_3821155814780452897yiv2629748278yui_3_16_0_ym19_1_1525267943477_198633\">Per\u00edodo de Inscripci\u00f3n:<\/b><\/div>\n<div id=\"x_m_3821155814780452897yiv2629748278yui_3_16_0_ym19_1_1525267943477_198275\" dir=\"ltr\">Desde el lunes 07\/05\u00a0 hasta el viernes 11\/05, de 10,00 a 14,00 hs. en- S.A.D.<\/div>\n<div id=\"x_m_3821155814780452897yiv2629748278yui_3_16_0_ym19_1_1525267943477_198275\" dir=\"ltr\"><\/div>\n<div id=\"x_m_3821155814780452897yiv2629748278yui_3_16_0_ym19_1_1525267943477_198275\" dir=\"ltr\">Atentamente<\/div>\n<div id=\"x_m_3821155814780452897yiv2629748278yui_3_16_0_ym19_1_1525267943477_198275\" dir=\"ltr\">Silvana Vittori<\/div>\n<div id=\"x_m_3821155814780452897yiv2629748278yui_3_16_0_ym19_1_1525267943477_198275\" dir=\"ltr\">SAD- Tornquist<\/div>\n<\/div>\n<\/div>\n<\/div>\n","protected":false},"excerpt":{"rendered":"<p>Secretar\u00eda de Asuntos Docentes de Tornquist llama a Inscripci\u00f3n para cubrir dos Cargos de Preceptor en I.S.F.D.Y.T N\u00b0 162 :<\/p>\n","protected":false},"author":3,"featured_media":0,"comment_status":"closed","ping_status":"open","sticky":false,"template":"","format":"standard","meta":{"footnotes":""},"categories":[34],"tags":[],"class_list":["post-21294","post","type-post","status-publish","format-standard","hentry","category-educacion"],"yoast_head":"<!-- This site is optimized with the Yoast SEO plugin v25.9 - https:\/\/yoast.com\/wordpress\/plugins\/seo\/ -->\n<title>Llamado de inscripci\u00f3n - Noticias Radio Reflejos<\/title>\n<meta name=\"robots\" content=\"index, follow, max-snippet:-1, max-image-preview:large, max-video-preview:-1\" \/>\n<link rel=\"canonical\" href=\"https:\/\/www.noticiasradioreflejos.com.ar\/2021\/llamado-de-inscripcion\/\" \/>\n<meta property=\"og:locale\" content=\"es_ES\" \/>\n<meta property=\"og:type\" content=\"article\" \/>\n<meta property=\"og:title\" content=\"Llamado de inscripci\u00f3n - Noticias Radio Reflejos\" \/>\n<meta property=\"og:description\" content=\"Secretar\u00eda de Asuntos Docentes de Tornquist llama a Inscripci\u00f3n para cubrir dos Cargos de Preceptor en I.S.F.D.Y.T N\u00b0 162 :\" \/>\n<meta property=\"og:url\" content=\"https:\/\/www.noticiasradioreflejos.com.ar\/2021\/llamado-de-inscripcion\/\" \/>\n<meta property=\"og:site_name\" content=\"Noticias Radio Reflejos\" \/>\n<meta property=\"article:published_time\" content=\"2018-05-05T01:50:20+00:00\" \/>\n<meta property=\"og:image\" content=\"https:\/\/www.noticiasradioreflejos.com.ar\/2021\/wp-content\/uploads\/2021\/07\/logosol300x200.png\" \/>\n\t<meta property=\"og:image:width\" content=\"300\" \/>\n\t<meta property=\"og:image:height\" content=\"200\" \/>\n\t<meta property=\"og:image:type\" content=\"image\/png\" \/>\n<meta name=\"author\" content=\"Arnaldo Botto\" \/>\n<meta name=\"twitter:card\" content=\"summary_large_image\" \/>\n<script type=\"application\/ld+json\" class=\"yoast-schema-graph\">{\"@context\":\"https:\/\/schema.org\",\"@graph\":[{\"@type\":\"WebPage\",\"@id\":\"https:\/\/www.noticiasradioreflejos.com.ar\/2021\/llamado-de-inscripcion\/\",\"url\":\"https:\/\/www.noticiasradioreflejos.com.ar\/2021\/llamado-de-inscripcion\/\",\"name\":\"Llamado de inscripci\u00f3n - Noticias Radio Reflejos\",\"isPartOf\":{\"@id\":\"https:\/\/www.noticiasradioreflejos.com.ar\/2021\/#website\"},\"datePublished\":\"2018-05-05T01:50:20+00:00\",\"author\":{\"@id\":\"https:\/\/www.noticiasradioreflejos.com.ar\/2021\/#\/schema\/person\/ad82545263dcc5ec0996818884fd5fb1\"},\"breadcrumb\":{\"@id\":\"https:\/\/www.noticiasradioreflejos.com.ar\/2021\/llamado-de-inscripcion\/#breadcrumb\"},\"inLanguage\":\"es\",\"potentialAction\":[{\"@type\":\"ReadAction\",\"target\":[\"https:\/\/www.noticiasradioreflejos.com.ar\/2021\/llamado-de-inscripcion\/\"]}]},{\"@type\":\"BreadcrumbList\",\"@id\":\"https:\/\/www.noticiasradioreflejos.com.ar\/2021\/llamado-de-inscripcion\/#breadcrumb\",\"itemListElement\":[{\"@type\":\"ListItem\",\"position\":1,\"name\":\"Portada\",\"item\":\"https:\/\/www.noticiasradioreflejos.com.ar\/2021\/\"},{\"@type\":\"ListItem\",\"position\":2,\"name\":\"Llamado de inscripci\u00f3n\"}]},{\"@type\":\"WebSite\",\"@id\":\"https:\/\/www.noticiasradioreflejos.com.ar\/2021\/#website\",\"url\":\"https:\/\/www.noticiasradioreflejos.com.ar\/2021\/\",\"name\":\"Noticias Radio Reflejos\",\"description\":\"Las noticias de mi comarca\",\"potentialAction\":[{\"@type\":\"SearchAction\",\"target\":{\"@type\":\"EntryPoint\",\"urlTemplate\":\"https:\/\/www.noticiasradioreflejos.com.ar\/2021\/?s={search_term_string}\"},\"query-input\":{\"@type\":\"PropertyValueSpecification\",\"valueRequired\":true,\"valueName\":\"search_term_string\"}}],\"inLanguage\":\"es\"},{\"@type\":\"Person\",\"@id\":\"https:\/\/www.noticiasradioreflejos.com.ar\/2021\/#\/schema\/person\/ad82545263dcc5ec0996818884fd5fb1\",\"name\":\"Arnaldo Botto\",\"image\":{\"@type\":\"ImageObject\",\"inLanguage\":\"es\",\"@id\":\"https:\/\/www.noticiasradioreflejos.com.ar\/2021\/#\/schema\/person\/image\/\",\"url\":\"https:\/\/secure.gravatar.com\/avatar\/55cb5e37c1efa326397366e6974cb338056df65cb50e7d64d1cf314e87504837?s=96&d=mm&r=g\",\"contentUrl\":\"https:\/\/secure.gravatar.com\/avatar\/55cb5e37c1efa326397366e6974cb338056df65cb50e7d64d1cf314e87504837?s=96&d=mm&r=g\",\"caption\":\"Arnaldo Botto\"},\"url\":\"https:\/\/www.noticiasradioreflejos.com.ar\/2021\/author\/arnaldo\/\"}]}<\/script>\n<!-- \/ Yoast SEO plugin. -->","yoast_head_json":{"title":"Llamado de inscripci\u00f3n - Noticias Radio Reflejos","robots":{"index":"index","follow":"follow","max-snippet":"max-snippet:-1","max-image-preview":"max-image-preview:large","max-video-preview":"max-video-preview:-1"},"canonical":"https:\/\/www.noticiasradioreflejos.com.ar\/2021\/llamado-de-inscripcion\/","og_locale":"es_ES","og_type":"article","og_title":"Llamado de inscripci\u00f3n - Noticias Radio Reflejos","og_description":"Secretar\u00eda de Asuntos Docentes de Tornquist llama a Inscripci\u00f3n para cubrir dos Cargos de Preceptor en I.S.F.D.Y.T N\u00b0 162 :","og_url":"https:\/\/www.noticiasradioreflejos.com.ar\/2021\/llamado-de-inscripcion\/","og_site_name":"Noticias Radio Reflejos","article_published_time":"2018-05-05T01:50:20+00:00","og_image":[{"width":300,"height":200,"url":"https:\/\/www.noticiasradioreflejos.com.ar\/2021\/wp-content\/uploads\/2021\/07\/logosol300x200.png","type":"image\/png"}],"author":"Arnaldo Botto","twitter_card":"summary_large_image","schema":{"@context":"https:\/\/schema.org","@graph":[{"@type":"WebPage","@id":"https:\/\/www.noticiasradioreflejos.com.ar\/2021\/llamado-de-inscripcion\/","url":"https:\/\/www.noticiasradioreflejos.com.ar\/2021\/llamado-de-inscripcion\/","name":"Llamado de inscripci\u00f3n - Noticias Radio Reflejos","isPartOf":{"@id":"https:\/\/www.noticiasradioreflejos.com.ar\/2021\/#website"},"datePublished":"2018-05-05T01:50:20+00:00","author":{"@id":"https:\/\/www.noticiasradioreflejos.com.ar\/2021\/#\/schema\/person\/ad82545263dcc5ec0996818884fd5fb1"},"breadcrumb":{"@id":"https:\/\/www.noticiasradioreflejos.com.ar\/2021\/llamado-de-inscripcion\/#breadcrumb"},"inLanguage":"es","potentialAction":[{"@type":"ReadAction","target":["https:\/\/www.noticiasradioreflejos.com.ar\/2021\/llamado-de-inscripcion\/"]}]},{"@type":"BreadcrumbList","@id":"https:\/\/www.noticiasradioreflejos.com.ar\/2021\/llamado-de-inscripcion\/#breadcrumb","itemListElement":[{"@type":"ListItem","position":1,"name":"Portada","item":"https:\/\/www.noticiasradioreflejos.com.ar\/2021\/"},{"@type":"ListItem","position":2,"name":"Llamado de inscripci\u00f3n"}]},{"@type":"WebSite","@id":"https:\/\/www.noticiasradioreflejos.com.ar\/2021\/#website","url":"https:\/\/www.noticiasradioreflejos.com.ar\/2021\/","name":"Noticias Radio Reflejos","description":"Las noticias de mi comarca","potentialAction":[{"@type":"SearchAction","target":{"@type":"EntryPoint","urlTemplate":"https:\/\/www.noticiasradioreflejos.com.ar\/2021\/?s={search_term_string}"},"query-input":{"@type":"PropertyValueSpecification","valueRequired":true,"valueName":"search_term_string"}}],"inLanguage":"es"},{"@type":"Person","@id":"https:\/\/www.noticiasradioreflejos.com.ar\/2021\/#\/schema\/person\/ad82545263dcc5ec0996818884fd5fb1","name":"Arnaldo Botto","image":{"@type":"ImageObject","inLanguage":"es","@id":"https:\/\/www.noticiasradioreflejos.com.ar\/2021\/#\/schema\/person\/image\/","url":"https:\/\/secure.gravatar.com\/avatar\/55cb5e37c1efa326397366e6974cb338056df65cb50e7d64d1cf314e87504837?s=96&d=mm&r=g","contentUrl":"https:\/\/secure.gravatar.com\/avatar\/55cb5e37c1efa326397366e6974cb338056df65cb50e7d64d1cf314e87504837?s=96&d=mm&r=g","caption":"Arnaldo Botto"},"url":"https:\/\/www.noticiasradioreflejos.com.ar\/2021\/author\/arnaldo\/"}]}},"_links":{"self":[{"href":"https:\/\/www.noticiasradioreflejos.com.ar\/2021\/wp-json\/wp\/v2\/posts\/21294","targetHints":{"allow":["GET"]}}],"collection":[{"href":"https:\/\/www.noticiasradioreflejos.com.ar\/2021\/wp-json\/wp\/v2\/posts"}],"about":[{"href":"https:\/\/www.noticiasradioreflejos.com.ar\/2021\/wp-json\/wp\/v2\/types\/post"}],"author":[{"embeddable":true,"href":"https:\/\/www.noticiasradioreflejos.com.ar\/2021\/wp-json\/wp\/v2\/users\/3"}],"replies":[{"embeddable":true,"href":"https:\/\/www.noticiasradioreflejos.com.ar\/2021\/wp-json\/wp\/v2\/comments?post=21294"}],"version-history":[{"count":0,"href":"https:\/\/www.noticiasradioreflejos.com.ar\/2021\/wp-json\/wp\/v2\/posts\/21294\/revisions"}],"wp:attachment":[{"href":"https:\/\/www.noticiasradioreflejos.com.ar\/2021\/wp-json\/wp\/v2\/media?parent=21294"}],"wp:term":[{"taxonomy":"category","embeddable":true,"href":"https:\/\/www.noticiasradioreflejos.com.ar\/2021\/wp-json\/wp\/v2\/categories?post=21294"},{"taxonomy":"post_tag","embeddable":true,"href":"https:\/\/www.noticiasradioreflejos.com.ar\/2021\/wp-json\/wp\/v2\/tags?post=21294"}],"curies":[{"name":"wp","href":"https:\/\/api.w.org\/{rel}","templated":true}]}}