{"id":21278,"date":"2018-05-04T12:08:23","date_gmt":"2018-05-04T15:08:23","guid":{"rendered":"http:\/\/www.noticiasradioreflejos.com.ar\/noticias\/?p=21278"},"modified":"2018-05-04T12:08:23","modified_gmt":"2018-05-04T15:08:23","slug":"laprida-conmemora-el-dia-nacional-de-los-monumentos","status":"publish","type":"post","link":"https:\/\/www.noticiasradioreflejos.com.ar\/2021\/laprida-conmemora-el-dia-nacional-de-los-monumentos\/","title":{"rendered":"Laprida conmemora el &quot;D\u00eda Nacional de los Monumentos&quot;"},"content":{"rendered":"<p><a title=\"31870435_10216291420901975_4026278127691890688_n\" href=\"http:\/\/farm1.staticflickr.com\/957\/40988551885_984915b317.jpg\" rel=\"\"><img loading=\"lazy\" decoding=\"async\" class=\"alignleft\" style=\"float: left;\" title=\"31870435_10216291420901975_4026278127691890688_n\" src=\"http:\/\/farm1.staticflickr.com\/957\/40988551885_984915b317.jpg\" alt=\"31870435_10216291420901975_4026278127691890688_n\" width=\"374\" height=\"500\" \/><\/a>Las actividades se desarrollar\u00e1n los d\u00edas 12 y 13 de mayo\u00a0 con visitas guiadas y charlas.<!--more--><br \/>\nACTIVIDADES DIA NACIONAL DE LOS MONUMENTOS<br \/>\nACTIVIDADES:<br \/>\n&#8211; 9 a 13horas el centro permanecer\u00e1 abierto s\u00e1bado y domingo<br \/>\n&#8211; 13 a 15 visita guiada por las obras en autos particulares. Solicitar turno con anticipaci\u00f3n. 2284 471721<br \/>\nVISITA SALAMONICA EN VEHICULO<br \/>\n1- Recorrido por el Palacio Municipal, HCD, mobiliario y arquitecturas<br \/>\n2- Plaza Pedro Pereyra, mobiliario, jardinera central<br \/>\n3- Complejo Educativo: ex Corral\u00f3n Municipal.<br \/>\n4- Portal Cementerio Municipal ( abierto de 8 a 18hs)<br \/>\n5- Fachada matadero<br \/>\n6- Museo y Archivo Hist\u00f3rico Hugo H. Diez ( abierto )<br \/>\n7- A 50 km de Laprida se encuentra la Delegaci\u00f3n Municipal de San Jorge<\/p>\n","protected":false},"excerpt":{"rendered":"<p>Las actividades se desarrollar\u00e1n los d\u00edas 12 y 13 de mayo\u00a0 con visitas guiadas y charlas.<\/p>\n","protected":false},"author":3,"featured_media":0,"comment_status":"closed","ping_status":"open","sticky":false,"template":"","format":"standard","meta":{"footnotes":""},"categories":[35],"tags":[],"class_list":["post-21278","post","type-post","status-publish","format-standard","hentry","category-cultura"],"yoast_head":"<!-- This site is optimized with the Yoast SEO plugin v25.9 - https:\/\/yoast.com\/wordpress\/plugins\/seo\/ -->\n<title>Laprida conmemora el &quot;D\u00eda Nacional de los Monumentos&quot; - Noticias Radio Reflejos<\/title>\n<meta name=\"robots\" content=\"index, follow, max-snippet:-1, max-image-preview:large, max-video-preview:-1\" \/>\n<link rel=\"canonical\" href=\"https:\/\/www.noticiasradioreflejos.com.ar\/2021\/laprida-conmemora-el-dia-nacional-de-los-monumentos\/\" \/>\n<meta property=\"og:locale\" content=\"es_ES\" \/>\n<meta property=\"og:type\" content=\"article\" \/>\n<meta property=\"og:title\" content=\"Laprida conmemora el &quot;D\u00eda Nacional de los Monumentos&quot; - Noticias Radio Reflejos\" \/>\n<meta property=\"og:description\" content=\"Las actividades se desarrollar\u00e1n los d\u00edas 12 y 13 de mayo\u00a0 con visitas guiadas y charlas.\" \/>\n<meta property=\"og:url\" content=\"https:\/\/www.noticiasradioreflejos.com.ar\/2021\/laprida-conmemora-el-dia-nacional-de-los-monumentos\/\" \/>\n<meta property=\"og:site_name\" content=\"Noticias Radio Reflejos\" \/>\n<meta property=\"article:published_time\" content=\"2018-05-04T15:08:23+00:00\" \/>\n<meta property=\"og:image\" content=\"http:\/\/farm1.staticflickr.com\/957\/40988551885_984915b317.jpg\" \/>\n<meta name=\"author\" content=\"Arnaldo Botto\" \/>\n<meta name=\"twitter:card\" content=\"summary_large_image\" \/>\n<script type=\"application\/ld+json\" class=\"yoast-schema-graph\">{\"@context\":\"https:\/\/schema.org\",\"@graph\":[{\"@type\":\"WebPage\",\"@id\":\"https:\/\/www.noticiasradioreflejos.com.ar\/2021\/laprida-conmemora-el-dia-nacional-de-los-monumentos\/\",\"url\":\"https:\/\/www.noticiasradioreflejos.com.ar\/2021\/laprida-conmemora-el-dia-nacional-de-los-monumentos\/\",\"name\":\"Laprida conmemora el &quot;D\u00eda Nacional de los Monumentos&quot; - Noticias Radio Reflejos\",\"isPartOf\":{\"@id\":\"https:\/\/www.noticiasradioreflejos.com.ar\/2021\/#website\"},\"primaryImageOfPage\":{\"@id\":\"https:\/\/www.noticiasradioreflejos.com.ar\/2021\/laprida-conmemora-el-dia-nacional-de-los-monumentos\/#primaryimage\"},\"image\":{\"@id\":\"https:\/\/www.noticiasradioreflejos.com.ar\/2021\/laprida-conmemora-el-dia-nacional-de-los-monumentos\/#primaryimage\"},\"thumbnailUrl\":\"http:\/\/farm1.staticflickr.com\/957\/40988551885_984915b317.jpg\",\"datePublished\":\"2018-05-04T15:08:23+00:00\",\"author\":{\"@id\":\"https:\/\/www.noticiasradioreflejos.com.ar\/2021\/#\/schema\/person\/ad82545263dcc5ec0996818884fd5fb1\"},\"breadcrumb\":{\"@id\":\"https:\/\/www.noticiasradioreflejos.com.ar\/2021\/laprida-conmemora-el-dia-nacional-de-los-monumentos\/#breadcrumb\"},\"inLanguage\":\"es\",\"potentialAction\":[{\"@type\":\"ReadAction\",\"target\":[\"https:\/\/www.noticiasradioreflejos.com.ar\/2021\/laprida-conmemora-el-dia-nacional-de-los-monumentos\/\"]}]},{\"@type\":\"ImageObject\",\"inLanguage\":\"es\",\"@id\":\"https:\/\/www.noticiasradioreflejos.com.ar\/2021\/laprida-conmemora-el-dia-nacional-de-los-monumentos\/#primaryimage\",\"url\":\"http:\/\/farm1.staticflickr.com\/957\/40988551885_984915b317.jpg\",\"contentUrl\":\"http:\/\/farm1.staticflickr.com\/957\/40988551885_984915b317.jpg\"},{\"@type\":\"BreadcrumbList\",\"@id\":\"https:\/\/www.noticiasradioreflejos.com.ar\/2021\/laprida-conmemora-el-dia-nacional-de-los-monumentos\/#breadcrumb\",\"itemListElement\":[{\"@type\":\"ListItem\",\"position\":1,\"name\":\"Portada\",\"item\":\"https:\/\/www.noticiasradioreflejos.com.ar\/2021\/\"},{\"@type\":\"ListItem\",\"position\":2,\"name\":\"Laprida conmemora el &quot;D\u00eda Nacional de los Monumentos&quot;\"}]},{\"@type\":\"WebSite\",\"@id\":\"https:\/\/www.noticiasradioreflejos.com.ar\/2021\/#website\",\"url\":\"https:\/\/www.noticiasradioreflejos.com.ar\/2021\/\",\"name\":\"Noticias Radio Reflejos\",\"description\":\"Las noticias de mi comarca\",\"potentialAction\":[{\"@type\":\"SearchAction\",\"target\":{\"@type\":\"EntryPoint\",\"urlTemplate\":\"https:\/\/www.noticiasradioreflejos.com.ar\/2021\/?s={search_term_string}\"},\"query-input\":{\"@type\":\"PropertyValueSpecification\",\"valueRequired\":true,\"valueName\":\"search_term_string\"}}],\"inLanguage\":\"es\"},{\"@type\":\"Person\",\"@id\":\"https:\/\/www.noticiasradioreflejos.com.ar\/2021\/#\/schema\/person\/ad82545263dcc5ec0996818884fd5fb1\",\"name\":\"Arnaldo Botto\",\"image\":{\"@type\":\"ImageObject\",\"inLanguage\":\"es\",\"@id\":\"https:\/\/www.noticiasradioreflejos.com.ar\/2021\/#\/schema\/person\/image\/\",\"url\":\"https:\/\/secure.gravatar.com\/avatar\/55cb5e37c1efa326397366e6974cb338056df65cb50e7d64d1cf314e87504837?s=96&d=mm&r=g\",\"contentUrl\":\"https:\/\/secure.gravatar.com\/avatar\/55cb5e37c1efa326397366e6974cb338056df65cb50e7d64d1cf314e87504837?s=96&d=mm&r=g\",\"caption\":\"Arnaldo Botto\"},\"url\":\"https:\/\/www.noticiasradioreflejos.com.ar\/2021\/author\/arnaldo\/\"}]}<\/script>\n<!-- \/ Yoast SEO plugin. -->","yoast_head_json":{"title":"Laprida conmemora el &quot;D\u00eda Nacional de los Monumentos&quot; - Noticias Radio Reflejos","robots":{"index":"index","follow":"follow","max-snippet":"max-snippet:-1","max-image-preview":"max-image-preview:large","max-video-preview":"max-video-preview:-1"},"canonical":"https:\/\/www.noticiasradioreflejos.com.ar\/2021\/laprida-conmemora-el-dia-nacional-de-los-monumentos\/","og_locale":"es_ES","og_type":"article","og_title":"Laprida conmemora el &quot;D\u00eda Nacional de los Monumentos&quot; - Noticias Radio Reflejos","og_description":"Las actividades se desarrollar\u00e1n los d\u00edas 12 y 13 de mayo\u00a0 con visitas guiadas y charlas.","og_url":"https:\/\/www.noticiasradioreflejos.com.ar\/2021\/laprida-conmemora-el-dia-nacional-de-los-monumentos\/","og_site_name":"Noticias Radio Reflejos","article_published_time":"2018-05-04T15:08:23+00:00","og_image":[{"url":"http:\/\/farm1.staticflickr.com\/957\/40988551885_984915b317.jpg","type":"","width":"","height":""}],"author":"Arnaldo Botto","twitter_card":"summary_large_image","schema":{"@context":"https:\/\/schema.org","@graph":[{"@type":"WebPage","@id":"https:\/\/www.noticiasradioreflejos.com.ar\/2021\/laprida-conmemora-el-dia-nacional-de-los-monumentos\/","url":"https:\/\/www.noticiasradioreflejos.com.ar\/2021\/laprida-conmemora-el-dia-nacional-de-los-monumentos\/","name":"Laprida conmemora el &quot;D\u00eda Nacional de los Monumentos&quot; - Noticias Radio Reflejos","isPartOf":{"@id":"https:\/\/www.noticiasradioreflejos.com.ar\/2021\/#website"},"primaryImageOfPage":{"@id":"https:\/\/www.noticiasradioreflejos.com.ar\/2021\/laprida-conmemora-el-dia-nacional-de-los-monumentos\/#primaryimage"},"image":{"@id":"https:\/\/www.noticiasradioreflejos.com.ar\/2021\/laprida-conmemora-el-dia-nacional-de-los-monumentos\/#primaryimage"},"thumbnailUrl":"http:\/\/farm1.staticflickr.com\/957\/40988551885_984915b317.jpg","datePublished":"2018-05-04T15:08:23+00:00","author":{"@id":"https:\/\/www.noticiasradioreflejos.com.ar\/2021\/#\/schema\/person\/ad82545263dcc5ec0996818884fd5fb1"},"breadcrumb":{"@id":"https:\/\/www.noticiasradioreflejos.com.ar\/2021\/laprida-conmemora-el-dia-nacional-de-los-monumentos\/#breadcrumb"},"inLanguage":"es","potentialAction":[{"@type":"ReadAction","target":["https:\/\/www.noticiasradioreflejos.com.ar\/2021\/laprida-conmemora-el-dia-nacional-de-los-monumentos\/"]}]},{"@type":"ImageObject","inLanguage":"es","@id":"https:\/\/www.noticiasradioreflejos.com.ar\/2021\/laprida-conmemora-el-dia-nacional-de-los-monumentos\/#primaryimage","url":"http:\/\/farm1.staticflickr.com\/957\/40988551885_984915b317.jpg","contentUrl":"http:\/\/farm1.staticflickr.com\/957\/40988551885_984915b317.jpg"},{"@type":"BreadcrumbList","@id":"https:\/\/www.noticiasradioreflejos.com.ar\/2021\/laprida-conmemora-el-dia-nacional-de-los-monumentos\/#breadcrumb","itemListElement":[{"@type":"ListItem","position":1,"name":"Portada","item":"https:\/\/www.noticiasradioreflejos.com.ar\/2021\/"},{"@type":"ListItem","position":2,"name":"Laprida conmemora el &quot;D\u00eda Nacional de los Monumentos&quot;"}]},{"@type":"WebSite","@id":"https:\/\/www.noticiasradioreflejos.com.ar\/2021\/#website","url":"https:\/\/www.noticiasradioreflejos.com.ar\/2021\/","name":"Noticias Radio Reflejos","description":"Las noticias de mi comarca","potentialAction":[{"@type":"SearchAction","target":{"@type":"EntryPoint","urlTemplate":"https:\/\/www.noticiasradioreflejos.com.ar\/2021\/?s={search_term_string}"},"query-input":{"@type":"PropertyValueSpecification","valueRequired":true,"valueName":"search_term_string"}}],"inLanguage":"es"},{"@type":"Person","@id":"https:\/\/www.noticiasradioreflejos.com.ar\/2021\/#\/schema\/person\/ad82545263dcc5ec0996818884fd5fb1","name":"Arnaldo Botto","image":{"@type":"ImageObject","inLanguage":"es","@id":"https:\/\/www.noticiasradioreflejos.com.ar\/2021\/#\/schema\/person\/image\/","url":"https:\/\/secure.gravatar.com\/avatar\/55cb5e37c1efa326397366e6974cb338056df65cb50e7d64d1cf314e87504837?s=96&d=mm&r=g","contentUrl":"https:\/\/secure.gravatar.com\/avatar\/55cb5e37c1efa326397366e6974cb338056df65cb50e7d64d1cf314e87504837?s=96&d=mm&r=g","caption":"Arnaldo Botto"},"url":"https:\/\/www.noticiasradioreflejos.com.ar\/2021\/author\/arnaldo\/"}]}},"_links":{"self":[{"href":"https:\/\/www.noticiasradioreflejos.com.ar\/2021\/wp-json\/wp\/v2\/posts\/21278","targetHints":{"allow":["GET"]}}],"collection":[{"href":"https:\/\/www.noticiasradioreflejos.com.ar\/2021\/wp-json\/wp\/v2\/posts"}],"about":[{"href":"https:\/\/www.noticiasradioreflejos.com.ar\/2021\/wp-json\/wp\/v2\/types\/post"}],"author":[{"embeddable":true,"href":"https:\/\/www.noticiasradioreflejos.com.ar\/2021\/wp-json\/wp\/v2\/users\/3"}],"replies":[{"embeddable":true,"href":"https:\/\/www.noticiasradioreflejos.com.ar\/2021\/wp-json\/wp\/v2\/comments?post=21278"}],"version-history":[{"count":0,"href":"https:\/\/www.noticiasradioreflejos.com.ar\/2021\/wp-json\/wp\/v2\/posts\/21278\/revisions"}],"wp:attachment":[{"href":"https:\/\/www.noticiasradioreflejos.com.ar\/2021\/wp-json\/wp\/v2\/media?parent=21278"}],"wp:term":[{"taxonomy":"category","embeddable":true,"href":"https:\/\/www.noticiasradioreflejos.com.ar\/2021\/wp-json\/wp\/v2\/categories?post=21278"},{"taxonomy":"post_tag","embeddable":true,"href":"https:\/\/www.noticiasradioreflejos.com.ar\/2021\/wp-json\/wp\/v2\/tags?post=21278"}],"curies":[{"name":"wp","href":"https:\/\/api.w.org\/{rel}","templated":true}]}}