{"id":21223,"date":"2018-05-03T07:58:55","date_gmt":"2018-05-03T10:58:55","guid":{"rendered":"http:\/\/www.noticiasradioreflejos.com.ar\/noticias\/?p=21223"},"modified":"2018-05-03T07:58:55","modified_gmt":"2018-05-03T10:58:55","slug":"volco-un-camion-en-la-ruta-33","status":"publish","type":"post","link":"https:\/\/www.noticiasradioreflejos.com.ar\/2021\/volco-un-camion-en-la-ruta-33\/","title":{"rendered":"Volc\u00f3 un cami\u00f3n en la ruta 33"},"content":{"rendered":"<p><a title=\"IMG_1622-Small\" href=\"http:\/\/farm1.staticflickr.com\/979\/41146887744_685f87e740.jpg\" rel=\"\"><img loading=\"lazy\" decoding=\"async\" class=\"alignleft\" style=\"float: left;\" title=\"IMG_1622-Small\" src=\"http:\/\/farm1.staticflickr.com\/979\/41146887744_685f87e740.jpg\" alt=\"IMG_1622-Small\" width=\"500\" height=\"333\" \/><\/a>Un cami\u00f3n Fiat( Chapa GPX 323) de la firma Transporte \u201cFabi\u00e1n\u201d de Isidro Casanova, volc\u00f3 a la altura del kil\u00f3metro 51 en la noche de este mi\u00e9rcoles alrededor de la hora 22.30.<br \/>\nEl veh\u00edculo de carga transportaba pack de gaseosas que quedaron diseminados en la banquina y cinta asf\u00e1ltica.<!--more--><br \/>\nA consecuencia del accidente debi\u00f3 ser cortada la carretera para que trabajaran los bomberos, polic\u00eda y maquinaria municipal. Luego fue liberada.<br \/>\nSeg\u00fan informaron fuentes policiales el chofer del cami\u00f3n Germ\u00e1n Nugarese(39), fue trasladado al hospital Penna de Bah\u00eda Blanca para su atenci\u00f3n.<br \/>\nDesde ese centro asistencial provincial informaron que se encuentra estable, que arrib\u00f3 con p\u00e9rdida de conocimiento pero pudo recuperarse. Sufri\u00f3 un trauma costal y queda internado en observaci\u00f3n.<br \/>\n<a title=\"IMG_1608-Small\" href=\"http:\/\/farm1.staticflickr.com\/965\/40965511865_629a9e1352_z.jpg\" rel=\"\"><img loading=\"lazy\" decoding=\"async\" class=\"aligncenter\" title=\"IMG_1608-Small\" src=\"http:\/\/farm1.staticflickr.com\/965\/40965511865_629a9e1352_z.jpg\" alt=\"IMG_1608-Small\" width=\"640\" height=\"427\" \/><\/a><br \/>\nFotos: Miguel Herrada\/Tono Bruni<\/p>\n","protected":false},"excerpt":{"rendered":"<p>Un cami\u00f3n Fiat( Chapa GPX 323) de la firma Transporte \u201cFabi\u00e1n\u201d de Isidro Casanova, volc\u00f3 a la altura del kil\u00f3metro 51 en la noche de este mi\u00e9rcoles alrededor de la hora 22.30. El veh\u00edculo de carga transportaba pack de gaseosas que quedaron diseminados en la banquina y cinta asf\u00e1ltica.<\/p>\n","protected":false},"author":3,"featured_media":0,"comment_status":"closed","ping_status":"open","sticky":false,"template":"","format":"standard","meta":{"footnotes":""},"categories":[29],"tags":[],"class_list":["post-21223","post","type-post","status-publish","format-standard","hentry","category-policiales"],"yoast_head":"<!-- This site is optimized with the Yoast SEO plugin v25.9 - https:\/\/yoast.com\/wordpress\/plugins\/seo\/ -->\n<title>Volc\u00f3 un cami\u00f3n en la ruta 33 - Noticias Radio Reflejos<\/title>\n<meta name=\"robots\" content=\"index, follow, max-snippet:-1, max-image-preview:large, max-video-preview:-1\" \/>\n<link rel=\"canonical\" href=\"https:\/\/www.noticiasradioreflejos.com.ar\/2021\/volco-un-camion-en-la-ruta-33\/\" \/>\n<meta property=\"og:locale\" content=\"es_ES\" \/>\n<meta property=\"og:type\" content=\"article\" \/>\n<meta property=\"og:title\" content=\"Volc\u00f3 un cami\u00f3n en la ruta 33 - Noticias Radio Reflejos\" \/>\n<meta property=\"og:description\" content=\"Un cami\u00f3n Fiat( Chapa GPX 323) de la firma Transporte \u201cFabi\u00e1n\u201d de Isidro Casanova, volc\u00f3 a la altura del kil\u00f3metro 51 en la noche de este mi\u00e9rcoles alrededor de la hora 22.30. El veh\u00edculo de carga transportaba pack de gaseosas que quedaron diseminados en la banquina y cinta asf\u00e1ltica.\" \/>\n<meta property=\"og:url\" content=\"https:\/\/www.noticiasradioreflejos.com.ar\/2021\/volco-un-camion-en-la-ruta-33\/\" \/>\n<meta property=\"og:site_name\" content=\"Noticias Radio Reflejos\" \/>\n<meta property=\"article:published_time\" content=\"2018-05-03T10:58:55+00:00\" \/>\n<meta property=\"og:image\" content=\"http:\/\/farm1.staticflickr.com\/979\/41146887744_685f87e740.jpg\" \/>\n<meta name=\"author\" content=\"Arnaldo Botto\" \/>\n<meta name=\"twitter:card\" content=\"summary_large_image\" \/>\n<script type=\"application\/ld+json\" class=\"yoast-schema-graph\">{\"@context\":\"https:\/\/schema.org\",\"@graph\":[{\"@type\":\"WebPage\",\"@id\":\"https:\/\/www.noticiasradioreflejos.com.ar\/2021\/volco-un-camion-en-la-ruta-33\/\",\"url\":\"https:\/\/www.noticiasradioreflejos.com.ar\/2021\/volco-un-camion-en-la-ruta-33\/\",\"name\":\"Volc\u00f3 un cami\u00f3n en la ruta 33 - Noticias Radio Reflejos\",\"isPartOf\":{\"@id\":\"https:\/\/www.noticiasradioreflejos.com.ar\/2021\/#website\"},\"primaryImageOfPage\":{\"@id\":\"https:\/\/www.noticiasradioreflejos.com.ar\/2021\/volco-un-camion-en-la-ruta-33\/#primaryimage\"},\"image\":{\"@id\":\"https:\/\/www.noticiasradioreflejos.com.ar\/2021\/volco-un-camion-en-la-ruta-33\/#primaryimage\"},\"thumbnailUrl\":\"http:\/\/farm1.staticflickr.com\/979\/41146887744_685f87e740.jpg\",\"datePublished\":\"2018-05-03T10:58:55+00:00\",\"author\":{\"@id\":\"https:\/\/www.noticiasradioreflejos.com.ar\/2021\/#\/schema\/person\/ad82545263dcc5ec0996818884fd5fb1\"},\"breadcrumb\":{\"@id\":\"https:\/\/www.noticiasradioreflejos.com.ar\/2021\/volco-un-camion-en-la-ruta-33\/#breadcrumb\"},\"inLanguage\":\"es\",\"potentialAction\":[{\"@type\":\"ReadAction\",\"target\":[\"https:\/\/www.noticiasradioreflejos.com.ar\/2021\/volco-un-camion-en-la-ruta-33\/\"]}]},{\"@type\":\"ImageObject\",\"inLanguage\":\"es\",\"@id\":\"https:\/\/www.noticiasradioreflejos.com.ar\/2021\/volco-un-camion-en-la-ruta-33\/#primaryimage\",\"url\":\"http:\/\/farm1.staticflickr.com\/979\/41146887744_685f87e740.jpg\",\"contentUrl\":\"http:\/\/farm1.staticflickr.com\/979\/41146887744_685f87e740.jpg\"},{\"@type\":\"BreadcrumbList\",\"@id\":\"https:\/\/www.noticiasradioreflejos.com.ar\/2021\/volco-un-camion-en-la-ruta-33\/#breadcrumb\",\"itemListElement\":[{\"@type\":\"ListItem\",\"position\":1,\"name\":\"Portada\",\"item\":\"https:\/\/www.noticiasradioreflejos.com.ar\/2021\/\"},{\"@type\":\"ListItem\",\"position\":2,\"name\":\"Volc\u00f3 un cami\u00f3n en la ruta 33\"}]},{\"@type\":\"WebSite\",\"@id\":\"https:\/\/www.noticiasradioreflejos.com.ar\/2021\/#website\",\"url\":\"https:\/\/www.noticiasradioreflejos.com.ar\/2021\/\",\"name\":\"Noticias Radio Reflejos\",\"description\":\"Las noticias de mi comarca\",\"potentialAction\":[{\"@type\":\"SearchAction\",\"target\":{\"@type\":\"EntryPoint\",\"urlTemplate\":\"https:\/\/www.noticiasradioreflejos.com.ar\/2021\/?s={search_term_string}\"},\"query-input\":{\"@type\":\"PropertyValueSpecification\",\"valueRequired\":true,\"valueName\":\"search_term_string\"}}],\"inLanguage\":\"es\"},{\"@type\":\"Person\",\"@id\":\"https:\/\/www.noticiasradioreflejos.com.ar\/2021\/#\/schema\/person\/ad82545263dcc5ec0996818884fd5fb1\",\"name\":\"Arnaldo Botto\",\"image\":{\"@type\":\"ImageObject\",\"inLanguage\":\"es\",\"@id\":\"https:\/\/www.noticiasradioreflejos.com.ar\/2021\/#\/schema\/person\/image\/\",\"url\":\"https:\/\/secure.gravatar.com\/avatar\/55cb5e37c1efa326397366e6974cb338056df65cb50e7d64d1cf314e87504837?s=96&d=mm&r=g\",\"contentUrl\":\"https:\/\/secure.gravatar.com\/avatar\/55cb5e37c1efa326397366e6974cb338056df65cb50e7d64d1cf314e87504837?s=96&d=mm&r=g\",\"caption\":\"Arnaldo Botto\"},\"url\":\"https:\/\/www.noticiasradioreflejos.com.ar\/2021\/author\/arnaldo\/\"}]}<\/script>\n<!-- \/ Yoast SEO plugin. -->","yoast_head_json":{"title":"Volc\u00f3 un cami\u00f3n en la ruta 33 - Noticias Radio Reflejos","robots":{"index":"index","follow":"follow","max-snippet":"max-snippet:-1","max-image-preview":"max-image-preview:large","max-video-preview":"max-video-preview:-1"},"canonical":"https:\/\/www.noticiasradioreflejos.com.ar\/2021\/volco-un-camion-en-la-ruta-33\/","og_locale":"es_ES","og_type":"article","og_title":"Volc\u00f3 un cami\u00f3n en la ruta 33 - Noticias Radio Reflejos","og_description":"Un cami\u00f3n Fiat( Chapa GPX 323) de la firma Transporte \u201cFabi\u00e1n\u201d de Isidro Casanova, volc\u00f3 a la altura del kil\u00f3metro 51 en la noche de este mi\u00e9rcoles alrededor de la hora 22.30. El veh\u00edculo de carga transportaba pack de gaseosas que quedaron diseminados en la banquina y cinta asf\u00e1ltica.","og_url":"https:\/\/www.noticiasradioreflejos.com.ar\/2021\/volco-un-camion-en-la-ruta-33\/","og_site_name":"Noticias Radio Reflejos","article_published_time":"2018-05-03T10:58:55+00:00","og_image":[{"url":"http:\/\/farm1.staticflickr.com\/979\/41146887744_685f87e740.jpg","type":"","width":"","height":""}],"author":"Arnaldo Botto","twitter_card":"summary_large_image","schema":{"@context":"https:\/\/schema.org","@graph":[{"@type":"WebPage","@id":"https:\/\/www.noticiasradioreflejos.com.ar\/2021\/volco-un-camion-en-la-ruta-33\/","url":"https:\/\/www.noticiasradioreflejos.com.ar\/2021\/volco-un-camion-en-la-ruta-33\/","name":"Volc\u00f3 un cami\u00f3n en la ruta 33 - Noticias Radio Reflejos","isPartOf":{"@id":"https:\/\/www.noticiasradioreflejos.com.ar\/2021\/#website"},"primaryImageOfPage":{"@id":"https:\/\/www.noticiasradioreflejos.com.ar\/2021\/volco-un-camion-en-la-ruta-33\/#primaryimage"},"image":{"@id":"https:\/\/www.noticiasradioreflejos.com.ar\/2021\/volco-un-camion-en-la-ruta-33\/#primaryimage"},"thumbnailUrl":"http:\/\/farm1.staticflickr.com\/979\/41146887744_685f87e740.jpg","datePublished":"2018-05-03T10:58:55+00:00","author":{"@id":"https:\/\/www.noticiasradioreflejos.com.ar\/2021\/#\/schema\/person\/ad82545263dcc5ec0996818884fd5fb1"},"breadcrumb":{"@id":"https:\/\/www.noticiasradioreflejos.com.ar\/2021\/volco-un-camion-en-la-ruta-33\/#breadcrumb"},"inLanguage":"es","potentialAction":[{"@type":"ReadAction","target":["https:\/\/www.noticiasradioreflejos.com.ar\/2021\/volco-un-camion-en-la-ruta-33\/"]}]},{"@type":"ImageObject","inLanguage":"es","@id":"https:\/\/www.noticiasradioreflejos.com.ar\/2021\/volco-un-camion-en-la-ruta-33\/#primaryimage","url":"http:\/\/farm1.staticflickr.com\/979\/41146887744_685f87e740.jpg","contentUrl":"http:\/\/farm1.staticflickr.com\/979\/41146887744_685f87e740.jpg"},{"@type":"BreadcrumbList","@id":"https:\/\/www.noticiasradioreflejos.com.ar\/2021\/volco-un-camion-en-la-ruta-33\/#breadcrumb","itemListElement":[{"@type":"ListItem","position":1,"name":"Portada","item":"https:\/\/www.noticiasradioreflejos.com.ar\/2021\/"},{"@type":"ListItem","position":2,"name":"Volc\u00f3 un cami\u00f3n en la ruta 33"}]},{"@type":"WebSite","@id":"https:\/\/www.noticiasradioreflejos.com.ar\/2021\/#website","url":"https:\/\/www.noticiasradioreflejos.com.ar\/2021\/","name":"Noticias Radio Reflejos","description":"Las noticias de mi comarca","potentialAction":[{"@type":"SearchAction","target":{"@type":"EntryPoint","urlTemplate":"https:\/\/www.noticiasradioreflejos.com.ar\/2021\/?s={search_term_string}"},"query-input":{"@type":"PropertyValueSpecification","valueRequired":true,"valueName":"search_term_string"}}],"inLanguage":"es"},{"@type":"Person","@id":"https:\/\/www.noticiasradioreflejos.com.ar\/2021\/#\/schema\/person\/ad82545263dcc5ec0996818884fd5fb1","name":"Arnaldo Botto","image":{"@type":"ImageObject","inLanguage":"es","@id":"https:\/\/www.noticiasradioreflejos.com.ar\/2021\/#\/schema\/person\/image\/","url":"https:\/\/secure.gravatar.com\/avatar\/55cb5e37c1efa326397366e6974cb338056df65cb50e7d64d1cf314e87504837?s=96&d=mm&r=g","contentUrl":"https:\/\/secure.gravatar.com\/avatar\/55cb5e37c1efa326397366e6974cb338056df65cb50e7d64d1cf314e87504837?s=96&d=mm&r=g","caption":"Arnaldo Botto"},"url":"https:\/\/www.noticiasradioreflejos.com.ar\/2021\/author\/arnaldo\/"}]}},"_links":{"self":[{"href":"https:\/\/www.noticiasradioreflejos.com.ar\/2021\/wp-json\/wp\/v2\/posts\/21223","targetHints":{"allow":["GET"]}}],"collection":[{"href":"https:\/\/www.noticiasradioreflejos.com.ar\/2021\/wp-json\/wp\/v2\/posts"}],"about":[{"href":"https:\/\/www.noticiasradioreflejos.com.ar\/2021\/wp-json\/wp\/v2\/types\/post"}],"author":[{"embeddable":true,"href":"https:\/\/www.noticiasradioreflejos.com.ar\/2021\/wp-json\/wp\/v2\/users\/3"}],"replies":[{"embeddable":true,"href":"https:\/\/www.noticiasradioreflejos.com.ar\/2021\/wp-json\/wp\/v2\/comments?post=21223"}],"version-history":[{"count":0,"href":"https:\/\/www.noticiasradioreflejos.com.ar\/2021\/wp-json\/wp\/v2\/posts\/21223\/revisions"}],"wp:attachment":[{"href":"https:\/\/www.noticiasradioreflejos.com.ar\/2021\/wp-json\/wp\/v2\/media?parent=21223"}],"wp:term":[{"taxonomy":"category","embeddable":true,"href":"https:\/\/www.noticiasradioreflejos.com.ar\/2021\/wp-json\/wp\/v2\/categories?post=21223"},{"taxonomy":"post_tag","embeddable":true,"href":"https:\/\/www.noticiasradioreflejos.com.ar\/2021\/wp-json\/wp\/v2\/tags?post=21223"}],"curies":[{"name":"wp","href":"https:\/\/api.w.org\/{rel}","templated":true}]}}