{"id":21209,"date":"2018-05-02T20:50:42","date_gmt":"2018-05-02T23:50:42","guid":{"rendered":"http:\/\/www.noticiasradioreflejos.com.ar\/noticias\/?p=21209"},"modified":"2018-05-02T20:50:42","modified_gmt":"2018-05-02T23:50:42","slug":"orden-del-dia-honorable-concejo-deliberante","status":"publish","type":"post","link":"https:\/\/www.noticiasradioreflejos.com.ar\/2021\/orden-del-dia-honorable-concejo-deliberante\/","title":{"rendered":"Orden del d\u00eda, Honorable Concejo Deliberante"},"content":{"rendered":"<p>1.- Aprobaci\u00f3n del Acta N\u00ba 1051\/18.&#8212;&#8212;&#8212;&#8212;&#8212;&#8212;&#8212;&#8212;&#8212;&#8212;<br \/>\n2.- Comunicaciones Oficiales: &#8212;&#8212;&#8212;&#8212;&#8212;&#8212;&#8212;&#8212;&#8212;&#8212;&#8212;&#8212;<br \/>\n#Expte. N\u00ba 100\/18: &#8211; D.E. \u2013 Eximici\u00f3n de Tasa por Conservaci\u00f3n, Reparaci\u00f3n y Mejorado de la Red Vial de la Partida N\u00ba 424 \u2013 \u201cSierras Grandes\u201d.<!--more--><br \/>\n#Expte. N\u00ba 105\/18: &#8211; O.P. &#8211; Plan de financiamiento para la construcci\u00f3n de 17 viviendas \u201cPrograma Bonaerense II \u2013 Solidaridad\u201d en la localidad de Chasic\u00f3, Partido de Tornquist.&#8212;&#8212;&#8212;&#8212;&#8212;&#8212;&#8212;&#8212;&#8212;&#8212;&#8212;&#8212;&#8212;&#8212;&#8212;&#8212;&#8212;&#8212;&#8212;&#8212;&#8212;&#8212;&#8212;&#8212;&#8212;&#8212;&#8212;-<br \/>\n#Expte. N\u00ba 7013\/18: &#8211; N.P. \u2013 Cooperativa Rural Ltda. Tornquist: Solicita prescripci\u00f3n de deuda de tasas municipales de lotes en Tornquist y Tres Picos.&#8212;&#8211;<br \/>\n#Expte. N\u00ba 7014\/18: &#8211; N.P. \u2013 Coop. Rural Ltda. de Tornquist: Solicita prescripci\u00f3n de deuda de tasas municipales de lote en Tres Picos.&#8212;&#8212;&#8212;&#8212;&#8212;&#8212;&#8212;&#8212;&#8212;&#8212;&#8212;&#8212;&#8212;<br \/>\n3.-Dict\u00e1menes de las Comisiones: &#8212;&#8212;&#8212;&#8212;&#8212;&#8212;&#8212;&#8212;&#8212;&#8212;&#8212;&#8212;&#8212;&#8212;&#8212;&#8212;&#8212;&#8212;&#8212;&#8212;-<br \/>\n#Expte. N\u00ba 094\/18: &#8211; D.E. \u2013 Convalida la firma del Contrato de Locaci\u00f3n celebrado entre el Sr. H\u00e9ctor Abel Zajac y la Municipalidad de Tornquist. Alojamiento Estudiantil La Plata.&#8212;&#8212;&#8212;&#8212;&#8212;&#8212;&#8212;&#8212;&#8212;&#8212;&#8212;&#8212;&#8212;&#8212;&#8212;&#8212;&#8212;&#8212;&#8212;&#8212;&#8212;&#8212;&#8212;&#8212;&#8212;&#8212;&#8212;&#8212;<br \/>\n#Expte. N\u00ba 6908\/16: &#8211; Bloques F.P.C. y S., Cambiemos Bs. As. y Corriente Renovadora: Ref. uso del agua (Deroga Ordenanza N\u00ba 2722\/14).&#8212;&#8212;&#8212;&#8212;&#8212;&#8212;&#8212;&#8212;<br \/>\n#Expte. N\u00ba 6950\/17: &#8211; N.P. \u2013 C\u00e1mara de Comercio y Turismo de Villa Ventana: Ref. revisi\u00f3n\/reforma al C\u00f3digo de Ordenamiento Territorial.&#8212;&#8212;&#8212;&#8212;&#8212;&#8212;&#8212;&#8212;&#8212;&#8212;<br \/>\n#Expte. N\u00ba 7005\/18: &#8211; N.P. \u2013 Vecinos del Barrio San Andr\u00e9s de las Sierras: Solicita que el municipio interceda para mantener el estado de caminos del barrio<br \/>\n#Expte. N\u00ba 7006\/18: &#8211; N.P. \u2013 Vecinos del Distrito \u201cQue vuelva el tren\u201d: Solicitan uso Banca Concejal N\u00ba 13.&#8212;&#8212;&#8212;&#8212;&#8212;&#8212;&#8212;&#8212;&#8212;&#8212;&#8212;&#8212;&#8212;&#8212;&#8212;&#8212;&#8212;&#8212;&#8212;&#8212;&#8212;&#8212;&#8212;&#8212;&#8211;<br \/>\n#Expte. N\u00ba 7011\/18: &#8211; N.P. \u2013 Asamblea de Padres de Villa Ventana: Solicitan respuesta formal y por escrito de las gestiones en relaci\u00f3n a la obra de remodelaci\u00f3n y ampliaci\u00f3n de las Escuelas N\u00ba 21 y E.E.S. N\u00ba 5 de Villa Ventana.&#8212;<br \/>\n#Expte. N\u00ba 7012\/18: &#8211; N.P. \u2013 Jard\u00edn de Infantes N\u00ba 903 de Sierra de la Ventana: Presenta propuesta e inquietud en relaci\u00f3n al tr\u00e1nsito de la Avda. Roca donde se encuentra el jard\u00edn.&#8212;&#8212;&#8212;&#8212;&#8212;&#8212;&#8212;&#8212;&#8212;&#8212;&#8212;&#8212;&#8212;&#8212;&#8212;&#8212;&#8212;&#8212;&#8212;&#8212;&#8212;&#8212;&#8212;&#8212;&#8212;&#8212;&#8212;&#8212;<br \/>\n#Expte. N\u00ba 7015\/18: &#8211; N.P. \u2013 Mario Rodr\u00edguez y Micaela Costas, Presidentes C\u00e1maras de Comercio de Tornquist y Sierra de la Ventana: Reclaman sobre aumentos reiterados en las tarifas de energ\u00eda el\u00e9ctrica, agua, gas y combustible.&#8212;<br \/>\n#Expte. N\u00ba 7016\/18: &#8211; N.P. \u2013 Vecinos del Barrio San Andr\u00e9s de las Sierras: Ref. Incumplimiento Ordenanza N\u00ba 2725\/15 (Agroqu\u00edmicos).&#8212;&#8212;&#8212;&#8212;&#8212;&#8212;&#8212;&#8212;&#8212;&#8212;&#8212;&#8212;<br \/>\n#Expte. N\u00ba 7017\/18: &#8211; N.P. \u2013 Asoc. para el Desarrollo Tur\u00edstico de la Comarca de Sierra de la Ventana: Ref. preocupaci\u00f3n por el cierre de una de las principales v\u00edas de acceso a la Comarca.&#8212;&#8212;&#8212;&#8212;&#8212;&#8212;&#8212;&#8212;&#8212;&#8212;&#8212;&#8212;&#8212;&#8212;&#8212;&#8212;&#8212;&#8212;&#8212;&#8212;&#8212;&#8212;&#8212;&#8212;&#8212;&#8211;<br \/>\n#Expte. N\u00ba 7018\/18: &#8211; N.P. \u2013 Agustina Colloca \u2013 Representante de Pelicur\u00e1 S.A.: Expresa disconformidad respecto al aumento de la Tasa de Red Vial.&#8212;&#8212;&#8212;&#8212;&#8212;&#8212;<br \/>\n#Expte. N\u00ba 7019\/18: &#8211; N.P. \u2013 Elsa Hayd\u00e9e Ya\u00f1ez: Reitera protesta en relaci\u00f3n a actividades musicales de alto volumen para la fiesta de reyes en inmediaciones de su propiedad.&#8212;&#8212;&#8212;&#8212;&#8212;&#8212;&#8212;&#8212;&#8212;&#8212;&#8212;&#8212;&#8212;&#8212;&#8212;&#8212;&#8212;&#8212;&#8212;&#8212;&#8212;&#8212;&#8212;&#8212;&#8212;&#8212;&#8212;&#8212;&#8212;&#8212;&#8211;<br \/>\n4.- Proyectos Presentados.&#8212;&#8212;&#8212;&#8212;&#8212;&#8212;&#8212;&#8212;&#8212;&#8212;&#8212;&#8212;&#8212;&#8212;&#8212;&#8212;&#8212;&#8212;&#8212;&#8212;&#8212;&#8212;&#8212;&#8212;<br \/>\n5.- Asuntos Particulares. &#8212;&#8212;&#8212;&#8212;&#8212;&#8212;&#8212;&#8212;&#8212;&#8212;&#8212;&#8212;&#8212;&#8212;&#8212;&#8212;&#8212;&#8212;&#8212;&#8212;&#8212;&#8212;&#8212;&#8212;&#8211;<br \/>\nDIA DE LA SESION: 02 de mayo de 2018.-<br \/>\nHORA DE COMIENZO: 20:00 Hs.-<br \/>\nM. Valentina Nyez      Gustavo Moroncini<br \/>\nSecretaria               Presidente<br \/>\nH.C.D.                     H.C.D.<\/p>\n","protected":false},"excerpt":{"rendered":"<p>1.- Aprobaci\u00f3n del Acta N\u00ba 1051\/18.&#8212;&#8212;&#8212;&#8212;&#8212;&#8212;&#8212;&#8212;&#8212;&#8212; 2.- Comunicaciones Oficiales: &#8212;&#8212;&#8212;&#8212;&#8212;&#8212;&#8212;&#8212;&#8212;&#8212;&#8212;&#8212; #Expte. N\u00ba 100\/18: &#8211; D.E. \u2013 Eximici\u00f3n de Tasa por Conservaci\u00f3n, Reparaci\u00f3n y Mejorado de la Red Vial de la Partida N\u00ba 424 \u2013 \u201cSierras Grandes\u201d.<\/p>\n","protected":false},"author":3,"featured_media":0,"comment_status":"closed","ping_status":"open","sticky":false,"template":"","format":"standard","meta":{"footnotes":""},"categories":[24],"tags":[],"class_list":["post-21209","post","type-post","status-publish","format-standard","hentry","category-politica"],"yoast_head":"<!-- This site is optimized with the Yoast SEO plugin v25.9 - https:\/\/yoast.com\/wordpress\/plugins\/seo\/ -->\n<title>Orden del d\u00eda, Honorable Concejo Deliberante - Noticias Radio Reflejos<\/title>\n<meta name=\"robots\" content=\"index, follow, max-snippet:-1, max-image-preview:large, max-video-preview:-1\" \/>\n<link rel=\"canonical\" href=\"https:\/\/www.noticiasradioreflejos.com.ar\/2021\/orden-del-dia-honorable-concejo-deliberante\/\" \/>\n<meta property=\"og:locale\" content=\"es_ES\" \/>\n<meta property=\"og:type\" content=\"article\" \/>\n<meta property=\"og:title\" content=\"Orden del d\u00eda, Honorable Concejo Deliberante - Noticias Radio Reflejos\" \/>\n<meta property=\"og:description\" content=\"1.- Aprobaci\u00f3n del Acta N\u00ba 1051\/18.&#8212;&#8212;&#8212;&#8212;&#8212;&#8212;&#8212;&#8212;&#8212;&#8212; 2.- Comunicaciones Oficiales: &#8212;&#8212;&#8212;&#8212;&#8212;&#8212;&#8212;&#8212;&#8212;&#8212;&#8212;&#8212; #Expte. N\u00ba 100\/18: &#8211; D.E. \u2013 Eximici\u00f3n de Tasa por Conservaci\u00f3n, Reparaci\u00f3n y Mejorado de la Red Vial de la Partida N\u00ba 424 \u2013 \u201cSierras Grandes\u201d.\" \/>\n<meta property=\"og:url\" content=\"https:\/\/www.noticiasradioreflejos.com.ar\/2021\/orden-del-dia-honorable-concejo-deliberante\/\" \/>\n<meta property=\"og:site_name\" content=\"Noticias Radio Reflejos\" \/>\n<meta property=\"article:published_time\" content=\"2018-05-02T23:50:42+00:00\" \/>\n<meta property=\"og:image\" content=\"https:\/\/www.noticiasradioreflejos.com.ar\/2021\/wp-content\/uploads\/2021\/07\/logosol300x200.png\" \/>\n\t<meta property=\"og:image:width\" content=\"300\" \/>\n\t<meta property=\"og:image:height\" content=\"200\" \/>\n\t<meta property=\"og:image:type\" content=\"image\/png\" \/>\n<meta name=\"author\" content=\"Arnaldo Botto\" \/>\n<meta name=\"twitter:card\" content=\"summary_large_image\" \/>\n<script type=\"application\/ld+json\" class=\"yoast-schema-graph\">{\"@context\":\"https:\/\/schema.org\",\"@graph\":[{\"@type\":\"WebPage\",\"@id\":\"https:\/\/www.noticiasradioreflejos.com.ar\/2021\/orden-del-dia-honorable-concejo-deliberante\/\",\"url\":\"https:\/\/www.noticiasradioreflejos.com.ar\/2021\/orden-del-dia-honorable-concejo-deliberante\/\",\"name\":\"Orden del d\u00eda, Honorable Concejo Deliberante - Noticias Radio Reflejos\",\"isPartOf\":{\"@id\":\"https:\/\/www.noticiasradioreflejos.com.ar\/2021\/#website\"},\"datePublished\":\"2018-05-02T23:50:42+00:00\",\"author\":{\"@id\":\"https:\/\/www.noticiasradioreflejos.com.ar\/2021\/#\/schema\/person\/ad82545263dcc5ec0996818884fd5fb1\"},\"breadcrumb\":{\"@id\":\"https:\/\/www.noticiasradioreflejos.com.ar\/2021\/orden-del-dia-honorable-concejo-deliberante\/#breadcrumb\"},\"inLanguage\":\"es\",\"potentialAction\":[{\"@type\":\"ReadAction\",\"target\":[\"https:\/\/www.noticiasradioreflejos.com.ar\/2021\/orden-del-dia-honorable-concejo-deliberante\/\"]}]},{\"@type\":\"BreadcrumbList\",\"@id\":\"https:\/\/www.noticiasradioreflejos.com.ar\/2021\/orden-del-dia-honorable-concejo-deliberante\/#breadcrumb\",\"itemListElement\":[{\"@type\":\"ListItem\",\"position\":1,\"name\":\"Portada\",\"item\":\"https:\/\/www.noticiasradioreflejos.com.ar\/2021\/\"},{\"@type\":\"ListItem\",\"position\":2,\"name\":\"Orden del d\u00eda, Honorable Concejo Deliberante\"}]},{\"@type\":\"WebSite\",\"@id\":\"https:\/\/www.noticiasradioreflejos.com.ar\/2021\/#website\",\"url\":\"https:\/\/www.noticiasradioreflejos.com.ar\/2021\/\",\"name\":\"Noticias Radio Reflejos\",\"description\":\"Las noticias de mi comarca\",\"potentialAction\":[{\"@type\":\"SearchAction\",\"target\":{\"@type\":\"EntryPoint\",\"urlTemplate\":\"https:\/\/www.noticiasradioreflejos.com.ar\/2021\/?s={search_term_string}\"},\"query-input\":{\"@type\":\"PropertyValueSpecification\",\"valueRequired\":true,\"valueName\":\"search_term_string\"}}],\"inLanguage\":\"es\"},{\"@type\":\"Person\",\"@id\":\"https:\/\/www.noticiasradioreflejos.com.ar\/2021\/#\/schema\/person\/ad82545263dcc5ec0996818884fd5fb1\",\"name\":\"Arnaldo Botto\",\"image\":{\"@type\":\"ImageObject\",\"inLanguage\":\"es\",\"@id\":\"https:\/\/www.noticiasradioreflejos.com.ar\/2021\/#\/schema\/person\/image\/\",\"url\":\"https:\/\/secure.gravatar.com\/avatar\/55cb5e37c1efa326397366e6974cb338056df65cb50e7d64d1cf314e87504837?s=96&d=mm&r=g\",\"contentUrl\":\"https:\/\/secure.gravatar.com\/avatar\/55cb5e37c1efa326397366e6974cb338056df65cb50e7d64d1cf314e87504837?s=96&d=mm&r=g\",\"caption\":\"Arnaldo Botto\"},\"url\":\"https:\/\/www.noticiasradioreflejos.com.ar\/2021\/author\/arnaldo\/\"}]}<\/script>\n<!-- \/ Yoast SEO plugin. -->","yoast_head_json":{"title":"Orden del d\u00eda, Honorable Concejo Deliberante - Noticias Radio Reflejos","robots":{"index":"index","follow":"follow","max-snippet":"max-snippet:-1","max-image-preview":"max-image-preview:large","max-video-preview":"max-video-preview:-1"},"canonical":"https:\/\/www.noticiasradioreflejos.com.ar\/2021\/orden-del-dia-honorable-concejo-deliberante\/","og_locale":"es_ES","og_type":"article","og_title":"Orden del d\u00eda, Honorable Concejo Deliberante - Noticias Radio Reflejos","og_description":"1.- Aprobaci\u00f3n del Acta N\u00ba 1051\/18.&#8212;&#8212;&#8212;&#8212;&#8212;&#8212;&#8212;&#8212;&#8212;&#8212; 2.- Comunicaciones Oficiales: &#8212;&#8212;&#8212;&#8212;&#8212;&#8212;&#8212;&#8212;&#8212;&#8212;&#8212;&#8212; #Expte. N\u00ba 100\/18: &#8211; D.E. \u2013 Eximici\u00f3n de Tasa por Conservaci\u00f3n, Reparaci\u00f3n y Mejorado de la Red Vial de la Partida N\u00ba 424 \u2013 \u201cSierras Grandes\u201d.","og_url":"https:\/\/www.noticiasradioreflejos.com.ar\/2021\/orden-del-dia-honorable-concejo-deliberante\/","og_site_name":"Noticias Radio Reflejos","article_published_time":"2018-05-02T23:50:42+00:00","og_image":[{"width":300,"height":200,"url":"https:\/\/www.noticiasradioreflejos.com.ar\/2021\/wp-content\/uploads\/2021\/07\/logosol300x200.png","type":"image\/png"}],"author":"Arnaldo Botto","twitter_card":"summary_large_image","schema":{"@context":"https:\/\/schema.org","@graph":[{"@type":"WebPage","@id":"https:\/\/www.noticiasradioreflejos.com.ar\/2021\/orden-del-dia-honorable-concejo-deliberante\/","url":"https:\/\/www.noticiasradioreflejos.com.ar\/2021\/orden-del-dia-honorable-concejo-deliberante\/","name":"Orden del d\u00eda, Honorable Concejo Deliberante - Noticias Radio Reflejos","isPartOf":{"@id":"https:\/\/www.noticiasradioreflejos.com.ar\/2021\/#website"},"datePublished":"2018-05-02T23:50:42+00:00","author":{"@id":"https:\/\/www.noticiasradioreflejos.com.ar\/2021\/#\/schema\/person\/ad82545263dcc5ec0996818884fd5fb1"},"breadcrumb":{"@id":"https:\/\/www.noticiasradioreflejos.com.ar\/2021\/orden-del-dia-honorable-concejo-deliberante\/#breadcrumb"},"inLanguage":"es","potentialAction":[{"@type":"ReadAction","target":["https:\/\/www.noticiasradioreflejos.com.ar\/2021\/orden-del-dia-honorable-concejo-deliberante\/"]}]},{"@type":"BreadcrumbList","@id":"https:\/\/www.noticiasradioreflejos.com.ar\/2021\/orden-del-dia-honorable-concejo-deliberante\/#breadcrumb","itemListElement":[{"@type":"ListItem","position":1,"name":"Portada","item":"https:\/\/www.noticiasradioreflejos.com.ar\/2021\/"},{"@type":"ListItem","position":2,"name":"Orden del d\u00eda, Honorable Concejo Deliberante"}]},{"@type":"WebSite","@id":"https:\/\/www.noticiasradioreflejos.com.ar\/2021\/#website","url":"https:\/\/www.noticiasradioreflejos.com.ar\/2021\/","name":"Noticias Radio Reflejos","description":"Las noticias de mi comarca","potentialAction":[{"@type":"SearchAction","target":{"@type":"EntryPoint","urlTemplate":"https:\/\/www.noticiasradioreflejos.com.ar\/2021\/?s={search_term_string}"},"query-input":{"@type":"PropertyValueSpecification","valueRequired":true,"valueName":"search_term_string"}}],"inLanguage":"es"},{"@type":"Person","@id":"https:\/\/www.noticiasradioreflejos.com.ar\/2021\/#\/schema\/person\/ad82545263dcc5ec0996818884fd5fb1","name":"Arnaldo Botto","image":{"@type":"ImageObject","inLanguage":"es","@id":"https:\/\/www.noticiasradioreflejos.com.ar\/2021\/#\/schema\/person\/image\/","url":"https:\/\/secure.gravatar.com\/avatar\/55cb5e37c1efa326397366e6974cb338056df65cb50e7d64d1cf314e87504837?s=96&d=mm&r=g","contentUrl":"https:\/\/secure.gravatar.com\/avatar\/55cb5e37c1efa326397366e6974cb338056df65cb50e7d64d1cf314e87504837?s=96&d=mm&r=g","caption":"Arnaldo Botto"},"url":"https:\/\/www.noticiasradioreflejos.com.ar\/2021\/author\/arnaldo\/"}]}},"_links":{"self":[{"href":"https:\/\/www.noticiasradioreflejos.com.ar\/2021\/wp-json\/wp\/v2\/posts\/21209","targetHints":{"allow":["GET"]}}],"collection":[{"href":"https:\/\/www.noticiasradioreflejos.com.ar\/2021\/wp-json\/wp\/v2\/posts"}],"about":[{"href":"https:\/\/www.noticiasradioreflejos.com.ar\/2021\/wp-json\/wp\/v2\/types\/post"}],"author":[{"embeddable":true,"href":"https:\/\/www.noticiasradioreflejos.com.ar\/2021\/wp-json\/wp\/v2\/users\/3"}],"replies":[{"embeddable":true,"href":"https:\/\/www.noticiasradioreflejos.com.ar\/2021\/wp-json\/wp\/v2\/comments?post=21209"}],"version-history":[{"count":0,"href":"https:\/\/www.noticiasradioreflejos.com.ar\/2021\/wp-json\/wp\/v2\/posts\/21209\/revisions"}],"wp:attachment":[{"href":"https:\/\/www.noticiasradioreflejos.com.ar\/2021\/wp-json\/wp\/v2\/media?parent=21209"}],"wp:term":[{"taxonomy":"category","embeddable":true,"href":"https:\/\/www.noticiasradioreflejos.com.ar\/2021\/wp-json\/wp\/v2\/categories?post=21209"},{"taxonomy":"post_tag","embeddable":true,"href":"https:\/\/www.noticiasradioreflejos.com.ar\/2021\/wp-json\/wp\/v2\/tags?post=21209"}],"curies":[{"name":"wp","href":"https:\/\/api.w.org\/{rel}","templated":true}]}}