{"id":21205,"date":"2018-05-02T17:43:18","date_gmt":"2018-05-02T20:43:18","guid":{"rendered":"http:\/\/www.noticiasradioreflejos.com.ar\/noticias\/?p=21205"},"modified":"2018-05-02T17:43:18","modified_gmt":"2018-05-02T20:43:18","slug":"volvio-a-funcionar-la-barredora-municipal","status":"publish","type":"post","link":"https:\/\/www.noticiasradioreflejos.com.ar\/2021\/volvio-a-funcionar-la-barredora-municipal\/","title":{"rendered":"Volvi\u00f3 a funcionar la barredora municipal"},"content":{"rendered":"<p><a title=\"RECORRIDO BARREDORA\" href=\"http:\/\/farm1.staticflickr.com\/904\/40048272400_5cec0b929e.jpg\" rel=\"\"><img loading=\"lazy\" decoding=\"async\" class=\"alignleft\" style=\"float: left;\" title=\"RECORRIDO BARREDORA\" src=\"http:\/\/farm1.staticflickr.com\/904\/40048272400_5cec0b929e.jpg\" alt=\"RECORRIDO BARREDORA\" width=\"500\" height=\"286\" \/><\/a>Finalizado el servicio t\u00e9cnico comenz\u00f3 a funcionar en la madrugada de hoy, mi\u00e9rcoles 2, la barredora municipal, realizando tareas de limpieza en las calles de nuestra localidad. <!--more--><br \/>\nEl \u00e1rea de Servicios Urbanos recuerda que la misma funciona en horario nocturno (de 00.00 a 08.00 hs.) para evitar inconvenientes con el tr\u00e1nsito. Se solicita a los vecinos no dejar los autom\u00f3viles estacionados en las calzadas sobre las que pasar\u00e1 la barredora a fin de poder realizar el trabajo de manera integral. El cronograma de trabajo es:<br \/>\nZONA SUR<br \/>\nde E. Tornquist a Combatientes de Malvinas<br \/>\nLUNES<br \/>\nVeredas con N\u00b0 pares<br \/>\nMARTES<br \/>\nVeredas con N\u00b0 impares<br \/>\nZONA NORTE<br \/>\nde Av. 9 de Julio a Safont\u00e1s<br \/>\nMI\u00c9RCOLES<br \/>\nVeredas con N\u00b0 pares<br \/>\nJUEVES<br \/>\nVeredas con N\u00b0 impares<br \/>\nVIERNES<br \/>\nVeredas con N\u00b0 Impares<\/p>\n","protected":false},"excerpt":{"rendered":"<p>Finalizado el servicio t\u00e9cnico comenz\u00f3 a funcionar en la madrugada de hoy, mi\u00e9rcoles 2, la barredora municipal, realizando tareas de limpieza en las calles de nuestra localidad.<\/p>\n","protected":false},"author":3,"featured_media":0,"comment_status":"closed","ping_status":"open","sticky":false,"template":"","format":"standard","meta":{"footnotes":""},"categories":[28],"tags":[],"class_list":["post-21205","post","type-post","status-publish","format-standard","hentry","category-municipales"],"yoast_head":"<!-- This site is optimized with the Yoast SEO plugin v25.9 - https:\/\/yoast.com\/wordpress\/plugins\/seo\/ -->\n<title>Volvi\u00f3 a funcionar la barredora municipal - Noticias Radio Reflejos<\/title>\n<meta name=\"robots\" content=\"index, follow, max-snippet:-1, max-image-preview:large, max-video-preview:-1\" \/>\n<link rel=\"canonical\" href=\"https:\/\/www.noticiasradioreflejos.com.ar\/2021\/volvio-a-funcionar-la-barredora-municipal\/\" \/>\n<meta property=\"og:locale\" content=\"es_ES\" \/>\n<meta property=\"og:type\" content=\"article\" \/>\n<meta property=\"og:title\" content=\"Volvi\u00f3 a funcionar la barredora municipal - Noticias Radio Reflejos\" \/>\n<meta property=\"og:description\" content=\"Finalizado el servicio t\u00e9cnico comenz\u00f3 a funcionar en la madrugada de hoy, mi\u00e9rcoles 2, la barredora municipal, realizando tareas de limpieza en las calles de nuestra localidad.\" \/>\n<meta property=\"og:url\" content=\"https:\/\/www.noticiasradioreflejos.com.ar\/2021\/volvio-a-funcionar-la-barredora-municipal\/\" \/>\n<meta property=\"og:site_name\" content=\"Noticias Radio Reflejos\" \/>\n<meta property=\"article:published_time\" content=\"2018-05-02T20:43:18+00:00\" \/>\n<meta property=\"og:image\" content=\"http:\/\/farm1.staticflickr.com\/904\/40048272400_5cec0b929e.jpg\" \/>\n<meta name=\"author\" content=\"Arnaldo Botto\" \/>\n<meta name=\"twitter:card\" content=\"summary_large_image\" \/>\n<script type=\"application\/ld+json\" class=\"yoast-schema-graph\">{\"@context\":\"https:\/\/schema.org\",\"@graph\":[{\"@type\":\"WebPage\",\"@id\":\"https:\/\/www.noticiasradioreflejos.com.ar\/2021\/volvio-a-funcionar-la-barredora-municipal\/\",\"url\":\"https:\/\/www.noticiasradioreflejos.com.ar\/2021\/volvio-a-funcionar-la-barredora-municipal\/\",\"name\":\"Volvi\u00f3 a funcionar la barredora municipal - Noticias Radio Reflejos\",\"isPartOf\":{\"@id\":\"https:\/\/www.noticiasradioreflejos.com.ar\/2021\/#website\"},\"primaryImageOfPage\":{\"@id\":\"https:\/\/www.noticiasradioreflejos.com.ar\/2021\/volvio-a-funcionar-la-barredora-municipal\/#primaryimage\"},\"image\":{\"@id\":\"https:\/\/www.noticiasradioreflejos.com.ar\/2021\/volvio-a-funcionar-la-barredora-municipal\/#primaryimage\"},\"thumbnailUrl\":\"http:\/\/farm1.staticflickr.com\/904\/40048272400_5cec0b929e.jpg\",\"datePublished\":\"2018-05-02T20:43:18+00:00\",\"author\":{\"@id\":\"https:\/\/www.noticiasradioreflejos.com.ar\/2021\/#\/schema\/person\/ad82545263dcc5ec0996818884fd5fb1\"},\"breadcrumb\":{\"@id\":\"https:\/\/www.noticiasradioreflejos.com.ar\/2021\/volvio-a-funcionar-la-barredora-municipal\/#breadcrumb\"},\"inLanguage\":\"es\",\"potentialAction\":[{\"@type\":\"ReadAction\",\"target\":[\"https:\/\/www.noticiasradioreflejos.com.ar\/2021\/volvio-a-funcionar-la-barredora-municipal\/\"]}]},{\"@type\":\"ImageObject\",\"inLanguage\":\"es\",\"@id\":\"https:\/\/www.noticiasradioreflejos.com.ar\/2021\/volvio-a-funcionar-la-barredora-municipal\/#primaryimage\",\"url\":\"http:\/\/farm1.staticflickr.com\/904\/40048272400_5cec0b929e.jpg\",\"contentUrl\":\"http:\/\/farm1.staticflickr.com\/904\/40048272400_5cec0b929e.jpg\"},{\"@type\":\"BreadcrumbList\",\"@id\":\"https:\/\/www.noticiasradioreflejos.com.ar\/2021\/volvio-a-funcionar-la-barredora-municipal\/#breadcrumb\",\"itemListElement\":[{\"@type\":\"ListItem\",\"position\":1,\"name\":\"Portada\",\"item\":\"https:\/\/www.noticiasradioreflejos.com.ar\/2021\/\"},{\"@type\":\"ListItem\",\"position\":2,\"name\":\"Volvi\u00f3 a funcionar la barredora municipal\"}]},{\"@type\":\"WebSite\",\"@id\":\"https:\/\/www.noticiasradioreflejos.com.ar\/2021\/#website\",\"url\":\"https:\/\/www.noticiasradioreflejos.com.ar\/2021\/\",\"name\":\"Noticias Radio Reflejos\",\"description\":\"Las noticias de mi comarca\",\"potentialAction\":[{\"@type\":\"SearchAction\",\"target\":{\"@type\":\"EntryPoint\",\"urlTemplate\":\"https:\/\/www.noticiasradioreflejos.com.ar\/2021\/?s={search_term_string}\"},\"query-input\":{\"@type\":\"PropertyValueSpecification\",\"valueRequired\":true,\"valueName\":\"search_term_string\"}}],\"inLanguage\":\"es\"},{\"@type\":\"Person\",\"@id\":\"https:\/\/www.noticiasradioreflejos.com.ar\/2021\/#\/schema\/person\/ad82545263dcc5ec0996818884fd5fb1\",\"name\":\"Arnaldo Botto\",\"image\":{\"@type\":\"ImageObject\",\"inLanguage\":\"es\",\"@id\":\"https:\/\/www.noticiasradioreflejos.com.ar\/2021\/#\/schema\/person\/image\/\",\"url\":\"https:\/\/secure.gravatar.com\/avatar\/55cb5e37c1efa326397366e6974cb338056df65cb50e7d64d1cf314e87504837?s=96&d=mm&r=g\",\"contentUrl\":\"https:\/\/secure.gravatar.com\/avatar\/55cb5e37c1efa326397366e6974cb338056df65cb50e7d64d1cf314e87504837?s=96&d=mm&r=g\",\"caption\":\"Arnaldo Botto\"},\"url\":\"https:\/\/www.noticiasradioreflejos.com.ar\/2021\/author\/arnaldo\/\"}]}<\/script>\n<!-- \/ Yoast SEO plugin. -->","yoast_head_json":{"title":"Volvi\u00f3 a funcionar la barredora municipal - Noticias Radio Reflejos","robots":{"index":"index","follow":"follow","max-snippet":"max-snippet:-1","max-image-preview":"max-image-preview:large","max-video-preview":"max-video-preview:-1"},"canonical":"https:\/\/www.noticiasradioreflejos.com.ar\/2021\/volvio-a-funcionar-la-barredora-municipal\/","og_locale":"es_ES","og_type":"article","og_title":"Volvi\u00f3 a funcionar la barredora municipal - Noticias Radio Reflejos","og_description":"Finalizado el servicio t\u00e9cnico comenz\u00f3 a funcionar en la madrugada de hoy, mi\u00e9rcoles 2, la barredora municipal, realizando tareas de limpieza en las calles de nuestra localidad.","og_url":"https:\/\/www.noticiasradioreflejos.com.ar\/2021\/volvio-a-funcionar-la-barredora-municipal\/","og_site_name":"Noticias Radio Reflejos","article_published_time":"2018-05-02T20:43:18+00:00","og_image":[{"url":"http:\/\/farm1.staticflickr.com\/904\/40048272400_5cec0b929e.jpg","type":"","width":"","height":""}],"author":"Arnaldo Botto","twitter_card":"summary_large_image","schema":{"@context":"https:\/\/schema.org","@graph":[{"@type":"WebPage","@id":"https:\/\/www.noticiasradioreflejos.com.ar\/2021\/volvio-a-funcionar-la-barredora-municipal\/","url":"https:\/\/www.noticiasradioreflejos.com.ar\/2021\/volvio-a-funcionar-la-barredora-municipal\/","name":"Volvi\u00f3 a funcionar la barredora municipal - Noticias Radio Reflejos","isPartOf":{"@id":"https:\/\/www.noticiasradioreflejos.com.ar\/2021\/#website"},"primaryImageOfPage":{"@id":"https:\/\/www.noticiasradioreflejos.com.ar\/2021\/volvio-a-funcionar-la-barredora-municipal\/#primaryimage"},"image":{"@id":"https:\/\/www.noticiasradioreflejos.com.ar\/2021\/volvio-a-funcionar-la-barredora-municipal\/#primaryimage"},"thumbnailUrl":"http:\/\/farm1.staticflickr.com\/904\/40048272400_5cec0b929e.jpg","datePublished":"2018-05-02T20:43:18+00:00","author":{"@id":"https:\/\/www.noticiasradioreflejos.com.ar\/2021\/#\/schema\/person\/ad82545263dcc5ec0996818884fd5fb1"},"breadcrumb":{"@id":"https:\/\/www.noticiasradioreflejos.com.ar\/2021\/volvio-a-funcionar-la-barredora-municipal\/#breadcrumb"},"inLanguage":"es","potentialAction":[{"@type":"ReadAction","target":["https:\/\/www.noticiasradioreflejos.com.ar\/2021\/volvio-a-funcionar-la-barredora-municipal\/"]}]},{"@type":"ImageObject","inLanguage":"es","@id":"https:\/\/www.noticiasradioreflejos.com.ar\/2021\/volvio-a-funcionar-la-barredora-municipal\/#primaryimage","url":"http:\/\/farm1.staticflickr.com\/904\/40048272400_5cec0b929e.jpg","contentUrl":"http:\/\/farm1.staticflickr.com\/904\/40048272400_5cec0b929e.jpg"},{"@type":"BreadcrumbList","@id":"https:\/\/www.noticiasradioreflejos.com.ar\/2021\/volvio-a-funcionar-la-barredora-municipal\/#breadcrumb","itemListElement":[{"@type":"ListItem","position":1,"name":"Portada","item":"https:\/\/www.noticiasradioreflejos.com.ar\/2021\/"},{"@type":"ListItem","position":2,"name":"Volvi\u00f3 a funcionar la barredora municipal"}]},{"@type":"WebSite","@id":"https:\/\/www.noticiasradioreflejos.com.ar\/2021\/#website","url":"https:\/\/www.noticiasradioreflejos.com.ar\/2021\/","name":"Noticias Radio Reflejos","description":"Las noticias de mi comarca","potentialAction":[{"@type":"SearchAction","target":{"@type":"EntryPoint","urlTemplate":"https:\/\/www.noticiasradioreflejos.com.ar\/2021\/?s={search_term_string}"},"query-input":{"@type":"PropertyValueSpecification","valueRequired":true,"valueName":"search_term_string"}}],"inLanguage":"es"},{"@type":"Person","@id":"https:\/\/www.noticiasradioreflejos.com.ar\/2021\/#\/schema\/person\/ad82545263dcc5ec0996818884fd5fb1","name":"Arnaldo Botto","image":{"@type":"ImageObject","inLanguage":"es","@id":"https:\/\/www.noticiasradioreflejos.com.ar\/2021\/#\/schema\/person\/image\/","url":"https:\/\/secure.gravatar.com\/avatar\/55cb5e37c1efa326397366e6974cb338056df65cb50e7d64d1cf314e87504837?s=96&d=mm&r=g","contentUrl":"https:\/\/secure.gravatar.com\/avatar\/55cb5e37c1efa326397366e6974cb338056df65cb50e7d64d1cf314e87504837?s=96&d=mm&r=g","caption":"Arnaldo Botto"},"url":"https:\/\/www.noticiasradioreflejos.com.ar\/2021\/author\/arnaldo\/"}]}},"_links":{"self":[{"href":"https:\/\/www.noticiasradioreflejos.com.ar\/2021\/wp-json\/wp\/v2\/posts\/21205","targetHints":{"allow":["GET"]}}],"collection":[{"href":"https:\/\/www.noticiasradioreflejos.com.ar\/2021\/wp-json\/wp\/v2\/posts"}],"about":[{"href":"https:\/\/www.noticiasradioreflejos.com.ar\/2021\/wp-json\/wp\/v2\/types\/post"}],"author":[{"embeddable":true,"href":"https:\/\/www.noticiasradioreflejos.com.ar\/2021\/wp-json\/wp\/v2\/users\/3"}],"replies":[{"embeddable":true,"href":"https:\/\/www.noticiasradioreflejos.com.ar\/2021\/wp-json\/wp\/v2\/comments?post=21205"}],"version-history":[{"count":0,"href":"https:\/\/www.noticiasradioreflejos.com.ar\/2021\/wp-json\/wp\/v2\/posts\/21205\/revisions"}],"wp:attachment":[{"href":"https:\/\/www.noticiasradioreflejos.com.ar\/2021\/wp-json\/wp\/v2\/media?parent=21205"}],"wp:term":[{"taxonomy":"category","embeddable":true,"href":"https:\/\/www.noticiasradioreflejos.com.ar\/2021\/wp-json\/wp\/v2\/categories?post=21205"},{"taxonomy":"post_tag","embeddable":true,"href":"https:\/\/www.noticiasradioreflejos.com.ar\/2021\/wp-json\/wp\/v2\/tags?post=21205"}],"curies":[{"name":"wp","href":"https:\/\/api.w.org\/{rel}","templated":true}]}}