{"id":21197,"date":"2018-05-02T17:10:53","date_gmt":"2018-05-02T20:10:53","guid":{"rendered":"http:\/\/www.noticiasradioreflejos.com.ar\/noticias\/?p=21197"},"modified":"2018-05-02T17:10:53","modified_gmt":"2018-05-02T20:10:53","slug":"solo-la-sexta-de-automoto-logro-sumar-en-guamini","status":"publish","type":"post","link":"https:\/\/www.noticiasradioreflejos.com.ar\/2021\/solo-la-sexta-de-automoto-logro-sumar-en-guamini\/","title":{"rendered":"S\u00f3lo la Sexta de Automoto logr\u00f3 sumar en Guamin\u00ed"},"content":{"rendered":"<p>Una mala tarde. As\u00ed puede definirse la visita de las inferiores del Automoto Club Deportivo a Empleados de Comercio de Guamin\u00ed, debido a que solamente la Sexta divisi\u00f3n pudo conseguir un empate.<!--more--><br \/>\nEn el marco de la octava programaci\u00f3n de la Zona \u201cA\u201d del certamen que organiza la Liga Regional de F\u00fatbol de Coronel Su\u00e1rez, los chicos finalizaron con una igualdad y dos derrotas (Quinta y S\u00e9ptima).<br \/>\nDespu\u00e9s de desperdiciar algunas claras situaciones de gol, incluida una sobre el final de partido que bien pudo cambiar la historia, la Sexta igual\u00f3 0 a 0 y se mantuvo expectante en la tabla de su categor\u00eda, donde marcha en el cuarto lugar (11 unidades).<br \/>\nEn los otros dos encuentros, el triunfo qued\u00f3 para el local: 4 a 0 gan\u00f3 en Quinta y 6 a 0 en S\u00e9ptima. Sin embargo, pese a la derrota, en ambos casos contin\u00faan entre los principales animadores del torneo.<br \/>\n<a title=\"DSC_0245\" href=\"http:\/\/farm1.staticflickr.com\/952\/40956068575_58fc684277.jpg\" rel=\"\"><img loading=\"lazy\" decoding=\"async\" class=\"alignleft\" style=\"float: left;\" title=\"DSC_0245\" src=\"http:\/\/farm1.staticflickr.com\/952\/40956068575_58fc684277.jpg\" alt=\"DSC_0245\" width=\"500\" height=\"247\" \/><\/a>La Octava divisi\u00f3n, que contin\u00faa en lo m\u00e1s alto de la tabla de ubicaciones del grupo, tuvo fecha de descanso dado que Comercio no present\u00f3 esa categor\u00eda para la presente temporada.<br \/>\nEl pr\u00f3ximo s\u00e1bado, Automoto recibir\u00e1 a Pe\u00f1arol de Pig\u00fc\u00e9 en todas las categor\u00edas.<br \/>\n&nbsp;<br \/>\n&nbsp;<br \/>\n&nbsp;<br \/>\n&nbsp;<br \/>\nLas tablas de posiciones de la Zona \u201cA\u201d son las siguientes:<br \/>\n<strong>Quinta<\/strong><\/p>\n<table>\n<tbody>\n<tr>\n<td><strong>Equipo<\/strong><\/td>\n<td><strong>Pts<\/strong><\/td>\n<td><strong>PJ<\/strong><\/td>\n<td><strong>G<\/strong><\/td>\n<td><strong>E<\/strong><\/td>\n<td><strong>P<\/strong><\/td>\n<td><strong>Gf<\/strong><\/td>\n<td><strong>Gc<\/strong><\/td>\n<\/tr>\n<tr>\n<td>Club Sarmiento<\/td>\n<td><strong>18<\/strong><\/td>\n<td>6<\/td>\n<td>6<\/td>\n<td>0<\/td>\n<td>0<\/td>\n<td>23<\/td>\n<td>2<\/td>\n<\/tr>\n<tr>\n<td>Boca Juniors<\/td>\n<td><strong>18<\/strong><\/td>\n<td>6<\/td>\n<td>6<\/td>\n<td>0<\/td>\n<td>0<\/td>\n<td>20<\/td>\n<td>5<\/td>\n<\/tr>\n<tr>\n<td><strong>Automoto<\/strong><\/td>\n<td><strong>9<\/strong><\/td>\n<td><strong>6<\/strong><\/td>\n<td><strong>3<\/strong><\/td>\n<td><strong>0<\/strong><\/td>\n<td><strong>3<\/strong><\/td>\n<td><strong>9<\/strong><\/td>\n<td><strong>12<\/strong><\/td>\n<\/tr>\n<tr>\n<td>San Mart\u00edn (S)<\/td>\n<td><strong>7<\/strong><\/td>\n<td>6<\/td>\n<td>2<\/td>\n<td>1<\/td>\n<td>3<\/td>\n<td>7<\/td>\n<td>17<\/td>\n<\/tr>\n<tr>\n<td>Pe\u00f1arol (Pig\u00fc\u00e9)<\/td>\n<td><strong>6<\/strong><\/td>\n<td>5<\/td>\n<td>2<\/td>\n<td>0<\/td>\n<td>3<\/td>\n<td>13<\/td>\n<td>8<\/td>\n<\/tr>\n<tr>\n<td>San Mart\u00edn (ST)<\/td>\n<td><strong>6<\/strong><\/td>\n<td>5<\/td>\n<td>2<\/td>\n<td>0<\/td>\n<td>3<\/td>\n<td>10<\/td>\n<td>15<\/td>\n<\/tr>\n<tr>\n<td>E. de Comercio<\/td>\n<td><strong>6<\/strong><\/td>\n<td>6<\/td>\n<td>2<\/td>\n<td>0<\/td>\n<td>4<\/td>\n<td>11<\/td>\n<td>17<\/td>\n<\/tr>\n<tr>\n<td>Uni\u00f3n (T)<\/td>\n<td><strong>3<\/strong><\/td>\n<td>5<\/td>\n<td>1<\/td>\n<td>0<\/td>\n<td>4<\/td>\n<td>10<\/td>\n<td>15<\/td>\n<\/tr>\n<tr>\n<td>Independiente<\/td>\n<td><strong>1<\/strong><\/td>\n<td>5<\/td>\n<td>0<\/td>\n<td>1<\/td>\n<td>4<\/td>\n<td>4<\/td>\n<td>16<\/td>\n<\/tr>\n<\/tbody>\n<\/table>\n<p>&nbsp;<br \/>\n<strong>Sexta<\/strong><\/p>\n<table>\n<tbody>\n<tr>\n<td><strong>Equipo<\/strong><\/td>\n<td><strong>Pts<\/strong><\/td>\n<td><strong>PJ<\/strong><\/td>\n<td><strong>G<\/strong><\/td>\n<td><strong>E<\/strong><\/td>\n<td><strong>P<\/strong><\/td>\n<td><strong>Gf<\/strong><\/td>\n<td><strong>Gc<\/strong><\/td>\n<\/tr>\n<tr>\n<td>Boca Juniors<\/td>\n<td><strong>16<\/strong><\/td>\n<td>6<\/td>\n<td>5<\/td>\n<td>1<\/td>\n<td>0<\/td>\n<td>17<\/td>\n<td>5<\/td>\n<\/tr>\n<tr>\n<td>Club Sarmiento<\/td>\n<td><strong>13<\/strong><\/td>\n<td>5<\/td>\n<td>4<\/td>\n<td>1<\/td>\n<td>0<\/td>\n<td>18<\/td>\n<td>2<\/td>\n<\/tr>\n<tr>\n<td>Uni\u00f3n (Tornquist)<\/td>\n<td><strong>13<\/strong><\/td>\n<td>6<\/td>\n<td>4<\/td>\n<td>1<\/td>\n<td>1<\/td>\n<td>20<\/td>\n<td>9<\/td>\n<\/tr>\n<tr>\n<td><strong>Automoto<\/strong><\/td>\n<td><strong>11<\/strong><\/td>\n<td><strong>6<\/strong><\/td>\n<td><strong>3<\/strong><\/td>\n<td><strong>2<\/strong><\/td>\n<td><strong>1<\/strong><\/td>\n<td><strong>17<\/strong><\/td>\n<td><strong>7<\/strong><\/td>\n<\/tr>\n<tr>\n<td>Pe\u00f1arol (P)<\/td>\n<td><strong>8<\/strong><\/td>\n<td>5<\/td>\n<td>2<\/td>\n<td>2<\/td>\n<td>1<\/td>\n<td>13<\/td>\n<td>3<\/td>\n<\/tr>\n<tr>\n<td>E. de Comercio<\/td>\n<td><strong>4<\/strong><\/td>\n<td>6<\/td>\n<td>1<\/td>\n<td>1<\/td>\n<td>4<\/td>\n<td>2<\/td>\n<td>16<\/td>\n<\/tr>\n<tr>\n<td>Independiente<\/td>\n<td><strong>3<\/strong><\/td>\n<td>5<\/td>\n<td>1<\/td>\n<td>0<\/td>\n<td>4<\/td>\n<td>4<\/td>\n<td>19<\/td>\n<\/tr>\n<tr>\n<td>El Progreso<\/td>\n<td><strong>3<\/strong><\/td>\n<td>6<\/td>\n<td>1<\/td>\n<td>0<\/td>\n<td>5<\/td>\n<td>6<\/td>\n<td>19<\/td>\n<\/tr>\n<tr>\n<td>San Mart\u00edn (ST)<\/td>\n<td><strong>0<\/strong><\/td>\n<td>5<\/td>\n<td>0<\/td>\n<td>0<\/td>\n<td>5<\/td>\n<td>4<\/td>\n<td>21<\/td>\n<\/tr>\n<\/tbody>\n<\/table>\n<p>&nbsp;<br \/>\n<strong>S\u00e9ptima<\/strong><\/p>\n<table>\n<tbody>\n<tr>\n<td><strong>Equipo<\/strong><\/td>\n<td><strong>Pts<\/strong><\/td>\n<td><strong>PJ<\/strong><\/td>\n<td><strong>G<\/strong><\/td>\n<td><strong>E<\/strong><\/td>\n<td><strong>P<\/strong><\/td>\n<td><strong>Gf<\/strong><\/td>\n<td><strong>Gc<\/strong><\/td>\n<\/tr>\n<tr>\n<td>Pe\u00f1arol (Pig\u00fc\u00e9)<\/td>\n<td><strong>18<\/strong><\/td>\n<td>6<\/td>\n<td>6<\/td>\n<td>0<\/td>\n<td>0<\/td>\n<td>24<\/td>\n<td>4<\/td>\n<\/tr>\n<tr>\n<td>Club Sarmiento A<\/td>\n<td><strong>15<\/strong><\/td>\n<td>6<\/td>\n<td>5<\/td>\n<td>0<\/td>\n<td>1<\/td>\n<td>21<\/td>\n<td>3<\/td>\n<\/tr>\n<tr>\n<td>E. de Comercio<\/td>\n<td><strong>15<\/strong><\/td>\n<td>7<\/td>\n<td>5<\/td>\n<td>0<\/td>\n<td>2<\/td>\n<td>21<\/td>\n<td>7<\/td>\n<\/tr>\n<tr>\n<td>Boca Juniors<\/td>\n<td><strong>11<\/strong><\/td>\n<td>7<\/td>\n<td>3<\/td>\n<td>2<\/td>\n<td>2<\/td>\n<td>8<\/td>\n<td>4<\/td>\n<\/tr>\n<tr>\n<td>Uni\u00f3n (Tornquist)<\/td>\n<td><strong>9<\/strong><\/td>\n<td>6<\/td>\n<td>3<\/td>\n<td>0<\/td>\n<td>3<\/td>\n<td>17<\/td>\n<td>18<\/td>\n<\/tr>\n<tr>\n<td><strong>Automoto<\/strong><\/td>\n<td><strong>8<\/strong><\/td>\n<td><strong>6<\/strong><\/td>\n<td><strong>2<\/strong><\/td>\n<td><strong>2<\/strong><\/td>\n<td><strong>2<\/strong><\/td>\n<td><strong>16<\/strong><\/td>\n<td><strong>11<\/strong><\/td>\n<\/tr>\n<tr>\n<td>San Mart\u00edn (ST)<\/td>\n<td><strong>5<\/strong><\/td>\n<td>5<\/td>\n<td>1<\/td>\n<td>2<\/td>\n<td>2<\/td>\n<td>8<\/td>\n<td>9<\/td>\n<\/tr>\n<tr>\n<td>D. Sarmiento B<\/td>\n<td><strong>3<\/strong><\/td>\n<td>5<\/td>\n<td>1<\/td>\n<td>0<\/td>\n<td>4<\/td>\n<td>6<\/td>\n<td>14<\/td>\n<\/tr>\n<tr>\n<td>San Mart\u00edn (S)<\/td>\n<td><strong>3<\/strong><\/td>\n<td>6<\/td>\n<td>1<\/td>\n<td>0<\/td>\n<td>5<\/td>\n<td>1<\/td>\n<td>33<\/td>\n<\/tr>\n<tr>\n<td>Independiente<\/td>\n<td><strong>0<\/strong><\/td>\n<td>6<\/td>\n<td>0<\/td>\n<td>0<\/td>\n<td>6<\/td>\n<td>2<\/td>\n<td>21<\/td>\n<\/tr>\n<\/tbody>\n<\/table>\n<p>&nbsp;<br \/>\n<strong>Octava<\/strong><\/p>\n<table>\n<tbody>\n<tr>\n<td><strong>Equipo<\/strong><\/td>\n<td><strong>Pts<\/strong><\/td>\n<td><strong>PJ<\/strong><\/td>\n<td><strong>G<\/strong><\/td>\n<td><strong>E<\/strong><\/td>\n<td><strong>P<\/strong><\/td>\n<td><strong>Gf<\/strong><\/td>\n<td><strong>Gc<\/strong><\/td>\n<\/tr>\n<tr>\n<td><strong>Automoto<\/strong><\/td>\n<td><strong>15<\/strong><\/td>\n<td><strong>6<\/strong><\/td>\n<td><strong>5<\/strong><\/td>\n<td><strong>0<\/strong><\/td>\n<td><strong>1<\/strong><\/td>\n<td><strong>17<\/strong><\/td>\n<td><strong>4<\/strong><\/td>\n<\/tr>\n<tr>\n<td>El Progreso<\/td>\n<td><strong>15<\/strong><\/td>\n<td>7<\/td>\n<td>5<\/td>\n<td>0<\/td>\n<td>2<\/td>\n<td>22<\/td>\n<td>9<\/td>\n<\/tr>\n<tr>\n<td>San Mart\u00edn (ST)<\/td>\n<td><strong>14<\/strong><\/td>\n<td>6<\/td>\n<td>4<\/td>\n<td>2<\/td>\n<td>0<\/td>\n<td>11<\/td>\n<td>3<\/td>\n<\/tr>\n<tr>\n<td>Boca Juniors<\/td>\n<td><strong>11<\/strong><\/td>\n<td>6<\/td>\n<td>3<\/td>\n<td>2<\/td>\n<td>1<\/td>\n<td>8<\/td>\n<td>1<\/td>\n<\/tr>\n<tr>\n<td>D. Sarmiento B<\/td>\n<td><strong>10<\/strong><\/td>\n<td>5<\/td>\n<td>3<\/td>\n<td>1<\/td>\n<td>1<\/td>\n<td>6<\/td>\n<td>5<\/td>\n<\/tr>\n<tr>\n<td>Club Sarmiento A<\/td>\n<td><strong>9<\/strong><\/td>\n<td>5<\/td>\n<td>3<\/td>\n<td>0<\/td>\n<td>2<\/td>\n<td>12<\/td>\n<td>6<\/td>\n<\/tr>\n<tr>\n<td>San Mart\u00edn (S)<\/td>\n<td><strong>5<\/strong><\/td>\n<td>6<\/td>\n<td>1<\/td>\n<td>2<\/td>\n<td>3<\/td>\n<td>2<\/td>\n<td>12<\/td>\n<\/tr>\n<tr>\n<td>Independiente<\/td>\n<td><strong>4<\/strong><\/td>\n<td>7<\/td>\n<td>1<\/td>\n<td>1<\/td>\n<td>5<\/td>\n<td>4<\/td>\n<td>14<\/td>\n<\/tr>\n<tr>\n<td>Pe\u00f1arol (Pig\u00fc\u00e9)<\/td>\n<td><strong>3<\/strong><\/td>\n<td>6<\/td>\n<td>1<\/td>\n<td>0<\/td>\n<td>5<\/td>\n<td>3<\/td>\n<td>19<\/td>\n<\/tr>\n<tr>\n<td>Uni\u00f3n (Tornquist)<\/td>\n<td><strong>0<\/strong><\/td>\n<td>6<\/td>\n<td>0<\/td>\n<td>0<\/td>\n<td>6<\/td>\n<td>2<\/td>\n<td>14<\/td>\n<\/tr>\n<\/tbody>\n<\/table>\n<p>&nbsp;<br \/>\n&nbsp;<br \/>\nDepartamento de Prensa \u2013 Automoto Club Deportivo<br \/>\nwww.clubautomotopasion.com.ar<br \/>\nFacebook: \/automototornquist<br \/>\nTwitter: @ClubAutomoto<br \/>\n&nbsp;<\/p>\n","protected":false},"excerpt":{"rendered":"<p>Una mala tarde. As\u00ed puede definirse la visita de las inferiores del Automoto Club Deportivo a Empleados de Comercio de Guamin\u00ed, debido a que solamente la Sexta divisi\u00f3n pudo conseguir un empate.<\/p>\n","protected":false},"author":3,"featured_media":0,"comment_status":"closed","ping_status":"open","sticky":false,"template":"","format":"standard","meta":{"footnotes":""},"categories":[27],"tags":[],"class_list":["post-21197","post","type-post","status-publish","format-standard","hentry","category-deportes"],"yoast_head":"<!-- This site is optimized with the Yoast SEO plugin v25.9 - https:\/\/yoast.com\/wordpress\/plugins\/seo\/ -->\n<title>S\u00f3lo la Sexta de Automoto logr\u00f3 sumar en Guamin\u00ed - Noticias Radio Reflejos<\/title>\n<meta name=\"robots\" content=\"index, follow, max-snippet:-1, max-image-preview:large, max-video-preview:-1\" \/>\n<link rel=\"canonical\" href=\"https:\/\/www.noticiasradioreflejos.com.ar\/2021\/solo-la-sexta-de-automoto-logro-sumar-en-guamini\/\" \/>\n<meta property=\"og:locale\" content=\"es_ES\" \/>\n<meta property=\"og:type\" content=\"article\" \/>\n<meta property=\"og:title\" content=\"S\u00f3lo la Sexta de Automoto logr\u00f3 sumar en Guamin\u00ed - Noticias Radio Reflejos\" \/>\n<meta property=\"og:description\" content=\"Una mala tarde. As\u00ed puede definirse la visita de las inferiores del Automoto Club Deportivo a Empleados de Comercio de Guamin\u00ed, debido a que solamente la Sexta divisi\u00f3n pudo conseguir un empate.\" \/>\n<meta property=\"og:url\" content=\"https:\/\/www.noticiasradioreflejos.com.ar\/2021\/solo-la-sexta-de-automoto-logro-sumar-en-guamini\/\" \/>\n<meta property=\"og:site_name\" content=\"Noticias Radio Reflejos\" \/>\n<meta property=\"article:published_time\" content=\"2018-05-02T20:10:53+00:00\" \/>\n<meta property=\"og:image\" content=\"http:\/\/farm1.staticflickr.com\/952\/40956068575_58fc684277.jpg\" \/>\n<meta name=\"author\" content=\"Arnaldo Botto\" \/>\n<meta name=\"twitter:card\" content=\"summary_large_image\" \/>\n<script type=\"application\/ld+json\" class=\"yoast-schema-graph\">{\"@context\":\"https:\/\/schema.org\",\"@graph\":[{\"@type\":\"WebPage\",\"@id\":\"https:\/\/www.noticiasradioreflejos.com.ar\/2021\/solo-la-sexta-de-automoto-logro-sumar-en-guamini\/\",\"url\":\"https:\/\/www.noticiasradioreflejos.com.ar\/2021\/solo-la-sexta-de-automoto-logro-sumar-en-guamini\/\",\"name\":\"S\u00f3lo la Sexta de Automoto logr\u00f3 sumar en Guamin\u00ed - Noticias Radio Reflejos\",\"isPartOf\":{\"@id\":\"https:\/\/www.noticiasradioreflejos.com.ar\/2021\/#website\"},\"primaryImageOfPage\":{\"@id\":\"https:\/\/www.noticiasradioreflejos.com.ar\/2021\/solo-la-sexta-de-automoto-logro-sumar-en-guamini\/#primaryimage\"},\"image\":{\"@id\":\"https:\/\/www.noticiasradioreflejos.com.ar\/2021\/solo-la-sexta-de-automoto-logro-sumar-en-guamini\/#primaryimage\"},\"thumbnailUrl\":\"http:\/\/farm1.staticflickr.com\/952\/40956068575_58fc684277.jpg\",\"datePublished\":\"2018-05-02T20:10:53+00:00\",\"author\":{\"@id\":\"https:\/\/www.noticiasradioreflejos.com.ar\/2021\/#\/schema\/person\/ad82545263dcc5ec0996818884fd5fb1\"},\"breadcrumb\":{\"@id\":\"https:\/\/www.noticiasradioreflejos.com.ar\/2021\/solo-la-sexta-de-automoto-logro-sumar-en-guamini\/#breadcrumb\"},\"inLanguage\":\"es\",\"potentialAction\":[{\"@type\":\"ReadAction\",\"target\":[\"https:\/\/www.noticiasradioreflejos.com.ar\/2021\/solo-la-sexta-de-automoto-logro-sumar-en-guamini\/\"]}]},{\"@type\":\"ImageObject\",\"inLanguage\":\"es\",\"@id\":\"https:\/\/www.noticiasradioreflejos.com.ar\/2021\/solo-la-sexta-de-automoto-logro-sumar-en-guamini\/#primaryimage\",\"url\":\"http:\/\/farm1.staticflickr.com\/952\/40956068575_58fc684277.jpg\",\"contentUrl\":\"http:\/\/farm1.staticflickr.com\/952\/40956068575_58fc684277.jpg\"},{\"@type\":\"BreadcrumbList\",\"@id\":\"https:\/\/www.noticiasradioreflejos.com.ar\/2021\/solo-la-sexta-de-automoto-logro-sumar-en-guamini\/#breadcrumb\",\"itemListElement\":[{\"@type\":\"ListItem\",\"position\":1,\"name\":\"Portada\",\"item\":\"https:\/\/www.noticiasradioreflejos.com.ar\/2021\/\"},{\"@type\":\"ListItem\",\"position\":2,\"name\":\"S\u00f3lo la Sexta de Automoto logr\u00f3 sumar en Guamin\u00ed\"}]},{\"@type\":\"WebSite\",\"@id\":\"https:\/\/www.noticiasradioreflejos.com.ar\/2021\/#website\",\"url\":\"https:\/\/www.noticiasradioreflejos.com.ar\/2021\/\",\"name\":\"Noticias Radio Reflejos\",\"description\":\"Las noticias de mi comarca\",\"potentialAction\":[{\"@type\":\"SearchAction\",\"target\":{\"@type\":\"EntryPoint\",\"urlTemplate\":\"https:\/\/www.noticiasradioreflejos.com.ar\/2021\/?s={search_term_string}\"},\"query-input\":{\"@type\":\"PropertyValueSpecification\",\"valueRequired\":true,\"valueName\":\"search_term_string\"}}],\"inLanguage\":\"es\"},{\"@type\":\"Person\",\"@id\":\"https:\/\/www.noticiasradioreflejos.com.ar\/2021\/#\/schema\/person\/ad82545263dcc5ec0996818884fd5fb1\",\"name\":\"Arnaldo Botto\",\"image\":{\"@type\":\"ImageObject\",\"inLanguage\":\"es\",\"@id\":\"https:\/\/www.noticiasradioreflejos.com.ar\/2021\/#\/schema\/person\/image\/\",\"url\":\"https:\/\/secure.gravatar.com\/avatar\/55cb5e37c1efa326397366e6974cb338056df65cb50e7d64d1cf314e87504837?s=96&d=mm&r=g\",\"contentUrl\":\"https:\/\/secure.gravatar.com\/avatar\/55cb5e37c1efa326397366e6974cb338056df65cb50e7d64d1cf314e87504837?s=96&d=mm&r=g\",\"caption\":\"Arnaldo Botto\"},\"url\":\"https:\/\/www.noticiasradioreflejos.com.ar\/2021\/author\/arnaldo\/\"}]}<\/script>\n<!-- \/ Yoast SEO plugin. -->","yoast_head_json":{"title":"S\u00f3lo la Sexta de Automoto logr\u00f3 sumar en Guamin\u00ed - Noticias Radio Reflejos","robots":{"index":"index","follow":"follow","max-snippet":"max-snippet:-1","max-image-preview":"max-image-preview:large","max-video-preview":"max-video-preview:-1"},"canonical":"https:\/\/www.noticiasradioreflejos.com.ar\/2021\/solo-la-sexta-de-automoto-logro-sumar-en-guamini\/","og_locale":"es_ES","og_type":"article","og_title":"S\u00f3lo la Sexta de Automoto logr\u00f3 sumar en Guamin\u00ed - Noticias Radio Reflejos","og_description":"Una mala tarde. As\u00ed puede definirse la visita de las inferiores del Automoto Club Deportivo a Empleados de Comercio de Guamin\u00ed, debido a que solamente la Sexta divisi\u00f3n pudo conseguir un empate.","og_url":"https:\/\/www.noticiasradioreflejos.com.ar\/2021\/solo-la-sexta-de-automoto-logro-sumar-en-guamini\/","og_site_name":"Noticias Radio Reflejos","article_published_time":"2018-05-02T20:10:53+00:00","og_image":[{"url":"http:\/\/farm1.staticflickr.com\/952\/40956068575_58fc684277.jpg","type":"","width":"","height":""}],"author":"Arnaldo Botto","twitter_card":"summary_large_image","schema":{"@context":"https:\/\/schema.org","@graph":[{"@type":"WebPage","@id":"https:\/\/www.noticiasradioreflejos.com.ar\/2021\/solo-la-sexta-de-automoto-logro-sumar-en-guamini\/","url":"https:\/\/www.noticiasradioreflejos.com.ar\/2021\/solo-la-sexta-de-automoto-logro-sumar-en-guamini\/","name":"S\u00f3lo la Sexta de Automoto logr\u00f3 sumar en Guamin\u00ed - Noticias Radio Reflejos","isPartOf":{"@id":"https:\/\/www.noticiasradioreflejos.com.ar\/2021\/#website"},"primaryImageOfPage":{"@id":"https:\/\/www.noticiasradioreflejos.com.ar\/2021\/solo-la-sexta-de-automoto-logro-sumar-en-guamini\/#primaryimage"},"image":{"@id":"https:\/\/www.noticiasradioreflejos.com.ar\/2021\/solo-la-sexta-de-automoto-logro-sumar-en-guamini\/#primaryimage"},"thumbnailUrl":"http:\/\/farm1.staticflickr.com\/952\/40956068575_58fc684277.jpg","datePublished":"2018-05-02T20:10:53+00:00","author":{"@id":"https:\/\/www.noticiasradioreflejos.com.ar\/2021\/#\/schema\/person\/ad82545263dcc5ec0996818884fd5fb1"},"breadcrumb":{"@id":"https:\/\/www.noticiasradioreflejos.com.ar\/2021\/solo-la-sexta-de-automoto-logro-sumar-en-guamini\/#breadcrumb"},"inLanguage":"es","potentialAction":[{"@type":"ReadAction","target":["https:\/\/www.noticiasradioreflejos.com.ar\/2021\/solo-la-sexta-de-automoto-logro-sumar-en-guamini\/"]}]},{"@type":"ImageObject","inLanguage":"es","@id":"https:\/\/www.noticiasradioreflejos.com.ar\/2021\/solo-la-sexta-de-automoto-logro-sumar-en-guamini\/#primaryimage","url":"http:\/\/farm1.staticflickr.com\/952\/40956068575_58fc684277.jpg","contentUrl":"http:\/\/farm1.staticflickr.com\/952\/40956068575_58fc684277.jpg"},{"@type":"BreadcrumbList","@id":"https:\/\/www.noticiasradioreflejos.com.ar\/2021\/solo-la-sexta-de-automoto-logro-sumar-en-guamini\/#breadcrumb","itemListElement":[{"@type":"ListItem","position":1,"name":"Portada","item":"https:\/\/www.noticiasradioreflejos.com.ar\/2021\/"},{"@type":"ListItem","position":2,"name":"S\u00f3lo la Sexta de Automoto logr\u00f3 sumar en Guamin\u00ed"}]},{"@type":"WebSite","@id":"https:\/\/www.noticiasradioreflejos.com.ar\/2021\/#website","url":"https:\/\/www.noticiasradioreflejos.com.ar\/2021\/","name":"Noticias Radio Reflejos","description":"Las noticias de mi comarca","potentialAction":[{"@type":"SearchAction","target":{"@type":"EntryPoint","urlTemplate":"https:\/\/www.noticiasradioreflejos.com.ar\/2021\/?s={search_term_string}"},"query-input":{"@type":"PropertyValueSpecification","valueRequired":true,"valueName":"search_term_string"}}],"inLanguage":"es"},{"@type":"Person","@id":"https:\/\/www.noticiasradioreflejos.com.ar\/2021\/#\/schema\/person\/ad82545263dcc5ec0996818884fd5fb1","name":"Arnaldo Botto","image":{"@type":"ImageObject","inLanguage":"es","@id":"https:\/\/www.noticiasradioreflejos.com.ar\/2021\/#\/schema\/person\/image\/","url":"https:\/\/secure.gravatar.com\/avatar\/55cb5e37c1efa326397366e6974cb338056df65cb50e7d64d1cf314e87504837?s=96&d=mm&r=g","contentUrl":"https:\/\/secure.gravatar.com\/avatar\/55cb5e37c1efa326397366e6974cb338056df65cb50e7d64d1cf314e87504837?s=96&d=mm&r=g","caption":"Arnaldo Botto"},"url":"https:\/\/www.noticiasradioreflejos.com.ar\/2021\/author\/arnaldo\/"}]}},"_links":{"self":[{"href":"https:\/\/www.noticiasradioreflejos.com.ar\/2021\/wp-json\/wp\/v2\/posts\/21197","targetHints":{"allow":["GET"]}}],"collection":[{"href":"https:\/\/www.noticiasradioreflejos.com.ar\/2021\/wp-json\/wp\/v2\/posts"}],"about":[{"href":"https:\/\/www.noticiasradioreflejos.com.ar\/2021\/wp-json\/wp\/v2\/types\/post"}],"author":[{"embeddable":true,"href":"https:\/\/www.noticiasradioreflejos.com.ar\/2021\/wp-json\/wp\/v2\/users\/3"}],"replies":[{"embeddable":true,"href":"https:\/\/www.noticiasradioreflejos.com.ar\/2021\/wp-json\/wp\/v2\/comments?post=21197"}],"version-history":[{"count":0,"href":"https:\/\/www.noticiasradioreflejos.com.ar\/2021\/wp-json\/wp\/v2\/posts\/21197\/revisions"}],"wp:attachment":[{"href":"https:\/\/www.noticiasradioreflejos.com.ar\/2021\/wp-json\/wp\/v2\/media?parent=21197"}],"wp:term":[{"taxonomy":"category","embeddable":true,"href":"https:\/\/www.noticiasradioreflejos.com.ar\/2021\/wp-json\/wp\/v2\/categories?post=21197"},{"taxonomy":"post_tag","embeddable":true,"href":"https:\/\/www.noticiasradioreflejos.com.ar\/2021\/wp-json\/wp\/v2\/tags?post=21197"}],"curies":[{"name":"wp","href":"https:\/\/api.w.org\/{rel}","templated":true}]}}