{"id":21188,"date":"2018-05-02T12:54:11","date_gmt":"2018-05-02T15:54:11","guid":{"rendered":"http:\/\/www.noticiasradioreflejos.com.ar\/noticias\/?p=21188"},"modified":"2018-05-02T12:54:11","modified_gmt":"2018-05-02T15:54:11","slug":"celebraran-el-dia-nacional-de-los-monumentos-en-saldungaray","status":"publish","type":"post","link":"https:\/\/www.noticiasradioreflejos.com.ar\/2021\/celebraran-el-dia-nacional-de-los-monumentos-en-saldungaray\/","title":{"rendered":"Celebrar\u00e1n el &quot;D\u00eda Nacional de los Monumentos&quot; en Saldungaray"},"content":{"rendered":"<p><a title=\"WhatsApp Image 2018-04-29 at 20.24.56\" href=\"http:\/\/farm1.staticflickr.com\/910\/41808544822_9d87f3cfb1.jpg\" rel=\"\"><img loading=\"lazy\" decoding=\"async\" class=\"alignleft\" style=\"float: left;\" title=\"WhatsApp Image 2018-04-29 at 20.24.56\" src=\"http:\/\/farm1.staticflickr.com\/910\/41808544822_9d87f3cfb1.jpg\" alt=\"WhatsApp Image 2018-04-29 at 20.24.56\" width=\"500\" height=\"488\" \/><\/a><br \/>\nEl evento tendr\u00e1 lugar en Saldungaray el 12 de mayo a partir el de las 14 hs.<br \/>\n<strong>Programa de actividades:<\/strong><br \/>\nReferencia: DIA NACIONAL DE LOS MONUMENTOS<!--more--><br \/>\nEvento: \u201cREMEMORANDO NUESTRO PATRIMONIO HISTORICO\u201d<br \/>\nRealizaci\u00f3n: S\u00e1bado 12 de mayo del 2018 a partir de las 14:00Hs.<br \/>\nObras P\u00fablicas de Saldungaray Inscriptas:<br \/>\n1-Monumento Nacional- Portal del Cementerio-, Obra Arq. Francisco Salamone<br \/>\n2-Monumento hist\u00f3rico art\u00edstico Nacional -Delegaci\u00f3n Municipal- Obra Arq. Francisco Salamone<br \/>\n3- Mobiliario urbano &#8211; Plaza Independencia- Obra Arq. Francisco Salamone<br \/>\n4- Estaci\u00f3n de Ferrocarril de Saldungaray. Elevado por la HCD en marzo del 2018 como proyecto de ley Exp: n\u00b0 460 como Patrimonio Hist\u00f3rico, Arquitect\u00f3nico cultural de la Pcia.<br \/>\nRECORRIDO Y EXPRESIONES ART\u00cdSTICAS:<br \/>\n14Hs. -Inicio del Evento<br \/>\nRecorrido por la instalaci\u00f3n y dependencias de la Estaci\u00f3n de Ferrocarril de Saldungaray<br \/>\nLectura de la Rese\u00f1a hist\u00f3rica \u201cEstaci\u00f3n Ferroviaria Saldungaray\u201d<br \/>\nPresentaci\u00f3n de la Artista Mar\u00eda Celia Paniagua, expresiones art\u00edsticas poemas y cantos<br \/>\nAuspicia \u00c1rea de Cultura de la Cooperativa Obrera de Bah\u00eda Blanca<br \/>\n15 HS.- Nos trasladamos al portal del Cementerio<br \/>\nVisita guiada.<br \/>\nExpresiones art\u00edsticas a cargo de Mar\u00eda Celia P.<br \/>\n16 hs -Nos trasladamos a la Delegaci\u00f3n Municipal<br \/>\nVisita guiadas a la Delegaci\u00f3n y Plaza Independencia.<br \/>\nExpresiones art\u00edsticas a Cargo de Mar\u00eda Celia P.<br \/>\n17 hs- Nos trasladamos al Centro de Interpretaci\u00f3n de Salamone.<br \/>\nCharla Informativa y participativa sobre el Arquitecto Francisco Salamone<br \/>\nExpresi\u00f3n Art\u00edstica a Cargo de Mar\u00eda Celia P.<br \/>\n18hs- Evaluaci\u00f3n reflexi\u00f3n &#8211; final del evento<br \/>\nORGANIZAN Y AUSPICIAN.<br \/>\nOrganiza en Pcia. : Comisi\u00f3n Nacional de Monumentos de lugares y de bienes Hist\u00f3ricos. (Ministerio de Cultura de Naci\u00f3n)<br \/>\nOrganiza en Saldungaray: Asociaci\u00f3n de Turismo comunitario de Saldungaray (A.Tu.Co.S.)<br \/>\nAuspician:<br \/>\n\u00c1rea de Cultura de la Cooperativa Obrera de Bah\u00eda Blanca<br \/>\nMunicipalidad de Tornquist<br \/>\nOrganiza ATUCOS y Tornquist Municipio.<\/p>\n","protected":false},"excerpt":{"rendered":"<p>El evento tendr\u00e1 lugar en Saldungaray el 12 de mayo a partir el de las 14 hs. Programa de actividades: Referencia: DIA NACIONAL DE LOS MONUMENTOS<\/p>\n","protected":false},"author":3,"featured_media":0,"comment_status":"closed","ping_status":"open","sticky":false,"template":"","format":"standard","meta":{"footnotes":""},"categories":[35],"tags":[],"class_list":["post-21188","post","type-post","status-publish","format-standard","hentry","category-cultura"],"yoast_head":"<!-- This site is optimized with the Yoast SEO plugin v25.9 - https:\/\/yoast.com\/wordpress\/plugins\/seo\/ -->\n<title>Celebrar\u00e1n el &quot;D\u00eda Nacional de los Monumentos&quot; en Saldungaray - Noticias Radio Reflejos<\/title>\n<meta name=\"robots\" content=\"index, follow, max-snippet:-1, max-image-preview:large, max-video-preview:-1\" \/>\n<link rel=\"canonical\" href=\"https:\/\/www.noticiasradioreflejos.com.ar\/2021\/celebraran-el-dia-nacional-de-los-monumentos-en-saldungaray\/\" \/>\n<meta property=\"og:locale\" content=\"es_ES\" \/>\n<meta property=\"og:type\" content=\"article\" \/>\n<meta property=\"og:title\" content=\"Celebrar\u00e1n el &quot;D\u00eda Nacional de los Monumentos&quot; en Saldungaray - Noticias Radio Reflejos\" \/>\n<meta property=\"og:description\" content=\"El evento tendr\u00e1 lugar en Saldungaray el 12 de mayo a partir el de las 14 hs. Programa de actividades: Referencia: DIA NACIONAL DE LOS MONUMENTOS\" \/>\n<meta property=\"og:url\" content=\"https:\/\/www.noticiasradioreflejos.com.ar\/2021\/celebraran-el-dia-nacional-de-los-monumentos-en-saldungaray\/\" \/>\n<meta property=\"og:site_name\" content=\"Noticias Radio Reflejos\" \/>\n<meta property=\"article:published_time\" content=\"2018-05-02T15:54:11+00:00\" \/>\n<meta property=\"og:image\" content=\"http:\/\/farm1.staticflickr.com\/910\/41808544822_9d87f3cfb1.jpg\" \/>\n<meta name=\"author\" content=\"Arnaldo Botto\" \/>\n<meta name=\"twitter:card\" content=\"summary_large_image\" \/>\n<script type=\"application\/ld+json\" class=\"yoast-schema-graph\">{\"@context\":\"https:\/\/schema.org\",\"@graph\":[{\"@type\":\"WebPage\",\"@id\":\"https:\/\/www.noticiasradioreflejos.com.ar\/2021\/celebraran-el-dia-nacional-de-los-monumentos-en-saldungaray\/\",\"url\":\"https:\/\/www.noticiasradioreflejos.com.ar\/2021\/celebraran-el-dia-nacional-de-los-monumentos-en-saldungaray\/\",\"name\":\"Celebrar\u00e1n el &quot;D\u00eda Nacional de los Monumentos&quot; en Saldungaray - Noticias Radio Reflejos\",\"isPartOf\":{\"@id\":\"https:\/\/www.noticiasradioreflejos.com.ar\/2021\/#website\"},\"primaryImageOfPage\":{\"@id\":\"https:\/\/www.noticiasradioreflejos.com.ar\/2021\/celebraran-el-dia-nacional-de-los-monumentos-en-saldungaray\/#primaryimage\"},\"image\":{\"@id\":\"https:\/\/www.noticiasradioreflejos.com.ar\/2021\/celebraran-el-dia-nacional-de-los-monumentos-en-saldungaray\/#primaryimage\"},\"thumbnailUrl\":\"http:\/\/farm1.staticflickr.com\/910\/41808544822_9d87f3cfb1.jpg\",\"datePublished\":\"2018-05-02T15:54:11+00:00\",\"author\":{\"@id\":\"https:\/\/www.noticiasradioreflejos.com.ar\/2021\/#\/schema\/person\/ad82545263dcc5ec0996818884fd5fb1\"},\"breadcrumb\":{\"@id\":\"https:\/\/www.noticiasradioreflejos.com.ar\/2021\/celebraran-el-dia-nacional-de-los-monumentos-en-saldungaray\/#breadcrumb\"},\"inLanguage\":\"es\",\"potentialAction\":[{\"@type\":\"ReadAction\",\"target\":[\"https:\/\/www.noticiasradioreflejos.com.ar\/2021\/celebraran-el-dia-nacional-de-los-monumentos-en-saldungaray\/\"]}]},{\"@type\":\"ImageObject\",\"inLanguage\":\"es\",\"@id\":\"https:\/\/www.noticiasradioreflejos.com.ar\/2021\/celebraran-el-dia-nacional-de-los-monumentos-en-saldungaray\/#primaryimage\",\"url\":\"http:\/\/farm1.staticflickr.com\/910\/41808544822_9d87f3cfb1.jpg\",\"contentUrl\":\"http:\/\/farm1.staticflickr.com\/910\/41808544822_9d87f3cfb1.jpg\"},{\"@type\":\"BreadcrumbList\",\"@id\":\"https:\/\/www.noticiasradioreflejos.com.ar\/2021\/celebraran-el-dia-nacional-de-los-monumentos-en-saldungaray\/#breadcrumb\",\"itemListElement\":[{\"@type\":\"ListItem\",\"position\":1,\"name\":\"Portada\",\"item\":\"https:\/\/www.noticiasradioreflejos.com.ar\/2021\/\"},{\"@type\":\"ListItem\",\"position\":2,\"name\":\"Celebrar\u00e1n el &quot;D\u00eda Nacional de los Monumentos&quot; en Saldungaray\"}]},{\"@type\":\"WebSite\",\"@id\":\"https:\/\/www.noticiasradioreflejos.com.ar\/2021\/#website\",\"url\":\"https:\/\/www.noticiasradioreflejos.com.ar\/2021\/\",\"name\":\"Noticias Radio Reflejos\",\"description\":\"Las noticias de mi comarca\",\"potentialAction\":[{\"@type\":\"SearchAction\",\"target\":{\"@type\":\"EntryPoint\",\"urlTemplate\":\"https:\/\/www.noticiasradioreflejos.com.ar\/2021\/?s={search_term_string}\"},\"query-input\":{\"@type\":\"PropertyValueSpecification\",\"valueRequired\":true,\"valueName\":\"search_term_string\"}}],\"inLanguage\":\"es\"},{\"@type\":\"Person\",\"@id\":\"https:\/\/www.noticiasradioreflejos.com.ar\/2021\/#\/schema\/person\/ad82545263dcc5ec0996818884fd5fb1\",\"name\":\"Arnaldo Botto\",\"image\":{\"@type\":\"ImageObject\",\"inLanguage\":\"es\",\"@id\":\"https:\/\/www.noticiasradioreflejos.com.ar\/2021\/#\/schema\/person\/image\/\",\"url\":\"https:\/\/secure.gravatar.com\/avatar\/55cb5e37c1efa326397366e6974cb338056df65cb50e7d64d1cf314e87504837?s=96&d=mm&r=g\",\"contentUrl\":\"https:\/\/secure.gravatar.com\/avatar\/55cb5e37c1efa326397366e6974cb338056df65cb50e7d64d1cf314e87504837?s=96&d=mm&r=g\",\"caption\":\"Arnaldo Botto\"},\"url\":\"https:\/\/www.noticiasradioreflejos.com.ar\/2021\/author\/arnaldo\/\"}]}<\/script>\n<!-- \/ Yoast SEO plugin. -->","yoast_head_json":{"title":"Celebrar\u00e1n el &quot;D\u00eda Nacional de los Monumentos&quot; en Saldungaray - Noticias Radio Reflejos","robots":{"index":"index","follow":"follow","max-snippet":"max-snippet:-1","max-image-preview":"max-image-preview:large","max-video-preview":"max-video-preview:-1"},"canonical":"https:\/\/www.noticiasradioreflejos.com.ar\/2021\/celebraran-el-dia-nacional-de-los-monumentos-en-saldungaray\/","og_locale":"es_ES","og_type":"article","og_title":"Celebrar\u00e1n el &quot;D\u00eda Nacional de los Monumentos&quot; en Saldungaray - Noticias Radio Reflejos","og_description":"El evento tendr\u00e1 lugar en Saldungaray el 12 de mayo a partir el de las 14 hs. Programa de actividades: Referencia: DIA NACIONAL DE LOS MONUMENTOS","og_url":"https:\/\/www.noticiasradioreflejos.com.ar\/2021\/celebraran-el-dia-nacional-de-los-monumentos-en-saldungaray\/","og_site_name":"Noticias Radio Reflejos","article_published_time":"2018-05-02T15:54:11+00:00","og_image":[{"url":"http:\/\/farm1.staticflickr.com\/910\/41808544822_9d87f3cfb1.jpg","type":"","width":"","height":""}],"author":"Arnaldo Botto","twitter_card":"summary_large_image","schema":{"@context":"https:\/\/schema.org","@graph":[{"@type":"WebPage","@id":"https:\/\/www.noticiasradioreflejos.com.ar\/2021\/celebraran-el-dia-nacional-de-los-monumentos-en-saldungaray\/","url":"https:\/\/www.noticiasradioreflejos.com.ar\/2021\/celebraran-el-dia-nacional-de-los-monumentos-en-saldungaray\/","name":"Celebrar\u00e1n el &quot;D\u00eda Nacional de los Monumentos&quot; en Saldungaray - Noticias Radio Reflejos","isPartOf":{"@id":"https:\/\/www.noticiasradioreflejos.com.ar\/2021\/#website"},"primaryImageOfPage":{"@id":"https:\/\/www.noticiasradioreflejos.com.ar\/2021\/celebraran-el-dia-nacional-de-los-monumentos-en-saldungaray\/#primaryimage"},"image":{"@id":"https:\/\/www.noticiasradioreflejos.com.ar\/2021\/celebraran-el-dia-nacional-de-los-monumentos-en-saldungaray\/#primaryimage"},"thumbnailUrl":"http:\/\/farm1.staticflickr.com\/910\/41808544822_9d87f3cfb1.jpg","datePublished":"2018-05-02T15:54:11+00:00","author":{"@id":"https:\/\/www.noticiasradioreflejos.com.ar\/2021\/#\/schema\/person\/ad82545263dcc5ec0996818884fd5fb1"},"breadcrumb":{"@id":"https:\/\/www.noticiasradioreflejos.com.ar\/2021\/celebraran-el-dia-nacional-de-los-monumentos-en-saldungaray\/#breadcrumb"},"inLanguage":"es","potentialAction":[{"@type":"ReadAction","target":["https:\/\/www.noticiasradioreflejos.com.ar\/2021\/celebraran-el-dia-nacional-de-los-monumentos-en-saldungaray\/"]}]},{"@type":"ImageObject","inLanguage":"es","@id":"https:\/\/www.noticiasradioreflejos.com.ar\/2021\/celebraran-el-dia-nacional-de-los-monumentos-en-saldungaray\/#primaryimage","url":"http:\/\/farm1.staticflickr.com\/910\/41808544822_9d87f3cfb1.jpg","contentUrl":"http:\/\/farm1.staticflickr.com\/910\/41808544822_9d87f3cfb1.jpg"},{"@type":"BreadcrumbList","@id":"https:\/\/www.noticiasradioreflejos.com.ar\/2021\/celebraran-el-dia-nacional-de-los-monumentos-en-saldungaray\/#breadcrumb","itemListElement":[{"@type":"ListItem","position":1,"name":"Portada","item":"https:\/\/www.noticiasradioreflejos.com.ar\/2021\/"},{"@type":"ListItem","position":2,"name":"Celebrar\u00e1n el &quot;D\u00eda Nacional de los Monumentos&quot; en Saldungaray"}]},{"@type":"WebSite","@id":"https:\/\/www.noticiasradioreflejos.com.ar\/2021\/#website","url":"https:\/\/www.noticiasradioreflejos.com.ar\/2021\/","name":"Noticias Radio Reflejos","description":"Las noticias de mi comarca","potentialAction":[{"@type":"SearchAction","target":{"@type":"EntryPoint","urlTemplate":"https:\/\/www.noticiasradioreflejos.com.ar\/2021\/?s={search_term_string}"},"query-input":{"@type":"PropertyValueSpecification","valueRequired":true,"valueName":"search_term_string"}}],"inLanguage":"es"},{"@type":"Person","@id":"https:\/\/www.noticiasradioreflejos.com.ar\/2021\/#\/schema\/person\/ad82545263dcc5ec0996818884fd5fb1","name":"Arnaldo Botto","image":{"@type":"ImageObject","inLanguage":"es","@id":"https:\/\/www.noticiasradioreflejos.com.ar\/2021\/#\/schema\/person\/image\/","url":"https:\/\/secure.gravatar.com\/avatar\/55cb5e37c1efa326397366e6974cb338056df65cb50e7d64d1cf314e87504837?s=96&d=mm&r=g","contentUrl":"https:\/\/secure.gravatar.com\/avatar\/55cb5e37c1efa326397366e6974cb338056df65cb50e7d64d1cf314e87504837?s=96&d=mm&r=g","caption":"Arnaldo Botto"},"url":"https:\/\/www.noticiasradioreflejos.com.ar\/2021\/author\/arnaldo\/"}]}},"_links":{"self":[{"href":"https:\/\/www.noticiasradioreflejos.com.ar\/2021\/wp-json\/wp\/v2\/posts\/21188","targetHints":{"allow":["GET"]}}],"collection":[{"href":"https:\/\/www.noticiasradioreflejos.com.ar\/2021\/wp-json\/wp\/v2\/posts"}],"about":[{"href":"https:\/\/www.noticiasradioreflejos.com.ar\/2021\/wp-json\/wp\/v2\/types\/post"}],"author":[{"embeddable":true,"href":"https:\/\/www.noticiasradioreflejos.com.ar\/2021\/wp-json\/wp\/v2\/users\/3"}],"replies":[{"embeddable":true,"href":"https:\/\/www.noticiasradioreflejos.com.ar\/2021\/wp-json\/wp\/v2\/comments?post=21188"}],"version-history":[{"count":0,"href":"https:\/\/www.noticiasradioreflejos.com.ar\/2021\/wp-json\/wp\/v2\/posts\/21188\/revisions"}],"wp:attachment":[{"href":"https:\/\/www.noticiasradioreflejos.com.ar\/2021\/wp-json\/wp\/v2\/media?parent=21188"}],"wp:term":[{"taxonomy":"category","embeddable":true,"href":"https:\/\/www.noticiasradioreflejos.com.ar\/2021\/wp-json\/wp\/v2\/categories?post=21188"},{"taxonomy":"post_tag","embeddable":true,"href":"https:\/\/www.noticiasradioreflejos.com.ar\/2021\/wp-json\/wp\/v2\/tags?post=21188"}],"curies":[{"name":"wp","href":"https:\/\/api.w.org\/{rel}","templated":true}]}}