{"id":21179,"date":"2018-05-02T10:47:05","date_gmt":"2018-05-02T13:47:05","guid":{"rendered":"http:\/\/www.noticiasradioreflejos.com.ar\/noticias\/?p=21179"},"modified":"2018-05-02T10:47:05","modified_gmt":"2018-05-02T13:47:05","slug":"llega-a-tornquist-antologia-de-un-pelotudo-importante-3","status":"publish","type":"post","link":"https:\/\/www.noticiasradioreflejos.com.ar\/2021\/llega-a-tornquist-antologia-de-un-pelotudo-importante-3\/","title":{"rendered":"Llega a Tornquist  \u201cANTOLOG\u00cdA DE UN PELOTUDO IMPORTANTE&quot;"},"content":{"rendered":"<p>La cita en TORNQUIST ser\u00e1 el VIERNES 4 de MAYO a las 21 hs en el TEATRO RODOLFO FUNKE, ALEM 53. <!--more--><br \/>\nPara esta \u00fanica funci\u00f3n las entradas anticipadas est\u00e1n en venta en dicha sala  DE 9 A 13 Y DE 16 A 21 HS o al cel 0291-155040965, sino en puerta el d\u00eda de la funci\u00f3n a $150. No llegar a \u00faltimo momento porque se agotan!!!<br \/>\n \u201cANTOLOG\u00cdA DE UN PELOTUDO IMPORTANTE, recargado\u00bb de y por Cristian Majolo llega m\u00e1s pelotudo que nunca a nuestra ciudad de luego de su gira 2017\/2018 por distintos escenarios de todo el pa\u00eds \u00a1Vas a re\u00edr de principio a fin!<br \/>\n            El verdadero \u00c9XITO de este espect\u00e1culo son sus 7 mon\u00f3logos, 7 historias, 7 personajes, 7 hombres que muestran su lado tonto, su comportamiento imb\u00e9cil, el pelotudo argentino que vive en ellos. Asfixiados por el amor, el odio, las mujeres, los viajes, los sue\u00f1os y las frustraciones. En escena solo un actor que interpreta, juega, emociona y transmite tanta pelotudez humana peligrosamente identificable.<br \/>\nChispa, simpleza esc\u00e9nica, emoci\u00f3n, cuerpo en movimiento y picard\u00eda l\u00e9xica, ingredientes bien batidos para crear un c\u00f3ctel que desde los primeros sorbos nos lleva a un lugar de identificaci\u00f3n, de risa pura y diversi\u00f3n. \u00a1\u00a1\u00a1No te la podes perder!!!<br \/>\nEn su gira de verano 2017-2018 visit\u00f3 San Nicol\u00e1s, Mar\u00eda Juana, San Jorge, Pergamino, Banfield, Tandil, Bah\u00eda Blanca, Rauch, Villa Gesell, Mar Azul, Mar del Plata La Emilia , CABA y sigue girando.<br \/>\nFicha T\u00e9cnica<br \/>\nESPECT\u00c1CULO: Antolog\u00eda de un Pelotudo Importante.<br \/>\nACT\u00daA: Cristian Majolo.<br \/>\nDRAMATURGIA Y DIRECCI\u00d3N: Cristian Majolo.<br \/>\nASISTENCIA: Heidy Reyes<br \/>\nFOTOGRAF\u00cdA: Rilind Modigliani<br \/>\nDISE\u00d1O GR\u00c1FICO: Agust\u00edn Medina<br \/>\nPRENSA Y PRODUCCI\u00d3N ARTISTICA: Compa\u00f1\u00eda Aqu\u00ed y Ahora.<br \/>\nPOR ENTREVISTAS O CONSULTAS:<br \/>\n Cel: (011)1554100793<br \/>\nEmail: cristianmajolo@gmail.com \/ 25aquiyahora@gmail.com<\/p>\n","protected":false},"excerpt":{"rendered":"<p>La cita en TORNQUIST ser\u00e1 el VIERNES 4 de MAYO a las 21 hs en el TEATRO RODOLFO FUNKE, ALEM 53.<\/p>\n","protected":false},"author":3,"featured_media":0,"comment_status":"closed","ping_status":"open","sticky":false,"template":"","format":"standard","meta":{"footnotes":""},"categories":[35],"tags":[],"class_list":["post-21179","post","type-post","status-publish","format-standard","hentry","category-cultura"],"yoast_head":"<!-- This site is optimized with the Yoast SEO plugin v25.9 - https:\/\/yoast.com\/wordpress\/plugins\/seo\/ -->\n<title>Llega a Tornquist \u201cANTOLOG\u00cdA DE UN PELOTUDO IMPORTANTE&quot; - Noticias Radio Reflejos<\/title>\n<meta name=\"robots\" content=\"index, follow, max-snippet:-1, max-image-preview:large, max-video-preview:-1\" \/>\n<link rel=\"canonical\" href=\"https:\/\/www.noticiasradioreflejos.com.ar\/2021\/llega-a-tornquist-antologia-de-un-pelotudo-importante-3\/\" \/>\n<meta property=\"og:locale\" content=\"es_ES\" \/>\n<meta property=\"og:type\" content=\"article\" \/>\n<meta property=\"og:title\" content=\"Llega a Tornquist \u201cANTOLOG\u00cdA DE UN PELOTUDO IMPORTANTE&quot; - Noticias Radio Reflejos\" \/>\n<meta property=\"og:description\" content=\"La cita en TORNQUIST ser\u00e1 el VIERNES 4 de MAYO a las 21 hs en el TEATRO RODOLFO FUNKE, ALEM 53.\" \/>\n<meta property=\"og:url\" content=\"https:\/\/www.noticiasradioreflejos.com.ar\/2021\/llega-a-tornquist-antologia-de-un-pelotudo-importante-3\/\" \/>\n<meta property=\"og:site_name\" content=\"Noticias Radio Reflejos\" \/>\n<meta property=\"article:published_time\" content=\"2018-05-02T13:47:05+00:00\" \/>\n<meta property=\"og:image\" content=\"https:\/\/www.noticiasradioreflejos.com.ar\/2021\/wp-content\/uploads\/2021\/07\/logosol300x200.png\" \/>\n\t<meta property=\"og:image:width\" content=\"300\" \/>\n\t<meta property=\"og:image:height\" content=\"200\" \/>\n\t<meta property=\"og:image:type\" content=\"image\/png\" \/>\n<meta name=\"author\" content=\"Arnaldo Botto\" \/>\n<meta name=\"twitter:card\" content=\"summary_large_image\" \/>\n<script type=\"application\/ld+json\" class=\"yoast-schema-graph\">{\"@context\":\"https:\/\/schema.org\",\"@graph\":[{\"@type\":\"WebPage\",\"@id\":\"https:\/\/www.noticiasradioreflejos.com.ar\/2021\/llega-a-tornquist-antologia-de-un-pelotudo-importante-3\/\",\"url\":\"https:\/\/www.noticiasradioreflejos.com.ar\/2021\/llega-a-tornquist-antologia-de-un-pelotudo-importante-3\/\",\"name\":\"Llega a Tornquist \u201cANTOLOG\u00cdA DE UN PELOTUDO IMPORTANTE&quot; - Noticias Radio Reflejos\",\"isPartOf\":{\"@id\":\"https:\/\/www.noticiasradioreflejos.com.ar\/2021\/#website\"},\"datePublished\":\"2018-05-02T13:47:05+00:00\",\"author\":{\"@id\":\"https:\/\/www.noticiasradioreflejos.com.ar\/2021\/#\/schema\/person\/ad82545263dcc5ec0996818884fd5fb1\"},\"breadcrumb\":{\"@id\":\"https:\/\/www.noticiasradioreflejos.com.ar\/2021\/llega-a-tornquist-antologia-de-un-pelotudo-importante-3\/#breadcrumb\"},\"inLanguage\":\"es\",\"potentialAction\":[{\"@type\":\"ReadAction\",\"target\":[\"https:\/\/www.noticiasradioreflejos.com.ar\/2021\/llega-a-tornquist-antologia-de-un-pelotudo-importante-3\/\"]}]},{\"@type\":\"BreadcrumbList\",\"@id\":\"https:\/\/www.noticiasradioreflejos.com.ar\/2021\/llega-a-tornquist-antologia-de-un-pelotudo-importante-3\/#breadcrumb\",\"itemListElement\":[{\"@type\":\"ListItem\",\"position\":1,\"name\":\"Portada\",\"item\":\"https:\/\/www.noticiasradioreflejos.com.ar\/2021\/\"},{\"@type\":\"ListItem\",\"position\":2,\"name\":\"Llega a Tornquist \u201cANTOLOG\u00cdA DE UN PELOTUDO IMPORTANTE&quot;\"}]},{\"@type\":\"WebSite\",\"@id\":\"https:\/\/www.noticiasradioreflejos.com.ar\/2021\/#website\",\"url\":\"https:\/\/www.noticiasradioreflejos.com.ar\/2021\/\",\"name\":\"Noticias Radio Reflejos\",\"description\":\"Las noticias de mi comarca\",\"potentialAction\":[{\"@type\":\"SearchAction\",\"target\":{\"@type\":\"EntryPoint\",\"urlTemplate\":\"https:\/\/www.noticiasradioreflejos.com.ar\/2021\/?s={search_term_string}\"},\"query-input\":{\"@type\":\"PropertyValueSpecification\",\"valueRequired\":true,\"valueName\":\"search_term_string\"}}],\"inLanguage\":\"es\"},{\"@type\":\"Person\",\"@id\":\"https:\/\/www.noticiasradioreflejos.com.ar\/2021\/#\/schema\/person\/ad82545263dcc5ec0996818884fd5fb1\",\"name\":\"Arnaldo Botto\",\"image\":{\"@type\":\"ImageObject\",\"inLanguage\":\"es\",\"@id\":\"https:\/\/www.noticiasradioreflejos.com.ar\/2021\/#\/schema\/person\/image\/\",\"url\":\"https:\/\/secure.gravatar.com\/avatar\/55cb5e37c1efa326397366e6974cb338056df65cb50e7d64d1cf314e87504837?s=96&d=mm&r=g\",\"contentUrl\":\"https:\/\/secure.gravatar.com\/avatar\/55cb5e37c1efa326397366e6974cb338056df65cb50e7d64d1cf314e87504837?s=96&d=mm&r=g\",\"caption\":\"Arnaldo Botto\"},\"url\":\"https:\/\/www.noticiasradioreflejos.com.ar\/2021\/author\/arnaldo\/\"}]}<\/script>\n<!-- \/ Yoast SEO plugin. -->","yoast_head_json":{"title":"Llega a Tornquist \u201cANTOLOG\u00cdA DE UN PELOTUDO IMPORTANTE&quot; - Noticias Radio Reflejos","robots":{"index":"index","follow":"follow","max-snippet":"max-snippet:-1","max-image-preview":"max-image-preview:large","max-video-preview":"max-video-preview:-1"},"canonical":"https:\/\/www.noticiasradioreflejos.com.ar\/2021\/llega-a-tornquist-antologia-de-un-pelotudo-importante-3\/","og_locale":"es_ES","og_type":"article","og_title":"Llega a Tornquist \u201cANTOLOG\u00cdA DE UN PELOTUDO IMPORTANTE&quot; - Noticias Radio Reflejos","og_description":"La cita en TORNQUIST ser\u00e1 el VIERNES 4 de MAYO a las 21 hs en el TEATRO RODOLFO FUNKE, ALEM 53.","og_url":"https:\/\/www.noticiasradioreflejos.com.ar\/2021\/llega-a-tornquist-antologia-de-un-pelotudo-importante-3\/","og_site_name":"Noticias Radio Reflejos","article_published_time":"2018-05-02T13:47:05+00:00","og_image":[{"width":300,"height":200,"url":"https:\/\/www.noticiasradioreflejos.com.ar\/2021\/wp-content\/uploads\/2021\/07\/logosol300x200.png","type":"image\/png"}],"author":"Arnaldo Botto","twitter_card":"summary_large_image","schema":{"@context":"https:\/\/schema.org","@graph":[{"@type":"WebPage","@id":"https:\/\/www.noticiasradioreflejos.com.ar\/2021\/llega-a-tornquist-antologia-de-un-pelotudo-importante-3\/","url":"https:\/\/www.noticiasradioreflejos.com.ar\/2021\/llega-a-tornquist-antologia-de-un-pelotudo-importante-3\/","name":"Llega a Tornquist \u201cANTOLOG\u00cdA DE UN PELOTUDO IMPORTANTE&quot; - Noticias Radio Reflejos","isPartOf":{"@id":"https:\/\/www.noticiasradioreflejos.com.ar\/2021\/#website"},"datePublished":"2018-05-02T13:47:05+00:00","author":{"@id":"https:\/\/www.noticiasradioreflejos.com.ar\/2021\/#\/schema\/person\/ad82545263dcc5ec0996818884fd5fb1"},"breadcrumb":{"@id":"https:\/\/www.noticiasradioreflejos.com.ar\/2021\/llega-a-tornquist-antologia-de-un-pelotudo-importante-3\/#breadcrumb"},"inLanguage":"es","potentialAction":[{"@type":"ReadAction","target":["https:\/\/www.noticiasradioreflejos.com.ar\/2021\/llega-a-tornquist-antologia-de-un-pelotudo-importante-3\/"]}]},{"@type":"BreadcrumbList","@id":"https:\/\/www.noticiasradioreflejos.com.ar\/2021\/llega-a-tornquist-antologia-de-un-pelotudo-importante-3\/#breadcrumb","itemListElement":[{"@type":"ListItem","position":1,"name":"Portada","item":"https:\/\/www.noticiasradioreflejos.com.ar\/2021\/"},{"@type":"ListItem","position":2,"name":"Llega a Tornquist \u201cANTOLOG\u00cdA DE UN PELOTUDO IMPORTANTE&quot;"}]},{"@type":"WebSite","@id":"https:\/\/www.noticiasradioreflejos.com.ar\/2021\/#website","url":"https:\/\/www.noticiasradioreflejos.com.ar\/2021\/","name":"Noticias Radio Reflejos","description":"Las noticias de mi comarca","potentialAction":[{"@type":"SearchAction","target":{"@type":"EntryPoint","urlTemplate":"https:\/\/www.noticiasradioreflejos.com.ar\/2021\/?s={search_term_string}"},"query-input":{"@type":"PropertyValueSpecification","valueRequired":true,"valueName":"search_term_string"}}],"inLanguage":"es"},{"@type":"Person","@id":"https:\/\/www.noticiasradioreflejos.com.ar\/2021\/#\/schema\/person\/ad82545263dcc5ec0996818884fd5fb1","name":"Arnaldo Botto","image":{"@type":"ImageObject","inLanguage":"es","@id":"https:\/\/www.noticiasradioreflejos.com.ar\/2021\/#\/schema\/person\/image\/","url":"https:\/\/secure.gravatar.com\/avatar\/55cb5e37c1efa326397366e6974cb338056df65cb50e7d64d1cf314e87504837?s=96&d=mm&r=g","contentUrl":"https:\/\/secure.gravatar.com\/avatar\/55cb5e37c1efa326397366e6974cb338056df65cb50e7d64d1cf314e87504837?s=96&d=mm&r=g","caption":"Arnaldo Botto"},"url":"https:\/\/www.noticiasradioreflejos.com.ar\/2021\/author\/arnaldo\/"}]}},"_links":{"self":[{"href":"https:\/\/www.noticiasradioreflejos.com.ar\/2021\/wp-json\/wp\/v2\/posts\/21179","targetHints":{"allow":["GET"]}}],"collection":[{"href":"https:\/\/www.noticiasradioreflejos.com.ar\/2021\/wp-json\/wp\/v2\/posts"}],"about":[{"href":"https:\/\/www.noticiasradioreflejos.com.ar\/2021\/wp-json\/wp\/v2\/types\/post"}],"author":[{"embeddable":true,"href":"https:\/\/www.noticiasradioreflejos.com.ar\/2021\/wp-json\/wp\/v2\/users\/3"}],"replies":[{"embeddable":true,"href":"https:\/\/www.noticiasradioreflejos.com.ar\/2021\/wp-json\/wp\/v2\/comments?post=21179"}],"version-history":[{"count":0,"href":"https:\/\/www.noticiasradioreflejos.com.ar\/2021\/wp-json\/wp\/v2\/posts\/21179\/revisions"}],"wp:attachment":[{"href":"https:\/\/www.noticiasradioreflejos.com.ar\/2021\/wp-json\/wp\/v2\/media?parent=21179"}],"wp:term":[{"taxonomy":"category","embeddable":true,"href":"https:\/\/www.noticiasradioreflejos.com.ar\/2021\/wp-json\/wp\/v2\/categories?post=21179"},{"taxonomy":"post_tag","embeddable":true,"href":"https:\/\/www.noticiasradioreflejos.com.ar\/2021\/wp-json\/wp\/v2\/tags?post=21179"}],"curies":[{"name":"wp","href":"https:\/\/api.w.org\/{rel}","templated":true}]}}