{"id":21173,"date":"2018-05-01T22:35:06","date_gmt":"2018-05-02T01:35:06","guid":{"rendered":"http:\/\/www.noticiasradioreflejos.com.ar\/noticias\/?p=21173"},"modified":"2018-05-01T22:35:06","modified_gmt":"2018-05-02T01:35:06","slug":"accidente-en-la-ruta-51-con-heridos","status":"publish","type":"post","link":"https:\/\/www.noticiasradioreflejos.com.ar\/2021\/accidente-en-la-ruta-51-con-heridos\/","title":{"rendered":"El choque en la ruta 51 tuvo cuatro heridos."},"content":{"rendered":"<p><a title=\"WhatsApp Image 2018-05-01 at 22.21.12\" href=\"http:\/\/farm1.staticflickr.com\/904\/40939364245_4cffff431c.jpg\" rel=\"\"><img loading=\"lazy\" decoding=\"async\" class=\"alignleft\" style=\"float: left;\" title=\"WhatsApp Image 2018-05-01 at 22.21.12\" src=\"http:\/\/farm1.staticflickr.com\/904\/40939364245_4cffff431c.jpg\" alt=\"WhatsApp Image 2018-05-01 at 22.21.12\" width=\"500\" height=\"500\" \/><\/a>Un accidente con\u00a0cuatro heridos,\u00a0 se registr\u00f3 a la hora 19,30 en la ruta 51 a la altura del Km 681 al colisionar dos veh\u00edculos por causas que se tratan de establecer. El siniestro tuvo lugar entre el Dique Paso Piedras y Cabildo\u00a0donde lamentablemente 4 personas resultaron con heridas. <!--more-->En la ocasi\u00f3n, una camioneta fue embestida por un auto cuando la misma habr\u00eda girado sobre la ruta para tomar un camino vecinal. Es as\u00ed que un Peugeot 207 colision\u00f3 con una Ford Ecosport. Por lo que se inform\u00f3, en el rodado menor circulaban Fernando Beldini y Gabriela Mattioli, los dos de Bah\u00eda Blanca siendo la mujer trasladan al nosocomio de nuestra ciudad. En lo que respecta a los ocupantes de la Eco Sport, en la misma viajaban los pringlenses Lucrecia Pellejero y Luis Acu\u00f1a, de aproximadamente 30 a\u00f1os ambos y en el caso de la femenina, la misma fue derivada a Sierra de la Ventana junto con un menor de edad, que tambi\u00e9n circulaba en la camioneta. Para completar la n\u00f3mina de personas que circulaban en la Eco Sport, se encuentran Alcides llancalfil y Malvina Belisle oriundos de Rio Negro, en cuyo caso los derivaron a Bah\u00eda Blanca. Durante un buen rato trabajaron los Bomberos de Cabildo junto con los de Saldungaray como as\u00ed tambi\u00e9n personal policial de la regi\u00f3n.<br \/>\n<a title=\"WhatsApp Image 2018-05-01 at 22.21.13 (1)\" href=\"http:\/\/farm1.staticflickr.com\/967\/41121434424_fac0a6c831_z.jpg\" rel=\"\"><img loading=\"lazy\" decoding=\"async\" class=\"aligncenter\" title=\"WhatsApp Image 2018-05-01 at 22.21.13 (1)\" src=\"http:\/\/farm1.staticflickr.com\/967\/41121434424_fac0a6c831_z.jpg\" alt=\"WhatsApp Image 2018-05-01 at 22.21.13 (1)\" width=\"640\" height=\"640\" \/><\/a><br \/>\n<a title=\"WhatsApp Image 2018-05-01 at 22.21.13\" href=\"http:\/\/farm1.staticflickr.com\/907\/40939363115_00e0fae1c6_z.jpg\" rel=\"\"><img loading=\"lazy\" decoding=\"async\" class=\"aligncenter\" title=\"WhatsApp Image 2018-05-01 at 22.21.13\" src=\"http:\/\/farm1.staticflickr.com\/907\/40939363115_00e0fae1c6_z.jpg\" alt=\"WhatsApp Image 2018-05-01 at 22.21.13\" width=\"640\" height=\"640\" \/><\/a><br \/>\nAmpliaremos.<\/p>\n","protected":false},"excerpt":{"rendered":"<p>Un accidente con\u00a0cuatro heridos,\u00a0 se registr\u00f3 a la hora 19,30 en la ruta 51 a la altura del Km 681 al colisionar dos veh\u00edculos por causas que se tratan de establecer. El siniestro tuvo lugar entre el Dique Paso Piedras y Cabildo\u00a0donde lamentablemente 4 personas resultaron con heridas.<\/p>\n","protected":false},"author":3,"featured_media":0,"comment_status":"closed","ping_status":"open","sticky":false,"template":"","format":"standard","meta":{"footnotes":""},"categories":[29],"tags":[],"class_list":["post-21173","post","type-post","status-publish","format-standard","hentry","category-policiales"],"yoast_head":"<!-- This site is optimized with the Yoast SEO plugin v25.9 - https:\/\/yoast.com\/wordpress\/plugins\/seo\/ -->\n<title>El choque en la ruta 51 tuvo cuatro heridos. - Noticias Radio Reflejos<\/title>\n<meta name=\"robots\" content=\"index, follow, max-snippet:-1, max-image-preview:large, max-video-preview:-1\" \/>\n<link rel=\"canonical\" href=\"https:\/\/www.noticiasradioreflejos.com.ar\/2021\/accidente-en-la-ruta-51-con-heridos\/\" \/>\n<meta property=\"og:locale\" content=\"es_ES\" \/>\n<meta property=\"og:type\" content=\"article\" \/>\n<meta property=\"og:title\" content=\"El choque en la ruta 51 tuvo cuatro heridos. - Noticias Radio Reflejos\" \/>\n<meta property=\"og:description\" content=\"Un accidente con\u00a0cuatro heridos,\u00a0 se registr\u00f3 a la hora 19,30 en la ruta 51 a la altura del Km 681 al colisionar dos veh\u00edculos por causas que se tratan de establecer. El siniestro tuvo lugar entre el Dique Paso Piedras y Cabildo\u00a0donde lamentablemente 4 personas resultaron con heridas.\" \/>\n<meta property=\"og:url\" content=\"https:\/\/www.noticiasradioreflejos.com.ar\/2021\/accidente-en-la-ruta-51-con-heridos\/\" \/>\n<meta property=\"og:site_name\" content=\"Noticias Radio Reflejos\" \/>\n<meta property=\"article:published_time\" content=\"2018-05-02T01:35:06+00:00\" \/>\n<meta property=\"og:image\" content=\"http:\/\/farm1.staticflickr.com\/904\/40939364245_4cffff431c.jpg\" \/>\n<meta name=\"author\" content=\"Arnaldo Botto\" \/>\n<meta name=\"twitter:card\" content=\"summary_large_image\" \/>\n<script type=\"application\/ld+json\" class=\"yoast-schema-graph\">{\"@context\":\"https:\/\/schema.org\",\"@graph\":[{\"@type\":\"WebPage\",\"@id\":\"https:\/\/www.noticiasradioreflejos.com.ar\/2021\/accidente-en-la-ruta-51-con-heridos\/\",\"url\":\"https:\/\/www.noticiasradioreflejos.com.ar\/2021\/accidente-en-la-ruta-51-con-heridos\/\",\"name\":\"El choque en la ruta 51 tuvo cuatro heridos. - Noticias Radio Reflejos\",\"isPartOf\":{\"@id\":\"https:\/\/www.noticiasradioreflejos.com.ar\/2021\/#website\"},\"primaryImageOfPage\":{\"@id\":\"https:\/\/www.noticiasradioreflejos.com.ar\/2021\/accidente-en-la-ruta-51-con-heridos\/#primaryimage\"},\"image\":{\"@id\":\"https:\/\/www.noticiasradioreflejos.com.ar\/2021\/accidente-en-la-ruta-51-con-heridos\/#primaryimage\"},\"thumbnailUrl\":\"http:\/\/farm1.staticflickr.com\/904\/40939364245_4cffff431c.jpg\",\"datePublished\":\"2018-05-02T01:35:06+00:00\",\"author\":{\"@id\":\"https:\/\/www.noticiasradioreflejos.com.ar\/2021\/#\/schema\/person\/ad82545263dcc5ec0996818884fd5fb1\"},\"breadcrumb\":{\"@id\":\"https:\/\/www.noticiasradioreflejos.com.ar\/2021\/accidente-en-la-ruta-51-con-heridos\/#breadcrumb\"},\"inLanguage\":\"es\",\"potentialAction\":[{\"@type\":\"ReadAction\",\"target\":[\"https:\/\/www.noticiasradioreflejos.com.ar\/2021\/accidente-en-la-ruta-51-con-heridos\/\"]}]},{\"@type\":\"ImageObject\",\"inLanguage\":\"es\",\"@id\":\"https:\/\/www.noticiasradioreflejos.com.ar\/2021\/accidente-en-la-ruta-51-con-heridos\/#primaryimage\",\"url\":\"http:\/\/farm1.staticflickr.com\/904\/40939364245_4cffff431c.jpg\",\"contentUrl\":\"http:\/\/farm1.staticflickr.com\/904\/40939364245_4cffff431c.jpg\"},{\"@type\":\"BreadcrumbList\",\"@id\":\"https:\/\/www.noticiasradioreflejos.com.ar\/2021\/accidente-en-la-ruta-51-con-heridos\/#breadcrumb\",\"itemListElement\":[{\"@type\":\"ListItem\",\"position\":1,\"name\":\"Portada\",\"item\":\"https:\/\/www.noticiasradioreflejos.com.ar\/2021\/\"},{\"@type\":\"ListItem\",\"position\":2,\"name\":\"El choque en la ruta 51 tuvo cuatro heridos.\"}]},{\"@type\":\"WebSite\",\"@id\":\"https:\/\/www.noticiasradioreflejos.com.ar\/2021\/#website\",\"url\":\"https:\/\/www.noticiasradioreflejos.com.ar\/2021\/\",\"name\":\"Noticias Radio Reflejos\",\"description\":\"Las noticias de mi comarca\",\"potentialAction\":[{\"@type\":\"SearchAction\",\"target\":{\"@type\":\"EntryPoint\",\"urlTemplate\":\"https:\/\/www.noticiasradioreflejos.com.ar\/2021\/?s={search_term_string}\"},\"query-input\":{\"@type\":\"PropertyValueSpecification\",\"valueRequired\":true,\"valueName\":\"search_term_string\"}}],\"inLanguage\":\"es\"},{\"@type\":\"Person\",\"@id\":\"https:\/\/www.noticiasradioreflejos.com.ar\/2021\/#\/schema\/person\/ad82545263dcc5ec0996818884fd5fb1\",\"name\":\"Arnaldo Botto\",\"image\":{\"@type\":\"ImageObject\",\"inLanguage\":\"es\",\"@id\":\"https:\/\/www.noticiasradioreflejos.com.ar\/2021\/#\/schema\/person\/image\/\",\"url\":\"https:\/\/secure.gravatar.com\/avatar\/55cb5e37c1efa326397366e6974cb338056df65cb50e7d64d1cf314e87504837?s=96&d=mm&r=g\",\"contentUrl\":\"https:\/\/secure.gravatar.com\/avatar\/55cb5e37c1efa326397366e6974cb338056df65cb50e7d64d1cf314e87504837?s=96&d=mm&r=g\",\"caption\":\"Arnaldo Botto\"},\"url\":\"https:\/\/www.noticiasradioreflejos.com.ar\/2021\/author\/arnaldo\/\"}]}<\/script>\n<!-- \/ Yoast SEO plugin. -->","yoast_head_json":{"title":"El choque en la ruta 51 tuvo cuatro heridos. - Noticias Radio Reflejos","robots":{"index":"index","follow":"follow","max-snippet":"max-snippet:-1","max-image-preview":"max-image-preview:large","max-video-preview":"max-video-preview:-1"},"canonical":"https:\/\/www.noticiasradioreflejos.com.ar\/2021\/accidente-en-la-ruta-51-con-heridos\/","og_locale":"es_ES","og_type":"article","og_title":"El choque en la ruta 51 tuvo cuatro heridos. - Noticias Radio Reflejos","og_description":"Un accidente con\u00a0cuatro heridos,\u00a0 se registr\u00f3 a la hora 19,30 en la ruta 51 a la altura del Km 681 al colisionar dos veh\u00edculos por causas que se tratan de establecer. El siniestro tuvo lugar entre el Dique Paso Piedras y Cabildo\u00a0donde lamentablemente 4 personas resultaron con heridas.","og_url":"https:\/\/www.noticiasradioreflejos.com.ar\/2021\/accidente-en-la-ruta-51-con-heridos\/","og_site_name":"Noticias Radio Reflejos","article_published_time":"2018-05-02T01:35:06+00:00","og_image":[{"url":"http:\/\/farm1.staticflickr.com\/904\/40939364245_4cffff431c.jpg","type":"","width":"","height":""}],"author":"Arnaldo Botto","twitter_card":"summary_large_image","schema":{"@context":"https:\/\/schema.org","@graph":[{"@type":"WebPage","@id":"https:\/\/www.noticiasradioreflejos.com.ar\/2021\/accidente-en-la-ruta-51-con-heridos\/","url":"https:\/\/www.noticiasradioreflejos.com.ar\/2021\/accidente-en-la-ruta-51-con-heridos\/","name":"El choque en la ruta 51 tuvo cuatro heridos. - Noticias Radio Reflejos","isPartOf":{"@id":"https:\/\/www.noticiasradioreflejos.com.ar\/2021\/#website"},"primaryImageOfPage":{"@id":"https:\/\/www.noticiasradioreflejos.com.ar\/2021\/accidente-en-la-ruta-51-con-heridos\/#primaryimage"},"image":{"@id":"https:\/\/www.noticiasradioreflejos.com.ar\/2021\/accidente-en-la-ruta-51-con-heridos\/#primaryimage"},"thumbnailUrl":"http:\/\/farm1.staticflickr.com\/904\/40939364245_4cffff431c.jpg","datePublished":"2018-05-02T01:35:06+00:00","author":{"@id":"https:\/\/www.noticiasradioreflejos.com.ar\/2021\/#\/schema\/person\/ad82545263dcc5ec0996818884fd5fb1"},"breadcrumb":{"@id":"https:\/\/www.noticiasradioreflejos.com.ar\/2021\/accidente-en-la-ruta-51-con-heridos\/#breadcrumb"},"inLanguage":"es","potentialAction":[{"@type":"ReadAction","target":["https:\/\/www.noticiasradioreflejos.com.ar\/2021\/accidente-en-la-ruta-51-con-heridos\/"]}]},{"@type":"ImageObject","inLanguage":"es","@id":"https:\/\/www.noticiasradioreflejos.com.ar\/2021\/accidente-en-la-ruta-51-con-heridos\/#primaryimage","url":"http:\/\/farm1.staticflickr.com\/904\/40939364245_4cffff431c.jpg","contentUrl":"http:\/\/farm1.staticflickr.com\/904\/40939364245_4cffff431c.jpg"},{"@type":"BreadcrumbList","@id":"https:\/\/www.noticiasradioreflejos.com.ar\/2021\/accidente-en-la-ruta-51-con-heridos\/#breadcrumb","itemListElement":[{"@type":"ListItem","position":1,"name":"Portada","item":"https:\/\/www.noticiasradioreflejos.com.ar\/2021\/"},{"@type":"ListItem","position":2,"name":"El choque en la ruta 51 tuvo cuatro heridos."}]},{"@type":"WebSite","@id":"https:\/\/www.noticiasradioreflejos.com.ar\/2021\/#website","url":"https:\/\/www.noticiasradioreflejos.com.ar\/2021\/","name":"Noticias Radio Reflejos","description":"Las noticias de mi comarca","potentialAction":[{"@type":"SearchAction","target":{"@type":"EntryPoint","urlTemplate":"https:\/\/www.noticiasradioreflejos.com.ar\/2021\/?s={search_term_string}"},"query-input":{"@type":"PropertyValueSpecification","valueRequired":true,"valueName":"search_term_string"}}],"inLanguage":"es"},{"@type":"Person","@id":"https:\/\/www.noticiasradioreflejos.com.ar\/2021\/#\/schema\/person\/ad82545263dcc5ec0996818884fd5fb1","name":"Arnaldo Botto","image":{"@type":"ImageObject","inLanguage":"es","@id":"https:\/\/www.noticiasradioreflejos.com.ar\/2021\/#\/schema\/person\/image\/","url":"https:\/\/secure.gravatar.com\/avatar\/55cb5e37c1efa326397366e6974cb338056df65cb50e7d64d1cf314e87504837?s=96&d=mm&r=g","contentUrl":"https:\/\/secure.gravatar.com\/avatar\/55cb5e37c1efa326397366e6974cb338056df65cb50e7d64d1cf314e87504837?s=96&d=mm&r=g","caption":"Arnaldo Botto"},"url":"https:\/\/www.noticiasradioreflejos.com.ar\/2021\/author\/arnaldo\/"}]}},"_links":{"self":[{"href":"https:\/\/www.noticiasradioreflejos.com.ar\/2021\/wp-json\/wp\/v2\/posts\/21173","targetHints":{"allow":["GET"]}}],"collection":[{"href":"https:\/\/www.noticiasradioreflejos.com.ar\/2021\/wp-json\/wp\/v2\/posts"}],"about":[{"href":"https:\/\/www.noticiasradioreflejos.com.ar\/2021\/wp-json\/wp\/v2\/types\/post"}],"author":[{"embeddable":true,"href":"https:\/\/www.noticiasradioreflejos.com.ar\/2021\/wp-json\/wp\/v2\/users\/3"}],"replies":[{"embeddable":true,"href":"https:\/\/www.noticiasradioreflejos.com.ar\/2021\/wp-json\/wp\/v2\/comments?post=21173"}],"version-history":[{"count":0,"href":"https:\/\/www.noticiasradioreflejos.com.ar\/2021\/wp-json\/wp\/v2\/posts\/21173\/revisions"}],"wp:attachment":[{"href":"https:\/\/www.noticiasradioreflejos.com.ar\/2021\/wp-json\/wp\/v2\/media?parent=21173"}],"wp:term":[{"taxonomy":"category","embeddable":true,"href":"https:\/\/www.noticiasradioreflejos.com.ar\/2021\/wp-json\/wp\/v2\/categories?post=21173"},{"taxonomy":"post_tag","embeddable":true,"href":"https:\/\/www.noticiasradioreflejos.com.ar\/2021\/wp-json\/wp\/v2\/tags?post=21173"}],"curies":[{"name":"wp","href":"https:\/\/api.w.org\/{rel}","templated":true}]}}