{"id":21166,"date":"2018-05-01T21:59:38","date_gmt":"2018-05-02T00:59:38","guid":{"rendered":"http:\/\/www.noticiasradioreflejos.com.ar\/noticias\/?p=21166"},"modified":"2018-05-01T21:59:38","modified_gmt":"2018-05-02T00:59:38","slug":"700-chicos-vivieron-una-jornada-a-puro-futbol-en-sierra-de-la-ventana","status":"publish","type":"post","link":"https:\/\/www.noticiasradioreflejos.com.ar\/2021\/700-chicos-vivieron-una-jornada-a-puro-futbol-en-sierra-de-la-ventana\/","title":{"rendered":"700 chicos vivieron una jornada a puro f\u00fatbol en Sierra de la Ventana"},"content":{"rendered":"<p><a title=\"31676544_904991189674291_9032289221028610048_n\" href=\"http:\/\/farm1.staticflickr.com\/962\/41795341432_c74103c838.jpg\" rel=\"\"><img loading=\"lazy\" decoding=\"async\" class=\"alignleft\" style=\"float: left;\" title=\"31676544_904991189674291_9032289221028610048_n\" src=\"http:\/\/farm1.staticflickr.com\/962\/41795341432_c74103c838.jpg\" alt=\"31676544_904991189674291_9032289221028610048_n\" width=\"500\" height=\"500\" \/><\/a>Un gran encuentro de escuelitas de f\u00fatbol se desarroll\u00f3 este lunes 30 de abril en las instalaciones del Club Atl\u00e9tico Ventana, Setecientos chicos participaron del evento acompa\u00f1ados por t\u00e9cnicos, padres y colaboradores de instituciones deportivas de toda la regi\u00f3n.<!--more--><br \/>\nLos equipos de Olimpo, Tiro Federal, Mundial, Dubl\u00edn, Barrio Rucci (todos de Bah\u00eda Blanca), Automoto de Tornquist, Pac\u00edfico de Cabildo, Ferroviario de Dorrego, Independiente, Alem, Alumni, Almaceneros (Coronel Pringles) y el club anfitri\u00f3n, jugaron en la categor\u00edas formativas en \u00f1as instalaciones de Galileo Galilei .<br \/>\nEl predio se vio colmado de gente, Alas estimaciones oficiales calcuaron en dos mil personas entre chicos, t\u00e9cnicos, familiares y colaboradores en general, en una inolvidable jornada a pleno f\u00fatbol.<br \/>\n<a title=\"31760126_904990969674313_4999047753054027776_n\" href=\"http:\/\/farm1.staticflickr.com\/981\/41795345152_fb0d946f97_z.jpg\" rel=\"\"><img loading=\"lazy\" decoding=\"async\" class=\"aligncenter\" title=\"31760126_904990969674313_4999047753054027776_n\" src=\"http:\/\/farm1.staticflickr.com\/981\/41795345152_fb0d946f97_z.jpg\" alt=\"31760126_904990969674313_4999047753054027776_n\" width=\"640\" height=\"404\" \/><\/a><br \/>\nPalabras del profe Eber Piedrabuena:<br \/>\n\u00abHoy fue un gran d\u00eda para nuestro club, el Club Atl\u00e9tico Ventana. Fuimos anfitriones de un gran encuentro de escuelitas de f\u00fatbol. Aproximadamente setencientos chicos se dieron cita. Participaron los equipos de Olimpo, Tiro Federal, Mundial, Dubl\u00edn, Barrio Rucci (todos de Bah\u00eda Blanca), Automoto de Tornquist, Pac\u00edfico de Cabildo, Ferroviario de Dorrego, Independiente, Alem, Alumni, Almaceneros (Coronel Pringles) y los peques de nuestro club.<br \/>\nEl predio se vio colmado de gente. Alrededor de dos mil personas entre chicos, t\u00e9cnicos, familiares y colaboradores en general, disfrutamos hoy de la alegr\u00eda de ver a los ni\u00f1os compartiendo una jornada a pleno f\u00fatbol en total armon\u00eda.<br \/>\nQueremos agradecer a todos los clubes y familiares que se acercaron a compartir este evento.<br \/>\nP\u00e1rrafo aparte para los pap\u00e1s que colaboraron en distintas funciones. Nos dieron una mano en la cantina, armado y desarme de canchas, locuci\u00f3n, arbitraje, DT tambi\u00e9n.<br \/>\nA la gente de seguridad, personal de salud, gracias.<br \/>\nA los chicos de F\u00fatbol Menor de nuestro club que tambi\u00e9n arbitraron los encuentros de hoy. Demostraron un sentido de pertenencia digno de destacar. Estamos haciendo bien las cosas entonces.<br \/>\nGracias Pelu Rinaldi y Jorge Brunet, los t\u00e9cnicos de Menores y Mayores por el apoyo de siempre.<br \/>\nA ese peque\u00f1o llamado Esteban Dilge del Club Olimpo que se ofreci\u00f3 para ser \u00e1rbitro y estuvo como uno m\u00e1s de nosotros todo el d\u00eda. Gracias.<br \/>\nA la Comisi\u00f3n Directiva por brindar su apoyo.<br \/>\nA la Municipalidad de Tornquist por comprender la importancia de promover estos encuentros desde tan temprana edad y acompa\u00f1arnos.<br \/>\nSin todos ustedes esto no se hubiese podido concretar.<br \/>\nGracias a todos. Esperamos haber sido buenos anfitriones. Gracias, gracias, gracias y \u2026<br \/>\nVamos por m\u00e1s\u00bb.<br \/>\n<a title=\"31699088_904991283007615_2938421945940574208_n\" href=\"http:\/\/farm1.staticflickr.com\/979\/26969150937_380e636106_z.jpg\" rel=\"\"><img loading=\"lazy\" decoding=\"async\" class=\"aligncenter\" title=\"31699088_904991283007615_2938421945940574208_n\" src=\"http:\/\/farm1.staticflickr.com\/979\/26969150937_380e636106_z.jpg\" alt=\"31699088_904991283007615_2938421945940574208_n\" width=\"640\" height=\"564\" \/><\/a><br \/>\n<a href=\"https:\/\/www.facebook.com\/ClubAtleticoVentanaOficial\/?hc_ref=ART9spS1DAbbpY3nLj6zTQkWtHnd_zqkRzClSmm16UcfobCHyLsVdloCka2M-tISiiA&amp;fref=nf\">Ver Fotos<\/a><\/p>\n","protected":false},"excerpt":{"rendered":"<p>Un gran encuentro de escuelitas de f\u00fatbol se desarroll\u00f3 este lunes 30 de abril en las instalaciones del Club Atl\u00e9tico Ventana, Setecientos chicos participaron del evento acompa\u00f1ados por t\u00e9cnicos, padres y colaboradores de instituciones deportivas de toda la regi\u00f3n.<\/p>\n","protected":false},"author":3,"featured_media":0,"comment_status":"closed","ping_status":"open","sticky":false,"template":"","format":"standard","meta":{"footnotes":""},"categories":[27],"tags":[],"class_list":["post-21166","post","type-post","status-publish","format-standard","hentry","category-deportes"],"yoast_head":"<!-- This site is optimized with the Yoast SEO plugin v25.9 - https:\/\/yoast.com\/wordpress\/plugins\/seo\/ -->\n<title>700 chicos vivieron una jornada a puro f\u00fatbol en Sierra de la Ventana - Noticias Radio Reflejos<\/title>\n<meta name=\"robots\" content=\"index, follow, max-snippet:-1, max-image-preview:large, max-video-preview:-1\" \/>\n<link rel=\"canonical\" href=\"https:\/\/www.noticiasradioreflejos.com.ar\/2021\/700-chicos-vivieron-una-jornada-a-puro-futbol-en-sierra-de-la-ventana\/\" \/>\n<meta property=\"og:locale\" content=\"es_ES\" \/>\n<meta property=\"og:type\" content=\"article\" \/>\n<meta property=\"og:title\" content=\"700 chicos vivieron una jornada a puro f\u00fatbol en Sierra de la Ventana - Noticias Radio Reflejos\" \/>\n<meta property=\"og:description\" content=\"Un gran encuentro de escuelitas de f\u00fatbol se desarroll\u00f3 este lunes 30 de abril en las instalaciones del Club Atl\u00e9tico Ventana, Setecientos chicos participaron del evento acompa\u00f1ados por t\u00e9cnicos, padres y colaboradores de instituciones deportivas de toda la regi\u00f3n.\" \/>\n<meta property=\"og:url\" content=\"https:\/\/www.noticiasradioreflejos.com.ar\/2021\/700-chicos-vivieron-una-jornada-a-puro-futbol-en-sierra-de-la-ventana\/\" \/>\n<meta property=\"og:site_name\" content=\"Noticias Radio Reflejos\" \/>\n<meta property=\"article:published_time\" content=\"2018-05-02T00:59:38+00:00\" \/>\n<meta property=\"og:image\" content=\"http:\/\/farm1.staticflickr.com\/962\/41795341432_c74103c838.jpg\" \/>\n<meta name=\"author\" content=\"Arnaldo Botto\" \/>\n<meta name=\"twitter:card\" content=\"summary_large_image\" \/>\n<script type=\"application\/ld+json\" class=\"yoast-schema-graph\">{\"@context\":\"https:\/\/schema.org\",\"@graph\":[{\"@type\":\"WebPage\",\"@id\":\"https:\/\/www.noticiasradioreflejos.com.ar\/2021\/700-chicos-vivieron-una-jornada-a-puro-futbol-en-sierra-de-la-ventana\/\",\"url\":\"https:\/\/www.noticiasradioreflejos.com.ar\/2021\/700-chicos-vivieron-una-jornada-a-puro-futbol-en-sierra-de-la-ventana\/\",\"name\":\"700 chicos vivieron una jornada a puro f\u00fatbol en Sierra de la Ventana - Noticias Radio Reflejos\",\"isPartOf\":{\"@id\":\"https:\/\/www.noticiasradioreflejos.com.ar\/2021\/#website\"},\"primaryImageOfPage\":{\"@id\":\"https:\/\/www.noticiasradioreflejos.com.ar\/2021\/700-chicos-vivieron-una-jornada-a-puro-futbol-en-sierra-de-la-ventana\/#primaryimage\"},\"image\":{\"@id\":\"https:\/\/www.noticiasradioreflejos.com.ar\/2021\/700-chicos-vivieron-una-jornada-a-puro-futbol-en-sierra-de-la-ventana\/#primaryimage\"},\"thumbnailUrl\":\"http:\/\/farm1.staticflickr.com\/962\/41795341432_c74103c838.jpg\",\"datePublished\":\"2018-05-02T00:59:38+00:00\",\"author\":{\"@id\":\"https:\/\/www.noticiasradioreflejos.com.ar\/2021\/#\/schema\/person\/ad82545263dcc5ec0996818884fd5fb1\"},\"breadcrumb\":{\"@id\":\"https:\/\/www.noticiasradioreflejos.com.ar\/2021\/700-chicos-vivieron-una-jornada-a-puro-futbol-en-sierra-de-la-ventana\/#breadcrumb\"},\"inLanguage\":\"es\",\"potentialAction\":[{\"@type\":\"ReadAction\",\"target\":[\"https:\/\/www.noticiasradioreflejos.com.ar\/2021\/700-chicos-vivieron-una-jornada-a-puro-futbol-en-sierra-de-la-ventana\/\"]}]},{\"@type\":\"ImageObject\",\"inLanguage\":\"es\",\"@id\":\"https:\/\/www.noticiasradioreflejos.com.ar\/2021\/700-chicos-vivieron-una-jornada-a-puro-futbol-en-sierra-de-la-ventana\/#primaryimage\",\"url\":\"http:\/\/farm1.staticflickr.com\/962\/41795341432_c74103c838.jpg\",\"contentUrl\":\"http:\/\/farm1.staticflickr.com\/962\/41795341432_c74103c838.jpg\"},{\"@type\":\"BreadcrumbList\",\"@id\":\"https:\/\/www.noticiasradioreflejos.com.ar\/2021\/700-chicos-vivieron-una-jornada-a-puro-futbol-en-sierra-de-la-ventana\/#breadcrumb\",\"itemListElement\":[{\"@type\":\"ListItem\",\"position\":1,\"name\":\"Portada\",\"item\":\"https:\/\/www.noticiasradioreflejos.com.ar\/2021\/\"},{\"@type\":\"ListItem\",\"position\":2,\"name\":\"700 chicos vivieron una jornada a puro f\u00fatbol en Sierra de la Ventana\"}]},{\"@type\":\"WebSite\",\"@id\":\"https:\/\/www.noticiasradioreflejos.com.ar\/2021\/#website\",\"url\":\"https:\/\/www.noticiasradioreflejos.com.ar\/2021\/\",\"name\":\"Noticias Radio Reflejos\",\"description\":\"Las noticias de mi comarca\",\"potentialAction\":[{\"@type\":\"SearchAction\",\"target\":{\"@type\":\"EntryPoint\",\"urlTemplate\":\"https:\/\/www.noticiasradioreflejos.com.ar\/2021\/?s={search_term_string}\"},\"query-input\":{\"@type\":\"PropertyValueSpecification\",\"valueRequired\":true,\"valueName\":\"search_term_string\"}}],\"inLanguage\":\"es\"},{\"@type\":\"Person\",\"@id\":\"https:\/\/www.noticiasradioreflejos.com.ar\/2021\/#\/schema\/person\/ad82545263dcc5ec0996818884fd5fb1\",\"name\":\"Arnaldo Botto\",\"image\":{\"@type\":\"ImageObject\",\"inLanguage\":\"es\",\"@id\":\"https:\/\/www.noticiasradioreflejos.com.ar\/2021\/#\/schema\/person\/image\/\",\"url\":\"https:\/\/secure.gravatar.com\/avatar\/55cb5e37c1efa326397366e6974cb338056df65cb50e7d64d1cf314e87504837?s=96&d=mm&r=g\",\"contentUrl\":\"https:\/\/secure.gravatar.com\/avatar\/55cb5e37c1efa326397366e6974cb338056df65cb50e7d64d1cf314e87504837?s=96&d=mm&r=g\",\"caption\":\"Arnaldo Botto\"},\"url\":\"https:\/\/www.noticiasradioreflejos.com.ar\/2021\/author\/arnaldo\/\"}]}<\/script>\n<!-- \/ Yoast SEO plugin. -->","yoast_head_json":{"title":"700 chicos vivieron una jornada a puro f\u00fatbol en Sierra de la Ventana - Noticias Radio Reflejos","robots":{"index":"index","follow":"follow","max-snippet":"max-snippet:-1","max-image-preview":"max-image-preview:large","max-video-preview":"max-video-preview:-1"},"canonical":"https:\/\/www.noticiasradioreflejos.com.ar\/2021\/700-chicos-vivieron-una-jornada-a-puro-futbol-en-sierra-de-la-ventana\/","og_locale":"es_ES","og_type":"article","og_title":"700 chicos vivieron una jornada a puro f\u00fatbol en Sierra de la Ventana - Noticias Radio Reflejos","og_description":"Un gran encuentro de escuelitas de f\u00fatbol se desarroll\u00f3 este lunes 30 de abril en las instalaciones del Club Atl\u00e9tico Ventana, Setecientos chicos participaron del evento acompa\u00f1ados por t\u00e9cnicos, padres y colaboradores de instituciones deportivas de toda la regi\u00f3n.","og_url":"https:\/\/www.noticiasradioreflejos.com.ar\/2021\/700-chicos-vivieron-una-jornada-a-puro-futbol-en-sierra-de-la-ventana\/","og_site_name":"Noticias Radio Reflejos","article_published_time":"2018-05-02T00:59:38+00:00","og_image":[{"url":"http:\/\/farm1.staticflickr.com\/962\/41795341432_c74103c838.jpg","type":"","width":"","height":""}],"author":"Arnaldo Botto","twitter_card":"summary_large_image","schema":{"@context":"https:\/\/schema.org","@graph":[{"@type":"WebPage","@id":"https:\/\/www.noticiasradioreflejos.com.ar\/2021\/700-chicos-vivieron-una-jornada-a-puro-futbol-en-sierra-de-la-ventana\/","url":"https:\/\/www.noticiasradioreflejos.com.ar\/2021\/700-chicos-vivieron-una-jornada-a-puro-futbol-en-sierra-de-la-ventana\/","name":"700 chicos vivieron una jornada a puro f\u00fatbol en Sierra de la Ventana - Noticias Radio Reflejos","isPartOf":{"@id":"https:\/\/www.noticiasradioreflejos.com.ar\/2021\/#website"},"primaryImageOfPage":{"@id":"https:\/\/www.noticiasradioreflejos.com.ar\/2021\/700-chicos-vivieron-una-jornada-a-puro-futbol-en-sierra-de-la-ventana\/#primaryimage"},"image":{"@id":"https:\/\/www.noticiasradioreflejos.com.ar\/2021\/700-chicos-vivieron-una-jornada-a-puro-futbol-en-sierra-de-la-ventana\/#primaryimage"},"thumbnailUrl":"http:\/\/farm1.staticflickr.com\/962\/41795341432_c74103c838.jpg","datePublished":"2018-05-02T00:59:38+00:00","author":{"@id":"https:\/\/www.noticiasradioreflejos.com.ar\/2021\/#\/schema\/person\/ad82545263dcc5ec0996818884fd5fb1"},"breadcrumb":{"@id":"https:\/\/www.noticiasradioreflejos.com.ar\/2021\/700-chicos-vivieron-una-jornada-a-puro-futbol-en-sierra-de-la-ventana\/#breadcrumb"},"inLanguage":"es","potentialAction":[{"@type":"ReadAction","target":["https:\/\/www.noticiasradioreflejos.com.ar\/2021\/700-chicos-vivieron-una-jornada-a-puro-futbol-en-sierra-de-la-ventana\/"]}]},{"@type":"ImageObject","inLanguage":"es","@id":"https:\/\/www.noticiasradioreflejos.com.ar\/2021\/700-chicos-vivieron-una-jornada-a-puro-futbol-en-sierra-de-la-ventana\/#primaryimage","url":"http:\/\/farm1.staticflickr.com\/962\/41795341432_c74103c838.jpg","contentUrl":"http:\/\/farm1.staticflickr.com\/962\/41795341432_c74103c838.jpg"},{"@type":"BreadcrumbList","@id":"https:\/\/www.noticiasradioreflejos.com.ar\/2021\/700-chicos-vivieron-una-jornada-a-puro-futbol-en-sierra-de-la-ventana\/#breadcrumb","itemListElement":[{"@type":"ListItem","position":1,"name":"Portada","item":"https:\/\/www.noticiasradioreflejos.com.ar\/2021\/"},{"@type":"ListItem","position":2,"name":"700 chicos vivieron una jornada a puro f\u00fatbol en Sierra de la Ventana"}]},{"@type":"WebSite","@id":"https:\/\/www.noticiasradioreflejos.com.ar\/2021\/#website","url":"https:\/\/www.noticiasradioreflejos.com.ar\/2021\/","name":"Noticias Radio Reflejos","description":"Las noticias de mi comarca","potentialAction":[{"@type":"SearchAction","target":{"@type":"EntryPoint","urlTemplate":"https:\/\/www.noticiasradioreflejos.com.ar\/2021\/?s={search_term_string}"},"query-input":{"@type":"PropertyValueSpecification","valueRequired":true,"valueName":"search_term_string"}}],"inLanguage":"es"},{"@type":"Person","@id":"https:\/\/www.noticiasradioreflejos.com.ar\/2021\/#\/schema\/person\/ad82545263dcc5ec0996818884fd5fb1","name":"Arnaldo Botto","image":{"@type":"ImageObject","inLanguage":"es","@id":"https:\/\/www.noticiasradioreflejos.com.ar\/2021\/#\/schema\/person\/image\/","url":"https:\/\/secure.gravatar.com\/avatar\/55cb5e37c1efa326397366e6974cb338056df65cb50e7d64d1cf314e87504837?s=96&d=mm&r=g","contentUrl":"https:\/\/secure.gravatar.com\/avatar\/55cb5e37c1efa326397366e6974cb338056df65cb50e7d64d1cf314e87504837?s=96&d=mm&r=g","caption":"Arnaldo Botto"},"url":"https:\/\/www.noticiasradioreflejos.com.ar\/2021\/author\/arnaldo\/"}]}},"_links":{"self":[{"href":"https:\/\/www.noticiasradioreflejos.com.ar\/2021\/wp-json\/wp\/v2\/posts\/21166","targetHints":{"allow":["GET"]}}],"collection":[{"href":"https:\/\/www.noticiasradioreflejos.com.ar\/2021\/wp-json\/wp\/v2\/posts"}],"about":[{"href":"https:\/\/www.noticiasradioreflejos.com.ar\/2021\/wp-json\/wp\/v2\/types\/post"}],"author":[{"embeddable":true,"href":"https:\/\/www.noticiasradioreflejos.com.ar\/2021\/wp-json\/wp\/v2\/users\/3"}],"replies":[{"embeddable":true,"href":"https:\/\/www.noticiasradioreflejos.com.ar\/2021\/wp-json\/wp\/v2\/comments?post=21166"}],"version-history":[{"count":0,"href":"https:\/\/www.noticiasradioreflejos.com.ar\/2021\/wp-json\/wp\/v2\/posts\/21166\/revisions"}],"wp:attachment":[{"href":"https:\/\/www.noticiasradioreflejos.com.ar\/2021\/wp-json\/wp\/v2\/media?parent=21166"}],"wp:term":[{"taxonomy":"category","embeddable":true,"href":"https:\/\/www.noticiasradioreflejos.com.ar\/2021\/wp-json\/wp\/v2\/categories?post=21166"},{"taxonomy":"post_tag","embeddable":true,"href":"https:\/\/www.noticiasradioreflejos.com.ar\/2021\/wp-json\/wp\/v2\/tags?post=21166"}],"curies":[{"name":"wp","href":"https:\/\/api.w.org\/{rel}","templated":true}]}}