{"id":21163,"date":"2018-05-01T21:24:25","date_gmt":"2018-05-02T00:24:25","guid":{"rendered":"http:\/\/www.noticiasradioreflejos.com.ar\/noticias\/?p=21163"},"modified":"2018-05-01T21:24:25","modified_gmt":"2018-05-02T00:24:25","slug":"la-escuelita-azulgrana-viajo-a-ventana","status":"publish","type":"post","link":"https:\/\/www.noticiasradioreflejos.com.ar\/2021\/la-escuelita-azulgrana-viajo-a-ventana\/","title":{"rendered":"La Escuelita Azulgrana viaj\u00f3 a Ventana"},"content":{"rendered":"<p><a title=\"01 (1)\" href=\"http:\/\/farm1.staticflickr.com\/966\/40938300665_4c4287116a.jpg\" rel=\"\"><img loading=\"lazy\" decoding=\"async\" class=\"alignleft\" style=\"float: left;\" title=\"01 (1)\" src=\"http:\/\/farm1.staticflickr.com\/966\/40938300665_4c4287116a.jpg\" alt=\"01 (1)\" width=\"500\" height=\"375\" \/><\/a>Los ni\u00f1os de la escuelita de f\u00fatbol del Automoto Club Deportivo participaron del encuentro que organiz\u00f3 el Club Atl\u00e9tico Ventana el pasado lunes, aprovechando la jornada no laborable.<br \/>\nLa iniciativa se llev\u00f3 a cabo en el predio deportivo de la entidad de nuestro distrito y los chicos que representaron a la instituci\u00f3n azulgrana fueron:<!--more--><br \/>\n&#8211; Categor\u00eda 2009: Bautista Schwab, Facundo Abalos, Nazareno Verdinelli, Nahuel Garc\u00eda, Juan Ignacio Abreg\u00fa, Faustino Belelli, Juli\u00e1n Trankels, Alessandro Marzialetti, Juan Cruz Botto, Mateo Vitori y Uriel D\u00edaz.<br \/>\n&#8211; Categor\u00eda 2010: Pedrito Braun, Francisco Tobares, Lautaro Del P\u00f3, Valentino Braun, Juan Melchior Bras, Sebasti\u00e1n Videla, Donato Siguismondi y Bautista Marconi.<br \/>\n&#8211; Categor\u00eda 2011: Mateo Hansel, Miqueas Figueroa, Santino Cartuccia, Bautista Contreras, Juan Botto y Francisco L\u00f6ffler.<br \/>\n&#8211; Categor\u00eda 2012: Benicio Ant\u00f3n, Mateo Garc\u00eda, Laureano Esquivel, Ciro Meriggi y Bautista Contreras.<br \/>\nLos profesores Sof\u00eda, Agust\u00edn y Juli\u00e1n agradecen a los padres que acompa\u00f1aron a los chicos y los trasladaron en sus autos particulares.<br \/>\nEl pr\u00f3ximo fin de semana, la Escuelita Azulgrana concurrir\u00e1 al encuentro que organizar\u00e1 el Club Uni\u00f3n de Tornquist. Participar\u00e1n todas las categor\u00edas.<br \/>\n<a title=\"04\" href=\"http:\/\/farm1.staticflickr.com\/981\/41837187661_8457cce711.jpg\" rel=\"\"><img loading=\"lazy\" decoding=\"async\" class=\"aligncenter\" title=\"04\" src=\"http:\/\/farm1.staticflickr.com\/981\/41837187661_8457cce711.jpg\" alt=\"04\" width=\"500\" height=\"375\" \/><\/a><br \/>\nDepartamento de Prensa \u2013 Automoto Club Deportivo<br \/>\nwww.clubautomotopasion.com.ar<br \/>\nFacebook: \/automototornquist<br \/>\nTwitter: @ClubAutomoto<\/p>\n","protected":false},"excerpt":{"rendered":"<p>Los ni\u00f1os de la escuelita de f\u00fatbol del Automoto Club Deportivo participaron del encuentro que organiz\u00f3 el Club Atl\u00e9tico Ventana el pasado lunes, aprovechando la jornada no laborable. La iniciativa se llev\u00f3 a cabo en el predio deportivo de la entidad de nuestro distrito y los chicos que representaron a la instituci\u00f3n azulgrana fueron:<\/p>\n","protected":false},"author":3,"featured_media":0,"comment_status":"closed","ping_status":"open","sticky":false,"template":"","format":"standard","meta":{"footnotes":""},"categories":[27],"tags":[],"class_list":["post-21163","post","type-post","status-publish","format-standard","hentry","category-deportes"],"yoast_head":"<!-- This site is optimized with the Yoast SEO plugin v25.9 - https:\/\/yoast.com\/wordpress\/plugins\/seo\/ -->\n<title>La Escuelita Azulgrana viaj\u00f3 a Ventana - Noticias Radio Reflejos<\/title>\n<meta name=\"robots\" content=\"index, follow, max-snippet:-1, max-image-preview:large, max-video-preview:-1\" \/>\n<link rel=\"canonical\" href=\"https:\/\/www.noticiasradioreflejos.com.ar\/2021\/la-escuelita-azulgrana-viajo-a-ventana\/\" \/>\n<meta property=\"og:locale\" content=\"es_ES\" \/>\n<meta property=\"og:type\" content=\"article\" \/>\n<meta property=\"og:title\" content=\"La Escuelita Azulgrana viaj\u00f3 a Ventana - Noticias Radio Reflejos\" \/>\n<meta property=\"og:description\" content=\"Los ni\u00f1os de la escuelita de f\u00fatbol del Automoto Club Deportivo participaron del encuentro que organiz\u00f3 el Club Atl\u00e9tico Ventana el pasado lunes, aprovechando la jornada no laborable. La iniciativa se llev\u00f3 a cabo en el predio deportivo de la entidad de nuestro distrito y los chicos que representaron a la instituci\u00f3n azulgrana fueron:\" \/>\n<meta property=\"og:url\" content=\"https:\/\/www.noticiasradioreflejos.com.ar\/2021\/la-escuelita-azulgrana-viajo-a-ventana\/\" \/>\n<meta property=\"og:site_name\" content=\"Noticias Radio Reflejos\" \/>\n<meta property=\"article:published_time\" content=\"2018-05-02T00:24:25+00:00\" \/>\n<meta property=\"og:image\" content=\"http:\/\/farm1.staticflickr.com\/966\/40938300665_4c4287116a.jpg\" \/>\n<meta name=\"author\" content=\"Arnaldo Botto\" \/>\n<meta name=\"twitter:card\" content=\"summary_large_image\" \/>\n<script type=\"application\/ld+json\" class=\"yoast-schema-graph\">{\"@context\":\"https:\/\/schema.org\",\"@graph\":[{\"@type\":\"WebPage\",\"@id\":\"https:\/\/www.noticiasradioreflejos.com.ar\/2021\/la-escuelita-azulgrana-viajo-a-ventana\/\",\"url\":\"https:\/\/www.noticiasradioreflejos.com.ar\/2021\/la-escuelita-azulgrana-viajo-a-ventana\/\",\"name\":\"La Escuelita Azulgrana viaj\u00f3 a Ventana - Noticias Radio Reflejos\",\"isPartOf\":{\"@id\":\"https:\/\/www.noticiasradioreflejos.com.ar\/2021\/#website\"},\"primaryImageOfPage\":{\"@id\":\"https:\/\/www.noticiasradioreflejos.com.ar\/2021\/la-escuelita-azulgrana-viajo-a-ventana\/#primaryimage\"},\"image\":{\"@id\":\"https:\/\/www.noticiasradioreflejos.com.ar\/2021\/la-escuelita-azulgrana-viajo-a-ventana\/#primaryimage\"},\"thumbnailUrl\":\"http:\/\/farm1.staticflickr.com\/966\/40938300665_4c4287116a.jpg\",\"datePublished\":\"2018-05-02T00:24:25+00:00\",\"author\":{\"@id\":\"https:\/\/www.noticiasradioreflejos.com.ar\/2021\/#\/schema\/person\/ad82545263dcc5ec0996818884fd5fb1\"},\"breadcrumb\":{\"@id\":\"https:\/\/www.noticiasradioreflejos.com.ar\/2021\/la-escuelita-azulgrana-viajo-a-ventana\/#breadcrumb\"},\"inLanguage\":\"es\",\"potentialAction\":[{\"@type\":\"ReadAction\",\"target\":[\"https:\/\/www.noticiasradioreflejos.com.ar\/2021\/la-escuelita-azulgrana-viajo-a-ventana\/\"]}]},{\"@type\":\"ImageObject\",\"inLanguage\":\"es\",\"@id\":\"https:\/\/www.noticiasradioreflejos.com.ar\/2021\/la-escuelita-azulgrana-viajo-a-ventana\/#primaryimage\",\"url\":\"http:\/\/farm1.staticflickr.com\/966\/40938300665_4c4287116a.jpg\",\"contentUrl\":\"http:\/\/farm1.staticflickr.com\/966\/40938300665_4c4287116a.jpg\"},{\"@type\":\"BreadcrumbList\",\"@id\":\"https:\/\/www.noticiasradioreflejos.com.ar\/2021\/la-escuelita-azulgrana-viajo-a-ventana\/#breadcrumb\",\"itemListElement\":[{\"@type\":\"ListItem\",\"position\":1,\"name\":\"Portada\",\"item\":\"https:\/\/www.noticiasradioreflejos.com.ar\/2021\/\"},{\"@type\":\"ListItem\",\"position\":2,\"name\":\"La Escuelita Azulgrana viaj\u00f3 a Ventana\"}]},{\"@type\":\"WebSite\",\"@id\":\"https:\/\/www.noticiasradioreflejos.com.ar\/2021\/#website\",\"url\":\"https:\/\/www.noticiasradioreflejos.com.ar\/2021\/\",\"name\":\"Noticias Radio Reflejos\",\"description\":\"Las noticias de mi comarca\",\"potentialAction\":[{\"@type\":\"SearchAction\",\"target\":{\"@type\":\"EntryPoint\",\"urlTemplate\":\"https:\/\/www.noticiasradioreflejos.com.ar\/2021\/?s={search_term_string}\"},\"query-input\":{\"@type\":\"PropertyValueSpecification\",\"valueRequired\":true,\"valueName\":\"search_term_string\"}}],\"inLanguage\":\"es\"},{\"@type\":\"Person\",\"@id\":\"https:\/\/www.noticiasradioreflejos.com.ar\/2021\/#\/schema\/person\/ad82545263dcc5ec0996818884fd5fb1\",\"name\":\"Arnaldo Botto\",\"image\":{\"@type\":\"ImageObject\",\"inLanguage\":\"es\",\"@id\":\"https:\/\/www.noticiasradioreflejos.com.ar\/2021\/#\/schema\/person\/image\/\",\"url\":\"https:\/\/secure.gravatar.com\/avatar\/55cb5e37c1efa326397366e6974cb338056df65cb50e7d64d1cf314e87504837?s=96&d=mm&r=g\",\"contentUrl\":\"https:\/\/secure.gravatar.com\/avatar\/55cb5e37c1efa326397366e6974cb338056df65cb50e7d64d1cf314e87504837?s=96&d=mm&r=g\",\"caption\":\"Arnaldo Botto\"},\"url\":\"https:\/\/www.noticiasradioreflejos.com.ar\/2021\/author\/arnaldo\/\"}]}<\/script>\n<!-- \/ Yoast SEO plugin. -->","yoast_head_json":{"title":"La Escuelita Azulgrana viaj\u00f3 a Ventana - Noticias Radio Reflejos","robots":{"index":"index","follow":"follow","max-snippet":"max-snippet:-1","max-image-preview":"max-image-preview:large","max-video-preview":"max-video-preview:-1"},"canonical":"https:\/\/www.noticiasradioreflejos.com.ar\/2021\/la-escuelita-azulgrana-viajo-a-ventana\/","og_locale":"es_ES","og_type":"article","og_title":"La Escuelita Azulgrana viaj\u00f3 a Ventana - Noticias Radio Reflejos","og_description":"Los ni\u00f1os de la escuelita de f\u00fatbol del Automoto Club Deportivo participaron del encuentro que organiz\u00f3 el Club Atl\u00e9tico Ventana el pasado lunes, aprovechando la jornada no laborable. La iniciativa se llev\u00f3 a cabo en el predio deportivo de la entidad de nuestro distrito y los chicos que representaron a la instituci\u00f3n azulgrana fueron:","og_url":"https:\/\/www.noticiasradioreflejos.com.ar\/2021\/la-escuelita-azulgrana-viajo-a-ventana\/","og_site_name":"Noticias Radio Reflejos","article_published_time":"2018-05-02T00:24:25+00:00","og_image":[{"url":"http:\/\/farm1.staticflickr.com\/966\/40938300665_4c4287116a.jpg","type":"","width":"","height":""}],"author":"Arnaldo Botto","twitter_card":"summary_large_image","schema":{"@context":"https:\/\/schema.org","@graph":[{"@type":"WebPage","@id":"https:\/\/www.noticiasradioreflejos.com.ar\/2021\/la-escuelita-azulgrana-viajo-a-ventana\/","url":"https:\/\/www.noticiasradioreflejos.com.ar\/2021\/la-escuelita-azulgrana-viajo-a-ventana\/","name":"La Escuelita Azulgrana viaj\u00f3 a Ventana - Noticias Radio Reflejos","isPartOf":{"@id":"https:\/\/www.noticiasradioreflejos.com.ar\/2021\/#website"},"primaryImageOfPage":{"@id":"https:\/\/www.noticiasradioreflejos.com.ar\/2021\/la-escuelita-azulgrana-viajo-a-ventana\/#primaryimage"},"image":{"@id":"https:\/\/www.noticiasradioreflejos.com.ar\/2021\/la-escuelita-azulgrana-viajo-a-ventana\/#primaryimage"},"thumbnailUrl":"http:\/\/farm1.staticflickr.com\/966\/40938300665_4c4287116a.jpg","datePublished":"2018-05-02T00:24:25+00:00","author":{"@id":"https:\/\/www.noticiasradioreflejos.com.ar\/2021\/#\/schema\/person\/ad82545263dcc5ec0996818884fd5fb1"},"breadcrumb":{"@id":"https:\/\/www.noticiasradioreflejos.com.ar\/2021\/la-escuelita-azulgrana-viajo-a-ventana\/#breadcrumb"},"inLanguage":"es","potentialAction":[{"@type":"ReadAction","target":["https:\/\/www.noticiasradioreflejos.com.ar\/2021\/la-escuelita-azulgrana-viajo-a-ventana\/"]}]},{"@type":"ImageObject","inLanguage":"es","@id":"https:\/\/www.noticiasradioreflejos.com.ar\/2021\/la-escuelita-azulgrana-viajo-a-ventana\/#primaryimage","url":"http:\/\/farm1.staticflickr.com\/966\/40938300665_4c4287116a.jpg","contentUrl":"http:\/\/farm1.staticflickr.com\/966\/40938300665_4c4287116a.jpg"},{"@type":"BreadcrumbList","@id":"https:\/\/www.noticiasradioreflejos.com.ar\/2021\/la-escuelita-azulgrana-viajo-a-ventana\/#breadcrumb","itemListElement":[{"@type":"ListItem","position":1,"name":"Portada","item":"https:\/\/www.noticiasradioreflejos.com.ar\/2021\/"},{"@type":"ListItem","position":2,"name":"La Escuelita Azulgrana viaj\u00f3 a Ventana"}]},{"@type":"WebSite","@id":"https:\/\/www.noticiasradioreflejos.com.ar\/2021\/#website","url":"https:\/\/www.noticiasradioreflejos.com.ar\/2021\/","name":"Noticias Radio Reflejos","description":"Las noticias de mi comarca","potentialAction":[{"@type":"SearchAction","target":{"@type":"EntryPoint","urlTemplate":"https:\/\/www.noticiasradioreflejos.com.ar\/2021\/?s={search_term_string}"},"query-input":{"@type":"PropertyValueSpecification","valueRequired":true,"valueName":"search_term_string"}}],"inLanguage":"es"},{"@type":"Person","@id":"https:\/\/www.noticiasradioreflejos.com.ar\/2021\/#\/schema\/person\/ad82545263dcc5ec0996818884fd5fb1","name":"Arnaldo Botto","image":{"@type":"ImageObject","inLanguage":"es","@id":"https:\/\/www.noticiasradioreflejos.com.ar\/2021\/#\/schema\/person\/image\/","url":"https:\/\/secure.gravatar.com\/avatar\/55cb5e37c1efa326397366e6974cb338056df65cb50e7d64d1cf314e87504837?s=96&d=mm&r=g","contentUrl":"https:\/\/secure.gravatar.com\/avatar\/55cb5e37c1efa326397366e6974cb338056df65cb50e7d64d1cf314e87504837?s=96&d=mm&r=g","caption":"Arnaldo Botto"},"url":"https:\/\/www.noticiasradioreflejos.com.ar\/2021\/author\/arnaldo\/"}]}},"_links":{"self":[{"href":"https:\/\/www.noticiasradioreflejos.com.ar\/2021\/wp-json\/wp\/v2\/posts\/21163","targetHints":{"allow":["GET"]}}],"collection":[{"href":"https:\/\/www.noticiasradioreflejos.com.ar\/2021\/wp-json\/wp\/v2\/posts"}],"about":[{"href":"https:\/\/www.noticiasradioreflejos.com.ar\/2021\/wp-json\/wp\/v2\/types\/post"}],"author":[{"embeddable":true,"href":"https:\/\/www.noticiasradioreflejos.com.ar\/2021\/wp-json\/wp\/v2\/users\/3"}],"replies":[{"embeddable":true,"href":"https:\/\/www.noticiasradioreflejos.com.ar\/2021\/wp-json\/wp\/v2\/comments?post=21163"}],"version-history":[{"count":0,"href":"https:\/\/www.noticiasradioreflejos.com.ar\/2021\/wp-json\/wp\/v2\/posts\/21163\/revisions"}],"wp:attachment":[{"href":"https:\/\/www.noticiasradioreflejos.com.ar\/2021\/wp-json\/wp\/v2\/media?parent=21163"}],"wp:term":[{"taxonomy":"category","embeddable":true,"href":"https:\/\/www.noticiasradioreflejos.com.ar\/2021\/wp-json\/wp\/v2\/categories?post=21163"},{"taxonomy":"post_tag","embeddable":true,"href":"https:\/\/www.noticiasradioreflejos.com.ar\/2021\/wp-json\/wp\/v2\/tags?post=21163"}],"curies":[{"name":"wp","href":"https:\/\/api.w.org\/{rel}","templated":true}]}}