{"id":21160,"date":"2018-05-01T21:13:30","date_gmt":"2018-05-02T00:13:30","guid":{"rendered":"http:\/\/www.noticiasradioreflejos.com.ar\/noticias\/?p=21160"},"modified":"2018-05-01T21:13:30","modified_gmt":"2018-05-02T00:13:30","slug":"gran-jornada-de-automoto-voley-en-bahia-blanca","status":"publish","type":"post","link":"https:\/\/www.noticiasradioreflejos.com.ar\/2021\/gran-jornada-de-automoto-voley-en-bahia-blanca\/","title":{"rendered":"Gran jornada de Automoto Voley en Bah\u00eda Blanca"},"content":{"rendered":"<p><a href=\"http:\/\/farm1.staticflickr.com\/825\/27968439588_16052a912f.jpg\" title=\"01\" rel=\"\"><img loading=\"lazy\" decoding=\"async\" src=\"http:\/\/farm1.staticflickr.com\/825\/27968439588_16052a912f.jpg\" width=\"500\" height=\"281\" alt=\"01\" title=\"01\" class=\"alignleft\" style=\"float: left;\"><\/a>Mostrando una r\u00e1pida adaptaci\u00f3n al certamen, las chicas de Automoto cumplieron una tremenda actuaci\u00f3n en su segunda presentaci\u00f3n en el Torneo Apertura 2018 que organiza la Asociaci\u00f3n Bahiense de V\u00f3leibol.<!--more--><br \/>\nEl equipo Sub 16 consigui\u00f3 una doble victoria, frente a Estudiantes y Club Universitario, en ambos casos de manera contundente: por 2 a 0 y con amplios marcadores. Ante el \u201calbo\u201d gan\u00f3 con parciales de 25-10 y 25-18, mientras que contra Universitario lo hizo por 25-20 y 25-17.<br \/>\nLas chicas del Sub 13, en tanto, alcanzaron su primera victoria en el certamen, al derrotar a Estudiantes por 2 a 0 (25-16 y 25-14). Luego, cayeron frente a Villa Mitre por el mismo resultado (25-20 y 25-12).<br \/>\nNo caben dudas que las dirigidas por la profesora Sof\u00eda Urriaga iniciaron de gran manera su participaci\u00f3n en la competencia, teniendo en cuenta la nula experiencia de las jugadoras en este tipo de torneos.<br \/>\nDepartamento de Prensa \u2013 Automoto Club Deportivo<br \/>\nwww.clubautomotopasion.com.ar<br \/>\nFacebook: \/automototornquist<br \/>\nTwitter: @ClubAutomoto<\/p>\n","protected":false},"excerpt":{"rendered":"<p>Mostrando una r\u00e1pida adaptaci\u00f3n al certamen, las chicas de Automoto cumplieron una tremenda actuaci\u00f3n en su segunda presentaci\u00f3n en el Torneo Apertura 2018 que organiza la Asociaci\u00f3n Bahiense de V\u00f3leibol.<\/p>\n","protected":false},"author":3,"featured_media":0,"comment_status":"closed","ping_status":"open","sticky":false,"template":"","format":"standard","meta":{"footnotes":""},"categories":[27],"tags":[],"class_list":["post-21160","post","type-post","status-publish","format-standard","hentry","category-deportes"],"yoast_head":"<!-- This site is optimized with the Yoast SEO plugin v25.9 - https:\/\/yoast.com\/wordpress\/plugins\/seo\/ -->\n<title>Gran jornada de Automoto Voley en Bah\u00eda Blanca - Noticias Radio Reflejos<\/title>\n<meta name=\"robots\" content=\"index, follow, max-snippet:-1, max-image-preview:large, max-video-preview:-1\" \/>\n<link rel=\"canonical\" href=\"https:\/\/www.noticiasradioreflejos.com.ar\/2021\/gran-jornada-de-automoto-voley-en-bahia-blanca\/\" \/>\n<meta property=\"og:locale\" content=\"es_ES\" \/>\n<meta property=\"og:type\" content=\"article\" \/>\n<meta property=\"og:title\" content=\"Gran jornada de Automoto Voley en Bah\u00eda Blanca - Noticias Radio Reflejos\" \/>\n<meta property=\"og:description\" content=\"Mostrando una r\u00e1pida adaptaci\u00f3n al certamen, las chicas de Automoto cumplieron una tremenda actuaci\u00f3n en su segunda presentaci\u00f3n en el Torneo Apertura 2018 que organiza la Asociaci\u00f3n Bahiense de V\u00f3leibol.\" \/>\n<meta property=\"og:url\" content=\"https:\/\/www.noticiasradioreflejos.com.ar\/2021\/gran-jornada-de-automoto-voley-en-bahia-blanca\/\" \/>\n<meta property=\"og:site_name\" content=\"Noticias Radio Reflejos\" \/>\n<meta property=\"article:published_time\" content=\"2018-05-02T00:13:30+00:00\" \/>\n<meta property=\"og:image\" content=\"http:\/\/farm1.staticflickr.com\/825\/27968439588_16052a912f.jpg\" \/>\n<meta name=\"author\" content=\"Arnaldo Botto\" \/>\n<meta name=\"twitter:card\" content=\"summary_large_image\" \/>\n<script type=\"application\/ld+json\" class=\"yoast-schema-graph\">{\"@context\":\"https:\/\/schema.org\",\"@graph\":[{\"@type\":\"WebPage\",\"@id\":\"https:\/\/www.noticiasradioreflejos.com.ar\/2021\/gran-jornada-de-automoto-voley-en-bahia-blanca\/\",\"url\":\"https:\/\/www.noticiasradioreflejos.com.ar\/2021\/gran-jornada-de-automoto-voley-en-bahia-blanca\/\",\"name\":\"Gran jornada de Automoto Voley en Bah\u00eda Blanca - Noticias Radio Reflejos\",\"isPartOf\":{\"@id\":\"https:\/\/www.noticiasradioreflejos.com.ar\/2021\/#website\"},\"primaryImageOfPage\":{\"@id\":\"https:\/\/www.noticiasradioreflejos.com.ar\/2021\/gran-jornada-de-automoto-voley-en-bahia-blanca\/#primaryimage\"},\"image\":{\"@id\":\"https:\/\/www.noticiasradioreflejos.com.ar\/2021\/gran-jornada-de-automoto-voley-en-bahia-blanca\/#primaryimage\"},\"thumbnailUrl\":\"http:\/\/farm1.staticflickr.com\/825\/27968439588_16052a912f.jpg\",\"datePublished\":\"2018-05-02T00:13:30+00:00\",\"author\":{\"@id\":\"https:\/\/www.noticiasradioreflejos.com.ar\/2021\/#\/schema\/person\/ad82545263dcc5ec0996818884fd5fb1\"},\"breadcrumb\":{\"@id\":\"https:\/\/www.noticiasradioreflejos.com.ar\/2021\/gran-jornada-de-automoto-voley-en-bahia-blanca\/#breadcrumb\"},\"inLanguage\":\"es\",\"potentialAction\":[{\"@type\":\"ReadAction\",\"target\":[\"https:\/\/www.noticiasradioreflejos.com.ar\/2021\/gran-jornada-de-automoto-voley-en-bahia-blanca\/\"]}]},{\"@type\":\"ImageObject\",\"inLanguage\":\"es\",\"@id\":\"https:\/\/www.noticiasradioreflejos.com.ar\/2021\/gran-jornada-de-automoto-voley-en-bahia-blanca\/#primaryimage\",\"url\":\"http:\/\/farm1.staticflickr.com\/825\/27968439588_16052a912f.jpg\",\"contentUrl\":\"http:\/\/farm1.staticflickr.com\/825\/27968439588_16052a912f.jpg\"},{\"@type\":\"BreadcrumbList\",\"@id\":\"https:\/\/www.noticiasradioreflejos.com.ar\/2021\/gran-jornada-de-automoto-voley-en-bahia-blanca\/#breadcrumb\",\"itemListElement\":[{\"@type\":\"ListItem\",\"position\":1,\"name\":\"Portada\",\"item\":\"https:\/\/www.noticiasradioreflejos.com.ar\/2021\/\"},{\"@type\":\"ListItem\",\"position\":2,\"name\":\"Gran jornada de Automoto Voley en Bah\u00eda Blanca\"}]},{\"@type\":\"WebSite\",\"@id\":\"https:\/\/www.noticiasradioreflejos.com.ar\/2021\/#website\",\"url\":\"https:\/\/www.noticiasradioreflejos.com.ar\/2021\/\",\"name\":\"Noticias Radio Reflejos\",\"description\":\"Las noticias de mi comarca\",\"potentialAction\":[{\"@type\":\"SearchAction\",\"target\":{\"@type\":\"EntryPoint\",\"urlTemplate\":\"https:\/\/www.noticiasradioreflejos.com.ar\/2021\/?s={search_term_string}\"},\"query-input\":{\"@type\":\"PropertyValueSpecification\",\"valueRequired\":true,\"valueName\":\"search_term_string\"}}],\"inLanguage\":\"es\"},{\"@type\":\"Person\",\"@id\":\"https:\/\/www.noticiasradioreflejos.com.ar\/2021\/#\/schema\/person\/ad82545263dcc5ec0996818884fd5fb1\",\"name\":\"Arnaldo Botto\",\"image\":{\"@type\":\"ImageObject\",\"inLanguage\":\"es\",\"@id\":\"https:\/\/www.noticiasradioreflejos.com.ar\/2021\/#\/schema\/person\/image\/\",\"url\":\"https:\/\/secure.gravatar.com\/avatar\/55cb5e37c1efa326397366e6974cb338056df65cb50e7d64d1cf314e87504837?s=96&d=mm&r=g\",\"contentUrl\":\"https:\/\/secure.gravatar.com\/avatar\/55cb5e37c1efa326397366e6974cb338056df65cb50e7d64d1cf314e87504837?s=96&d=mm&r=g\",\"caption\":\"Arnaldo Botto\"},\"url\":\"https:\/\/www.noticiasradioreflejos.com.ar\/2021\/author\/arnaldo\/\"}]}<\/script>\n<!-- \/ Yoast SEO plugin. -->","yoast_head_json":{"title":"Gran jornada de Automoto Voley en Bah\u00eda Blanca - Noticias Radio Reflejos","robots":{"index":"index","follow":"follow","max-snippet":"max-snippet:-1","max-image-preview":"max-image-preview:large","max-video-preview":"max-video-preview:-1"},"canonical":"https:\/\/www.noticiasradioreflejos.com.ar\/2021\/gran-jornada-de-automoto-voley-en-bahia-blanca\/","og_locale":"es_ES","og_type":"article","og_title":"Gran jornada de Automoto Voley en Bah\u00eda Blanca - Noticias Radio Reflejos","og_description":"Mostrando una r\u00e1pida adaptaci\u00f3n al certamen, las chicas de Automoto cumplieron una tremenda actuaci\u00f3n en su segunda presentaci\u00f3n en el Torneo Apertura 2018 que organiza la Asociaci\u00f3n Bahiense de V\u00f3leibol.","og_url":"https:\/\/www.noticiasradioreflejos.com.ar\/2021\/gran-jornada-de-automoto-voley-en-bahia-blanca\/","og_site_name":"Noticias Radio Reflejos","article_published_time":"2018-05-02T00:13:30+00:00","og_image":[{"url":"http:\/\/farm1.staticflickr.com\/825\/27968439588_16052a912f.jpg","type":"","width":"","height":""}],"author":"Arnaldo Botto","twitter_card":"summary_large_image","schema":{"@context":"https:\/\/schema.org","@graph":[{"@type":"WebPage","@id":"https:\/\/www.noticiasradioreflejos.com.ar\/2021\/gran-jornada-de-automoto-voley-en-bahia-blanca\/","url":"https:\/\/www.noticiasradioreflejos.com.ar\/2021\/gran-jornada-de-automoto-voley-en-bahia-blanca\/","name":"Gran jornada de Automoto Voley en Bah\u00eda Blanca - Noticias Radio Reflejos","isPartOf":{"@id":"https:\/\/www.noticiasradioreflejos.com.ar\/2021\/#website"},"primaryImageOfPage":{"@id":"https:\/\/www.noticiasradioreflejos.com.ar\/2021\/gran-jornada-de-automoto-voley-en-bahia-blanca\/#primaryimage"},"image":{"@id":"https:\/\/www.noticiasradioreflejos.com.ar\/2021\/gran-jornada-de-automoto-voley-en-bahia-blanca\/#primaryimage"},"thumbnailUrl":"http:\/\/farm1.staticflickr.com\/825\/27968439588_16052a912f.jpg","datePublished":"2018-05-02T00:13:30+00:00","author":{"@id":"https:\/\/www.noticiasradioreflejos.com.ar\/2021\/#\/schema\/person\/ad82545263dcc5ec0996818884fd5fb1"},"breadcrumb":{"@id":"https:\/\/www.noticiasradioreflejos.com.ar\/2021\/gran-jornada-de-automoto-voley-en-bahia-blanca\/#breadcrumb"},"inLanguage":"es","potentialAction":[{"@type":"ReadAction","target":["https:\/\/www.noticiasradioreflejos.com.ar\/2021\/gran-jornada-de-automoto-voley-en-bahia-blanca\/"]}]},{"@type":"ImageObject","inLanguage":"es","@id":"https:\/\/www.noticiasradioreflejos.com.ar\/2021\/gran-jornada-de-automoto-voley-en-bahia-blanca\/#primaryimage","url":"http:\/\/farm1.staticflickr.com\/825\/27968439588_16052a912f.jpg","contentUrl":"http:\/\/farm1.staticflickr.com\/825\/27968439588_16052a912f.jpg"},{"@type":"BreadcrumbList","@id":"https:\/\/www.noticiasradioreflejos.com.ar\/2021\/gran-jornada-de-automoto-voley-en-bahia-blanca\/#breadcrumb","itemListElement":[{"@type":"ListItem","position":1,"name":"Portada","item":"https:\/\/www.noticiasradioreflejos.com.ar\/2021\/"},{"@type":"ListItem","position":2,"name":"Gran jornada de Automoto Voley en Bah\u00eda Blanca"}]},{"@type":"WebSite","@id":"https:\/\/www.noticiasradioreflejos.com.ar\/2021\/#website","url":"https:\/\/www.noticiasradioreflejos.com.ar\/2021\/","name":"Noticias Radio Reflejos","description":"Las noticias de mi comarca","potentialAction":[{"@type":"SearchAction","target":{"@type":"EntryPoint","urlTemplate":"https:\/\/www.noticiasradioreflejos.com.ar\/2021\/?s={search_term_string}"},"query-input":{"@type":"PropertyValueSpecification","valueRequired":true,"valueName":"search_term_string"}}],"inLanguage":"es"},{"@type":"Person","@id":"https:\/\/www.noticiasradioreflejos.com.ar\/2021\/#\/schema\/person\/ad82545263dcc5ec0996818884fd5fb1","name":"Arnaldo Botto","image":{"@type":"ImageObject","inLanguage":"es","@id":"https:\/\/www.noticiasradioreflejos.com.ar\/2021\/#\/schema\/person\/image\/","url":"https:\/\/secure.gravatar.com\/avatar\/55cb5e37c1efa326397366e6974cb338056df65cb50e7d64d1cf314e87504837?s=96&d=mm&r=g","contentUrl":"https:\/\/secure.gravatar.com\/avatar\/55cb5e37c1efa326397366e6974cb338056df65cb50e7d64d1cf314e87504837?s=96&d=mm&r=g","caption":"Arnaldo Botto"},"url":"https:\/\/www.noticiasradioreflejos.com.ar\/2021\/author\/arnaldo\/"}]}},"_links":{"self":[{"href":"https:\/\/www.noticiasradioreflejos.com.ar\/2021\/wp-json\/wp\/v2\/posts\/21160","targetHints":{"allow":["GET"]}}],"collection":[{"href":"https:\/\/www.noticiasradioreflejos.com.ar\/2021\/wp-json\/wp\/v2\/posts"}],"about":[{"href":"https:\/\/www.noticiasradioreflejos.com.ar\/2021\/wp-json\/wp\/v2\/types\/post"}],"author":[{"embeddable":true,"href":"https:\/\/www.noticiasradioreflejos.com.ar\/2021\/wp-json\/wp\/v2\/users\/3"}],"replies":[{"embeddable":true,"href":"https:\/\/www.noticiasradioreflejos.com.ar\/2021\/wp-json\/wp\/v2\/comments?post=21160"}],"version-history":[{"count":0,"href":"https:\/\/www.noticiasradioreflejos.com.ar\/2021\/wp-json\/wp\/v2\/posts\/21160\/revisions"}],"wp:attachment":[{"href":"https:\/\/www.noticiasradioreflejos.com.ar\/2021\/wp-json\/wp\/v2\/media?parent=21160"}],"wp:term":[{"taxonomy":"category","embeddable":true,"href":"https:\/\/www.noticiasradioreflejos.com.ar\/2021\/wp-json\/wp\/v2\/categories?post=21160"},{"taxonomy":"post_tag","embeddable":true,"href":"https:\/\/www.noticiasradioreflejos.com.ar\/2021\/wp-json\/wp\/v2\/tags?post=21160"}],"curies":[{"name":"wp","href":"https:\/\/api.w.org\/{rel}","templated":true}]}}