{"id":21156,"date":"2018-05-01T18:12:52","date_gmt":"2018-05-01T21:12:52","guid":{"rendered":"http:\/\/www.noticiasradioreflejos.com.ar\/noticias\/?p=21156"},"modified":"2018-05-01T18:12:52","modified_gmt":"2018-05-01T21:12:52","slug":"salutacion-por-el-dia-del-trabajador-partido-justicialista","status":"publish","type":"post","link":"https:\/\/www.noticiasradioreflejos.com.ar\/2021\/salutacion-por-el-dia-del-trabajador-partido-justicialista\/","title":{"rendered":"Salutaci\u00f3n por el D\u00eda del Trabajador, Partido Justicialista"},"content":{"rendered":"<p>Cada 1\u00b0 de mayo es una llamado a la memoria por los trabajadores de Chicago y todos aquellos que nos precedieron, y desafiando al poder de turno se atrevieron a decir: \u201cAc\u00e1 estamos\u201d sufriendo la persecuci\u00f3n, la tortura, la desaparici\u00f3n y la muerte para lograr los derechos que hoy gozamos.<!--more--><br \/>\nEn memoria de ellos defendamos nuestros derechos laborales y no demos un paso atr\u00e1s, porque s\u00f3lo as\u00ed esas muertes tendr\u00e1n una raz\u00f3n de ser. EL PARTIDO JUSTICIALISTA DEL DISTRITO DE TORNQUIST SALUDA A TODOS LOS TRABAJADORES DEL DISTRITO.<br \/>\nY tambi\u00e9n un 1\u00b0 de Mayo de 1853 fue sancionada la Constituci\u00f3n Nacional por el Congreso General constituyente reunido en Santa Fe. La Constituci\u00f3n es la ley fundamental de un Estado que define el r\u00e9gimen b\u00e1sico de los derechos y libertades de los ciudadanos y los poderes e instituciones de la organizaci\u00f3n pol\u00edtica.<br \/>\n<a href=\"http:\/\/farm1.staticflickr.com\/969\/41792170732_44f5f5d6b9.jpg\" title=\"constitucion nacional\" rel=\"\"><img loading=\"lazy\" decoding=\"async\" src=\"http:\/\/farm1.staticflickr.com\/969\/41792170732_44f5f5d6b9.jpg\" width=\"395\" height=\"398\" alt=\"constitucion nacional\" title=\"constitucion nacional\" class=\"aligncenter\"><\/a><\/p>\n","protected":false},"excerpt":{"rendered":"<p>Cada 1\u00b0 de mayo es una llamado a la memoria por los trabajadores de Chicago y todos aquellos que nos precedieron, y desafiando al poder de turno se atrevieron a decir: \u201cAc\u00e1 estamos\u201d sufriendo la persecuci\u00f3n, la tortura, la desaparici\u00f3n y la muerte para lograr los derechos que hoy gozamos.<\/p>\n","protected":false},"author":3,"featured_media":0,"comment_status":"closed","ping_status":"open","sticky":false,"template":"","format":"standard","meta":{"footnotes":""},"categories":[24],"tags":[],"class_list":["post-21156","post","type-post","status-publish","format-standard","hentry","category-politica"],"yoast_head":"<!-- This site is optimized with the Yoast SEO plugin v25.9 - https:\/\/yoast.com\/wordpress\/plugins\/seo\/ -->\n<title>Salutaci\u00f3n por el D\u00eda del Trabajador, Partido Justicialista - Noticias Radio Reflejos<\/title>\n<meta name=\"robots\" content=\"index, follow, max-snippet:-1, max-image-preview:large, max-video-preview:-1\" \/>\n<link rel=\"canonical\" href=\"https:\/\/www.noticiasradioreflejos.com.ar\/2021\/salutacion-por-el-dia-del-trabajador-partido-justicialista\/\" \/>\n<meta property=\"og:locale\" content=\"es_ES\" \/>\n<meta property=\"og:type\" content=\"article\" \/>\n<meta property=\"og:title\" content=\"Salutaci\u00f3n por el D\u00eda del Trabajador, Partido Justicialista - Noticias Radio Reflejos\" \/>\n<meta property=\"og:description\" content=\"Cada 1\u00b0 de mayo es una llamado a la memoria por los trabajadores de Chicago y todos aquellos que nos precedieron, y desafiando al poder de turno se atrevieron a decir: \u201cAc\u00e1 estamos\u201d sufriendo la persecuci\u00f3n, la tortura, la desaparici\u00f3n y la muerte para lograr los derechos que hoy gozamos.\" \/>\n<meta property=\"og:url\" content=\"https:\/\/www.noticiasradioreflejos.com.ar\/2021\/salutacion-por-el-dia-del-trabajador-partido-justicialista\/\" \/>\n<meta property=\"og:site_name\" content=\"Noticias Radio Reflejos\" \/>\n<meta property=\"article:published_time\" content=\"2018-05-01T21:12:52+00:00\" \/>\n<meta property=\"og:image\" content=\"https:\/\/www.noticiasradioreflejos.com.ar\/2021\/wp-content\/uploads\/2017\/12\/logo-partido-justicialista-e1521470874198.jpg\" \/>\n\t<meta property=\"og:image:width\" content=\"500\" \/>\n\t<meta property=\"og:image:height\" content=\"710\" \/>\n\t<meta property=\"og:image:type\" content=\"image\/jpeg\" \/>\n<meta name=\"author\" content=\"Arnaldo Botto\" \/>\n<meta name=\"twitter:card\" content=\"summary_large_image\" \/>\n<script type=\"application\/ld+json\" class=\"yoast-schema-graph\">{\"@context\":\"https:\/\/schema.org\",\"@graph\":[{\"@type\":\"WebPage\",\"@id\":\"https:\/\/www.noticiasradioreflejos.com.ar\/2021\/salutacion-por-el-dia-del-trabajador-partido-justicialista\/\",\"url\":\"https:\/\/www.noticiasradioreflejos.com.ar\/2021\/salutacion-por-el-dia-del-trabajador-partido-justicialista\/\",\"name\":\"Salutaci\u00f3n por el D\u00eda del Trabajador, Partido Justicialista - Noticias Radio Reflejos\",\"isPartOf\":{\"@id\":\"https:\/\/www.noticiasradioreflejos.com.ar\/2021\/#website\"},\"primaryImageOfPage\":{\"@id\":\"https:\/\/www.noticiasradioreflejos.com.ar\/2021\/salutacion-por-el-dia-del-trabajador-partido-justicialista\/#primaryimage\"},\"image\":{\"@id\":\"https:\/\/www.noticiasradioreflejos.com.ar\/2021\/salutacion-por-el-dia-del-trabajador-partido-justicialista\/#primaryimage\"},\"thumbnailUrl\":\"http:\/\/farm1.staticflickr.com\/969\/41792170732_44f5f5d6b9.jpg\",\"datePublished\":\"2018-05-01T21:12:52+00:00\",\"author\":{\"@id\":\"https:\/\/www.noticiasradioreflejos.com.ar\/2021\/#\/schema\/person\/ad82545263dcc5ec0996818884fd5fb1\"},\"breadcrumb\":{\"@id\":\"https:\/\/www.noticiasradioreflejos.com.ar\/2021\/salutacion-por-el-dia-del-trabajador-partido-justicialista\/#breadcrumb\"},\"inLanguage\":\"es\",\"potentialAction\":[{\"@type\":\"ReadAction\",\"target\":[\"https:\/\/www.noticiasradioreflejos.com.ar\/2021\/salutacion-por-el-dia-del-trabajador-partido-justicialista\/\"]}]},{\"@type\":\"ImageObject\",\"inLanguage\":\"es\",\"@id\":\"https:\/\/www.noticiasradioreflejos.com.ar\/2021\/salutacion-por-el-dia-del-trabajador-partido-justicialista\/#primaryimage\",\"url\":\"http:\/\/farm1.staticflickr.com\/969\/41792170732_44f5f5d6b9.jpg\",\"contentUrl\":\"http:\/\/farm1.staticflickr.com\/969\/41792170732_44f5f5d6b9.jpg\"},{\"@type\":\"BreadcrumbList\",\"@id\":\"https:\/\/www.noticiasradioreflejos.com.ar\/2021\/salutacion-por-el-dia-del-trabajador-partido-justicialista\/#breadcrumb\",\"itemListElement\":[{\"@type\":\"ListItem\",\"position\":1,\"name\":\"Portada\",\"item\":\"https:\/\/www.noticiasradioreflejos.com.ar\/2021\/\"},{\"@type\":\"ListItem\",\"position\":2,\"name\":\"Salutaci\u00f3n por el D\u00eda del Trabajador, Partido Justicialista\"}]},{\"@type\":\"WebSite\",\"@id\":\"https:\/\/www.noticiasradioreflejos.com.ar\/2021\/#website\",\"url\":\"https:\/\/www.noticiasradioreflejos.com.ar\/2021\/\",\"name\":\"Noticias Radio Reflejos\",\"description\":\"Las noticias de mi comarca\",\"potentialAction\":[{\"@type\":\"SearchAction\",\"target\":{\"@type\":\"EntryPoint\",\"urlTemplate\":\"https:\/\/www.noticiasradioreflejos.com.ar\/2021\/?s={search_term_string}\"},\"query-input\":{\"@type\":\"PropertyValueSpecification\",\"valueRequired\":true,\"valueName\":\"search_term_string\"}}],\"inLanguage\":\"es\"},{\"@type\":\"Person\",\"@id\":\"https:\/\/www.noticiasradioreflejos.com.ar\/2021\/#\/schema\/person\/ad82545263dcc5ec0996818884fd5fb1\",\"name\":\"Arnaldo Botto\",\"image\":{\"@type\":\"ImageObject\",\"inLanguage\":\"es\",\"@id\":\"https:\/\/www.noticiasradioreflejos.com.ar\/2021\/#\/schema\/person\/image\/\",\"url\":\"https:\/\/secure.gravatar.com\/avatar\/55cb5e37c1efa326397366e6974cb338056df65cb50e7d64d1cf314e87504837?s=96&d=mm&r=g\",\"contentUrl\":\"https:\/\/secure.gravatar.com\/avatar\/55cb5e37c1efa326397366e6974cb338056df65cb50e7d64d1cf314e87504837?s=96&d=mm&r=g\",\"caption\":\"Arnaldo Botto\"},\"url\":\"https:\/\/www.noticiasradioreflejos.com.ar\/2021\/author\/arnaldo\/\"}]}<\/script>\n<!-- \/ Yoast SEO plugin. -->","yoast_head_json":{"title":"Salutaci\u00f3n por el D\u00eda del Trabajador, Partido Justicialista - Noticias Radio Reflejos","robots":{"index":"index","follow":"follow","max-snippet":"max-snippet:-1","max-image-preview":"max-image-preview:large","max-video-preview":"max-video-preview:-1"},"canonical":"https:\/\/www.noticiasradioreflejos.com.ar\/2021\/salutacion-por-el-dia-del-trabajador-partido-justicialista\/","og_locale":"es_ES","og_type":"article","og_title":"Salutaci\u00f3n por el D\u00eda del Trabajador, Partido Justicialista - Noticias Radio Reflejos","og_description":"Cada 1\u00b0 de mayo es una llamado a la memoria por los trabajadores de Chicago y todos aquellos que nos precedieron, y desafiando al poder de turno se atrevieron a decir: \u201cAc\u00e1 estamos\u201d sufriendo la persecuci\u00f3n, la tortura, la desaparici\u00f3n y la muerte para lograr los derechos que hoy gozamos.","og_url":"https:\/\/www.noticiasradioreflejos.com.ar\/2021\/salutacion-por-el-dia-del-trabajador-partido-justicialista\/","og_site_name":"Noticias Radio Reflejos","article_published_time":"2018-05-01T21:12:52+00:00","og_image":[{"width":500,"height":710,"url":"https:\/\/www.noticiasradioreflejos.com.ar\/2021\/wp-content\/uploads\/2017\/12\/logo-partido-justicialista-e1521470874198.jpg","type":"image\/jpeg"}],"author":"Arnaldo Botto","twitter_card":"summary_large_image","schema":{"@context":"https:\/\/schema.org","@graph":[{"@type":"WebPage","@id":"https:\/\/www.noticiasradioreflejos.com.ar\/2021\/salutacion-por-el-dia-del-trabajador-partido-justicialista\/","url":"https:\/\/www.noticiasradioreflejos.com.ar\/2021\/salutacion-por-el-dia-del-trabajador-partido-justicialista\/","name":"Salutaci\u00f3n por el D\u00eda del Trabajador, Partido Justicialista - Noticias Radio Reflejos","isPartOf":{"@id":"https:\/\/www.noticiasradioreflejos.com.ar\/2021\/#website"},"primaryImageOfPage":{"@id":"https:\/\/www.noticiasradioreflejos.com.ar\/2021\/salutacion-por-el-dia-del-trabajador-partido-justicialista\/#primaryimage"},"image":{"@id":"https:\/\/www.noticiasradioreflejos.com.ar\/2021\/salutacion-por-el-dia-del-trabajador-partido-justicialista\/#primaryimage"},"thumbnailUrl":"http:\/\/farm1.staticflickr.com\/969\/41792170732_44f5f5d6b9.jpg","datePublished":"2018-05-01T21:12:52+00:00","author":{"@id":"https:\/\/www.noticiasradioreflejos.com.ar\/2021\/#\/schema\/person\/ad82545263dcc5ec0996818884fd5fb1"},"breadcrumb":{"@id":"https:\/\/www.noticiasradioreflejos.com.ar\/2021\/salutacion-por-el-dia-del-trabajador-partido-justicialista\/#breadcrumb"},"inLanguage":"es","potentialAction":[{"@type":"ReadAction","target":["https:\/\/www.noticiasradioreflejos.com.ar\/2021\/salutacion-por-el-dia-del-trabajador-partido-justicialista\/"]}]},{"@type":"ImageObject","inLanguage":"es","@id":"https:\/\/www.noticiasradioreflejos.com.ar\/2021\/salutacion-por-el-dia-del-trabajador-partido-justicialista\/#primaryimage","url":"http:\/\/farm1.staticflickr.com\/969\/41792170732_44f5f5d6b9.jpg","contentUrl":"http:\/\/farm1.staticflickr.com\/969\/41792170732_44f5f5d6b9.jpg"},{"@type":"BreadcrumbList","@id":"https:\/\/www.noticiasradioreflejos.com.ar\/2021\/salutacion-por-el-dia-del-trabajador-partido-justicialista\/#breadcrumb","itemListElement":[{"@type":"ListItem","position":1,"name":"Portada","item":"https:\/\/www.noticiasradioreflejos.com.ar\/2021\/"},{"@type":"ListItem","position":2,"name":"Salutaci\u00f3n por el D\u00eda del Trabajador, Partido Justicialista"}]},{"@type":"WebSite","@id":"https:\/\/www.noticiasradioreflejos.com.ar\/2021\/#website","url":"https:\/\/www.noticiasradioreflejos.com.ar\/2021\/","name":"Noticias Radio Reflejos","description":"Las noticias de mi comarca","potentialAction":[{"@type":"SearchAction","target":{"@type":"EntryPoint","urlTemplate":"https:\/\/www.noticiasradioreflejos.com.ar\/2021\/?s={search_term_string}"},"query-input":{"@type":"PropertyValueSpecification","valueRequired":true,"valueName":"search_term_string"}}],"inLanguage":"es"},{"@type":"Person","@id":"https:\/\/www.noticiasradioreflejos.com.ar\/2021\/#\/schema\/person\/ad82545263dcc5ec0996818884fd5fb1","name":"Arnaldo Botto","image":{"@type":"ImageObject","inLanguage":"es","@id":"https:\/\/www.noticiasradioreflejos.com.ar\/2021\/#\/schema\/person\/image\/","url":"https:\/\/secure.gravatar.com\/avatar\/55cb5e37c1efa326397366e6974cb338056df65cb50e7d64d1cf314e87504837?s=96&d=mm&r=g","contentUrl":"https:\/\/secure.gravatar.com\/avatar\/55cb5e37c1efa326397366e6974cb338056df65cb50e7d64d1cf314e87504837?s=96&d=mm&r=g","caption":"Arnaldo Botto"},"url":"https:\/\/www.noticiasradioreflejos.com.ar\/2021\/author\/arnaldo\/"}]}},"_links":{"self":[{"href":"https:\/\/www.noticiasradioreflejos.com.ar\/2021\/wp-json\/wp\/v2\/posts\/21156","targetHints":{"allow":["GET"]}}],"collection":[{"href":"https:\/\/www.noticiasradioreflejos.com.ar\/2021\/wp-json\/wp\/v2\/posts"}],"about":[{"href":"https:\/\/www.noticiasradioreflejos.com.ar\/2021\/wp-json\/wp\/v2\/types\/post"}],"author":[{"embeddable":true,"href":"https:\/\/www.noticiasradioreflejos.com.ar\/2021\/wp-json\/wp\/v2\/users\/3"}],"replies":[{"embeddable":true,"href":"https:\/\/www.noticiasradioreflejos.com.ar\/2021\/wp-json\/wp\/v2\/comments?post=21156"}],"version-history":[{"count":0,"href":"https:\/\/www.noticiasradioreflejos.com.ar\/2021\/wp-json\/wp\/v2\/posts\/21156\/revisions"}],"wp:attachment":[{"href":"https:\/\/www.noticiasradioreflejos.com.ar\/2021\/wp-json\/wp\/v2\/media?parent=21156"}],"wp:term":[{"taxonomy":"category","embeddable":true,"href":"https:\/\/www.noticiasradioreflejos.com.ar\/2021\/wp-json\/wp\/v2\/categories?post=21156"},{"taxonomy":"post_tag","embeddable":true,"href":"https:\/\/www.noticiasradioreflejos.com.ar\/2021\/wp-json\/wp\/v2\/tags?post=21156"}],"curies":[{"name":"wp","href":"https:\/\/api.w.org\/{rel}","templated":true}]}}