{"id":21124,"date":"2018-04-27T22:38:52","date_gmt":"2018-04-28T01:38:52","guid":{"rendered":"http:\/\/www.noticiasradioreflejos.com.ar\/noticias\/?p=21124"},"modified":"2018-04-27T22:38:52","modified_gmt":"2018-04-28T01:38:52","slug":"tornquist-municipio-estuvo-presente-en-expoeventos-2018","status":"publish","type":"post","link":"https:\/\/www.noticiasradioreflejos.com.ar\/2021\/tornquist-municipio-estuvo-presente-en-expoeventos-2018\/","title":{"rendered":"Tornquist Municipio estuvo presente en ExpoEventos 2018"},"content":{"rendered":"<p>Tornquist Municipio, a trav\u00e9s de la Secretaria de Turismo, particip\u00f3 de la 15\u00b0 edici\u00f3n de la Feria ExpoEventos en la ciudad de Buenos Aires.<!--more--><br \/>\nExpoEventos, es el lugar de encuentro donde proveedores y destinos se re\u00fanen para ofrecer al visitante un servicio de calidad en organizaci\u00f3n de eventos y turismo de reuniones.<br \/>\nLa Secretaria de Turismo, Susana Dos Santos y el Director de la misma \u00e1rea, Martin Olhaberry, mantuvieron en el d\u00eda de ayer, varias reuniones con el sector empresarial, medios de comunicaci\u00f3n y sectores de marketing online. Tambi\u00e9n participaron del II Foro Internacional de Expertos en Turismo, en el que exponen ejecutivos internacionales especializados en el tema.<br \/>\nDos Santos afirm\u00f3 que es importante participar en estos eventos, no solo para fortalecer la promoci\u00f3n del destino en s\u00ed, sino para abrirnos al mercado de eventos empresariales as\u00ed como tambi\u00e9n educativos, ya que contamos con un circuito ecol\u00f3gico importante que merece ser descubierto y la infraestructura adecuada para estos tipos de eventos.<br \/>\n<a href=\"http:\/\/farm1.staticflickr.com\/872\/26879977157_c84e640df9_z.jpg\" title=\"expoeventos6\" rel=\"\"><img loading=\"lazy\" decoding=\"async\" src=\"http:\/\/farm1.staticflickr.com\/872\/26879977157_c84e640df9_z.jpg\" width=\"640\" height=\"480\" alt=\"expoeventos6\" title=\"expoeventos6\" class=\"aligncenter\"><\/a><br \/>\n<a href=\"http:\/\/farm1.staticflickr.com\/903\/26879975147_93dca2428c_z.jpg\" title=\"expoeventos5\" rel=\"\"><img loading=\"lazy\" decoding=\"async\" src=\"http:\/\/farm1.staticflickr.com\/903\/26879975147_93dca2428c_z.jpg\" width=\"640\" height=\"480\" alt=\"expoeventos5\" title=\"expoeventos5\" class=\"aligncenter\"><\/a><br \/>\n<a href=\"http:\/\/farm1.staticflickr.com\/911\/39940649830_527956f7a6_z.jpg\" title=\"expoeventos4\" rel=\"\"><img loading=\"lazy\" decoding=\"async\" src=\"http:\/\/farm1.staticflickr.com\/911\/39940649830_527956f7a6_z.jpg\" width=\"640\" height=\"626\" alt=\"expoeventos4\" title=\"expoeventos4\" class=\"aligncenter\"><\/a><br \/>\n<a href=\"http:\/\/farm1.staticflickr.com\/949\/26879975697_3b4e686282_z.jpg\" title=\"expoeventos3\" rel=\"\"><img loading=\"lazy\" decoding=\"async\" src=\"http:\/\/farm1.staticflickr.com\/949\/26879975697_3b4e686282_z.jpg\" width=\"640\" height=\"480\" alt=\"expoeventos3\" title=\"expoeventos3\" class=\"aligncenter\"><\/a><br \/>\n<a href=\"http:\/\/farm1.staticflickr.com\/966\/26879975987_bac5a558ba_z.jpg\" title=\"expoeventos2\" rel=\"\"><img loading=\"lazy\" decoding=\"async\" src=\"http:\/\/farm1.staticflickr.com\/966\/26879975987_bac5a558ba_z.jpg\" width=\"640\" height=\"480\" alt=\"expoeventos2\" title=\"expoeventos2\" class=\"aligncenter\"><\/a><\/p>\n","protected":false},"excerpt":{"rendered":"<p>Tornquist Municipio, a trav\u00e9s de la Secretaria de Turismo, particip\u00f3 de la 15\u00b0 edici\u00f3n de la Feria ExpoEventos en la ciudad de Buenos Aires.<\/p>\n","protected":false},"author":3,"featured_media":0,"comment_status":"closed","ping_status":"open","sticky":false,"template":"","format":"standard","meta":{"footnotes":""},"categories":[33],"tags":[],"class_list":["post-21124","post","type-post","status-publish","format-standard","hentry","category-turismo"],"yoast_head":"<!-- This site is optimized with the Yoast SEO plugin v25.9 - https:\/\/yoast.com\/wordpress\/plugins\/seo\/ -->\n<title>Tornquist Municipio estuvo presente en ExpoEventos 2018 - Noticias Radio Reflejos<\/title>\n<meta name=\"robots\" content=\"index, follow, max-snippet:-1, max-image-preview:large, max-video-preview:-1\" \/>\n<link rel=\"canonical\" href=\"https:\/\/www.noticiasradioreflejos.com.ar\/2021\/tornquist-municipio-estuvo-presente-en-expoeventos-2018\/\" \/>\n<meta property=\"og:locale\" content=\"es_ES\" \/>\n<meta property=\"og:type\" content=\"article\" \/>\n<meta property=\"og:title\" content=\"Tornquist Municipio estuvo presente en ExpoEventos 2018 - Noticias Radio Reflejos\" \/>\n<meta property=\"og:description\" content=\"Tornquist Municipio, a trav\u00e9s de la Secretaria de Turismo, particip\u00f3 de la 15\u00b0 edici\u00f3n de la Feria ExpoEventos en la ciudad de Buenos Aires.\" \/>\n<meta property=\"og:url\" content=\"https:\/\/www.noticiasradioreflejos.com.ar\/2021\/tornquist-municipio-estuvo-presente-en-expoeventos-2018\/\" \/>\n<meta property=\"og:site_name\" content=\"Noticias Radio Reflejos\" \/>\n<meta property=\"article:published_time\" content=\"2018-04-28T01:38:52+00:00\" \/>\n<meta property=\"og:image\" content=\"http:\/\/farm1.staticflickr.com\/872\/26879977157_c84e640df9_z.jpg\" \/>\n<meta name=\"author\" content=\"Arnaldo Botto\" \/>\n<meta name=\"twitter:card\" content=\"summary_large_image\" \/>\n<script type=\"application\/ld+json\" class=\"yoast-schema-graph\">{\"@context\":\"https:\/\/schema.org\",\"@graph\":[{\"@type\":\"WebPage\",\"@id\":\"https:\/\/www.noticiasradioreflejos.com.ar\/2021\/tornquist-municipio-estuvo-presente-en-expoeventos-2018\/\",\"url\":\"https:\/\/www.noticiasradioreflejos.com.ar\/2021\/tornquist-municipio-estuvo-presente-en-expoeventos-2018\/\",\"name\":\"Tornquist Municipio estuvo presente en ExpoEventos 2018 - Noticias Radio Reflejos\",\"isPartOf\":{\"@id\":\"https:\/\/www.noticiasradioreflejos.com.ar\/2021\/#website\"},\"primaryImageOfPage\":{\"@id\":\"https:\/\/www.noticiasradioreflejos.com.ar\/2021\/tornquist-municipio-estuvo-presente-en-expoeventos-2018\/#primaryimage\"},\"image\":{\"@id\":\"https:\/\/www.noticiasradioreflejos.com.ar\/2021\/tornquist-municipio-estuvo-presente-en-expoeventos-2018\/#primaryimage\"},\"thumbnailUrl\":\"http:\/\/farm1.staticflickr.com\/872\/26879977157_c84e640df9_z.jpg\",\"datePublished\":\"2018-04-28T01:38:52+00:00\",\"author\":{\"@id\":\"https:\/\/www.noticiasradioreflejos.com.ar\/2021\/#\/schema\/person\/ad82545263dcc5ec0996818884fd5fb1\"},\"breadcrumb\":{\"@id\":\"https:\/\/www.noticiasradioreflejos.com.ar\/2021\/tornquist-municipio-estuvo-presente-en-expoeventos-2018\/#breadcrumb\"},\"inLanguage\":\"es\",\"potentialAction\":[{\"@type\":\"ReadAction\",\"target\":[\"https:\/\/www.noticiasradioreflejos.com.ar\/2021\/tornquist-municipio-estuvo-presente-en-expoeventos-2018\/\"]}]},{\"@type\":\"ImageObject\",\"inLanguage\":\"es\",\"@id\":\"https:\/\/www.noticiasradioreflejos.com.ar\/2021\/tornquist-municipio-estuvo-presente-en-expoeventos-2018\/#primaryimage\",\"url\":\"http:\/\/farm1.staticflickr.com\/872\/26879977157_c84e640df9_z.jpg\",\"contentUrl\":\"http:\/\/farm1.staticflickr.com\/872\/26879977157_c84e640df9_z.jpg\"},{\"@type\":\"BreadcrumbList\",\"@id\":\"https:\/\/www.noticiasradioreflejos.com.ar\/2021\/tornquist-municipio-estuvo-presente-en-expoeventos-2018\/#breadcrumb\",\"itemListElement\":[{\"@type\":\"ListItem\",\"position\":1,\"name\":\"Portada\",\"item\":\"https:\/\/www.noticiasradioreflejos.com.ar\/2021\/\"},{\"@type\":\"ListItem\",\"position\":2,\"name\":\"Tornquist Municipio estuvo presente en ExpoEventos 2018\"}]},{\"@type\":\"WebSite\",\"@id\":\"https:\/\/www.noticiasradioreflejos.com.ar\/2021\/#website\",\"url\":\"https:\/\/www.noticiasradioreflejos.com.ar\/2021\/\",\"name\":\"Noticias Radio Reflejos\",\"description\":\"Las noticias de mi comarca\",\"potentialAction\":[{\"@type\":\"SearchAction\",\"target\":{\"@type\":\"EntryPoint\",\"urlTemplate\":\"https:\/\/www.noticiasradioreflejos.com.ar\/2021\/?s={search_term_string}\"},\"query-input\":{\"@type\":\"PropertyValueSpecification\",\"valueRequired\":true,\"valueName\":\"search_term_string\"}}],\"inLanguage\":\"es\"},{\"@type\":\"Person\",\"@id\":\"https:\/\/www.noticiasradioreflejos.com.ar\/2021\/#\/schema\/person\/ad82545263dcc5ec0996818884fd5fb1\",\"name\":\"Arnaldo Botto\",\"image\":{\"@type\":\"ImageObject\",\"inLanguage\":\"es\",\"@id\":\"https:\/\/www.noticiasradioreflejos.com.ar\/2021\/#\/schema\/person\/image\/\",\"url\":\"https:\/\/secure.gravatar.com\/avatar\/55cb5e37c1efa326397366e6974cb338056df65cb50e7d64d1cf314e87504837?s=96&d=mm&r=g\",\"contentUrl\":\"https:\/\/secure.gravatar.com\/avatar\/55cb5e37c1efa326397366e6974cb338056df65cb50e7d64d1cf314e87504837?s=96&d=mm&r=g\",\"caption\":\"Arnaldo Botto\"},\"url\":\"https:\/\/www.noticiasradioreflejos.com.ar\/2021\/author\/arnaldo\/\"}]}<\/script>\n<!-- \/ Yoast SEO plugin. -->","yoast_head_json":{"title":"Tornquist Municipio estuvo presente en ExpoEventos 2018 - Noticias Radio Reflejos","robots":{"index":"index","follow":"follow","max-snippet":"max-snippet:-1","max-image-preview":"max-image-preview:large","max-video-preview":"max-video-preview:-1"},"canonical":"https:\/\/www.noticiasradioreflejos.com.ar\/2021\/tornquist-municipio-estuvo-presente-en-expoeventos-2018\/","og_locale":"es_ES","og_type":"article","og_title":"Tornquist Municipio estuvo presente en ExpoEventos 2018 - Noticias Radio Reflejos","og_description":"Tornquist Municipio, a trav\u00e9s de la Secretaria de Turismo, particip\u00f3 de la 15\u00b0 edici\u00f3n de la Feria ExpoEventos en la ciudad de Buenos Aires.","og_url":"https:\/\/www.noticiasradioreflejos.com.ar\/2021\/tornquist-municipio-estuvo-presente-en-expoeventos-2018\/","og_site_name":"Noticias Radio Reflejos","article_published_time":"2018-04-28T01:38:52+00:00","og_image":[{"url":"http:\/\/farm1.staticflickr.com\/872\/26879977157_c84e640df9_z.jpg","type":"","width":"","height":""}],"author":"Arnaldo Botto","twitter_card":"summary_large_image","schema":{"@context":"https:\/\/schema.org","@graph":[{"@type":"WebPage","@id":"https:\/\/www.noticiasradioreflejos.com.ar\/2021\/tornquist-municipio-estuvo-presente-en-expoeventos-2018\/","url":"https:\/\/www.noticiasradioreflejos.com.ar\/2021\/tornquist-municipio-estuvo-presente-en-expoeventos-2018\/","name":"Tornquist Municipio estuvo presente en ExpoEventos 2018 - Noticias Radio Reflejos","isPartOf":{"@id":"https:\/\/www.noticiasradioreflejos.com.ar\/2021\/#website"},"primaryImageOfPage":{"@id":"https:\/\/www.noticiasradioreflejos.com.ar\/2021\/tornquist-municipio-estuvo-presente-en-expoeventos-2018\/#primaryimage"},"image":{"@id":"https:\/\/www.noticiasradioreflejos.com.ar\/2021\/tornquist-municipio-estuvo-presente-en-expoeventos-2018\/#primaryimage"},"thumbnailUrl":"http:\/\/farm1.staticflickr.com\/872\/26879977157_c84e640df9_z.jpg","datePublished":"2018-04-28T01:38:52+00:00","author":{"@id":"https:\/\/www.noticiasradioreflejos.com.ar\/2021\/#\/schema\/person\/ad82545263dcc5ec0996818884fd5fb1"},"breadcrumb":{"@id":"https:\/\/www.noticiasradioreflejos.com.ar\/2021\/tornquist-municipio-estuvo-presente-en-expoeventos-2018\/#breadcrumb"},"inLanguage":"es","potentialAction":[{"@type":"ReadAction","target":["https:\/\/www.noticiasradioreflejos.com.ar\/2021\/tornquist-municipio-estuvo-presente-en-expoeventos-2018\/"]}]},{"@type":"ImageObject","inLanguage":"es","@id":"https:\/\/www.noticiasradioreflejos.com.ar\/2021\/tornquist-municipio-estuvo-presente-en-expoeventos-2018\/#primaryimage","url":"http:\/\/farm1.staticflickr.com\/872\/26879977157_c84e640df9_z.jpg","contentUrl":"http:\/\/farm1.staticflickr.com\/872\/26879977157_c84e640df9_z.jpg"},{"@type":"BreadcrumbList","@id":"https:\/\/www.noticiasradioreflejos.com.ar\/2021\/tornquist-municipio-estuvo-presente-en-expoeventos-2018\/#breadcrumb","itemListElement":[{"@type":"ListItem","position":1,"name":"Portada","item":"https:\/\/www.noticiasradioreflejos.com.ar\/2021\/"},{"@type":"ListItem","position":2,"name":"Tornquist Municipio estuvo presente en ExpoEventos 2018"}]},{"@type":"WebSite","@id":"https:\/\/www.noticiasradioreflejos.com.ar\/2021\/#website","url":"https:\/\/www.noticiasradioreflejos.com.ar\/2021\/","name":"Noticias Radio Reflejos","description":"Las noticias de mi comarca","potentialAction":[{"@type":"SearchAction","target":{"@type":"EntryPoint","urlTemplate":"https:\/\/www.noticiasradioreflejos.com.ar\/2021\/?s={search_term_string}"},"query-input":{"@type":"PropertyValueSpecification","valueRequired":true,"valueName":"search_term_string"}}],"inLanguage":"es"},{"@type":"Person","@id":"https:\/\/www.noticiasradioreflejos.com.ar\/2021\/#\/schema\/person\/ad82545263dcc5ec0996818884fd5fb1","name":"Arnaldo Botto","image":{"@type":"ImageObject","inLanguage":"es","@id":"https:\/\/www.noticiasradioreflejos.com.ar\/2021\/#\/schema\/person\/image\/","url":"https:\/\/secure.gravatar.com\/avatar\/55cb5e37c1efa326397366e6974cb338056df65cb50e7d64d1cf314e87504837?s=96&d=mm&r=g","contentUrl":"https:\/\/secure.gravatar.com\/avatar\/55cb5e37c1efa326397366e6974cb338056df65cb50e7d64d1cf314e87504837?s=96&d=mm&r=g","caption":"Arnaldo Botto"},"url":"https:\/\/www.noticiasradioreflejos.com.ar\/2021\/author\/arnaldo\/"}]}},"_links":{"self":[{"href":"https:\/\/www.noticiasradioreflejos.com.ar\/2021\/wp-json\/wp\/v2\/posts\/21124","targetHints":{"allow":["GET"]}}],"collection":[{"href":"https:\/\/www.noticiasradioreflejos.com.ar\/2021\/wp-json\/wp\/v2\/posts"}],"about":[{"href":"https:\/\/www.noticiasradioreflejos.com.ar\/2021\/wp-json\/wp\/v2\/types\/post"}],"author":[{"embeddable":true,"href":"https:\/\/www.noticiasradioreflejos.com.ar\/2021\/wp-json\/wp\/v2\/users\/3"}],"replies":[{"embeddable":true,"href":"https:\/\/www.noticiasradioreflejos.com.ar\/2021\/wp-json\/wp\/v2\/comments?post=21124"}],"version-history":[{"count":0,"href":"https:\/\/www.noticiasradioreflejos.com.ar\/2021\/wp-json\/wp\/v2\/posts\/21124\/revisions"}],"wp:attachment":[{"href":"https:\/\/www.noticiasradioreflejos.com.ar\/2021\/wp-json\/wp\/v2\/media?parent=21124"}],"wp:term":[{"taxonomy":"category","embeddable":true,"href":"https:\/\/www.noticiasradioreflejos.com.ar\/2021\/wp-json\/wp\/v2\/categories?post=21124"},{"taxonomy":"post_tag","embeddable":true,"href":"https:\/\/www.noticiasradioreflejos.com.ar\/2021\/wp-json\/wp\/v2\/tags?post=21124"}],"curies":[{"name":"wp","href":"https:\/\/api.w.org\/{rel}","templated":true}]}}