{"id":21100,"date":"2018-04-26T20:19:56","date_gmt":"2018-04-26T23:19:56","guid":{"rendered":"http:\/\/www.noticiasradioreflejos.com.ar\/noticias\/?p=21100"},"modified":"2018-04-26T20:19:56","modified_gmt":"2018-04-26T23:19:56","slug":"comunicado-de-prensa-sentada-docente-frente-a-la-casa-de-gobierno","status":"publish","type":"post","link":"https:\/\/www.noticiasradioreflejos.com.ar\/2021\/comunicado-de-prensa-sentada-docente-frente-a-la-casa-de-gobierno\/","title":{"rendered":"Comunicado de prensa, sentada docente frente a la casa de Gobierno"},"content":{"rendered":"<p><a title=\"comunicado de prensa suteba3\" href=\"http:\/\/farm1.staticflickr.com\/910\/41725978671_87e2a9342a_z.jpg\" rel=\"\"><img loading=\"lazy\" decoding=\"async\" class=\"aligncenter\" title=\"comunicado de prensa suteba3\" src=\"http:\/\/farm1.staticflickr.com\/910\/41725978671_87e2a9342a_z.jpg\" alt=\"comunicado de prensa suteba3\" width=\"640\" height=\"69\" \/><\/a><br \/>\nEn el d\u00eda de hoy, en el marco del Plan Nacional de Lucha que lleva adelante la CTERA, m\u00e1s de 500 Docentes de todo el pa\u00eds realizaron una sentada frente a la Casa de Gobierno y entregaron una nota al Presidente Macri exigi\u00e9ndole una urgente reuni\u00f3n para que se garantice una pronta convocatoria a la Paritaria Nacional Docente, una nueva Ley de Financiamiento Educativo, que no haya techos salariales y se resuelvan los conflictos provinciales.<!--more--><br \/>\nEn conferencia de prensa, Sonia Alesso, Secretaria General de la CTERA, expres\u00f3: \u00abLa decisi\u00f3n del Gobierno Nacional de eliminar por decreto la Paritaria Nacional Docente y de subejecutar las partidas presupuestarias para Educaci\u00f3n, no s\u00f3lo profundiz\u00f3 los conflictos provinciales sino que los multiplic\u00f3\u00bb .<br \/>\nCTERA denunci\u00f3 que la irresponsabilidad del Gobierno gener\u00f3:<br \/>\n*Falta de inversi\u00f3n en Escuelas<br \/>\n*Ajuste en las provincias<br \/>\n*Desmantelamiento de los Programas Socioeducativos<br \/>\n*Suspensi\u00f3n del Programa de Educaci\u00f3n Sexual Integral<br \/>\n*Cierre de Escuelas e Institutos Superiores<br \/>\n*Problemas de infraestructura<br \/>\n*Interrupci\u00f3n en distribuci\u00f3n de libros y computadoras<br \/>\n*Falta de creaci\u00f3n de Escuelas<br \/>\n*Desfinanciamiento de las Escuelas T\u00e9cnicas<br \/>\n*No continuidad de la Formaci\u00f3n Docente gratuita y en ejercicio<br \/>\n*Entre otras tantas problem\u00e1ticas<br \/>\nAsimismo, CTERA detall\u00f3 que las pol\u00edticas educativas que lleva adelante el Gobierno Nacional produjo situaciones conflictivas en las provincias de Chubut, en Buenos Aires, Neuqu\u00e9n, Chaco, Corrientes, Santa Cruz, Jujuy, Mendoza, Entre R\u00edos, Tierra del Fuego y en la Ciudad de Buenos Aires.<br \/>\nRespecto a las justas exigencias de lxs Docentes, Alesso sostuvo: \u00abS\u00f3lo con Financiamiento Educativo y con Paritaria Nacional Docente se puede garantizar educaci\u00f3n de calidad. Queremos un Estado presente que garantice el derecho social a la Educaci\u00f3n, la realidad educativa se viene agravando y empeorar\u00e1 si no se toman medidas. Todos los d\u00edas, lxs Docentes, Maestrxs y Profresorxs del pa\u00eds sostenemos la Escuela P\u00fablica con un compromiso y una dedicaci\u00f3n que nunca ha sido reconocido por este Gobierno. El Gobierno debe rectificar la pol\u00edtica educativa, la Escuela no puede esperar\u00bb .<br \/>\nSobre la situaci\u00f3n de la provincia de Buenos Aires, Roberto Baradel, Secretario General del SUTEBA y Secretario Adjunto de la CTERA, afirm\u00f3: \u00abLa Gobernadora Vidal no le presta atenci\u00f3n a la Escuela P\u00fablica, pretende bajarnos el salario ofreciendo una propuesta por debajo de la inflaci\u00f3n y no invierte en Educaci\u00f3n. La \u00fanica manera que tiene Vidal para hablar del conflicto educativo es en los canales de televisi\u00f3n, por lo que la pr\u00f3xima semana los Sindicatos Docentes vamos a reclamarle una reuni\u00f3n urgente cara a cara, porque no vamos a aceptar una pauta a la baja en la paritaria\u00bb .<br \/>\nLuego de la conferencia y mientras se desarrollaba la sentada, una comitiva de CTERA (Sonia Alesso, Secretaria General; Roberto Baradel, Secretario General Adjunto, y Eduardo L\u00f3pez, Secretario Gremial) le entreg\u00f3 una nota al Presidente de la Naci\u00f3n solicitando una entrevista urgente para la resoluci\u00f3n de los conflictos provinciales y la convocatoria a la Paritaria Nacional Docente.<br \/>\nUna vez presentada la nota, se desarroll\u00f3 una clase abierta en la que lxs dirigentes de los sindicatos de base que integran la CTERA dieron a conocer las situaciones conflictivas de cada delegaci\u00f3n.<br \/>\nSonia Alesso<br \/>\nSecretaria General de CTERA<br \/>\n&#8212;&#8211;<br \/>\nSecretar\u00eda de Comunicaciones<br \/>\nS.U.T.E.B.A.<\/p>\n","protected":false},"excerpt":{"rendered":"<p>En el d\u00eda de hoy, en el marco del Plan Nacional de Lucha que lleva adelante la CTERA, m\u00e1s de 500 Docentes de todo el pa\u00eds realizaron una sentada frente a la Casa de Gobierno y entregaron una nota al Presidente Macri exigi\u00e9ndole una urgente reuni\u00f3n para que se garantice una pronta convocatoria a la [&hellip;]<\/p>\n","protected":false},"author":3,"featured_media":2623,"comment_status":"closed","ping_status":"open","sticky":false,"template":"","format":"standard","meta":{"footnotes":""},"categories":[34],"tags":[],"class_list":["post-21100","post","type-post","status-publish","format-standard","has-post-thumbnail","hentry","category-educacion"],"yoast_head":"<!-- This site is optimized with the Yoast SEO plugin v25.9 - https:\/\/yoast.com\/wordpress\/plugins\/seo\/ -->\n<title>Comunicado de prensa, sentada docente frente a la casa de Gobierno - Noticias Radio Reflejos<\/title>\n<meta name=\"robots\" content=\"index, follow, max-snippet:-1, max-image-preview:large, max-video-preview:-1\" \/>\n<link rel=\"canonical\" href=\"https:\/\/www.noticiasradioreflejos.com.ar\/2021\/comunicado-de-prensa-sentada-docente-frente-a-la-casa-de-gobierno\/\" \/>\n<meta property=\"og:locale\" content=\"es_ES\" \/>\n<meta property=\"og:type\" content=\"article\" \/>\n<meta property=\"og:title\" content=\"Comunicado de prensa, sentada docente frente a la casa de Gobierno - Noticias Radio Reflejos\" \/>\n<meta property=\"og:description\" content=\"En el d\u00eda de hoy, en el marco del Plan Nacional de Lucha que lleva adelante la CTERA, m\u00e1s de 500 Docentes de todo el pa\u00eds realizaron una sentada frente a la Casa de Gobierno y entregaron una nota al Presidente Macri exigi\u00e9ndole una urgente reuni\u00f3n para que se garantice una pronta convocatoria a la [&hellip;]\" \/>\n<meta property=\"og:url\" content=\"https:\/\/www.noticiasradioreflejos.com.ar\/2021\/comunicado-de-prensa-sentada-docente-frente-a-la-casa-de-gobierno\/\" \/>\n<meta property=\"og:site_name\" content=\"Noticias Radio Reflejos\" \/>\n<meta property=\"article:published_time\" content=\"2018-04-26T23:19:56+00:00\" \/>\n<meta property=\"og:image\" content=\"https:\/\/www.noticiasradioreflejos.com.ar\/2021\/wp-content\/uploads\/2016\/10\/Suteba-logo-640x360-1.jpg\" \/>\n\t<meta property=\"og:image:width\" content=\"640\" \/>\n\t<meta property=\"og:image:height\" content=\"360\" \/>\n\t<meta property=\"og:image:type\" content=\"image\/jpeg\" \/>\n<meta name=\"author\" content=\"Arnaldo Botto\" \/>\n<meta name=\"twitter:card\" content=\"summary_large_image\" \/>\n<script type=\"application\/ld+json\" class=\"yoast-schema-graph\">{\"@context\":\"https:\/\/schema.org\",\"@graph\":[{\"@type\":\"WebPage\",\"@id\":\"https:\/\/www.noticiasradioreflejos.com.ar\/2021\/comunicado-de-prensa-sentada-docente-frente-a-la-casa-de-gobierno\/\",\"url\":\"https:\/\/www.noticiasradioreflejos.com.ar\/2021\/comunicado-de-prensa-sentada-docente-frente-a-la-casa-de-gobierno\/\",\"name\":\"Comunicado de prensa, sentada docente frente a la casa de Gobierno - Noticias Radio Reflejos\",\"isPartOf\":{\"@id\":\"https:\/\/www.noticiasradioreflejos.com.ar\/2021\/#website\"},\"primaryImageOfPage\":{\"@id\":\"https:\/\/www.noticiasradioreflejos.com.ar\/2021\/comunicado-de-prensa-sentada-docente-frente-a-la-casa-de-gobierno\/#primaryimage\"},\"image\":{\"@id\":\"https:\/\/www.noticiasradioreflejos.com.ar\/2021\/comunicado-de-prensa-sentada-docente-frente-a-la-casa-de-gobierno\/#primaryimage\"},\"thumbnailUrl\":\"https:\/\/www.noticiasradioreflejos.com.ar\/2021\/wp-content\/uploads\/2016\/10\/Suteba-logo-640x360-1.jpg\",\"datePublished\":\"2018-04-26T23:19:56+00:00\",\"author\":{\"@id\":\"https:\/\/www.noticiasradioreflejos.com.ar\/2021\/#\/schema\/person\/ad82545263dcc5ec0996818884fd5fb1\"},\"breadcrumb\":{\"@id\":\"https:\/\/www.noticiasradioreflejos.com.ar\/2021\/comunicado-de-prensa-sentada-docente-frente-a-la-casa-de-gobierno\/#breadcrumb\"},\"inLanguage\":\"es\",\"potentialAction\":[{\"@type\":\"ReadAction\",\"target\":[\"https:\/\/www.noticiasradioreflejos.com.ar\/2021\/comunicado-de-prensa-sentada-docente-frente-a-la-casa-de-gobierno\/\"]}]},{\"@type\":\"ImageObject\",\"inLanguage\":\"es\",\"@id\":\"https:\/\/www.noticiasradioreflejos.com.ar\/2021\/comunicado-de-prensa-sentada-docente-frente-a-la-casa-de-gobierno\/#primaryimage\",\"url\":\"https:\/\/www.noticiasradioreflejos.com.ar\/2021\/wp-content\/uploads\/2016\/10\/Suteba-logo-640x360-1.jpg\",\"contentUrl\":\"https:\/\/www.noticiasradioreflejos.com.ar\/2021\/wp-content\/uploads\/2016\/10\/Suteba-logo-640x360-1.jpg\",\"width\":640,\"height\":360},{\"@type\":\"BreadcrumbList\",\"@id\":\"https:\/\/www.noticiasradioreflejos.com.ar\/2021\/comunicado-de-prensa-sentada-docente-frente-a-la-casa-de-gobierno\/#breadcrumb\",\"itemListElement\":[{\"@type\":\"ListItem\",\"position\":1,\"name\":\"Portada\",\"item\":\"https:\/\/www.noticiasradioreflejos.com.ar\/2021\/\"},{\"@type\":\"ListItem\",\"position\":2,\"name\":\"Comunicado de prensa, sentada docente frente a la casa de Gobierno\"}]},{\"@type\":\"WebSite\",\"@id\":\"https:\/\/www.noticiasradioreflejos.com.ar\/2021\/#website\",\"url\":\"https:\/\/www.noticiasradioreflejos.com.ar\/2021\/\",\"name\":\"Noticias Radio Reflejos\",\"description\":\"Las noticias de mi comarca\",\"potentialAction\":[{\"@type\":\"SearchAction\",\"target\":{\"@type\":\"EntryPoint\",\"urlTemplate\":\"https:\/\/www.noticiasradioreflejos.com.ar\/2021\/?s={search_term_string}\"},\"query-input\":{\"@type\":\"PropertyValueSpecification\",\"valueRequired\":true,\"valueName\":\"search_term_string\"}}],\"inLanguage\":\"es\"},{\"@type\":\"Person\",\"@id\":\"https:\/\/www.noticiasradioreflejos.com.ar\/2021\/#\/schema\/person\/ad82545263dcc5ec0996818884fd5fb1\",\"name\":\"Arnaldo Botto\",\"image\":{\"@type\":\"ImageObject\",\"inLanguage\":\"es\",\"@id\":\"https:\/\/www.noticiasradioreflejos.com.ar\/2021\/#\/schema\/person\/image\/\",\"url\":\"https:\/\/secure.gravatar.com\/avatar\/55cb5e37c1efa326397366e6974cb338056df65cb50e7d64d1cf314e87504837?s=96&d=mm&r=g\",\"contentUrl\":\"https:\/\/secure.gravatar.com\/avatar\/55cb5e37c1efa326397366e6974cb338056df65cb50e7d64d1cf314e87504837?s=96&d=mm&r=g\",\"caption\":\"Arnaldo Botto\"},\"url\":\"https:\/\/www.noticiasradioreflejos.com.ar\/2021\/author\/arnaldo\/\"}]}<\/script>\n<!-- \/ Yoast SEO plugin. -->","yoast_head_json":{"title":"Comunicado de prensa, sentada docente frente a la casa de Gobierno - Noticias Radio Reflejos","robots":{"index":"index","follow":"follow","max-snippet":"max-snippet:-1","max-image-preview":"max-image-preview:large","max-video-preview":"max-video-preview:-1"},"canonical":"https:\/\/www.noticiasradioreflejos.com.ar\/2021\/comunicado-de-prensa-sentada-docente-frente-a-la-casa-de-gobierno\/","og_locale":"es_ES","og_type":"article","og_title":"Comunicado de prensa, sentada docente frente a la casa de Gobierno - Noticias Radio Reflejos","og_description":"En el d\u00eda de hoy, en el marco del Plan Nacional de Lucha que lleva adelante la CTERA, m\u00e1s de 500 Docentes de todo el pa\u00eds realizaron una sentada frente a la Casa de Gobierno y entregaron una nota al Presidente Macri exigi\u00e9ndole una urgente reuni\u00f3n para que se garantice una pronta convocatoria a la [&hellip;]","og_url":"https:\/\/www.noticiasradioreflejos.com.ar\/2021\/comunicado-de-prensa-sentada-docente-frente-a-la-casa-de-gobierno\/","og_site_name":"Noticias Radio Reflejos","article_published_time":"2018-04-26T23:19:56+00:00","og_image":[{"width":640,"height":360,"url":"https:\/\/www.noticiasradioreflejos.com.ar\/2021\/wp-content\/uploads\/2016\/10\/Suteba-logo-640x360-1.jpg","type":"image\/jpeg"}],"author":"Arnaldo Botto","twitter_card":"summary_large_image","schema":{"@context":"https:\/\/schema.org","@graph":[{"@type":"WebPage","@id":"https:\/\/www.noticiasradioreflejos.com.ar\/2021\/comunicado-de-prensa-sentada-docente-frente-a-la-casa-de-gobierno\/","url":"https:\/\/www.noticiasradioreflejos.com.ar\/2021\/comunicado-de-prensa-sentada-docente-frente-a-la-casa-de-gobierno\/","name":"Comunicado de prensa, sentada docente frente a la casa de Gobierno - Noticias Radio Reflejos","isPartOf":{"@id":"https:\/\/www.noticiasradioreflejos.com.ar\/2021\/#website"},"primaryImageOfPage":{"@id":"https:\/\/www.noticiasradioreflejos.com.ar\/2021\/comunicado-de-prensa-sentada-docente-frente-a-la-casa-de-gobierno\/#primaryimage"},"image":{"@id":"https:\/\/www.noticiasradioreflejos.com.ar\/2021\/comunicado-de-prensa-sentada-docente-frente-a-la-casa-de-gobierno\/#primaryimage"},"thumbnailUrl":"https:\/\/www.noticiasradioreflejos.com.ar\/2021\/wp-content\/uploads\/2016\/10\/Suteba-logo-640x360-1.jpg","datePublished":"2018-04-26T23:19:56+00:00","author":{"@id":"https:\/\/www.noticiasradioreflejos.com.ar\/2021\/#\/schema\/person\/ad82545263dcc5ec0996818884fd5fb1"},"breadcrumb":{"@id":"https:\/\/www.noticiasradioreflejos.com.ar\/2021\/comunicado-de-prensa-sentada-docente-frente-a-la-casa-de-gobierno\/#breadcrumb"},"inLanguage":"es","potentialAction":[{"@type":"ReadAction","target":["https:\/\/www.noticiasradioreflejos.com.ar\/2021\/comunicado-de-prensa-sentada-docente-frente-a-la-casa-de-gobierno\/"]}]},{"@type":"ImageObject","inLanguage":"es","@id":"https:\/\/www.noticiasradioreflejos.com.ar\/2021\/comunicado-de-prensa-sentada-docente-frente-a-la-casa-de-gobierno\/#primaryimage","url":"https:\/\/www.noticiasradioreflejos.com.ar\/2021\/wp-content\/uploads\/2016\/10\/Suteba-logo-640x360-1.jpg","contentUrl":"https:\/\/www.noticiasradioreflejos.com.ar\/2021\/wp-content\/uploads\/2016\/10\/Suteba-logo-640x360-1.jpg","width":640,"height":360},{"@type":"BreadcrumbList","@id":"https:\/\/www.noticiasradioreflejos.com.ar\/2021\/comunicado-de-prensa-sentada-docente-frente-a-la-casa-de-gobierno\/#breadcrumb","itemListElement":[{"@type":"ListItem","position":1,"name":"Portada","item":"https:\/\/www.noticiasradioreflejos.com.ar\/2021\/"},{"@type":"ListItem","position":2,"name":"Comunicado de prensa, sentada docente frente a la casa de Gobierno"}]},{"@type":"WebSite","@id":"https:\/\/www.noticiasradioreflejos.com.ar\/2021\/#website","url":"https:\/\/www.noticiasradioreflejos.com.ar\/2021\/","name":"Noticias Radio Reflejos","description":"Las noticias de mi comarca","potentialAction":[{"@type":"SearchAction","target":{"@type":"EntryPoint","urlTemplate":"https:\/\/www.noticiasradioreflejos.com.ar\/2021\/?s={search_term_string}"},"query-input":{"@type":"PropertyValueSpecification","valueRequired":true,"valueName":"search_term_string"}}],"inLanguage":"es"},{"@type":"Person","@id":"https:\/\/www.noticiasradioreflejos.com.ar\/2021\/#\/schema\/person\/ad82545263dcc5ec0996818884fd5fb1","name":"Arnaldo Botto","image":{"@type":"ImageObject","inLanguage":"es","@id":"https:\/\/www.noticiasradioreflejos.com.ar\/2021\/#\/schema\/person\/image\/","url":"https:\/\/secure.gravatar.com\/avatar\/55cb5e37c1efa326397366e6974cb338056df65cb50e7d64d1cf314e87504837?s=96&d=mm&r=g","contentUrl":"https:\/\/secure.gravatar.com\/avatar\/55cb5e37c1efa326397366e6974cb338056df65cb50e7d64d1cf314e87504837?s=96&d=mm&r=g","caption":"Arnaldo Botto"},"url":"https:\/\/www.noticiasradioreflejos.com.ar\/2021\/author\/arnaldo\/"}]}},"_links":{"self":[{"href":"https:\/\/www.noticiasradioreflejos.com.ar\/2021\/wp-json\/wp\/v2\/posts\/21100","targetHints":{"allow":["GET"]}}],"collection":[{"href":"https:\/\/www.noticiasradioreflejos.com.ar\/2021\/wp-json\/wp\/v2\/posts"}],"about":[{"href":"https:\/\/www.noticiasradioreflejos.com.ar\/2021\/wp-json\/wp\/v2\/types\/post"}],"author":[{"embeddable":true,"href":"https:\/\/www.noticiasradioreflejos.com.ar\/2021\/wp-json\/wp\/v2\/users\/3"}],"replies":[{"embeddable":true,"href":"https:\/\/www.noticiasradioreflejos.com.ar\/2021\/wp-json\/wp\/v2\/comments?post=21100"}],"version-history":[{"count":0,"href":"https:\/\/www.noticiasradioreflejos.com.ar\/2021\/wp-json\/wp\/v2\/posts\/21100\/revisions"}],"wp:featuredmedia":[{"embeddable":true,"href":"https:\/\/www.noticiasradioreflejos.com.ar\/2021\/wp-json\/wp\/v2\/media\/2623"}],"wp:attachment":[{"href":"https:\/\/www.noticiasradioreflejos.com.ar\/2021\/wp-json\/wp\/v2\/media?parent=21100"}],"wp:term":[{"taxonomy":"category","embeddable":true,"href":"https:\/\/www.noticiasradioreflejos.com.ar\/2021\/wp-json\/wp\/v2\/categories?post=21100"},{"taxonomy":"post_tag","embeddable":true,"href":"https:\/\/www.noticiasradioreflejos.com.ar\/2021\/wp-json\/wp\/v2\/tags?post=21100"}],"curies":[{"name":"wp","href":"https:\/\/api.w.org\/{rel}","templated":true}]}}