{"id":21095,"date":"2018-04-26T14:25:46","date_gmt":"2018-04-26T17:25:46","guid":{"rendered":"http:\/\/www.noticiasradioreflejos.com.ar\/noticias\/?p=21095"},"modified":"2018-04-26T14:25:46","modified_gmt":"2018-04-26T17:25:46","slug":"club-porteno-saldungaray-grilla-de-actividades","status":"publish","type":"post","link":"https:\/\/www.noticiasradioreflejos.com.ar\/2021\/club-porteno-saldungaray-grilla-de-actividades\/","title":{"rendered":"Club Porte\u00f1o Saldungaray, grilla de actividades"},"content":{"rendered":"<p>Grilla de actividades que se realizan en el Club Porte\u00f1o de Saldungaray, muchas de ellas se sumaron este a\u00f1o.<!--more--><br \/>\nCon F\u00fatbol mayor, menor y escuelita se viene trabajando hace varios a\u00f1os, como as\u00ed tambi\u00e9n Folclore con la Pe\u00f1a Huinca Malal, la escuela municipal de Basquet tambi\u00e9n desarrolla su actividad en nuestras instalaciones, Murga Los Cusifai hace varios a\u00f1os que representan al Club, en el a\u00f1o 2017 un grupo de chicas se acerc\u00f3 con intenciones de retomar el equipo de F\u00fatbol Femenino, que alguna vez fue parte del club, veteranos se afianz\u00f3 en 2016.<br \/>\nEste a\u00f1o se incorpor\u00f3 Zumba- Gimnasia Aer\u00f3bica y Localizada-Pat\u00edn Art\u00edstico-  Hockey Mixto y Mamis Hockey-Pelota Paleta.<br \/>\nTaekwondo comienza el 21 de mayo.<br \/>\nTodas las disciplinas est\u00e1n abiertas a nuevas incorporaciones.<br \/>\n<a href=\"http:\/\/farm1.staticflickr.com\/828\/26852762657_85cbe8313b_z.jpg\" title=\"grilla club porte\u00f1o\" rel=\"\"><img loading=\"lazy\" decoding=\"async\" src=\"http:\/\/farm1.staticflickr.com\/828\/26852762657_85cbe8313b_z.jpg\" width=\"640\" height=\"430\" alt=\"grilla club porte\u00f1o\" title=\"grilla club porte\u00f1o\" class=\"aligncenter\"><\/a><\/p>\n","protected":false},"excerpt":{"rendered":"<p>Grilla de actividades que se realizan en el Club Porte\u00f1o de Saldungaray, muchas de ellas se sumaron este a\u00f1o.<\/p>\n","protected":false},"author":3,"featured_media":0,"comment_status":"closed","ping_status":"open","sticky":false,"template":"","format":"standard","meta":{"footnotes":""},"categories":[27],"tags":[],"class_list":["post-21095","post","type-post","status-publish","format-standard","hentry","category-deportes"],"yoast_head":"<!-- This site is optimized with the Yoast SEO plugin v25.9 - https:\/\/yoast.com\/wordpress\/plugins\/seo\/ -->\n<title>Club Porte\u00f1o Saldungaray, grilla de actividades - Noticias Radio Reflejos<\/title>\n<meta name=\"robots\" content=\"index, follow, max-snippet:-1, max-image-preview:large, max-video-preview:-1\" \/>\n<link rel=\"canonical\" href=\"https:\/\/www.noticiasradioreflejos.com.ar\/2021\/club-porteno-saldungaray-grilla-de-actividades\/\" \/>\n<meta property=\"og:locale\" content=\"es_ES\" \/>\n<meta property=\"og:type\" content=\"article\" \/>\n<meta property=\"og:title\" content=\"Club Porte\u00f1o Saldungaray, grilla de actividades - Noticias Radio Reflejos\" \/>\n<meta property=\"og:description\" content=\"Grilla de actividades que se realizan en el Club Porte\u00f1o de Saldungaray, muchas de ellas se sumaron este a\u00f1o.\" \/>\n<meta property=\"og:url\" content=\"https:\/\/www.noticiasradioreflejos.com.ar\/2021\/club-porteno-saldungaray-grilla-de-actividades\/\" \/>\n<meta property=\"og:site_name\" content=\"Noticias Radio Reflejos\" \/>\n<meta property=\"article:published_time\" content=\"2018-04-26T17:25:46+00:00\" \/>\n<meta property=\"og:image\" content=\"http:\/\/farm1.staticflickr.com\/828\/26852762657_85cbe8313b_z.jpg\" \/>\n<meta name=\"author\" content=\"Arnaldo Botto\" \/>\n<meta name=\"twitter:card\" content=\"summary_large_image\" \/>\n<script type=\"application\/ld+json\" class=\"yoast-schema-graph\">{\"@context\":\"https:\/\/schema.org\",\"@graph\":[{\"@type\":\"WebPage\",\"@id\":\"https:\/\/www.noticiasradioreflejos.com.ar\/2021\/club-porteno-saldungaray-grilla-de-actividades\/\",\"url\":\"https:\/\/www.noticiasradioreflejos.com.ar\/2021\/club-porteno-saldungaray-grilla-de-actividades\/\",\"name\":\"Club Porte\u00f1o Saldungaray, grilla de actividades - Noticias Radio Reflejos\",\"isPartOf\":{\"@id\":\"https:\/\/www.noticiasradioreflejos.com.ar\/2021\/#website\"},\"primaryImageOfPage\":{\"@id\":\"https:\/\/www.noticiasradioreflejos.com.ar\/2021\/club-porteno-saldungaray-grilla-de-actividades\/#primaryimage\"},\"image\":{\"@id\":\"https:\/\/www.noticiasradioreflejos.com.ar\/2021\/club-porteno-saldungaray-grilla-de-actividades\/#primaryimage\"},\"thumbnailUrl\":\"http:\/\/farm1.staticflickr.com\/828\/26852762657_85cbe8313b_z.jpg\",\"datePublished\":\"2018-04-26T17:25:46+00:00\",\"author\":{\"@id\":\"https:\/\/www.noticiasradioreflejos.com.ar\/2021\/#\/schema\/person\/ad82545263dcc5ec0996818884fd5fb1\"},\"breadcrumb\":{\"@id\":\"https:\/\/www.noticiasradioreflejos.com.ar\/2021\/club-porteno-saldungaray-grilla-de-actividades\/#breadcrumb\"},\"inLanguage\":\"es\",\"potentialAction\":[{\"@type\":\"ReadAction\",\"target\":[\"https:\/\/www.noticiasradioreflejos.com.ar\/2021\/club-porteno-saldungaray-grilla-de-actividades\/\"]}]},{\"@type\":\"ImageObject\",\"inLanguage\":\"es\",\"@id\":\"https:\/\/www.noticiasradioreflejos.com.ar\/2021\/club-porteno-saldungaray-grilla-de-actividades\/#primaryimage\",\"url\":\"http:\/\/farm1.staticflickr.com\/828\/26852762657_85cbe8313b_z.jpg\",\"contentUrl\":\"http:\/\/farm1.staticflickr.com\/828\/26852762657_85cbe8313b_z.jpg\"},{\"@type\":\"BreadcrumbList\",\"@id\":\"https:\/\/www.noticiasradioreflejos.com.ar\/2021\/club-porteno-saldungaray-grilla-de-actividades\/#breadcrumb\",\"itemListElement\":[{\"@type\":\"ListItem\",\"position\":1,\"name\":\"Portada\",\"item\":\"https:\/\/www.noticiasradioreflejos.com.ar\/2021\/\"},{\"@type\":\"ListItem\",\"position\":2,\"name\":\"Club Porte\u00f1o Saldungaray, grilla de actividades\"}]},{\"@type\":\"WebSite\",\"@id\":\"https:\/\/www.noticiasradioreflejos.com.ar\/2021\/#website\",\"url\":\"https:\/\/www.noticiasradioreflejos.com.ar\/2021\/\",\"name\":\"Noticias Radio Reflejos\",\"description\":\"Las noticias de mi comarca\",\"potentialAction\":[{\"@type\":\"SearchAction\",\"target\":{\"@type\":\"EntryPoint\",\"urlTemplate\":\"https:\/\/www.noticiasradioreflejos.com.ar\/2021\/?s={search_term_string}\"},\"query-input\":{\"@type\":\"PropertyValueSpecification\",\"valueRequired\":true,\"valueName\":\"search_term_string\"}}],\"inLanguage\":\"es\"},{\"@type\":\"Person\",\"@id\":\"https:\/\/www.noticiasradioreflejos.com.ar\/2021\/#\/schema\/person\/ad82545263dcc5ec0996818884fd5fb1\",\"name\":\"Arnaldo Botto\",\"image\":{\"@type\":\"ImageObject\",\"inLanguage\":\"es\",\"@id\":\"https:\/\/www.noticiasradioreflejos.com.ar\/2021\/#\/schema\/person\/image\/\",\"url\":\"https:\/\/secure.gravatar.com\/avatar\/55cb5e37c1efa326397366e6974cb338056df65cb50e7d64d1cf314e87504837?s=96&d=mm&r=g\",\"contentUrl\":\"https:\/\/secure.gravatar.com\/avatar\/55cb5e37c1efa326397366e6974cb338056df65cb50e7d64d1cf314e87504837?s=96&d=mm&r=g\",\"caption\":\"Arnaldo Botto\"},\"url\":\"https:\/\/www.noticiasradioreflejos.com.ar\/2021\/author\/arnaldo\/\"}]}<\/script>\n<!-- \/ Yoast SEO plugin. -->","yoast_head_json":{"title":"Club Porte\u00f1o Saldungaray, grilla de actividades - Noticias Radio Reflejos","robots":{"index":"index","follow":"follow","max-snippet":"max-snippet:-1","max-image-preview":"max-image-preview:large","max-video-preview":"max-video-preview:-1"},"canonical":"https:\/\/www.noticiasradioreflejos.com.ar\/2021\/club-porteno-saldungaray-grilla-de-actividades\/","og_locale":"es_ES","og_type":"article","og_title":"Club Porte\u00f1o Saldungaray, grilla de actividades - Noticias Radio Reflejos","og_description":"Grilla de actividades que se realizan en el Club Porte\u00f1o de Saldungaray, muchas de ellas se sumaron este a\u00f1o.","og_url":"https:\/\/www.noticiasradioreflejos.com.ar\/2021\/club-porteno-saldungaray-grilla-de-actividades\/","og_site_name":"Noticias Radio Reflejos","article_published_time":"2018-04-26T17:25:46+00:00","og_image":[{"url":"http:\/\/farm1.staticflickr.com\/828\/26852762657_85cbe8313b_z.jpg","type":"","width":"","height":""}],"author":"Arnaldo Botto","twitter_card":"summary_large_image","schema":{"@context":"https:\/\/schema.org","@graph":[{"@type":"WebPage","@id":"https:\/\/www.noticiasradioreflejos.com.ar\/2021\/club-porteno-saldungaray-grilla-de-actividades\/","url":"https:\/\/www.noticiasradioreflejos.com.ar\/2021\/club-porteno-saldungaray-grilla-de-actividades\/","name":"Club Porte\u00f1o Saldungaray, grilla de actividades - Noticias Radio Reflejos","isPartOf":{"@id":"https:\/\/www.noticiasradioreflejos.com.ar\/2021\/#website"},"primaryImageOfPage":{"@id":"https:\/\/www.noticiasradioreflejos.com.ar\/2021\/club-porteno-saldungaray-grilla-de-actividades\/#primaryimage"},"image":{"@id":"https:\/\/www.noticiasradioreflejos.com.ar\/2021\/club-porteno-saldungaray-grilla-de-actividades\/#primaryimage"},"thumbnailUrl":"http:\/\/farm1.staticflickr.com\/828\/26852762657_85cbe8313b_z.jpg","datePublished":"2018-04-26T17:25:46+00:00","author":{"@id":"https:\/\/www.noticiasradioreflejos.com.ar\/2021\/#\/schema\/person\/ad82545263dcc5ec0996818884fd5fb1"},"breadcrumb":{"@id":"https:\/\/www.noticiasradioreflejos.com.ar\/2021\/club-porteno-saldungaray-grilla-de-actividades\/#breadcrumb"},"inLanguage":"es","potentialAction":[{"@type":"ReadAction","target":["https:\/\/www.noticiasradioreflejos.com.ar\/2021\/club-porteno-saldungaray-grilla-de-actividades\/"]}]},{"@type":"ImageObject","inLanguage":"es","@id":"https:\/\/www.noticiasradioreflejos.com.ar\/2021\/club-porteno-saldungaray-grilla-de-actividades\/#primaryimage","url":"http:\/\/farm1.staticflickr.com\/828\/26852762657_85cbe8313b_z.jpg","contentUrl":"http:\/\/farm1.staticflickr.com\/828\/26852762657_85cbe8313b_z.jpg"},{"@type":"BreadcrumbList","@id":"https:\/\/www.noticiasradioreflejos.com.ar\/2021\/club-porteno-saldungaray-grilla-de-actividades\/#breadcrumb","itemListElement":[{"@type":"ListItem","position":1,"name":"Portada","item":"https:\/\/www.noticiasradioreflejos.com.ar\/2021\/"},{"@type":"ListItem","position":2,"name":"Club Porte\u00f1o Saldungaray, grilla de actividades"}]},{"@type":"WebSite","@id":"https:\/\/www.noticiasradioreflejos.com.ar\/2021\/#website","url":"https:\/\/www.noticiasradioreflejos.com.ar\/2021\/","name":"Noticias Radio Reflejos","description":"Las noticias de mi comarca","potentialAction":[{"@type":"SearchAction","target":{"@type":"EntryPoint","urlTemplate":"https:\/\/www.noticiasradioreflejos.com.ar\/2021\/?s={search_term_string}"},"query-input":{"@type":"PropertyValueSpecification","valueRequired":true,"valueName":"search_term_string"}}],"inLanguage":"es"},{"@type":"Person","@id":"https:\/\/www.noticiasradioreflejos.com.ar\/2021\/#\/schema\/person\/ad82545263dcc5ec0996818884fd5fb1","name":"Arnaldo Botto","image":{"@type":"ImageObject","inLanguage":"es","@id":"https:\/\/www.noticiasradioreflejos.com.ar\/2021\/#\/schema\/person\/image\/","url":"https:\/\/secure.gravatar.com\/avatar\/55cb5e37c1efa326397366e6974cb338056df65cb50e7d64d1cf314e87504837?s=96&d=mm&r=g","contentUrl":"https:\/\/secure.gravatar.com\/avatar\/55cb5e37c1efa326397366e6974cb338056df65cb50e7d64d1cf314e87504837?s=96&d=mm&r=g","caption":"Arnaldo Botto"},"url":"https:\/\/www.noticiasradioreflejos.com.ar\/2021\/author\/arnaldo\/"}]}},"_links":{"self":[{"href":"https:\/\/www.noticiasradioreflejos.com.ar\/2021\/wp-json\/wp\/v2\/posts\/21095","targetHints":{"allow":["GET"]}}],"collection":[{"href":"https:\/\/www.noticiasradioreflejos.com.ar\/2021\/wp-json\/wp\/v2\/posts"}],"about":[{"href":"https:\/\/www.noticiasradioreflejos.com.ar\/2021\/wp-json\/wp\/v2\/types\/post"}],"author":[{"embeddable":true,"href":"https:\/\/www.noticiasradioreflejos.com.ar\/2021\/wp-json\/wp\/v2\/users\/3"}],"replies":[{"embeddable":true,"href":"https:\/\/www.noticiasradioreflejos.com.ar\/2021\/wp-json\/wp\/v2\/comments?post=21095"}],"version-history":[{"count":0,"href":"https:\/\/www.noticiasradioreflejos.com.ar\/2021\/wp-json\/wp\/v2\/posts\/21095\/revisions"}],"wp:attachment":[{"href":"https:\/\/www.noticiasradioreflejos.com.ar\/2021\/wp-json\/wp\/v2\/media?parent=21095"}],"wp:term":[{"taxonomy":"category","embeddable":true,"href":"https:\/\/www.noticiasradioreflejos.com.ar\/2021\/wp-json\/wp\/v2\/categories?post=21095"},{"taxonomy":"post_tag","embeddable":true,"href":"https:\/\/www.noticiasradioreflejos.com.ar\/2021\/wp-json\/wp\/v2\/tags?post=21095"}],"curies":[{"name":"wp","href":"https:\/\/api.w.org\/{rel}","templated":true}]}}