{"id":21091,"date":"2018-04-26T12:13:38","date_gmt":"2018-04-26T15:13:38","guid":{"rendered":"http:\/\/www.noticiasradioreflejos.com.ar\/noticias\/?p=21091"},"modified":"2018-04-26T12:13:38","modified_gmt":"2018-04-26T15:13:38","slug":"caminata-de-observacion-de-aves-silvestres-en-villa-ventana","status":"publish","type":"post","link":"https:\/\/www.noticiasradioreflejos.com.ar\/2021\/caminata-de-observacion-de-aves-silvestres-en-villa-ventana\/","title":{"rendered":"Caminata de observaci\u00f3n de aves silvestres en Villa Ventana"},"content":{"rendered":"<p>Este Domingo 29 de abril se realizar\u00e1 una caminata de observaci\u00f3n de Aves Silvestres, organizada por el Club de Observadores de Aves<br \/>\n(COA) Gaucho Serrano de Villa Ventana. Para conocer la formaci\u00f3n del COA y detalles de la salida programada para este domngo en Villa Ventana, nos comunicamos con Fabrizio Piantanida, Guardaparque y amante de la actividad.<!--more--><br \/>\n<a title=\"31229277_184259725735203_3648184052021723136_n\" href=\"http:\/\/farm1.staticflickr.com\/866\/39910715740_6844c3b113_z.jpg\" rel=\"\"><img loading=\"lazy\" decoding=\"async\" class=\"aligncenter\" title=\"31229277_184259725735203_3648184052021723136_n\" src=\"http:\/\/farm1.staticflickr.com\/866\/39910715740_6844c3b113_z.jpg\" alt=\"31229277_184259725735203_3648184052021723136_n\" width=\"640\" height=\"480\" \/><\/a>Entre los participantes del taller de observaci\u00f3n de aves silvestres \u201cEntre Plumas\u00bb, desarrollado desde la Biblioteca Popular Macedonio Fern\u00e1ndez de Villa Ventana, surgi\u00f3 la voluntad de formar un Club de Observadores de Aves (COA) bajo los principios establecidos por Aves Argentinas, prestigiosa instituci\u00f3n dedicada a la investigaci\u00f3n y conservaci\u00f3n de las aves en nuestro pa\u00eds.<br \/>\nAs\u00ed naci\u00f3 el \u00abCOA GAUCHO SERRANO de Villa Ventana\u00bb abierto a la participaci\u00f3n de quienes desean descubrir y conocer nuestras aves silvestres, buscando agudizar sus sensibilidades y percepciones, adem\u00e1s de reencontrarse con la naturaleza para disfrutarla.<br \/>\nNuestra propuesta consiste en promover el desarrollo de talleres, cursos, charlas, campa\u00f1as de difusi\u00f3n y, por supuesto, la invitaci\u00f3n a salidas de observaci\u00f3n de aves, abiertas y dirigidas a toda la comunidad.<br \/>\nEn adhesi\u00f3n al D\u00eda del Animal, el \u201cCOA Gaucho Serrano\u201d te invita a acompa\u00f1arnos en la primer caminata de observaci\u00f3n de aves silvestres, que realizaremos el pr\u00f3ximo domingo 29 de abril.<br \/>\nTe esperamos a las 15.30 hs en Piedras y Benteveo de Villa Ventana.<br \/>\nLa actividad es libre y gratuita y consiste en una caminata de esfuerzo y dificultad moderada de dos horas de duraci\u00f3n aproximadamente, por un sector agreste lindero a la planta urbana.<br \/>\nSi vas acompa\u00f1ado de peque\u00f1os, que sean mayores de 8 a\u00f1os. Tra\u00e9te 1 litro de agua en envase pl\u00e1stico, calzado deportivo adecuado, libreta y l\u00e1piz, y -si ten\u00e9s- binoculares y gu\u00eda de aves.<br \/>\nPor favor, te pedimos que te registres dej\u00e1ndonos mensaje en esta publicaci\u00f3n de FCBK o escribi\u00e9ndonos a \u00abcoa.villaventana@avesargentinas.org.ar\u00bb.<br \/>\nSe suspende por lluvia.<br \/>\n<iframe loading=\"lazy\" src=\"https:\/\/w.soundcloud.com\/player\/?url=https%3A\/\/api.soundcloud.com\/tracks\/435503820&amp;color=%23ff5500&amp;auto_play=false&amp;hide_related=false&amp;show_comments=true&amp;show_user=true&amp;show_reposts=false&amp;show_teaser=true\" width=\"100%\" height=\"166\" frameborder=\"no\" scrolling=\"no\"><\/iframe><\/p>\n","protected":false},"excerpt":{"rendered":"<p>Este Domingo 29 de abril se realizar\u00e1 una caminata de observaci\u00f3n de Aves Silvestres, organizada por el Club de Observadores de Aves (COA) Gaucho Serrano de Villa Ventana. Para conocer la formaci\u00f3n del COA y detalles de la salida programada para este domngo en Villa Ventana, nos comunicamos con Fabrizio Piantanida, Guardaparque y amante de [&hellip;]<\/p>\n","protected":false},"author":3,"featured_media":0,"comment_status":"closed","ping_status":"open","sticky":false,"template":"","format":"standard","meta":{"footnotes":""},"categories":[35],"tags":[],"class_list":["post-21091","post","type-post","status-publish","format-standard","hentry","category-cultura"],"yoast_head":"<!-- This site is optimized with the Yoast SEO plugin v25.9 - https:\/\/yoast.com\/wordpress\/plugins\/seo\/ -->\n<title>Caminata de observaci\u00f3n de aves silvestres en Villa Ventana - Noticias Radio Reflejos<\/title>\n<meta name=\"robots\" content=\"index, follow, max-snippet:-1, max-image-preview:large, max-video-preview:-1\" \/>\n<link rel=\"canonical\" href=\"https:\/\/www.noticiasradioreflejos.com.ar\/2021\/caminata-de-observacion-de-aves-silvestres-en-villa-ventana\/\" \/>\n<meta property=\"og:locale\" content=\"es_ES\" \/>\n<meta property=\"og:type\" content=\"article\" \/>\n<meta property=\"og:title\" content=\"Caminata de observaci\u00f3n de aves silvestres en Villa Ventana - Noticias Radio Reflejos\" \/>\n<meta property=\"og:description\" content=\"Este Domingo 29 de abril se realizar\u00e1 una caminata de observaci\u00f3n de Aves Silvestres, organizada por el Club de Observadores de Aves (COA) Gaucho Serrano de Villa Ventana. Para conocer la formaci\u00f3n del COA y detalles de la salida programada para este domngo en Villa Ventana, nos comunicamos con Fabrizio Piantanida, Guardaparque y amante de [&hellip;]\" \/>\n<meta property=\"og:url\" content=\"https:\/\/www.noticiasradioreflejos.com.ar\/2021\/caminata-de-observacion-de-aves-silvestres-en-villa-ventana\/\" \/>\n<meta property=\"og:site_name\" content=\"Noticias Radio Reflejos\" \/>\n<meta property=\"article:published_time\" content=\"2018-04-26T15:13:38+00:00\" \/>\n<meta property=\"og:image\" content=\"http:\/\/farm1.staticflickr.com\/866\/39910715740_6844c3b113_z.jpg\" \/>\n<meta name=\"author\" content=\"Arnaldo Botto\" \/>\n<meta name=\"twitter:card\" content=\"summary_large_image\" \/>\n<script type=\"application\/ld+json\" class=\"yoast-schema-graph\">{\"@context\":\"https:\/\/schema.org\",\"@graph\":[{\"@type\":\"WebPage\",\"@id\":\"https:\/\/www.noticiasradioreflejos.com.ar\/2021\/caminata-de-observacion-de-aves-silvestres-en-villa-ventana\/\",\"url\":\"https:\/\/www.noticiasradioreflejos.com.ar\/2021\/caminata-de-observacion-de-aves-silvestres-en-villa-ventana\/\",\"name\":\"Caminata de observaci\u00f3n de aves silvestres en Villa Ventana - Noticias Radio Reflejos\",\"isPartOf\":{\"@id\":\"https:\/\/www.noticiasradioreflejos.com.ar\/2021\/#website\"},\"primaryImageOfPage\":{\"@id\":\"https:\/\/www.noticiasradioreflejos.com.ar\/2021\/caminata-de-observacion-de-aves-silvestres-en-villa-ventana\/#primaryimage\"},\"image\":{\"@id\":\"https:\/\/www.noticiasradioreflejos.com.ar\/2021\/caminata-de-observacion-de-aves-silvestres-en-villa-ventana\/#primaryimage\"},\"thumbnailUrl\":\"http:\/\/farm1.staticflickr.com\/866\/39910715740_6844c3b113_z.jpg\",\"datePublished\":\"2018-04-26T15:13:38+00:00\",\"author\":{\"@id\":\"https:\/\/www.noticiasradioreflejos.com.ar\/2021\/#\/schema\/person\/ad82545263dcc5ec0996818884fd5fb1\"},\"breadcrumb\":{\"@id\":\"https:\/\/www.noticiasradioreflejos.com.ar\/2021\/caminata-de-observacion-de-aves-silvestres-en-villa-ventana\/#breadcrumb\"},\"inLanguage\":\"es\",\"potentialAction\":[{\"@type\":\"ReadAction\",\"target\":[\"https:\/\/www.noticiasradioreflejos.com.ar\/2021\/caminata-de-observacion-de-aves-silvestres-en-villa-ventana\/\"]}]},{\"@type\":\"ImageObject\",\"inLanguage\":\"es\",\"@id\":\"https:\/\/www.noticiasradioreflejos.com.ar\/2021\/caminata-de-observacion-de-aves-silvestres-en-villa-ventana\/#primaryimage\",\"url\":\"http:\/\/farm1.staticflickr.com\/866\/39910715740_6844c3b113_z.jpg\",\"contentUrl\":\"http:\/\/farm1.staticflickr.com\/866\/39910715740_6844c3b113_z.jpg\"},{\"@type\":\"BreadcrumbList\",\"@id\":\"https:\/\/www.noticiasradioreflejos.com.ar\/2021\/caminata-de-observacion-de-aves-silvestres-en-villa-ventana\/#breadcrumb\",\"itemListElement\":[{\"@type\":\"ListItem\",\"position\":1,\"name\":\"Portada\",\"item\":\"https:\/\/www.noticiasradioreflejos.com.ar\/2021\/\"},{\"@type\":\"ListItem\",\"position\":2,\"name\":\"Caminata de observaci\u00f3n de aves silvestres en Villa Ventana\"}]},{\"@type\":\"WebSite\",\"@id\":\"https:\/\/www.noticiasradioreflejos.com.ar\/2021\/#website\",\"url\":\"https:\/\/www.noticiasradioreflejos.com.ar\/2021\/\",\"name\":\"Noticias Radio Reflejos\",\"description\":\"Las noticias de mi comarca\",\"potentialAction\":[{\"@type\":\"SearchAction\",\"target\":{\"@type\":\"EntryPoint\",\"urlTemplate\":\"https:\/\/www.noticiasradioreflejos.com.ar\/2021\/?s={search_term_string}\"},\"query-input\":{\"@type\":\"PropertyValueSpecification\",\"valueRequired\":true,\"valueName\":\"search_term_string\"}}],\"inLanguage\":\"es\"},{\"@type\":\"Person\",\"@id\":\"https:\/\/www.noticiasradioreflejos.com.ar\/2021\/#\/schema\/person\/ad82545263dcc5ec0996818884fd5fb1\",\"name\":\"Arnaldo Botto\",\"image\":{\"@type\":\"ImageObject\",\"inLanguage\":\"es\",\"@id\":\"https:\/\/www.noticiasradioreflejos.com.ar\/2021\/#\/schema\/person\/image\/\",\"url\":\"https:\/\/secure.gravatar.com\/avatar\/55cb5e37c1efa326397366e6974cb338056df65cb50e7d64d1cf314e87504837?s=96&d=mm&r=g\",\"contentUrl\":\"https:\/\/secure.gravatar.com\/avatar\/55cb5e37c1efa326397366e6974cb338056df65cb50e7d64d1cf314e87504837?s=96&d=mm&r=g\",\"caption\":\"Arnaldo Botto\"},\"url\":\"https:\/\/www.noticiasradioreflejos.com.ar\/2021\/author\/arnaldo\/\"}]}<\/script>\n<!-- \/ Yoast SEO plugin. -->","yoast_head_json":{"title":"Caminata de observaci\u00f3n de aves silvestres en Villa Ventana - Noticias Radio Reflejos","robots":{"index":"index","follow":"follow","max-snippet":"max-snippet:-1","max-image-preview":"max-image-preview:large","max-video-preview":"max-video-preview:-1"},"canonical":"https:\/\/www.noticiasradioreflejos.com.ar\/2021\/caminata-de-observacion-de-aves-silvestres-en-villa-ventana\/","og_locale":"es_ES","og_type":"article","og_title":"Caminata de observaci\u00f3n de aves silvestres en Villa Ventana - Noticias Radio Reflejos","og_description":"Este Domingo 29 de abril se realizar\u00e1 una caminata de observaci\u00f3n de Aves Silvestres, organizada por el Club de Observadores de Aves (COA) Gaucho Serrano de Villa Ventana. Para conocer la formaci\u00f3n del COA y detalles de la salida programada para este domngo en Villa Ventana, nos comunicamos con Fabrizio Piantanida, Guardaparque y amante de [&hellip;]","og_url":"https:\/\/www.noticiasradioreflejos.com.ar\/2021\/caminata-de-observacion-de-aves-silvestres-en-villa-ventana\/","og_site_name":"Noticias Radio Reflejos","article_published_time":"2018-04-26T15:13:38+00:00","og_image":[{"url":"http:\/\/farm1.staticflickr.com\/866\/39910715740_6844c3b113_z.jpg","type":"","width":"","height":""}],"author":"Arnaldo Botto","twitter_card":"summary_large_image","schema":{"@context":"https:\/\/schema.org","@graph":[{"@type":"WebPage","@id":"https:\/\/www.noticiasradioreflejos.com.ar\/2021\/caminata-de-observacion-de-aves-silvestres-en-villa-ventana\/","url":"https:\/\/www.noticiasradioreflejos.com.ar\/2021\/caminata-de-observacion-de-aves-silvestres-en-villa-ventana\/","name":"Caminata de observaci\u00f3n de aves silvestres en Villa Ventana - Noticias Radio Reflejos","isPartOf":{"@id":"https:\/\/www.noticiasradioreflejos.com.ar\/2021\/#website"},"primaryImageOfPage":{"@id":"https:\/\/www.noticiasradioreflejos.com.ar\/2021\/caminata-de-observacion-de-aves-silvestres-en-villa-ventana\/#primaryimage"},"image":{"@id":"https:\/\/www.noticiasradioreflejos.com.ar\/2021\/caminata-de-observacion-de-aves-silvestres-en-villa-ventana\/#primaryimage"},"thumbnailUrl":"http:\/\/farm1.staticflickr.com\/866\/39910715740_6844c3b113_z.jpg","datePublished":"2018-04-26T15:13:38+00:00","author":{"@id":"https:\/\/www.noticiasradioreflejos.com.ar\/2021\/#\/schema\/person\/ad82545263dcc5ec0996818884fd5fb1"},"breadcrumb":{"@id":"https:\/\/www.noticiasradioreflejos.com.ar\/2021\/caminata-de-observacion-de-aves-silvestres-en-villa-ventana\/#breadcrumb"},"inLanguage":"es","potentialAction":[{"@type":"ReadAction","target":["https:\/\/www.noticiasradioreflejos.com.ar\/2021\/caminata-de-observacion-de-aves-silvestres-en-villa-ventana\/"]}]},{"@type":"ImageObject","inLanguage":"es","@id":"https:\/\/www.noticiasradioreflejos.com.ar\/2021\/caminata-de-observacion-de-aves-silvestres-en-villa-ventana\/#primaryimage","url":"http:\/\/farm1.staticflickr.com\/866\/39910715740_6844c3b113_z.jpg","contentUrl":"http:\/\/farm1.staticflickr.com\/866\/39910715740_6844c3b113_z.jpg"},{"@type":"BreadcrumbList","@id":"https:\/\/www.noticiasradioreflejos.com.ar\/2021\/caminata-de-observacion-de-aves-silvestres-en-villa-ventana\/#breadcrumb","itemListElement":[{"@type":"ListItem","position":1,"name":"Portada","item":"https:\/\/www.noticiasradioreflejos.com.ar\/2021\/"},{"@type":"ListItem","position":2,"name":"Caminata de observaci\u00f3n de aves silvestres en Villa Ventana"}]},{"@type":"WebSite","@id":"https:\/\/www.noticiasradioreflejos.com.ar\/2021\/#website","url":"https:\/\/www.noticiasradioreflejos.com.ar\/2021\/","name":"Noticias Radio Reflejos","description":"Las noticias de mi comarca","potentialAction":[{"@type":"SearchAction","target":{"@type":"EntryPoint","urlTemplate":"https:\/\/www.noticiasradioreflejos.com.ar\/2021\/?s={search_term_string}"},"query-input":{"@type":"PropertyValueSpecification","valueRequired":true,"valueName":"search_term_string"}}],"inLanguage":"es"},{"@type":"Person","@id":"https:\/\/www.noticiasradioreflejos.com.ar\/2021\/#\/schema\/person\/ad82545263dcc5ec0996818884fd5fb1","name":"Arnaldo Botto","image":{"@type":"ImageObject","inLanguage":"es","@id":"https:\/\/www.noticiasradioreflejos.com.ar\/2021\/#\/schema\/person\/image\/","url":"https:\/\/secure.gravatar.com\/avatar\/55cb5e37c1efa326397366e6974cb338056df65cb50e7d64d1cf314e87504837?s=96&d=mm&r=g","contentUrl":"https:\/\/secure.gravatar.com\/avatar\/55cb5e37c1efa326397366e6974cb338056df65cb50e7d64d1cf314e87504837?s=96&d=mm&r=g","caption":"Arnaldo Botto"},"url":"https:\/\/www.noticiasradioreflejos.com.ar\/2021\/author\/arnaldo\/"}]}},"_links":{"self":[{"href":"https:\/\/www.noticiasradioreflejos.com.ar\/2021\/wp-json\/wp\/v2\/posts\/21091","targetHints":{"allow":["GET"]}}],"collection":[{"href":"https:\/\/www.noticiasradioreflejos.com.ar\/2021\/wp-json\/wp\/v2\/posts"}],"about":[{"href":"https:\/\/www.noticiasradioreflejos.com.ar\/2021\/wp-json\/wp\/v2\/types\/post"}],"author":[{"embeddable":true,"href":"https:\/\/www.noticiasradioreflejos.com.ar\/2021\/wp-json\/wp\/v2\/users\/3"}],"replies":[{"embeddable":true,"href":"https:\/\/www.noticiasradioreflejos.com.ar\/2021\/wp-json\/wp\/v2\/comments?post=21091"}],"version-history":[{"count":0,"href":"https:\/\/www.noticiasradioreflejos.com.ar\/2021\/wp-json\/wp\/v2\/posts\/21091\/revisions"}],"wp:attachment":[{"href":"https:\/\/www.noticiasradioreflejos.com.ar\/2021\/wp-json\/wp\/v2\/media?parent=21091"}],"wp:term":[{"taxonomy":"category","embeddable":true,"href":"https:\/\/www.noticiasradioreflejos.com.ar\/2021\/wp-json\/wp\/v2\/categories?post=21091"},{"taxonomy":"post_tag","embeddable":true,"href":"https:\/\/www.noticiasradioreflejos.com.ar\/2021\/wp-json\/wp\/v2\/tags?post=21091"}],"curies":[{"name":"wp","href":"https:\/\/api.w.org\/{rel}","templated":true}]}}