{"id":21088,"date":"2018-04-26T11:20:08","date_gmt":"2018-04-26T14:20:08","guid":{"rendered":"http:\/\/www.noticiasradioreflejos.com.ar\/noticias\/?p=21088"},"modified":"2018-04-26T11:20:08","modified_gmt":"2018-04-26T14:20:08","slug":"el-intendente-municipal-participo-de-la-mesa-ambiental-bonaerense","status":"publish","type":"post","link":"https:\/\/www.noticiasradioreflejos.com.ar\/2021\/el-intendente-municipal-participo-de-la-mesa-ambiental-bonaerense\/","title":{"rendered":"El intendente municipal particip\u00f3 de la Mesa Ambiental Bonaerense"},"content":{"rendered":"<p>El intendente municipal, Sergio Bordoni, particip\u00f3 junto al Secretario de Desarrollo, Gonzalo Iparraguirre, la Directora de Medio Ambiente, Melisa Herrada y la Jefa del \u00e1rea en Sierra de la Ventana, Liliana Diehl, de la Mesa Ambiental Bonaerense, que se llev\u00f3 a cabo en la sede de la UCA.<!--more--><br \/>\nEl encuentro, organizado por el Organismo Provincial para el Desarrollo Sostenible (OPDS), se cre\u00f3 con el objetivo de construir un espacio de di\u00e1logo permanente con los municipios. Que permita afianzar los lazos institucionales a la hora de identificar, formular e implementar pol\u00edticas, programas y proyectos que garanticen el cumplimiento de las normas ambientales y el desarrollo sostenible.<br \/>\nDe la apertura participaron el director ejecutivo del OPDS Rodrigo Aybar, quien present\u00f3 la Mesa acompa\u00f1ado por el ministro de Agroindustria de la Provincia, Leonardo Sarqu\u00eds; de Producci\u00f3n, Javier Tizado; el secretario de Control y Monitoreo Ambiental del Ministerio de Ambiente de la Naci\u00f3n, Thierry Decoud, y el titular de la Autoridad del Agua de la Provincia, Pablo Rodrigu\u00e9.<br \/>\nLa capacitaci\u00f3n estuvo divida en dos d\u00edas, en los cuales se abordaron las siguientes tem\u00e1ticas: normativas principales y competencias municipales en el panel de Legislaci\u00f3n Ambiental, el trabajo en conjunto entre el OPDS y los municipios a trav\u00e9s de capacitaciones y convenios que brindan las herramientas para mejorar la gesti\u00f3n y la fiscalizaci\u00f3n ambiental, evaluaci\u00f3n de impacto ambiental, \u00e1reas naturales protegidas, gesti\u00f3n de residuos s\u00f3lidos urbanos, residuos especiales y patog\u00e9nicos, econom\u00eda ambiental y energ\u00edas alternativas.<br \/>\nEn el cierre, se hizo presente el Ministro de Ciencia, Tecnolog\u00eda e Innovaci\u00f3n, Jorge Elustondo.<br \/>\n<a title=\"3793929a-2384-4f74-a703-7faa80a11d9a\" href=\"http:\/\/farm1.staticflickr.com\/868\/40817852945_9bf641e83b.jpg\" rel=\"\"><img loading=\"lazy\" decoding=\"async\" class=\"aligncenter\" title=\"3793929a-2384-4f74-a703-7faa80a11d9a\" src=\"http:\/\/farm1.staticflickr.com\/868\/40817852945_9bf641e83b.jpg\" alt=\"3793929a-2384-4f74-a703-7faa80a11d9a\" width=\"500\" height=\"281\" \/><\/a><\/p>\n","protected":false},"excerpt":{"rendered":"<p>El intendente municipal, Sergio Bordoni, particip\u00f3 junto al Secretario de Desarrollo, Gonzalo Iparraguirre, la Directora de Medio Ambiente, Melisa Herrada y la Jefa del \u00e1rea en Sierra de la Ventana, Liliana Diehl, de la Mesa Ambiental Bonaerense, que se llev\u00f3 a cabo en la sede de la UCA.<\/p>\n","protected":false},"author":3,"featured_media":0,"comment_status":"closed","ping_status":"open","sticky":false,"template":"","format":"standard","meta":{"footnotes":""},"categories":[28],"tags":[],"class_list":["post-21088","post","type-post","status-publish","format-standard","hentry","category-municipales"],"yoast_head":"<!-- This site is optimized with the Yoast SEO plugin v25.9 - https:\/\/yoast.com\/wordpress\/plugins\/seo\/ -->\n<title>El intendente municipal particip\u00f3 de la Mesa Ambiental Bonaerense - Noticias Radio Reflejos<\/title>\n<meta name=\"robots\" content=\"index, follow, max-snippet:-1, max-image-preview:large, max-video-preview:-1\" \/>\n<link rel=\"canonical\" href=\"https:\/\/www.noticiasradioreflejos.com.ar\/2021\/el-intendente-municipal-participo-de-la-mesa-ambiental-bonaerense\/\" \/>\n<meta property=\"og:locale\" content=\"es_ES\" \/>\n<meta property=\"og:type\" content=\"article\" \/>\n<meta property=\"og:title\" content=\"El intendente municipal particip\u00f3 de la Mesa Ambiental Bonaerense - Noticias Radio Reflejos\" \/>\n<meta property=\"og:description\" content=\"El intendente municipal, Sergio Bordoni, particip\u00f3 junto al Secretario de Desarrollo, Gonzalo Iparraguirre, la Directora de Medio Ambiente, Melisa Herrada y la Jefa del \u00e1rea en Sierra de la Ventana, Liliana Diehl, de la Mesa Ambiental Bonaerense, que se llev\u00f3 a cabo en la sede de la UCA.\" \/>\n<meta property=\"og:url\" content=\"https:\/\/www.noticiasradioreflejos.com.ar\/2021\/el-intendente-municipal-participo-de-la-mesa-ambiental-bonaerense\/\" \/>\n<meta property=\"og:site_name\" content=\"Noticias Radio Reflejos\" \/>\n<meta property=\"article:published_time\" content=\"2018-04-26T14:20:08+00:00\" \/>\n<meta property=\"og:image\" content=\"http:\/\/farm1.staticflickr.com\/868\/40817852945_9bf641e83b.jpg\" \/>\n<meta name=\"author\" content=\"Arnaldo Botto\" \/>\n<meta name=\"twitter:card\" content=\"summary_large_image\" \/>\n<script type=\"application\/ld+json\" class=\"yoast-schema-graph\">{\"@context\":\"https:\/\/schema.org\",\"@graph\":[{\"@type\":\"WebPage\",\"@id\":\"https:\/\/www.noticiasradioreflejos.com.ar\/2021\/el-intendente-municipal-participo-de-la-mesa-ambiental-bonaerense\/\",\"url\":\"https:\/\/www.noticiasradioreflejos.com.ar\/2021\/el-intendente-municipal-participo-de-la-mesa-ambiental-bonaerense\/\",\"name\":\"El intendente municipal particip\u00f3 de la Mesa Ambiental Bonaerense - Noticias Radio Reflejos\",\"isPartOf\":{\"@id\":\"https:\/\/www.noticiasradioreflejos.com.ar\/2021\/#website\"},\"primaryImageOfPage\":{\"@id\":\"https:\/\/www.noticiasradioreflejos.com.ar\/2021\/el-intendente-municipal-participo-de-la-mesa-ambiental-bonaerense\/#primaryimage\"},\"image\":{\"@id\":\"https:\/\/www.noticiasradioreflejos.com.ar\/2021\/el-intendente-municipal-participo-de-la-mesa-ambiental-bonaerense\/#primaryimage\"},\"thumbnailUrl\":\"http:\/\/farm1.staticflickr.com\/868\/40817852945_9bf641e83b.jpg\",\"datePublished\":\"2018-04-26T14:20:08+00:00\",\"author\":{\"@id\":\"https:\/\/www.noticiasradioreflejos.com.ar\/2021\/#\/schema\/person\/ad82545263dcc5ec0996818884fd5fb1\"},\"breadcrumb\":{\"@id\":\"https:\/\/www.noticiasradioreflejos.com.ar\/2021\/el-intendente-municipal-participo-de-la-mesa-ambiental-bonaerense\/#breadcrumb\"},\"inLanguage\":\"es\",\"potentialAction\":[{\"@type\":\"ReadAction\",\"target\":[\"https:\/\/www.noticiasradioreflejos.com.ar\/2021\/el-intendente-municipal-participo-de-la-mesa-ambiental-bonaerense\/\"]}]},{\"@type\":\"ImageObject\",\"inLanguage\":\"es\",\"@id\":\"https:\/\/www.noticiasradioreflejos.com.ar\/2021\/el-intendente-municipal-participo-de-la-mesa-ambiental-bonaerense\/#primaryimage\",\"url\":\"http:\/\/farm1.staticflickr.com\/868\/40817852945_9bf641e83b.jpg\",\"contentUrl\":\"http:\/\/farm1.staticflickr.com\/868\/40817852945_9bf641e83b.jpg\"},{\"@type\":\"BreadcrumbList\",\"@id\":\"https:\/\/www.noticiasradioreflejos.com.ar\/2021\/el-intendente-municipal-participo-de-la-mesa-ambiental-bonaerense\/#breadcrumb\",\"itemListElement\":[{\"@type\":\"ListItem\",\"position\":1,\"name\":\"Portada\",\"item\":\"https:\/\/www.noticiasradioreflejos.com.ar\/2021\/\"},{\"@type\":\"ListItem\",\"position\":2,\"name\":\"El intendente municipal particip\u00f3 de la Mesa Ambiental Bonaerense\"}]},{\"@type\":\"WebSite\",\"@id\":\"https:\/\/www.noticiasradioreflejos.com.ar\/2021\/#website\",\"url\":\"https:\/\/www.noticiasradioreflejos.com.ar\/2021\/\",\"name\":\"Noticias Radio Reflejos\",\"description\":\"Las noticias de mi comarca\",\"potentialAction\":[{\"@type\":\"SearchAction\",\"target\":{\"@type\":\"EntryPoint\",\"urlTemplate\":\"https:\/\/www.noticiasradioreflejos.com.ar\/2021\/?s={search_term_string}\"},\"query-input\":{\"@type\":\"PropertyValueSpecification\",\"valueRequired\":true,\"valueName\":\"search_term_string\"}}],\"inLanguage\":\"es\"},{\"@type\":\"Person\",\"@id\":\"https:\/\/www.noticiasradioreflejos.com.ar\/2021\/#\/schema\/person\/ad82545263dcc5ec0996818884fd5fb1\",\"name\":\"Arnaldo Botto\",\"image\":{\"@type\":\"ImageObject\",\"inLanguage\":\"es\",\"@id\":\"https:\/\/www.noticiasradioreflejos.com.ar\/2021\/#\/schema\/person\/image\/\",\"url\":\"https:\/\/secure.gravatar.com\/avatar\/55cb5e37c1efa326397366e6974cb338056df65cb50e7d64d1cf314e87504837?s=96&d=mm&r=g\",\"contentUrl\":\"https:\/\/secure.gravatar.com\/avatar\/55cb5e37c1efa326397366e6974cb338056df65cb50e7d64d1cf314e87504837?s=96&d=mm&r=g\",\"caption\":\"Arnaldo Botto\"},\"url\":\"https:\/\/www.noticiasradioreflejos.com.ar\/2021\/author\/arnaldo\/\"}]}<\/script>\n<!-- \/ Yoast SEO plugin. -->","yoast_head_json":{"title":"El intendente municipal particip\u00f3 de la Mesa Ambiental Bonaerense - Noticias Radio Reflejos","robots":{"index":"index","follow":"follow","max-snippet":"max-snippet:-1","max-image-preview":"max-image-preview:large","max-video-preview":"max-video-preview:-1"},"canonical":"https:\/\/www.noticiasradioreflejos.com.ar\/2021\/el-intendente-municipal-participo-de-la-mesa-ambiental-bonaerense\/","og_locale":"es_ES","og_type":"article","og_title":"El intendente municipal particip\u00f3 de la Mesa Ambiental Bonaerense - Noticias Radio Reflejos","og_description":"El intendente municipal, Sergio Bordoni, particip\u00f3 junto al Secretario de Desarrollo, Gonzalo Iparraguirre, la Directora de Medio Ambiente, Melisa Herrada y la Jefa del \u00e1rea en Sierra de la Ventana, Liliana Diehl, de la Mesa Ambiental Bonaerense, que se llev\u00f3 a cabo en la sede de la UCA.","og_url":"https:\/\/www.noticiasradioreflejos.com.ar\/2021\/el-intendente-municipal-participo-de-la-mesa-ambiental-bonaerense\/","og_site_name":"Noticias Radio Reflejos","article_published_time":"2018-04-26T14:20:08+00:00","og_image":[{"url":"http:\/\/farm1.staticflickr.com\/868\/40817852945_9bf641e83b.jpg","type":"","width":"","height":""}],"author":"Arnaldo Botto","twitter_card":"summary_large_image","schema":{"@context":"https:\/\/schema.org","@graph":[{"@type":"WebPage","@id":"https:\/\/www.noticiasradioreflejos.com.ar\/2021\/el-intendente-municipal-participo-de-la-mesa-ambiental-bonaerense\/","url":"https:\/\/www.noticiasradioreflejos.com.ar\/2021\/el-intendente-municipal-participo-de-la-mesa-ambiental-bonaerense\/","name":"El intendente municipal particip\u00f3 de la Mesa Ambiental Bonaerense - Noticias Radio Reflejos","isPartOf":{"@id":"https:\/\/www.noticiasradioreflejos.com.ar\/2021\/#website"},"primaryImageOfPage":{"@id":"https:\/\/www.noticiasradioreflejos.com.ar\/2021\/el-intendente-municipal-participo-de-la-mesa-ambiental-bonaerense\/#primaryimage"},"image":{"@id":"https:\/\/www.noticiasradioreflejos.com.ar\/2021\/el-intendente-municipal-participo-de-la-mesa-ambiental-bonaerense\/#primaryimage"},"thumbnailUrl":"http:\/\/farm1.staticflickr.com\/868\/40817852945_9bf641e83b.jpg","datePublished":"2018-04-26T14:20:08+00:00","author":{"@id":"https:\/\/www.noticiasradioreflejos.com.ar\/2021\/#\/schema\/person\/ad82545263dcc5ec0996818884fd5fb1"},"breadcrumb":{"@id":"https:\/\/www.noticiasradioreflejos.com.ar\/2021\/el-intendente-municipal-participo-de-la-mesa-ambiental-bonaerense\/#breadcrumb"},"inLanguage":"es","potentialAction":[{"@type":"ReadAction","target":["https:\/\/www.noticiasradioreflejos.com.ar\/2021\/el-intendente-municipal-participo-de-la-mesa-ambiental-bonaerense\/"]}]},{"@type":"ImageObject","inLanguage":"es","@id":"https:\/\/www.noticiasradioreflejos.com.ar\/2021\/el-intendente-municipal-participo-de-la-mesa-ambiental-bonaerense\/#primaryimage","url":"http:\/\/farm1.staticflickr.com\/868\/40817852945_9bf641e83b.jpg","contentUrl":"http:\/\/farm1.staticflickr.com\/868\/40817852945_9bf641e83b.jpg"},{"@type":"BreadcrumbList","@id":"https:\/\/www.noticiasradioreflejos.com.ar\/2021\/el-intendente-municipal-participo-de-la-mesa-ambiental-bonaerense\/#breadcrumb","itemListElement":[{"@type":"ListItem","position":1,"name":"Portada","item":"https:\/\/www.noticiasradioreflejos.com.ar\/2021\/"},{"@type":"ListItem","position":2,"name":"El intendente municipal particip\u00f3 de la Mesa Ambiental Bonaerense"}]},{"@type":"WebSite","@id":"https:\/\/www.noticiasradioreflejos.com.ar\/2021\/#website","url":"https:\/\/www.noticiasradioreflejos.com.ar\/2021\/","name":"Noticias Radio Reflejos","description":"Las noticias de mi comarca","potentialAction":[{"@type":"SearchAction","target":{"@type":"EntryPoint","urlTemplate":"https:\/\/www.noticiasradioreflejos.com.ar\/2021\/?s={search_term_string}"},"query-input":{"@type":"PropertyValueSpecification","valueRequired":true,"valueName":"search_term_string"}}],"inLanguage":"es"},{"@type":"Person","@id":"https:\/\/www.noticiasradioreflejos.com.ar\/2021\/#\/schema\/person\/ad82545263dcc5ec0996818884fd5fb1","name":"Arnaldo Botto","image":{"@type":"ImageObject","inLanguage":"es","@id":"https:\/\/www.noticiasradioreflejos.com.ar\/2021\/#\/schema\/person\/image\/","url":"https:\/\/secure.gravatar.com\/avatar\/55cb5e37c1efa326397366e6974cb338056df65cb50e7d64d1cf314e87504837?s=96&d=mm&r=g","contentUrl":"https:\/\/secure.gravatar.com\/avatar\/55cb5e37c1efa326397366e6974cb338056df65cb50e7d64d1cf314e87504837?s=96&d=mm&r=g","caption":"Arnaldo Botto"},"url":"https:\/\/www.noticiasradioreflejos.com.ar\/2021\/author\/arnaldo\/"}]}},"_links":{"self":[{"href":"https:\/\/www.noticiasradioreflejos.com.ar\/2021\/wp-json\/wp\/v2\/posts\/21088","targetHints":{"allow":["GET"]}}],"collection":[{"href":"https:\/\/www.noticiasradioreflejos.com.ar\/2021\/wp-json\/wp\/v2\/posts"}],"about":[{"href":"https:\/\/www.noticiasradioreflejos.com.ar\/2021\/wp-json\/wp\/v2\/types\/post"}],"author":[{"embeddable":true,"href":"https:\/\/www.noticiasradioreflejos.com.ar\/2021\/wp-json\/wp\/v2\/users\/3"}],"replies":[{"embeddable":true,"href":"https:\/\/www.noticiasradioreflejos.com.ar\/2021\/wp-json\/wp\/v2\/comments?post=21088"}],"version-history":[{"count":0,"href":"https:\/\/www.noticiasradioreflejos.com.ar\/2021\/wp-json\/wp\/v2\/posts\/21088\/revisions"}],"wp:attachment":[{"href":"https:\/\/www.noticiasradioreflejos.com.ar\/2021\/wp-json\/wp\/v2\/media?parent=21088"}],"wp:term":[{"taxonomy":"category","embeddable":true,"href":"https:\/\/www.noticiasradioreflejos.com.ar\/2021\/wp-json\/wp\/v2\/categories?post=21088"},{"taxonomy":"post_tag","embeddable":true,"href":"https:\/\/www.noticiasradioreflejos.com.ar\/2021\/wp-json\/wp\/v2\/tags?post=21088"}],"curies":[{"name":"wp","href":"https:\/\/api.w.org\/{rel}","templated":true}]}}