{"id":21082,"date":"2018-04-25T18:47:40","date_gmt":"2018-04-25T21:47:40","guid":{"rendered":"http:\/\/www.noticiasradioreflejos.com.ar\/noticias\/?p=21082"},"modified":"2018-04-25T18:47:40","modified_gmt":"2018-04-25T21:47:40","slug":"que-buscan-carta-de-lectores","status":"publish","type":"post","link":"https:\/\/www.noticiasradioreflejos.com.ar\/2021\/que-buscan-carta-de-lectores\/","title":{"rendered":"&quot;Que Buscan?&quot;. Carta de lectores"},"content":{"rendered":"<p>El OBJETIVO de esta gente (Macri-Vidal) es ACHICAR EL ESTADO, desfinanciarlo, reducirlo.<br \/>\nVolvemos al \u00abachicando el Estado agrandamos la Naci\u00f3n\u00bb.<!--more--><br \/>\nRespecto al tarifazo, Macri explicita \u00abEl desafi\u00f3 es consumir menos\u00bb. (&#8230;MENOS quiere q consumamos!!!<br \/>\nMas esfuerzo, menos consumo.<br \/>\nMacri le pide al resto del Estado (Pcias y Municipios, q acompa\u00f1en el esfuerzo eliminando o reduciendo tasas e impuestos, de la boleta de gas, luz, agua).<br \/>\nAl toque sali\u00f3 Vidal. Vidal q es Macri, ambos juegan en t\u00e1ndem a la f\u00e1bula de El gato y el zorro (bueno y malo)<br \/>\nMacri el malo, duro, bancando la parada, firme con las tarifas.<br \/>\nY la gobernadora personificando a \u00abla bondad inmaculada\u00bb, aliviando el impacto de las facturas de los habitantes de la Pcia, baja y elimina los impuestos pciales.<br \/>\nMas all\u00e1 de todo, serpenteando \u00abobst\u00e1culos\u00bb, el OBJETIVO final (q no debemos perder de vista) es ACHICAR EL ESTADO, desfinanciarlo, reducirlo. Y esa meta va avanzando firmemente, con artilugios y camufl\u00e1ndose h\u00e1bilmente seg\u00fan la ocasi\u00f3n, como en este caso, como medidas \u00aba favor\u00bb de \u00ablos consumidores\u00bb.<br \/>\nEnti\u00e9ndase, q quienes nos gobiernan son empresarios (votados pero siguen siendo empresarios) q operan desde el propio Estado en contra del Estado, y a favor de sus empresas. (Es una barbaridad, pero es lo q ocurre, es como el vale q daba el patr\u00f3n al pe\u00f3n para q compre en su almac\u00e9n, un poco mas aggiornado, disimulado, bah!, no, ni tampoco, sigue tan brutal como por entonces).<br \/>\nSeg\u00fan cuadra el momento, nos lo quieren vender como medidas \u00aba favor\u00bb de \u00ablos consumidores (\u00abdescuentos del 10%\u00bb, \u00abaplanamiento\u00bb,\u00bbcuotificacion\u00bb).<br \/>\nMedidas q son anunciadas mediaticamente con amplificadores, para silenciar q en realidad incrementaron las tarifas en mas del 1000%!!!, &#8230;mir\u00e1 quienes est\u00e1n atr\u00e1s del negocio de la Energ\u00eda!!!, mir\u00e1 quien conduce el Ministerio de Energ\u00eda (Aranguren\/Shell !!!).<br \/>\nNo te olvides q son el mejor equipo de los \u00faltimos 50 a\u00f1os, HACIENDO NEGOCIOS. Debilitar el Estado es el gran negocio de estos muchachos!!!.<br \/>\nEs el Estado el enemigo del pueblo? son los empleados p\u00fablicos el problema del pa\u00eds?, son los trabajadores municipales, provinciales, enfermeros, m\u00e9dicos, polic\u00edas, maestros, docentes, investigadores, les parece q son el problema del pa\u00eds?.<br \/>\nO son parte de la soluci\u00f3n?<br \/>\nQuien se atiende en la sala del pueblo, quien se opera en el hospital publico, quienes concurren a las escuelas publicas, quien recoge la basura del pueblo, quien se encarga del alumbrado publico, una plaza, un parque en condiciones, quienes reparan las calles, mantienen las redes de agua, quienes educan a tus hijos, quienes los vacunan, quienes los curan cuando enferman?, y hasta cuando finalizamos el ciclo de vida, quien nos acompa\u00f1a?.<br \/>\nSi nada de todo esto recae en manos de alg\u00fan empleado p\u00fablico, posiblemente vivas en un Country, te atiendas en una Clinica Privada, tus hijos concurran a una Escuela Privada, y posiblemente ni la muerte nos unifique, porq a vos te dar\u00e1n sepultura en un cementerio Parque, y nosotros pasaremos a mejor suerte en un cementerio p\u00fablico. Entonces dif\u00edcilmente valores el laburo q hacemos como servidores p\u00fablicos, ni es mi intenci\u00f3n q a trav\u00e9s de estas l\u00edneas, as\u00ed lo hagas. Da para otra oportunidad.<br \/>\nPero buena parte del pueblo ( la mayor\u00eda),<br \/>\nS\u00ed, Concurre a la escuela p\u00fablica,<br \/>\n(no cae en la educaci\u00f3n p\u00fablica).<br \/>\nS\u00ed, se atiende en la sala u Htal p\u00fablico<br \/>\n(no cae en la salud p\u00fablica),<br \/>\nS\u00ed, nos sepultan en un Cementerio P\u00fablico.<br \/>\nAchicando el Estado fijate quienes se perjudican y quienes se benefician.<br \/>\nClaudio \u00abVasco\u00bb Iribarren<\/p>\n","protected":false},"excerpt":{"rendered":"<p>El OBJETIVO de esta gente (Macri-Vidal) es ACHICAR EL ESTADO, desfinanciarlo, reducirlo. Volvemos al \u00abachicando el Estado agrandamos la Naci\u00f3n\u00bb.<\/p>\n","protected":false},"author":3,"featured_media":0,"comment_status":"closed","ping_status":"open","sticky":false,"template":"","format":"standard","meta":{"footnotes":""},"categories":[26],"tags":[],"class_list":["post-21082","post","type-post","status-publish","format-standard","hentry","category-sociedad"],"yoast_head":"<!-- This site is optimized with the Yoast SEO plugin v25.9 - https:\/\/yoast.com\/wordpress\/plugins\/seo\/ -->\n<title>&quot;Que Buscan?&quot;. Carta de lectores - Noticias Radio Reflejos<\/title>\n<meta name=\"robots\" content=\"index, follow, max-snippet:-1, max-image-preview:large, max-video-preview:-1\" \/>\n<link rel=\"canonical\" href=\"https:\/\/www.noticiasradioreflejos.com.ar\/2021\/que-buscan-carta-de-lectores\/\" \/>\n<meta property=\"og:locale\" content=\"es_ES\" \/>\n<meta property=\"og:type\" content=\"article\" \/>\n<meta property=\"og:title\" content=\"&quot;Que Buscan?&quot;. Carta de lectores - Noticias Radio Reflejos\" \/>\n<meta property=\"og:description\" content=\"El OBJETIVO de esta gente (Macri-Vidal) es ACHICAR EL ESTADO, desfinanciarlo, reducirlo. Volvemos al \u00abachicando el Estado agrandamos la Naci\u00f3n\u00bb.\" \/>\n<meta property=\"og:url\" content=\"https:\/\/www.noticiasradioreflejos.com.ar\/2021\/que-buscan-carta-de-lectores\/\" \/>\n<meta property=\"og:site_name\" content=\"Noticias Radio Reflejos\" \/>\n<meta property=\"article:published_time\" content=\"2018-04-25T21:47:40+00:00\" \/>\n<meta property=\"og:image\" content=\"https:\/\/www.noticiasradioreflejos.com.ar\/2021\/wp-content\/uploads\/2021\/07\/logosol300x200.png\" \/>\n\t<meta property=\"og:image:width\" content=\"300\" \/>\n\t<meta property=\"og:image:height\" content=\"200\" \/>\n\t<meta property=\"og:image:type\" content=\"image\/png\" \/>\n<meta name=\"author\" content=\"Arnaldo Botto\" \/>\n<meta name=\"twitter:card\" content=\"summary_large_image\" \/>\n<script type=\"application\/ld+json\" class=\"yoast-schema-graph\">{\"@context\":\"https:\/\/schema.org\",\"@graph\":[{\"@type\":\"WebPage\",\"@id\":\"https:\/\/www.noticiasradioreflejos.com.ar\/2021\/que-buscan-carta-de-lectores\/\",\"url\":\"https:\/\/www.noticiasradioreflejos.com.ar\/2021\/que-buscan-carta-de-lectores\/\",\"name\":\"&quot;Que Buscan?&quot;. Carta de lectores - Noticias Radio Reflejos\",\"isPartOf\":{\"@id\":\"https:\/\/www.noticiasradioreflejos.com.ar\/2021\/#website\"},\"datePublished\":\"2018-04-25T21:47:40+00:00\",\"author\":{\"@id\":\"https:\/\/www.noticiasradioreflejos.com.ar\/2021\/#\/schema\/person\/ad82545263dcc5ec0996818884fd5fb1\"},\"breadcrumb\":{\"@id\":\"https:\/\/www.noticiasradioreflejos.com.ar\/2021\/que-buscan-carta-de-lectores\/#breadcrumb\"},\"inLanguage\":\"es\",\"potentialAction\":[{\"@type\":\"ReadAction\",\"target\":[\"https:\/\/www.noticiasradioreflejos.com.ar\/2021\/que-buscan-carta-de-lectores\/\"]}]},{\"@type\":\"BreadcrumbList\",\"@id\":\"https:\/\/www.noticiasradioreflejos.com.ar\/2021\/que-buscan-carta-de-lectores\/#breadcrumb\",\"itemListElement\":[{\"@type\":\"ListItem\",\"position\":1,\"name\":\"Portada\",\"item\":\"https:\/\/www.noticiasradioreflejos.com.ar\/2021\/\"},{\"@type\":\"ListItem\",\"position\":2,\"name\":\"&quot;Que Buscan?&quot;. Carta de lectores\"}]},{\"@type\":\"WebSite\",\"@id\":\"https:\/\/www.noticiasradioreflejos.com.ar\/2021\/#website\",\"url\":\"https:\/\/www.noticiasradioreflejos.com.ar\/2021\/\",\"name\":\"Noticias Radio Reflejos\",\"description\":\"Las noticias de mi comarca\",\"potentialAction\":[{\"@type\":\"SearchAction\",\"target\":{\"@type\":\"EntryPoint\",\"urlTemplate\":\"https:\/\/www.noticiasradioreflejos.com.ar\/2021\/?s={search_term_string}\"},\"query-input\":{\"@type\":\"PropertyValueSpecification\",\"valueRequired\":true,\"valueName\":\"search_term_string\"}}],\"inLanguage\":\"es\"},{\"@type\":\"Person\",\"@id\":\"https:\/\/www.noticiasradioreflejos.com.ar\/2021\/#\/schema\/person\/ad82545263dcc5ec0996818884fd5fb1\",\"name\":\"Arnaldo Botto\",\"image\":{\"@type\":\"ImageObject\",\"inLanguage\":\"es\",\"@id\":\"https:\/\/www.noticiasradioreflejos.com.ar\/2021\/#\/schema\/person\/image\/\",\"url\":\"https:\/\/secure.gravatar.com\/avatar\/55cb5e37c1efa326397366e6974cb338056df65cb50e7d64d1cf314e87504837?s=96&d=mm&r=g\",\"contentUrl\":\"https:\/\/secure.gravatar.com\/avatar\/55cb5e37c1efa326397366e6974cb338056df65cb50e7d64d1cf314e87504837?s=96&d=mm&r=g\",\"caption\":\"Arnaldo Botto\"},\"url\":\"https:\/\/www.noticiasradioreflejos.com.ar\/2021\/author\/arnaldo\/\"}]}<\/script>\n<!-- \/ Yoast SEO plugin. -->","yoast_head_json":{"title":"&quot;Que Buscan?&quot;. Carta de lectores - Noticias Radio Reflejos","robots":{"index":"index","follow":"follow","max-snippet":"max-snippet:-1","max-image-preview":"max-image-preview:large","max-video-preview":"max-video-preview:-1"},"canonical":"https:\/\/www.noticiasradioreflejos.com.ar\/2021\/que-buscan-carta-de-lectores\/","og_locale":"es_ES","og_type":"article","og_title":"&quot;Que Buscan?&quot;. Carta de lectores - Noticias Radio Reflejos","og_description":"El OBJETIVO de esta gente (Macri-Vidal) es ACHICAR EL ESTADO, desfinanciarlo, reducirlo. Volvemos al \u00abachicando el Estado agrandamos la Naci\u00f3n\u00bb.","og_url":"https:\/\/www.noticiasradioreflejos.com.ar\/2021\/que-buscan-carta-de-lectores\/","og_site_name":"Noticias Radio Reflejos","article_published_time":"2018-04-25T21:47:40+00:00","og_image":[{"width":300,"height":200,"url":"https:\/\/www.noticiasradioreflejos.com.ar\/2021\/wp-content\/uploads\/2021\/07\/logosol300x200.png","type":"image\/png"}],"author":"Arnaldo Botto","twitter_card":"summary_large_image","schema":{"@context":"https:\/\/schema.org","@graph":[{"@type":"WebPage","@id":"https:\/\/www.noticiasradioreflejos.com.ar\/2021\/que-buscan-carta-de-lectores\/","url":"https:\/\/www.noticiasradioreflejos.com.ar\/2021\/que-buscan-carta-de-lectores\/","name":"&quot;Que Buscan?&quot;. Carta de lectores - Noticias Radio Reflejos","isPartOf":{"@id":"https:\/\/www.noticiasradioreflejos.com.ar\/2021\/#website"},"datePublished":"2018-04-25T21:47:40+00:00","author":{"@id":"https:\/\/www.noticiasradioreflejos.com.ar\/2021\/#\/schema\/person\/ad82545263dcc5ec0996818884fd5fb1"},"breadcrumb":{"@id":"https:\/\/www.noticiasradioreflejos.com.ar\/2021\/que-buscan-carta-de-lectores\/#breadcrumb"},"inLanguage":"es","potentialAction":[{"@type":"ReadAction","target":["https:\/\/www.noticiasradioreflejos.com.ar\/2021\/que-buscan-carta-de-lectores\/"]}]},{"@type":"BreadcrumbList","@id":"https:\/\/www.noticiasradioreflejos.com.ar\/2021\/que-buscan-carta-de-lectores\/#breadcrumb","itemListElement":[{"@type":"ListItem","position":1,"name":"Portada","item":"https:\/\/www.noticiasradioreflejos.com.ar\/2021\/"},{"@type":"ListItem","position":2,"name":"&quot;Que Buscan?&quot;. Carta de lectores"}]},{"@type":"WebSite","@id":"https:\/\/www.noticiasradioreflejos.com.ar\/2021\/#website","url":"https:\/\/www.noticiasradioreflejos.com.ar\/2021\/","name":"Noticias Radio Reflejos","description":"Las noticias de mi comarca","potentialAction":[{"@type":"SearchAction","target":{"@type":"EntryPoint","urlTemplate":"https:\/\/www.noticiasradioreflejos.com.ar\/2021\/?s={search_term_string}"},"query-input":{"@type":"PropertyValueSpecification","valueRequired":true,"valueName":"search_term_string"}}],"inLanguage":"es"},{"@type":"Person","@id":"https:\/\/www.noticiasradioreflejos.com.ar\/2021\/#\/schema\/person\/ad82545263dcc5ec0996818884fd5fb1","name":"Arnaldo Botto","image":{"@type":"ImageObject","inLanguage":"es","@id":"https:\/\/www.noticiasradioreflejos.com.ar\/2021\/#\/schema\/person\/image\/","url":"https:\/\/secure.gravatar.com\/avatar\/55cb5e37c1efa326397366e6974cb338056df65cb50e7d64d1cf314e87504837?s=96&d=mm&r=g","contentUrl":"https:\/\/secure.gravatar.com\/avatar\/55cb5e37c1efa326397366e6974cb338056df65cb50e7d64d1cf314e87504837?s=96&d=mm&r=g","caption":"Arnaldo Botto"},"url":"https:\/\/www.noticiasradioreflejos.com.ar\/2021\/author\/arnaldo\/"}]}},"_links":{"self":[{"href":"https:\/\/www.noticiasradioreflejos.com.ar\/2021\/wp-json\/wp\/v2\/posts\/21082","targetHints":{"allow":["GET"]}}],"collection":[{"href":"https:\/\/www.noticiasradioreflejos.com.ar\/2021\/wp-json\/wp\/v2\/posts"}],"about":[{"href":"https:\/\/www.noticiasradioreflejos.com.ar\/2021\/wp-json\/wp\/v2\/types\/post"}],"author":[{"embeddable":true,"href":"https:\/\/www.noticiasradioreflejos.com.ar\/2021\/wp-json\/wp\/v2\/users\/3"}],"replies":[{"embeddable":true,"href":"https:\/\/www.noticiasradioreflejos.com.ar\/2021\/wp-json\/wp\/v2\/comments?post=21082"}],"version-history":[{"count":0,"href":"https:\/\/www.noticiasradioreflejos.com.ar\/2021\/wp-json\/wp\/v2\/posts\/21082\/revisions"}],"wp:attachment":[{"href":"https:\/\/www.noticiasradioreflejos.com.ar\/2021\/wp-json\/wp\/v2\/media?parent=21082"}],"wp:term":[{"taxonomy":"category","embeddable":true,"href":"https:\/\/www.noticiasradioreflejos.com.ar\/2021\/wp-json\/wp\/v2\/categories?post=21082"},{"taxonomy":"post_tag","embeddable":true,"href":"https:\/\/www.noticiasradioreflejos.com.ar\/2021\/wp-json\/wp\/v2\/tags?post=21082"}],"curies":[{"name":"wp","href":"https:\/\/api.w.org\/{rel}","templated":true}]}}