{"id":21078,"date":"2018-04-25T13:39:49","date_gmt":"2018-04-25T16:39:49","guid":{"rendered":"http:\/\/www.noticiasradioreflejos.com.ar\/noticias\/?p=21078"},"modified":"2018-04-25T13:39:49","modified_gmt":"2018-04-25T16:39:49","slug":"convocatoria-emergente-2018-para-artistas-bonaerenses","status":"publish","type":"post","link":"https:\/\/www.noticiasradioreflejos.com.ar\/2021\/convocatoria-emergente-2018-para-artistas-bonaerenses\/","title":{"rendered":"Convocatoria Emergente 2018 para artistas bonaerenses"},"content":{"rendered":"<p class=\"x_yiv1214755697ydp19df3b9dyiv5749834993ydpe0d8d7abyiv0696859496ydp32aa8790yiv0522429214ydp9e180ea9yiv4102781635ydpbf6a3e70yiv1132904142ydpebbbde78MsoNormal\" align=\"center\"><b>CONVOCATORIA PARA ARTISTAS BONAERENSES QUE QUIERAN PARTICIPAR EN EL FESTIVAL PROVINCIA EMERGENTE 2018<\/b><\/p>\n<p class=\"x_yiv1214755697ydp19df3b9dyiv5749834993ydpe0d8d7abyiv0696859496ydp32aa8790yiv0522429214ydp9e180ea9yiv4102781635ydpbf6a3e70yiv1132904142ydpebbbde78MsoNormal\">\u00a0El\u00a0<b>Gobierno de la Provincia de Buenos Aires<\/b>\u00a0<b>convoca a artistas bonaerenses<\/b>\u00a0a presentar sus obras para ser seleccionadas y participar del pr\u00f3ximo\u00a0<b>Festival Provincia Emergente<\/b>, que se llevar\u00e1 a cabo en el\u00a0<b>Estadio \u00danico Ciudad de La Plata los d\u00edas 8, 9 y 10 de junio.<\/b><\/p>\n<p><!--more--><\/p>\n<p class=\"x_yiv1214755697ydp19df3b9dyiv5749834993ydpe0d8d7abyiv0696859496ydp32aa8790yiv0522429214ydp9e180ea9yiv4102781635ydpbf6a3e70yiv1132904142ydpebbbde78MsoNormal\"><b><br clear=\"none\" \/>CONVOCATORIA FOTOGRAF\u00cdA<\/b><br clear=\"none\" \/>\u201cSac\u00e1 el Rock de Ciudad\u201d \u2013 (Segunda Edici\u00f3n)<\/p>\n<p class=\"x_yiv1214755697ydp19df3b9dyiv5749834993ydpe0d8d7abyiv0696859496ydp32aa8790yiv0522429214ydp9e180ea9yiv4102781635ydpbf6a3e70yiv1132904142ydpebbbde78MsoNormal\">Buscamos im\u00e1genes del rock bonaerense creadas por fot\u00f3grafos de la Provincia.<br clear=\"none\" \/><br clear=\"none\" \/>Las\u00a020\u00a0fotograf\u00edas ser\u00e1n pre-seleccionadas, por un jurado integrado por\u00a0<b><i>Nora Lezano, Mart\u00edn Bonetto y Fernando Dvoskin<\/i><\/b>, y se expondr\u00e1n los d\u00edas del Festival.<\/p>\n<p class=\"x_yiv1214755697ydp19df3b9dyiv5749834993ydpe0d8d7abyiv0696859496ydp32aa8790yiv0522429214ydp9e180ea9yiv4102781635ydpbf6a3e70yiv1132904142ydpebbbde78MsoNormal\">El ganador, que ser\u00e1 contactado previamente,\u00a0se har\u00e1 acreedor de veinte mil pesos en orden de compra fotogr\u00e1fica. Adem\u00e1s, formar\u00e1 parte del equipo de fot\u00f3grafos del Festival Provincia Emergente 2018 teniendo una oportunidad \u00fanica de convivir, aprender y fotografiar a la par de profesionales.<\/p>\n<p class=\"x_yiv1214755697ydp19df3b9dyiv5749834993ydpe0d8d7abyiv0696859496ydp32aa8790yiv0522429214ydp9e180ea9yiv4102781635ydpbf6a3e70yiv1132904142ydpebbbde78MsoNormal\">Requisitos para participar, descargando el formulario web de inscripci\u00f3n<b><a href=\"http:\/\/www.gba.gob.ar\/cultura\/convocatorias\" target=\"_blank\" rel=\"nofollow noopener noreferrer\" shape=\"rect\">http:\/\/www.gba.gob.ar\/cultura\/convocatorias<\/a>\u00a0\u00a0,\u00a0envi\u00e1ndolo completo a:\u00a0<a href=\"mailto:fotografiaemergente@gmail.com\" target=\"_blank\" rel=\"nofollow noopener noreferrer\" shape=\"rect\">fotografiaemergente@gmail. com<\/a><\/b><\/p>\n<p class=\"x_yiv1214755697ydp19df3b9dyiv5749834993ydpe0d8d7abyiv0696859496ydp32aa8790yiv0522429214ydp9e180ea9yiv4102781635ydpbf6a3e70yiv1132904142ydpebbbde78MsoNormal\"><b>CONVOCATORIA DJ`S<br clear=\"none\" \/><\/b>\u201cLa B\u00fasqueda del Ritmo\u201d<\/p>\n<p class=\"x_yiv1214755697ydp19df3b9dyiv5749834993ydpe0d8d7abyiv0696859496ydp32aa8790yiv0522429214ydp9e180ea9yiv4102781635ydpbf6a3e70yiv1132904142ydpebbbde78MsoNormal\">Primera edici\u00f3n de concursos de Dj en el\u00a0<b>Festival Provincia Emergente<\/b>.<\/p>\n<p class=\"x_yiv1214755697ydp19df3b9dyiv5749834993ydpe0d8d7abyiv0696859496ydp32aa8790yiv0522429214ydp9e180ea9yiv4102781635ydpbf6a3e70yiv1132904142ydpebbbde78MsoNormal\">Se seleccionar\u00e1n 3 dj\u00b4s\u00a0que participar\u00e1n durante el transcurso del Festival y de all\u00ed saldr\u00e1 el ganador.<\/p>\n<p class=\"x_yiv1214755697ydp19df3b9dyiv5749834993ydpe0d8d7abyiv0696859496ydp32aa8790yiv0522429214ydp9e180ea9yiv4102781635ydpbf6a3e70yiv1132904142ydpebbbde78MsoNormal\">Los sets ser\u00e1n seleccionados por un jurado integrado por\u00a0<b><i>Mariano del Aguila, Luis Zerrillo y Arjaus.\u00a0El ganador\u00a0se har\u00e1 acreedor de poder realizar la carrera de Productor Musical en modo online en Arjaus.<\/i><\/b><\/p>\n<p class=\"x_yiv1214755697ydp19df3b9dyiv5749834993ydpe0d8d7abyiv0696859496ydp32aa8790yiv0522429214ydp9e180ea9yiv4102781635ydpbf6a3e70yiv1132904142ydpebbbde78MsoNormal\">Requisitos para participar, descargando el formulario web de inscripci\u00f3n<b><a href=\"http:\/\/www.gba.gob.ar\/cultura\/convocatorias\" target=\"_blank\" rel=\"nofollow noopener noreferrer\" shape=\"rect\">http:\/\/www.gba.gob.ar\/cultura\/convocatorias<\/a><\/b>, envi\u00e1ndolo completo a:\u00a0<a href=\"mailto:festivalesgba@gmail.com\" target=\"_blank\" rel=\"nofollow noopener noreferrer\" shape=\"rect\">festivalesgba@gmail.com<\/a><\/p>\n","protected":false},"excerpt":{"rendered":"<p>CONVOCATORIA PARA ARTISTAS BONAERENSES QUE QUIERAN PARTICIPAR EN EL FESTIVAL PROVINCIA EMERGENTE 2018 \u00a0El\u00a0Gobierno de la Provincia de Buenos Aires\u00a0convoca a artistas bonaerenses\u00a0a presentar sus obras para ser seleccionadas y participar del pr\u00f3ximo\u00a0Festival Provincia Emergente, que se llevar\u00e1 a cabo en el\u00a0Estadio \u00danico Ciudad de La Plata los d\u00edas 8, 9 y 10 de junio.<\/p>\n","protected":false},"author":3,"featured_media":0,"comment_status":"closed","ping_status":"open","sticky":false,"template":"","format":"standard","meta":{"footnotes":""},"categories":[35],"tags":[],"class_list":["post-21078","post","type-post","status-publish","format-standard","hentry","category-cultura"],"yoast_head":"<!-- This site is optimized with the Yoast SEO plugin v25.9 - https:\/\/yoast.com\/wordpress\/plugins\/seo\/ -->\n<title>Convocatoria Emergente 2018 para artistas bonaerenses - Noticias Radio Reflejos<\/title>\n<meta name=\"robots\" content=\"index, follow, max-snippet:-1, max-image-preview:large, max-video-preview:-1\" \/>\n<link rel=\"canonical\" href=\"https:\/\/www.noticiasradioreflejos.com.ar\/2021\/convocatoria-emergente-2018-para-artistas-bonaerenses\/\" \/>\n<meta property=\"og:locale\" content=\"es_ES\" \/>\n<meta property=\"og:type\" content=\"article\" \/>\n<meta property=\"og:title\" content=\"Convocatoria Emergente 2018 para artistas bonaerenses - Noticias Radio Reflejos\" \/>\n<meta property=\"og:description\" content=\"CONVOCATORIA PARA ARTISTAS BONAERENSES QUE QUIERAN PARTICIPAR EN EL FESTIVAL PROVINCIA EMERGENTE 2018 \u00a0El\u00a0Gobierno de la Provincia de Buenos Aires\u00a0convoca a artistas bonaerenses\u00a0a presentar sus obras para ser seleccionadas y participar del pr\u00f3ximo\u00a0Festival Provincia Emergente, que se llevar\u00e1 a cabo en el\u00a0Estadio \u00danico Ciudad de La Plata los d\u00edas 8, 9 y 10 de junio.\" \/>\n<meta property=\"og:url\" content=\"https:\/\/www.noticiasradioreflejos.com.ar\/2021\/convocatoria-emergente-2018-para-artistas-bonaerenses\/\" \/>\n<meta property=\"og:site_name\" content=\"Noticias Radio Reflejos\" \/>\n<meta property=\"article:published_time\" content=\"2018-04-25T16:39:49+00:00\" \/>\n<meta property=\"og:image\" content=\"https:\/\/www.noticiasradioreflejos.com.ar\/2021\/wp-content\/uploads\/2021\/07\/logosol300x200.png\" \/>\n\t<meta property=\"og:image:width\" content=\"300\" \/>\n\t<meta property=\"og:image:height\" content=\"200\" \/>\n\t<meta property=\"og:image:type\" content=\"image\/png\" \/>\n<meta name=\"author\" content=\"Arnaldo Botto\" \/>\n<meta name=\"twitter:card\" content=\"summary_large_image\" \/>\n<script type=\"application\/ld+json\" class=\"yoast-schema-graph\">{\"@context\":\"https:\/\/schema.org\",\"@graph\":[{\"@type\":\"WebPage\",\"@id\":\"https:\/\/www.noticiasradioreflejos.com.ar\/2021\/convocatoria-emergente-2018-para-artistas-bonaerenses\/\",\"url\":\"https:\/\/www.noticiasradioreflejos.com.ar\/2021\/convocatoria-emergente-2018-para-artistas-bonaerenses\/\",\"name\":\"Convocatoria Emergente 2018 para artistas bonaerenses - Noticias Radio Reflejos\",\"isPartOf\":{\"@id\":\"https:\/\/www.noticiasradioreflejos.com.ar\/2021\/#website\"},\"datePublished\":\"2018-04-25T16:39:49+00:00\",\"author\":{\"@id\":\"https:\/\/www.noticiasradioreflejos.com.ar\/2021\/#\/schema\/person\/ad82545263dcc5ec0996818884fd5fb1\"},\"breadcrumb\":{\"@id\":\"https:\/\/www.noticiasradioreflejos.com.ar\/2021\/convocatoria-emergente-2018-para-artistas-bonaerenses\/#breadcrumb\"},\"inLanguage\":\"es\",\"potentialAction\":[{\"@type\":\"ReadAction\",\"target\":[\"https:\/\/www.noticiasradioreflejos.com.ar\/2021\/convocatoria-emergente-2018-para-artistas-bonaerenses\/\"]}]},{\"@type\":\"BreadcrumbList\",\"@id\":\"https:\/\/www.noticiasradioreflejos.com.ar\/2021\/convocatoria-emergente-2018-para-artistas-bonaerenses\/#breadcrumb\",\"itemListElement\":[{\"@type\":\"ListItem\",\"position\":1,\"name\":\"Portada\",\"item\":\"https:\/\/www.noticiasradioreflejos.com.ar\/2021\/\"},{\"@type\":\"ListItem\",\"position\":2,\"name\":\"Convocatoria Emergente 2018 para artistas bonaerenses\"}]},{\"@type\":\"WebSite\",\"@id\":\"https:\/\/www.noticiasradioreflejos.com.ar\/2021\/#website\",\"url\":\"https:\/\/www.noticiasradioreflejos.com.ar\/2021\/\",\"name\":\"Noticias Radio Reflejos\",\"description\":\"Las noticias de mi comarca\",\"potentialAction\":[{\"@type\":\"SearchAction\",\"target\":{\"@type\":\"EntryPoint\",\"urlTemplate\":\"https:\/\/www.noticiasradioreflejos.com.ar\/2021\/?s={search_term_string}\"},\"query-input\":{\"@type\":\"PropertyValueSpecification\",\"valueRequired\":true,\"valueName\":\"search_term_string\"}}],\"inLanguage\":\"es\"},{\"@type\":\"Person\",\"@id\":\"https:\/\/www.noticiasradioreflejos.com.ar\/2021\/#\/schema\/person\/ad82545263dcc5ec0996818884fd5fb1\",\"name\":\"Arnaldo Botto\",\"image\":{\"@type\":\"ImageObject\",\"inLanguage\":\"es\",\"@id\":\"https:\/\/www.noticiasradioreflejos.com.ar\/2021\/#\/schema\/person\/image\/\",\"url\":\"https:\/\/secure.gravatar.com\/avatar\/55cb5e37c1efa326397366e6974cb338056df65cb50e7d64d1cf314e87504837?s=96&d=mm&r=g\",\"contentUrl\":\"https:\/\/secure.gravatar.com\/avatar\/55cb5e37c1efa326397366e6974cb338056df65cb50e7d64d1cf314e87504837?s=96&d=mm&r=g\",\"caption\":\"Arnaldo Botto\"},\"url\":\"https:\/\/www.noticiasradioreflejos.com.ar\/2021\/author\/arnaldo\/\"}]}<\/script>\n<!-- \/ Yoast SEO plugin. -->","yoast_head_json":{"title":"Convocatoria Emergente 2018 para artistas bonaerenses - Noticias Radio Reflejos","robots":{"index":"index","follow":"follow","max-snippet":"max-snippet:-1","max-image-preview":"max-image-preview:large","max-video-preview":"max-video-preview:-1"},"canonical":"https:\/\/www.noticiasradioreflejos.com.ar\/2021\/convocatoria-emergente-2018-para-artistas-bonaerenses\/","og_locale":"es_ES","og_type":"article","og_title":"Convocatoria Emergente 2018 para artistas bonaerenses - Noticias Radio Reflejos","og_description":"CONVOCATORIA PARA ARTISTAS BONAERENSES QUE QUIERAN PARTICIPAR EN EL FESTIVAL PROVINCIA EMERGENTE 2018 \u00a0El\u00a0Gobierno de la Provincia de Buenos Aires\u00a0convoca a artistas bonaerenses\u00a0a presentar sus obras para ser seleccionadas y participar del pr\u00f3ximo\u00a0Festival Provincia Emergente, que se llevar\u00e1 a cabo en el\u00a0Estadio \u00danico Ciudad de La Plata los d\u00edas 8, 9 y 10 de junio.","og_url":"https:\/\/www.noticiasradioreflejos.com.ar\/2021\/convocatoria-emergente-2018-para-artistas-bonaerenses\/","og_site_name":"Noticias Radio Reflejos","article_published_time":"2018-04-25T16:39:49+00:00","og_image":[{"width":300,"height":200,"url":"https:\/\/www.noticiasradioreflejos.com.ar\/2021\/wp-content\/uploads\/2021\/07\/logosol300x200.png","type":"image\/png"}],"author":"Arnaldo Botto","twitter_card":"summary_large_image","schema":{"@context":"https:\/\/schema.org","@graph":[{"@type":"WebPage","@id":"https:\/\/www.noticiasradioreflejos.com.ar\/2021\/convocatoria-emergente-2018-para-artistas-bonaerenses\/","url":"https:\/\/www.noticiasradioreflejos.com.ar\/2021\/convocatoria-emergente-2018-para-artistas-bonaerenses\/","name":"Convocatoria Emergente 2018 para artistas bonaerenses - Noticias Radio Reflejos","isPartOf":{"@id":"https:\/\/www.noticiasradioreflejos.com.ar\/2021\/#website"},"datePublished":"2018-04-25T16:39:49+00:00","author":{"@id":"https:\/\/www.noticiasradioreflejos.com.ar\/2021\/#\/schema\/person\/ad82545263dcc5ec0996818884fd5fb1"},"breadcrumb":{"@id":"https:\/\/www.noticiasradioreflejos.com.ar\/2021\/convocatoria-emergente-2018-para-artistas-bonaerenses\/#breadcrumb"},"inLanguage":"es","potentialAction":[{"@type":"ReadAction","target":["https:\/\/www.noticiasradioreflejos.com.ar\/2021\/convocatoria-emergente-2018-para-artistas-bonaerenses\/"]}]},{"@type":"BreadcrumbList","@id":"https:\/\/www.noticiasradioreflejos.com.ar\/2021\/convocatoria-emergente-2018-para-artistas-bonaerenses\/#breadcrumb","itemListElement":[{"@type":"ListItem","position":1,"name":"Portada","item":"https:\/\/www.noticiasradioreflejos.com.ar\/2021\/"},{"@type":"ListItem","position":2,"name":"Convocatoria Emergente 2018 para artistas bonaerenses"}]},{"@type":"WebSite","@id":"https:\/\/www.noticiasradioreflejos.com.ar\/2021\/#website","url":"https:\/\/www.noticiasradioreflejos.com.ar\/2021\/","name":"Noticias Radio Reflejos","description":"Las noticias de mi comarca","potentialAction":[{"@type":"SearchAction","target":{"@type":"EntryPoint","urlTemplate":"https:\/\/www.noticiasradioreflejos.com.ar\/2021\/?s={search_term_string}"},"query-input":{"@type":"PropertyValueSpecification","valueRequired":true,"valueName":"search_term_string"}}],"inLanguage":"es"},{"@type":"Person","@id":"https:\/\/www.noticiasradioreflejos.com.ar\/2021\/#\/schema\/person\/ad82545263dcc5ec0996818884fd5fb1","name":"Arnaldo Botto","image":{"@type":"ImageObject","inLanguage":"es","@id":"https:\/\/www.noticiasradioreflejos.com.ar\/2021\/#\/schema\/person\/image\/","url":"https:\/\/secure.gravatar.com\/avatar\/55cb5e37c1efa326397366e6974cb338056df65cb50e7d64d1cf314e87504837?s=96&d=mm&r=g","contentUrl":"https:\/\/secure.gravatar.com\/avatar\/55cb5e37c1efa326397366e6974cb338056df65cb50e7d64d1cf314e87504837?s=96&d=mm&r=g","caption":"Arnaldo Botto"},"url":"https:\/\/www.noticiasradioreflejos.com.ar\/2021\/author\/arnaldo\/"}]}},"_links":{"self":[{"href":"https:\/\/www.noticiasradioreflejos.com.ar\/2021\/wp-json\/wp\/v2\/posts\/21078","targetHints":{"allow":["GET"]}}],"collection":[{"href":"https:\/\/www.noticiasradioreflejos.com.ar\/2021\/wp-json\/wp\/v2\/posts"}],"about":[{"href":"https:\/\/www.noticiasradioreflejos.com.ar\/2021\/wp-json\/wp\/v2\/types\/post"}],"author":[{"embeddable":true,"href":"https:\/\/www.noticiasradioreflejos.com.ar\/2021\/wp-json\/wp\/v2\/users\/3"}],"replies":[{"embeddable":true,"href":"https:\/\/www.noticiasradioreflejos.com.ar\/2021\/wp-json\/wp\/v2\/comments?post=21078"}],"version-history":[{"count":0,"href":"https:\/\/www.noticiasradioreflejos.com.ar\/2021\/wp-json\/wp\/v2\/posts\/21078\/revisions"}],"wp:attachment":[{"href":"https:\/\/www.noticiasradioreflejos.com.ar\/2021\/wp-json\/wp\/v2\/media?parent=21078"}],"wp:term":[{"taxonomy":"category","embeddable":true,"href":"https:\/\/www.noticiasradioreflejos.com.ar\/2021\/wp-json\/wp\/v2\/categories?post=21078"},{"taxonomy":"post_tag","embeddable":true,"href":"https:\/\/www.noticiasradioreflejos.com.ar\/2021\/wp-json\/wp\/v2\/tags?post=21078"}],"curies":[{"name":"wp","href":"https:\/\/api.w.org\/{rel}","templated":true}]}}