{"id":2103,"date":"2016-10-11T14:48:29","date_gmt":"2016-10-11T14:48:29","guid":{"rendered":"http:\/\/noticiasradioreflejos.com.ar\/noticias\/?p=2103"},"modified":"2016-10-11T14:48:29","modified_gmt":"2016-10-11T14:48:29","slug":"se-conocio-la-guia-de-fiestas-y-actividades-al-aire-libre-entre-noviembre-y-febrero-del-ano-proximo","status":"publish","type":"post","link":"https:\/\/www.noticiasradioreflejos.com.ar\/2021\/se-conocio-la-guia-de-fiestas-y-actividades-al-aire-libre-entre-noviembre-y-febrero-del-ano-proximo\/","title":{"rendered":"Se conoci\u00f3 la gu\u00eda de fiestas y actividades al aire libre entre Noviembre y Febrero del a\u00f1o pr\u00f3ximo"},"content":{"rendered":"<p>Habr\u00e1 variada actividad y fiestas con espect\u00e1culos art\u00edsticos durante los pr\u00f3ximos meses en el distrito. Durante la ma\u00f1ana de este martes\u00a0<strong>Walter Mendez Sub Secretario de Espacios Culturales<\/strong>\u00a0dio a conocer en FM de la Ciudad 99.5, \u00a0la grilla prevista que puede estar sujeta a modificaciones.<!--more--><br \/>\nEl\u00a0<strong>4 de Noviembre<\/strong>\u00a0volver\u00e1n los\u00a0<strong>tradicionales desfiles por el aniversario del cambio de nombre del Partido de las Sierras por Partido de Tornquist<\/strong>. El municipio ya realiz\u00f3 una reuni\u00f3n que se efectu\u00f3 con instituciones intermedias.<br \/>\nPor otro lado el\u00a0<strong>10 de Diciembre en Sierra de la Ventana<\/strong>\u00a0se realizar\u00e1 la\u00a0<strong>apertura de temporada<\/strong>\u00a0con la presentaci\u00f3n de la\u00a0<strong>banda 18 Kilates.<\/strong><br \/>\nEn\u00a0<strong>enero el d\u00eda 5<\/strong>\u00a0se realizar\u00e1 la tradicional\u00a0<strong>Fiesta Provincial de los Reyes Magos en Sierra de la ventana<\/strong>\u00a0que cambia de lugar, esta vez se concentrar\u00e1 al p\u00fablico en el Centro Cultural donde se realizar\u00e1n espect\u00e1culos para ni\u00f1os y se podr\u00e1 ver la bajada de los soberanos de oriente por pantalla gigante. Luego se entregar\u00e1n los juguetes a todos los ni\u00f1os presentes.<br \/>\nPara el\u00a0<strong>s\u00e1bado 7 de enero<\/strong>\u00a0esta prevista la\u00a0<strong>Fiesta de reyes en el Club de Pesca Tornquist,<\/strong>\u00a0con una Kermese durante la jornada y la llegada tradicional en lancha.<br \/>\nPara el domingo\u00a0<strong>8 de enero<\/strong>\u00a0la celebraci\u00f3n se trasladar\u00e1 a\u00a0<strong>Tornquist con la llegada de los reyes a la Junta Vecinal del Bario Sur.<\/strong><br \/>\nEn\u00a0<strong>Sierra de la Ventana<\/strong>\u00a0se espera la presentaci\u00f3n de\u00a0<strong>Miranda para el S\u00e1bado 14 de enero<\/strong>\u00a0dentro del marco del aniversario de la localidad. Completando el\u00a0<strong>domingo 15 espect\u00e1culos con bandas de Bah\u00eda Blanca y artistas locales.<\/strong><br \/>\n<strong>La Fiesta Provincial de la Golondrina que se realiza en Villa Ventana ser\u00e1 los d\u00edas 21 y 22 de enero<\/strong>\u00a0y se confirm\u00f3 a trav\u00e9s del programa Festejar de Naci\u00f3n la\u00a0<strong>presentaci\u00f3n el S\u00e1bado de LA MOSCA<\/strong>\u00a0y un espect\u00e1culo de Aero Tango, adem\u00e1s de las grilla de espect\u00e1culos que confirmar\u00e1 la Asociaci\u00f3n de Fomento de la localidad.<br \/>\n<strong>Fiesta de la Vendimia<\/strong><br \/>\n25 y 26 de Febrero con<strong>\u00a0Los Nocheros<\/strong>, en el predio del acceso a Saldungaray Estaci\u00f3n del ferrocarril.<br \/>\n<strong>Carnaval en Tornquist<\/strong><br \/>\n<strong>27 de Febrero Lunes\u00a0<\/strong>\u00a0predio del ferrocarril \u00a0con la actuaci\u00f3n de \u00a0<strong>Karina\u00a0\u00a0 (A confirmar),<\/strong>\u00a0el corso ser\u00e1 un solo d\u00eda.<br \/>\n<iframe loading=\"lazy\" src=\"https:\/\/w.soundcloud.com\/player\/?url=https%3A\/\/api.soundcloud.com\/tracks\/287155355&amp;color=ff5500&amp;auto_play=false&amp;hide_related=false&amp;show_comments=true&amp;show_user=true&amp;show_reposts=false\" width=\"100%\" height=\"166\" frameborder=\"no\" scrolling=\"no\"><\/iframe><\/p>\n","protected":false},"excerpt":{"rendered":"<p>Habr\u00e1 variada actividad y fiestas con espect\u00e1culos art\u00edsticos durante los pr\u00f3ximos meses en el distrito. Durante la ma\u00f1ana de este martes\u00a0Walter Mendez Sub Secretario de Espacios Culturales\u00a0dio a conocer en FM de la Ciudad 99.5, \u00a0la grilla prevista que puede estar sujeta a modificaciones.<\/p>\n","protected":false},"author":3,"featured_media":0,"comment_status":"closed","ping_status":"open","sticky":false,"template":"","format":"standard","meta":{"footnotes":""},"categories":[35],"tags":[],"class_list":["post-2103","post","type-post","status-publish","format-standard","hentry","category-cultura"],"yoast_head":"<!-- This site is optimized with the Yoast SEO plugin v25.9 - https:\/\/yoast.com\/wordpress\/plugins\/seo\/ -->\n<title>Se conoci\u00f3 la gu\u00eda de fiestas y actividades al aire libre entre Noviembre y Febrero del a\u00f1o pr\u00f3ximo - Noticias Radio Reflejos<\/title>\n<meta name=\"robots\" content=\"index, follow, max-snippet:-1, max-image-preview:large, max-video-preview:-1\" \/>\n<link rel=\"canonical\" href=\"https:\/\/www.noticiasradioreflejos.com.ar\/2021\/se-conocio-la-guia-de-fiestas-y-actividades-al-aire-libre-entre-noviembre-y-febrero-del-ano-proximo\/\" \/>\n<meta property=\"og:locale\" content=\"es_ES\" \/>\n<meta property=\"og:type\" content=\"article\" \/>\n<meta property=\"og:title\" content=\"Se conoci\u00f3 la gu\u00eda de fiestas y actividades al aire libre entre Noviembre y Febrero del a\u00f1o pr\u00f3ximo - Noticias Radio Reflejos\" \/>\n<meta property=\"og:description\" content=\"Habr\u00e1 variada actividad y fiestas con espect\u00e1culos art\u00edsticos durante los pr\u00f3ximos meses en el distrito. Durante la ma\u00f1ana de este martes\u00a0Walter Mendez Sub Secretario de Espacios Culturales\u00a0dio a conocer en FM de la Ciudad 99.5, \u00a0la grilla prevista que puede estar sujeta a modificaciones.\" \/>\n<meta property=\"og:url\" content=\"https:\/\/www.noticiasradioreflejos.com.ar\/2021\/se-conocio-la-guia-de-fiestas-y-actividades-al-aire-libre-entre-noviembre-y-febrero-del-ano-proximo\/\" \/>\n<meta property=\"og:site_name\" content=\"Noticias Radio Reflejos\" \/>\n<meta property=\"article:published_time\" content=\"2016-10-11T14:48:29+00:00\" \/>\n<meta property=\"og:image\" content=\"https:\/\/www.noticiasradioreflejos.com.ar\/2021\/wp-content\/uploads\/2021\/07\/logosol300x200.png\" \/>\n\t<meta property=\"og:image:width\" content=\"300\" \/>\n\t<meta property=\"og:image:height\" content=\"200\" \/>\n\t<meta property=\"og:image:type\" content=\"image\/png\" \/>\n<meta name=\"author\" content=\"Arnaldo Botto\" \/>\n<meta name=\"twitter:card\" content=\"summary_large_image\" \/>\n<script type=\"application\/ld+json\" class=\"yoast-schema-graph\">{\"@context\":\"https:\/\/schema.org\",\"@graph\":[{\"@type\":\"WebPage\",\"@id\":\"https:\/\/www.noticiasradioreflejos.com.ar\/2021\/se-conocio-la-guia-de-fiestas-y-actividades-al-aire-libre-entre-noviembre-y-febrero-del-ano-proximo\/\",\"url\":\"https:\/\/www.noticiasradioreflejos.com.ar\/2021\/se-conocio-la-guia-de-fiestas-y-actividades-al-aire-libre-entre-noviembre-y-febrero-del-ano-proximo\/\",\"name\":\"Se conoci\u00f3 la gu\u00eda de fiestas y actividades al aire libre entre Noviembre y Febrero del a\u00f1o pr\u00f3ximo - Noticias Radio Reflejos\",\"isPartOf\":{\"@id\":\"https:\/\/www.noticiasradioreflejos.com.ar\/2021\/#website\"},\"datePublished\":\"2016-10-11T14:48:29+00:00\",\"author\":{\"@id\":\"https:\/\/www.noticiasradioreflejos.com.ar\/2021\/#\/schema\/person\/ad82545263dcc5ec0996818884fd5fb1\"},\"breadcrumb\":{\"@id\":\"https:\/\/www.noticiasradioreflejos.com.ar\/2021\/se-conocio-la-guia-de-fiestas-y-actividades-al-aire-libre-entre-noviembre-y-febrero-del-ano-proximo\/#breadcrumb\"},\"inLanguage\":\"es\",\"potentialAction\":[{\"@type\":\"ReadAction\",\"target\":[\"https:\/\/www.noticiasradioreflejos.com.ar\/2021\/se-conocio-la-guia-de-fiestas-y-actividades-al-aire-libre-entre-noviembre-y-febrero-del-ano-proximo\/\"]}]},{\"@type\":\"BreadcrumbList\",\"@id\":\"https:\/\/www.noticiasradioreflejos.com.ar\/2021\/se-conocio-la-guia-de-fiestas-y-actividades-al-aire-libre-entre-noviembre-y-febrero-del-ano-proximo\/#breadcrumb\",\"itemListElement\":[{\"@type\":\"ListItem\",\"position\":1,\"name\":\"Portada\",\"item\":\"https:\/\/www.noticiasradioreflejos.com.ar\/2021\/\"},{\"@type\":\"ListItem\",\"position\":2,\"name\":\"Se conoci\u00f3 la gu\u00eda de fiestas y actividades al aire libre entre Noviembre y Febrero del a\u00f1o pr\u00f3ximo\"}]},{\"@type\":\"WebSite\",\"@id\":\"https:\/\/www.noticiasradioreflejos.com.ar\/2021\/#website\",\"url\":\"https:\/\/www.noticiasradioreflejos.com.ar\/2021\/\",\"name\":\"Noticias Radio Reflejos\",\"description\":\"Las noticias de mi comarca\",\"potentialAction\":[{\"@type\":\"SearchAction\",\"target\":{\"@type\":\"EntryPoint\",\"urlTemplate\":\"https:\/\/www.noticiasradioreflejos.com.ar\/2021\/?s={search_term_string}\"},\"query-input\":{\"@type\":\"PropertyValueSpecification\",\"valueRequired\":true,\"valueName\":\"search_term_string\"}}],\"inLanguage\":\"es\"},{\"@type\":\"Person\",\"@id\":\"https:\/\/www.noticiasradioreflejos.com.ar\/2021\/#\/schema\/person\/ad82545263dcc5ec0996818884fd5fb1\",\"name\":\"Arnaldo Botto\",\"image\":{\"@type\":\"ImageObject\",\"inLanguage\":\"es\",\"@id\":\"https:\/\/www.noticiasradioreflejos.com.ar\/2021\/#\/schema\/person\/image\/\",\"url\":\"https:\/\/secure.gravatar.com\/avatar\/55cb5e37c1efa326397366e6974cb338056df65cb50e7d64d1cf314e87504837?s=96&d=mm&r=g\",\"contentUrl\":\"https:\/\/secure.gravatar.com\/avatar\/55cb5e37c1efa326397366e6974cb338056df65cb50e7d64d1cf314e87504837?s=96&d=mm&r=g\",\"caption\":\"Arnaldo Botto\"},\"url\":\"https:\/\/www.noticiasradioreflejos.com.ar\/2021\/author\/arnaldo\/\"}]}<\/script>\n<!-- \/ Yoast SEO plugin. -->","yoast_head_json":{"title":"Se conoci\u00f3 la gu\u00eda de fiestas y actividades al aire libre entre Noviembre y Febrero del a\u00f1o pr\u00f3ximo - Noticias Radio Reflejos","robots":{"index":"index","follow":"follow","max-snippet":"max-snippet:-1","max-image-preview":"max-image-preview:large","max-video-preview":"max-video-preview:-1"},"canonical":"https:\/\/www.noticiasradioreflejos.com.ar\/2021\/se-conocio-la-guia-de-fiestas-y-actividades-al-aire-libre-entre-noviembre-y-febrero-del-ano-proximo\/","og_locale":"es_ES","og_type":"article","og_title":"Se conoci\u00f3 la gu\u00eda de fiestas y actividades al aire libre entre Noviembre y Febrero del a\u00f1o pr\u00f3ximo - Noticias Radio Reflejos","og_description":"Habr\u00e1 variada actividad y fiestas con espect\u00e1culos art\u00edsticos durante los pr\u00f3ximos meses en el distrito. Durante la ma\u00f1ana de este martes\u00a0Walter Mendez Sub Secretario de Espacios Culturales\u00a0dio a conocer en FM de la Ciudad 99.5, \u00a0la grilla prevista que puede estar sujeta a modificaciones.","og_url":"https:\/\/www.noticiasradioreflejos.com.ar\/2021\/se-conocio-la-guia-de-fiestas-y-actividades-al-aire-libre-entre-noviembre-y-febrero-del-ano-proximo\/","og_site_name":"Noticias Radio Reflejos","article_published_time":"2016-10-11T14:48:29+00:00","og_image":[{"width":300,"height":200,"url":"https:\/\/www.noticiasradioreflejos.com.ar\/2021\/wp-content\/uploads\/2021\/07\/logosol300x200.png","type":"image\/png"}],"author":"Arnaldo Botto","twitter_card":"summary_large_image","schema":{"@context":"https:\/\/schema.org","@graph":[{"@type":"WebPage","@id":"https:\/\/www.noticiasradioreflejos.com.ar\/2021\/se-conocio-la-guia-de-fiestas-y-actividades-al-aire-libre-entre-noviembre-y-febrero-del-ano-proximo\/","url":"https:\/\/www.noticiasradioreflejos.com.ar\/2021\/se-conocio-la-guia-de-fiestas-y-actividades-al-aire-libre-entre-noviembre-y-febrero-del-ano-proximo\/","name":"Se conoci\u00f3 la gu\u00eda de fiestas y actividades al aire libre entre Noviembre y Febrero del a\u00f1o pr\u00f3ximo - Noticias Radio Reflejos","isPartOf":{"@id":"https:\/\/www.noticiasradioreflejos.com.ar\/2021\/#website"},"datePublished":"2016-10-11T14:48:29+00:00","author":{"@id":"https:\/\/www.noticiasradioreflejos.com.ar\/2021\/#\/schema\/person\/ad82545263dcc5ec0996818884fd5fb1"},"breadcrumb":{"@id":"https:\/\/www.noticiasradioreflejos.com.ar\/2021\/se-conocio-la-guia-de-fiestas-y-actividades-al-aire-libre-entre-noviembre-y-febrero-del-ano-proximo\/#breadcrumb"},"inLanguage":"es","potentialAction":[{"@type":"ReadAction","target":["https:\/\/www.noticiasradioreflejos.com.ar\/2021\/se-conocio-la-guia-de-fiestas-y-actividades-al-aire-libre-entre-noviembre-y-febrero-del-ano-proximo\/"]}]},{"@type":"BreadcrumbList","@id":"https:\/\/www.noticiasradioreflejos.com.ar\/2021\/se-conocio-la-guia-de-fiestas-y-actividades-al-aire-libre-entre-noviembre-y-febrero-del-ano-proximo\/#breadcrumb","itemListElement":[{"@type":"ListItem","position":1,"name":"Portada","item":"https:\/\/www.noticiasradioreflejos.com.ar\/2021\/"},{"@type":"ListItem","position":2,"name":"Se conoci\u00f3 la gu\u00eda de fiestas y actividades al aire libre entre Noviembre y Febrero del a\u00f1o pr\u00f3ximo"}]},{"@type":"WebSite","@id":"https:\/\/www.noticiasradioreflejos.com.ar\/2021\/#website","url":"https:\/\/www.noticiasradioreflejos.com.ar\/2021\/","name":"Noticias Radio Reflejos","description":"Las noticias de mi comarca","potentialAction":[{"@type":"SearchAction","target":{"@type":"EntryPoint","urlTemplate":"https:\/\/www.noticiasradioreflejos.com.ar\/2021\/?s={search_term_string}"},"query-input":{"@type":"PropertyValueSpecification","valueRequired":true,"valueName":"search_term_string"}}],"inLanguage":"es"},{"@type":"Person","@id":"https:\/\/www.noticiasradioreflejos.com.ar\/2021\/#\/schema\/person\/ad82545263dcc5ec0996818884fd5fb1","name":"Arnaldo Botto","image":{"@type":"ImageObject","inLanguage":"es","@id":"https:\/\/www.noticiasradioreflejos.com.ar\/2021\/#\/schema\/person\/image\/","url":"https:\/\/secure.gravatar.com\/avatar\/55cb5e37c1efa326397366e6974cb338056df65cb50e7d64d1cf314e87504837?s=96&d=mm&r=g","contentUrl":"https:\/\/secure.gravatar.com\/avatar\/55cb5e37c1efa326397366e6974cb338056df65cb50e7d64d1cf314e87504837?s=96&d=mm&r=g","caption":"Arnaldo Botto"},"url":"https:\/\/www.noticiasradioreflejos.com.ar\/2021\/author\/arnaldo\/"}]}},"_links":{"self":[{"href":"https:\/\/www.noticiasradioreflejos.com.ar\/2021\/wp-json\/wp\/v2\/posts\/2103","targetHints":{"allow":["GET"]}}],"collection":[{"href":"https:\/\/www.noticiasradioreflejos.com.ar\/2021\/wp-json\/wp\/v2\/posts"}],"about":[{"href":"https:\/\/www.noticiasradioreflejos.com.ar\/2021\/wp-json\/wp\/v2\/types\/post"}],"author":[{"embeddable":true,"href":"https:\/\/www.noticiasradioreflejos.com.ar\/2021\/wp-json\/wp\/v2\/users\/3"}],"replies":[{"embeddable":true,"href":"https:\/\/www.noticiasradioreflejos.com.ar\/2021\/wp-json\/wp\/v2\/comments?post=2103"}],"version-history":[{"count":0,"href":"https:\/\/www.noticiasradioreflejos.com.ar\/2021\/wp-json\/wp\/v2\/posts\/2103\/revisions"}],"wp:attachment":[{"href":"https:\/\/www.noticiasradioreflejos.com.ar\/2021\/wp-json\/wp\/v2\/media?parent=2103"}],"wp:term":[{"taxonomy":"category","embeddable":true,"href":"https:\/\/www.noticiasradioreflejos.com.ar\/2021\/wp-json\/wp\/v2\/categories?post=2103"},{"taxonomy":"post_tag","embeddable":true,"href":"https:\/\/www.noticiasradioreflejos.com.ar\/2021\/wp-json\/wp\/v2\/tags?post=2103"}],"curies":[{"name":"wp","href":"https:\/\/api.w.org\/{rel}","templated":true}]}}