{"id":21018,"date":"2018-04-23T21:23:10","date_gmt":"2018-04-24T00:23:10","guid":{"rendered":"http:\/\/www.noticiasradioreflejos.com.ar\/noticias\/?p=21018"},"modified":"2018-04-23T21:23:10","modified_gmt":"2018-04-24T00:23:10","slug":"charla-sobre-la-importancia-de-la-vacunacion-en-el-j-i-nro-903","status":"publish","type":"post","link":"https:\/\/www.noticiasradioreflejos.com.ar\/2021\/charla-sobre-la-importancia-de-la-vacunacion-en-el-j-i-nro-903\/","title":{"rendered":"Charla sobre la importancia de la vacunaci\u00f3n en el J. I. Nro 903"},"content":{"rendered":"<p>Este Lunes 23 de Abril, en el S.U.M. del Establecimiento del Nivel Inicial, Jard\u00edn de Infantes 903 de Sierra de la Ventana, se desarroll\u00f3 una Charla informativa abierta a la comunidad sobre la Importancia de la Vacunaci\u00f3n seg\u00fan el Calendario Obligatorio, con gran concurrencia de padres y p\u00fablico en general.<!--more--><br \/>\nLa misma cont\u00f3 con la presencia del Pediatra Dr. Gustavo D\u00edaz y la Sra. Agustina Cleary, vacunadora de la localidad.<br \/>\nLa instituci\u00f3n educativa trabaja sincronizadamente con los agentes de la salud, en busca de que los ni\u00f1os reciban todas las vacunas indispensables para la prevenci\u00f3n de las enfermedades, y no se vean vulnerados sus derechos de acuerdo a la Ley Nacional 22.909, de Vacunaci\u00f3n Obligatoria.<br \/>\nEl Equipo Directivo agradece a los profesionales y a los presentes que los acompa\u00f1aron.<br \/>\n<a href=\"http:\/\/farm1.staticflickr.com\/858\/27789989648_91f454a9ef_z.jpg\" title=\"charla jardin3\" rel=\"\"><img loading=\"lazy\" decoding=\"async\" src=\"http:\/\/farm1.staticflickr.com\/858\/27789989648_91f454a9ef_z.jpg\" width=\"640\" height=\"480\" alt=\"charla jardin3\" title=\"charla jardin3\" class=\"aligncenter\"><\/a><br \/>\n<a href=\"http:\/\/farm1.staticflickr.com\/859\/41658205661_d62a38f44a_z.jpg\" title=\"charla jardin2\" rel=\"\"><img loading=\"lazy\" decoding=\"async\" src=\"http:\/\/farm1.staticflickr.com\/859\/41658205661_d62a38f44a_z.jpg\" width=\"640\" height=\"324\" alt=\"charla jardin2\" title=\"charla jardin2\" class=\"aligncenter\"><\/a><br \/>\n<a href=\"http:\/\/farm1.staticflickr.com\/863\/27789991428_d4fd761b0e_z.jpg\" title=\"charla jardin\" rel=\"\"><img loading=\"lazy\" decoding=\"async\" src=\"http:\/\/farm1.staticflickr.com\/863\/27789991428_d4fd761b0e_z.jpg\" width=\"640\" height=\"480\" alt=\"charla jardin\" title=\"charla jardin\" class=\"aligncenter\"><\/a><\/p>\n","protected":false},"excerpt":{"rendered":"<p>Este Lunes 23 de Abril, en el S.U.M. del Establecimiento del Nivel Inicial, Jard\u00edn de Infantes 903 de Sierra de la Ventana, se desarroll\u00f3 una Charla informativa abierta a la comunidad sobre la Importancia de la Vacunaci\u00f3n seg\u00fan el Calendario Obligatorio, con gran concurrencia de padres y p\u00fablico en general.<\/p>\n","protected":false},"author":3,"featured_media":0,"comment_status":"closed","ping_status":"open","sticky":false,"template":"","format":"standard","meta":{"footnotes":""},"categories":[26],"tags":[],"class_list":["post-21018","post","type-post","status-publish","format-standard","hentry","category-sociedad"],"yoast_head":"<!-- This site is optimized with the Yoast SEO plugin v25.9 - https:\/\/yoast.com\/wordpress\/plugins\/seo\/ -->\n<title>Charla sobre la importancia de la vacunaci\u00f3n en el J. I. Nro 903 - Noticias Radio Reflejos<\/title>\n<meta name=\"robots\" content=\"index, follow, max-snippet:-1, max-image-preview:large, max-video-preview:-1\" \/>\n<link rel=\"canonical\" href=\"https:\/\/www.noticiasradioreflejos.com.ar\/2021\/charla-sobre-la-importancia-de-la-vacunacion-en-el-j-i-nro-903\/\" \/>\n<meta property=\"og:locale\" content=\"es_ES\" \/>\n<meta property=\"og:type\" content=\"article\" \/>\n<meta property=\"og:title\" content=\"Charla sobre la importancia de la vacunaci\u00f3n en el J. I. Nro 903 - Noticias Radio Reflejos\" \/>\n<meta property=\"og:description\" content=\"Este Lunes 23 de Abril, en el S.U.M. del Establecimiento del Nivel Inicial, Jard\u00edn de Infantes 903 de Sierra de la Ventana, se desarroll\u00f3 una Charla informativa abierta a la comunidad sobre la Importancia de la Vacunaci\u00f3n seg\u00fan el Calendario Obligatorio, con gran concurrencia de padres y p\u00fablico en general.\" \/>\n<meta property=\"og:url\" content=\"https:\/\/www.noticiasradioreflejos.com.ar\/2021\/charla-sobre-la-importancia-de-la-vacunacion-en-el-j-i-nro-903\/\" \/>\n<meta property=\"og:site_name\" content=\"Noticias Radio Reflejos\" \/>\n<meta property=\"article:published_time\" content=\"2018-04-24T00:23:10+00:00\" \/>\n<meta property=\"og:image\" content=\"http:\/\/farm1.staticflickr.com\/858\/27789989648_91f454a9ef_z.jpg\" \/>\n<meta name=\"author\" content=\"Arnaldo Botto\" \/>\n<meta name=\"twitter:card\" content=\"summary_large_image\" \/>\n<script type=\"application\/ld+json\" class=\"yoast-schema-graph\">{\"@context\":\"https:\/\/schema.org\",\"@graph\":[{\"@type\":\"WebPage\",\"@id\":\"https:\/\/www.noticiasradioreflejos.com.ar\/2021\/charla-sobre-la-importancia-de-la-vacunacion-en-el-j-i-nro-903\/\",\"url\":\"https:\/\/www.noticiasradioreflejos.com.ar\/2021\/charla-sobre-la-importancia-de-la-vacunacion-en-el-j-i-nro-903\/\",\"name\":\"Charla sobre la importancia de la vacunaci\u00f3n en el J. I. Nro 903 - Noticias Radio Reflejos\",\"isPartOf\":{\"@id\":\"https:\/\/www.noticiasradioreflejos.com.ar\/2021\/#website\"},\"primaryImageOfPage\":{\"@id\":\"https:\/\/www.noticiasradioreflejos.com.ar\/2021\/charla-sobre-la-importancia-de-la-vacunacion-en-el-j-i-nro-903\/#primaryimage\"},\"image\":{\"@id\":\"https:\/\/www.noticiasradioreflejos.com.ar\/2021\/charla-sobre-la-importancia-de-la-vacunacion-en-el-j-i-nro-903\/#primaryimage\"},\"thumbnailUrl\":\"http:\/\/farm1.staticflickr.com\/858\/27789989648_91f454a9ef_z.jpg\",\"datePublished\":\"2018-04-24T00:23:10+00:00\",\"author\":{\"@id\":\"https:\/\/www.noticiasradioreflejos.com.ar\/2021\/#\/schema\/person\/ad82545263dcc5ec0996818884fd5fb1\"},\"breadcrumb\":{\"@id\":\"https:\/\/www.noticiasradioreflejos.com.ar\/2021\/charla-sobre-la-importancia-de-la-vacunacion-en-el-j-i-nro-903\/#breadcrumb\"},\"inLanguage\":\"es\",\"potentialAction\":[{\"@type\":\"ReadAction\",\"target\":[\"https:\/\/www.noticiasradioreflejos.com.ar\/2021\/charla-sobre-la-importancia-de-la-vacunacion-en-el-j-i-nro-903\/\"]}]},{\"@type\":\"ImageObject\",\"inLanguage\":\"es\",\"@id\":\"https:\/\/www.noticiasradioreflejos.com.ar\/2021\/charla-sobre-la-importancia-de-la-vacunacion-en-el-j-i-nro-903\/#primaryimage\",\"url\":\"http:\/\/farm1.staticflickr.com\/858\/27789989648_91f454a9ef_z.jpg\",\"contentUrl\":\"http:\/\/farm1.staticflickr.com\/858\/27789989648_91f454a9ef_z.jpg\"},{\"@type\":\"BreadcrumbList\",\"@id\":\"https:\/\/www.noticiasradioreflejos.com.ar\/2021\/charla-sobre-la-importancia-de-la-vacunacion-en-el-j-i-nro-903\/#breadcrumb\",\"itemListElement\":[{\"@type\":\"ListItem\",\"position\":1,\"name\":\"Portada\",\"item\":\"https:\/\/www.noticiasradioreflejos.com.ar\/2021\/\"},{\"@type\":\"ListItem\",\"position\":2,\"name\":\"Charla sobre la importancia de la vacunaci\u00f3n en el J. I. Nro 903\"}]},{\"@type\":\"WebSite\",\"@id\":\"https:\/\/www.noticiasradioreflejos.com.ar\/2021\/#website\",\"url\":\"https:\/\/www.noticiasradioreflejos.com.ar\/2021\/\",\"name\":\"Noticias Radio Reflejos\",\"description\":\"Las noticias de mi comarca\",\"potentialAction\":[{\"@type\":\"SearchAction\",\"target\":{\"@type\":\"EntryPoint\",\"urlTemplate\":\"https:\/\/www.noticiasradioreflejos.com.ar\/2021\/?s={search_term_string}\"},\"query-input\":{\"@type\":\"PropertyValueSpecification\",\"valueRequired\":true,\"valueName\":\"search_term_string\"}}],\"inLanguage\":\"es\"},{\"@type\":\"Person\",\"@id\":\"https:\/\/www.noticiasradioreflejos.com.ar\/2021\/#\/schema\/person\/ad82545263dcc5ec0996818884fd5fb1\",\"name\":\"Arnaldo Botto\",\"image\":{\"@type\":\"ImageObject\",\"inLanguage\":\"es\",\"@id\":\"https:\/\/www.noticiasradioreflejos.com.ar\/2021\/#\/schema\/person\/image\/\",\"url\":\"https:\/\/secure.gravatar.com\/avatar\/55cb5e37c1efa326397366e6974cb338056df65cb50e7d64d1cf314e87504837?s=96&d=mm&r=g\",\"contentUrl\":\"https:\/\/secure.gravatar.com\/avatar\/55cb5e37c1efa326397366e6974cb338056df65cb50e7d64d1cf314e87504837?s=96&d=mm&r=g\",\"caption\":\"Arnaldo Botto\"},\"url\":\"https:\/\/www.noticiasradioreflejos.com.ar\/2021\/author\/arnaldo\/\"}]}<\/script>\n<!-- \/ Yoast SEO plugin. -->","yoast_head_json":{"title":"Charla sobre la importancia de la vacunaci\u00f3n en el J. I. Nro 903 - Noticias Radio Reflejos","robots":{"index":"index","follow":"follow","max-snippet":"max-snippet:-1","max-image-preview":"max-image-preview:large","max-video-preview":"max-video-preview:-1"},"canonical":"https:\/\/www.noticiasradioreflejos.com.ar\/2021\/charla-sobre-la-importancia-de-la-vacunacion-en-el-j-i-nro-903\/","og_locale":"es_ES","og_type":"article","og_title":"Charla sobre la importancia de la vacunaci\u00f3n en el J. I. Nro 903 - Noticias Radio Reflejos","og_description":"Este Lunes 23 de Abril, en el S.U.M. del Establecimiento del Nivel Inicial, Jard\u00edn de Infantes 903 de Sierra de la Ventana, se desarroll\u00f3 una Charla informativa abierta a la comunidad sobre la Importancia de la Vacunaci\u00f3n seg\u00fan el Calendario Obligatorio, con gran concurrencia de padres y p\u00fablico en general.","og_url":"https:\/\/www.noticiasradioreflejos.com.ar\/2021\/charla-sobre-la-importancia-de-la-vacunacion-en-el-j-i-nro-903\/","og_site_name":"Noticias Radio Reflejos","article_published_time":"2018-04-24T00:23:10+00:00","og_image":[{"url":"http:\/\/farm1.staticflickr.com\/858\/27789989648_91f454a9ef_z.jpg","type":"","width":"","height":""}],"author":"Arnaldo Botto","twitter_card":"summary_large_image","schema":{"@context":"https:\/\/schema.org","@graph":[{"@type":"WebPage","@id":"https:\/\/www.noticiasradioreflejos.com.ar\/2021\/charla-sobre-la-importancia-de-la-vacunacion-en-el-j-i-nro-903\/","url":"https:\/\/www.noticiasradioreflejos.com.ar\/2021\/charla-sobre-la-importancia-de-la-vacunacion-en-el-j-i-nro-903\/","name":"Charla sobre la importancia de la vacunaci\u00f3n en el J. I. Nro 903 - Noticias Radio Reflejos","isPartOf":{"@id":"https:\/\/www.noticiasradioreflejos.com.ar\/2021\/#website"},"primaryImageOfPage":{"@id":"https:\/\/www.noticiasradioreflejos.com.ar\/2021\/charla-sobre-la-importancia-de-la-vacunacion-en-el-j-i-nro-903\/#primaryimage"},"image":{"@id":"https:\/\/www.noticiasradioreflejos.com.ar\/2021\/charla-sobre-la-importancia-de-la-vacunacion-en-el-j-i-nro-903\/#primaryimage"},"thumbnailUrl":"http:\/\/farm1.staticflickr.com\/858\/27789989648_91f454a9ef_z.jpg","datePublished":"2018-04-24T00:23:10+00:00","author":{"@id":"https:\/\/www.noticiasradioreflejos.com.ar\/2021\/#\/schema\/person\/ad82545263dcc5ec0996818884fd5fb1"},"breadcrumb":{"@id":"https:\/\/www.noticiasradioreflejos.com.ar\/2021\/charla-sobre-la-importancia-de-la-vacunacion-en-el-j-i-nro-903\/#breadcrumb"},"inLanguage":"es","potentialAction":[{"@type":"ReadAction","target":["https:\/\/www.noticiasradioreflejos.com.ar\/2021\/charla-sobre-la-importancia-de-la-vacunacion-en-el-j-i-nro-903\/"]}]},{"@type":"ImageObject","inLanguage":"es","@id":"https:\/\/www.noticiasradioreflejos.com.ar\/2021\/charla-sobre-la-importancia-de-la-vacunacion-en-el-j-i-nro-903\/#primaryimage","url":"http:\/\/farm1.staticflickr.com\/858\/27789989648_91f454a9ef_z.jpg","contentUrl":"http:\/\/farm1.staticflickr.com\/858\/27789989648_91f454a9ef_z.jpg"},{"@type":"BreadcrumbList","@id":"https:\/\/www.noticiasradioreflejos.com.ar\/2021\/charla-sobre-la-importancia-de-la-vacunacion-en-el-j-i-nro-903\/#breadcrumb","itemListElement":[{"@type":"ListItem","position":1,"name":"Portada","item":"https:\/\/www.noticiasradioreflejos.com.ar\/2021\/"},{"@type":"ListItem","position":2,"name":"Charla sobre la importancia de la vacunaci\u00f3n en el J. I. Nro 903"}]},{"@type":"WebSite","@id":"https:\/\/www.noticiasradioreflejos.com.ar\/2021\/#website","url":"https:\/\/www.noticiasradioreflejos.com.ar\/2021\/","name":"Noticias Radio Reflejos","description":"Las noticias de mi comarca","potentialAction":[{"@type":"SearchAction","target":{"@type":"EntryPoint","urlTemplate":"https:\/\/www.noticiasradioreflejos.com.ar\/2021\/?s={search_term_string}"},"query-input":{"@type":"PropertyValueSpecification","valueRequired":true,"valueName":"search_term_string"}}],"inLanguage":"es"},{"@type":"Person","@id":"https:\/\/www.noticiasradioreflejos.com.ar\/2021\/#\/schema\/person\/ad82545263dcc5ec0996818884fd5fb1","name":"Arnaldo Botto","image":{"@type":"ImageObject","inLanguage":"es","@id":"https:\/\/www.noticiasradioreflejos.com.ar\/2021\/#\/schema\/person\/image\/","url":"https:\/\/secure.gravatar.com\/avatar\/55cb5e37c1efa326397366e6974cb338056df65cb50e7d64d1cf314e87504837?s=96&d=mm&r=g","contentUrl":"https:\/\/secure.gravatar.com\/avatar\/55cb5e37c1efa326397366e6974cb338056df65cb50e7d64d1cf314e87504837?s=96&d=mm&r=g","caption":"Arnaldo Botto"},"url":"https:\/\/www.noticiasradioreflejos.com.ar\/2021\/author\/arnaldo\/"}]}},"_links":{"self":[{"href":"https:\/\/www.noticiasradioreflejos.com.ar\/2021\/wp-json\/wp\/v2\/posts\/21018","targetHints":{"allow":["GET"]}}],"collection":[{"href":"https:\/\/www.noticiasradioreflejos.com.ar\/2021\/wp-json\/wp\/v2\/posts"}],"about":[{"href":"https:\/\/www.noticiasradioreflejos.com.ar\/2021\/wp-json\/wp\/v2\/types\/post"}],"author":[{"embeddable":true,"href":"https:\/\/www.noticiasradioreflejos.com.ar\/2021\/wp-json\/wp\/v2\/users\/3"}],"replies":[{"embeddable":true,"href":"https:\/\/www.noticiasradioreflejos.com.ar\/2021\/wp-json\/wp\/v2\/comments?post=21018"}],"version-history":[{"count":0,"href":"https:\/\/www.noticiasradioreflejos.com.ar\/2021\/wp-json\/wp\/v2\/posts\/21018\/revisions"}],"wp:attachment":[{"href":"https:\/\/www.noticiasradioreflejos.com.ar\/2021\/wp-json\/wp\/v2\/media?parent=21018"}],"wp:term":[{"taxonomy":"category","embeddable":true,"href":"https:\/\/www.noticiasradioreflejos.com.ar\/2021\/wp-json\/wp\/v2\/categories?post=21018"},{"taxonomy":"post_tag","embeddable":true,"href":"https:\/\/www.noticiasradioreflejos.com.ar\/2021\/wp-json\/wp\/v2\/tags?post=21018"}],"curies":[{"name":"wp","href":"https:\/\/api.w.org\/{rel}","templated":true}]}}