{"id":21012,"date":"2018-04-23T19:47:44","date_gmt":"2018-04-23T22:47:44","guid":{"rendered":"http:\/\/www.noticiasradioreflejos.com.ar\/noticias\/?p=21012"},"modified":"2018-04-23T19:47:44","modified_gmt":"2018-04-23T22:47:44","slug":"las-inferiores-de-automoto-vivieron-una-jornada-a-puro-gol","status":"publish","type":"post","link":"https:\/\/www.noticiasradioreflejos.com.ar\/2021\/las-inferiores-de-automoto-vivieron-una-jornada-a-puro-gol\/","title":{"rendered":"Las inferiores de Automoto vivieron una jornada a puro gol"},"content":{"rendered":"<p>Cuatro triunfos, tres goleadas, 19 goles a favor y tan solo uno en contra. Las estad\u00edsticas describen claramente la jornada que las inferiores del Automoto Club Deportivo cumplieron frente a Independiente de Pueblo San Jos\u00e9, en el marco de la s\u00e9ptima fecha del torneo que organiza la Liga Regional de F\u00fatbol de Coronel Su\u00e1rez.<!--more--><br \/>\nUn doblete de Alejo Etchegoyen en el \u00faltimo tramo del partido, le permiti\u00f3 a la Quinta divisi\u00f3n ganar por 2 a 0, sumar su tercer triunfo en fila y saltar hasta el tercer pelda\u00f1o de la tabla de posiciones de la Zona \u201cA\u201d.<br \/>\nEn cinco partidos, la divisional m\u00e1s grande suma 9 unidades (3 triunfos y dos derrotas) y se ubica a 9 puntos de los vanguardistas Club Sarmiento y Boca Juniors, casualmente los dos equipos que la vencieron.<br \/>\nLa Sexta consigui\u00f3 la gran goleada de la tarde, con un inapelable 7 a 0 y una tremenda actuaci\u00f3n de dos de sus m\u00e1ximos artilleros: Sim\u00f3n Wallace, autor de tres tantos, y Valentino Bucchi, quien marc\u00f3 dos. Las restantes conquistas fueron obra de Danilo Cinquegrani y Franco Mart\u00ednez.<br \/>\nDe esta manera, el azulgrana tambi\u00e9n lleg\u00f3 al tercer lugar de las posiciones, con 10 puntos, lugar que comparte con su cl\u00e1sico rival Uni\u00f3n.<br \/>\nDespu\u00e9s de ir perdiendo al t\u00e9rmino del primer tiempo y de marrar un penal en cada etapa, la S\u00e9ptima dio vuelta un partido que se le hab\u00eda complicado y termin\u00f3 ganando por 5 a 1. Nicol\u00e1s Abreg\u00fa (2), Valent\u00edn Alric (2) y Juan C\u00f3nsoli marcaron las conquistas, que le permitieron llegar a 8 unidades.<br \/>\nFinalmente, la Octava gole\u00f3 por 5 a 0 y recuper\u00f3 la cima de la tabla de posiciones del grupo, con 15 puntos (5 triunfos y una derrota). Los goles fueron obra de Thiago Franco (2, uno de penal), Ger\u00f3nimo Kugler, Bautista Frentes y Juan Mart\u00edn Flores).<br \/>\nEl pr\u00f3ximo s\u00e1bado, los chicos visitar\u00e1n a Empleados de Comercio de Guamin\u00ed en 7\u00aa, 6\u00aa y 5\u00aa.<br \/>\nLas tablas de posiciones de cada categor\u00eda son las siguientes:<br \/>\nQuinta<br \/>\nEquipo Pts PJ G E P Gf Gc<br \/>\nClub Sarmiento 18 6 6 0 0 23 2<br \/>\nBoca Juniors 18 6 6 0 0 20 5<br \/>\nAutomoto 9 5 3 0 2 9 8<br \/>\nPe\u00f1arol (Pig\u00fc\u00e9) 6 4 2 0 2 13 6<br \/>\nSan Mart\u00edn (ST) 6 5 2 0 3 10 15<br \/>\nSan Mart\u00edn (S) 4 5 1 1 3 5 17<br \/>\nUni\u00f3n (T) 3 5 1 0 4 10 15<br \/>\nE. de Comercio 3 5 1 0 4 7 17<br \/>\nIndependiente 1 5 0 1 4 4 16<br \/>\nSexta<br \/>\nEquipo Pts PJ G E P Gf Gc<br \/>\nBoca Juniors 16 6 5 1 0 17 5<br \/>\nClub Sarmiento 13 5 4 1 0 18 2<br \/>\nAutomoto 10 5 3 1 1 17 7<br \/>\nUni\u00f3n (Tornquist) 10 5 3 1 1 14 7<br \/>\nPe\u00f1arol (P) 8 5 2 2 1 13 3<br \/>\nEl Progreso 3 5 1 0 4 4 13<br \/>\nE. de Comercio 3 5 1 0 4 2 16<br \/>\nIndependiente 3 5 1 0 4 4 19<br \/>\nSan Mart\u00edn (ST) 0 5 0 0 5 4 21<br \/>\nS\u00e9ptima<br \/>\nEquipo Pts PJ G E P Gf Gc<br \/>\nClub Sarmiento A 15 6 5 0 1 21 3<br \/>\nPe\u00f1arol (Pig\u00fc\u00e9) 15 5 5 0 0 15 4<br \/>\nE. de Comercio 12 6 4 0 2 15 7<br \/>\nBoca Juniors 11 7 3 2 2 8 4<br \/>\nUni\u00f3n (Tornquist) 9 6 3 0 3 17 18<br \/>\nAutomoto 8 5 2 2 1 16 5<br \/>\nSan Mart\u00edn (ST) 5 5 1 2 2 8 9<br \/>\nD. Sarmiento B 3 5 1 0 4 6 14<br \/>\nSan Mart\u00edn (S) 3 5 1 0 4 1 24<br \/>\nIndependiente 0 6 0 0 6 2 21<br \/>\nOctava<br \/>\nEquipo Pts PJ G E P Gf Gc<br \/>\nAutomoto 15 6 5 0 1 17 4<br \/>\nSan Mart\u00edn (ST) 14 6 4 2 0 11 3<br \/>\nEl Progreso 12 6 4 0 2 18 8<br \/>\nBoca Juniors 11 6 3 2 1 8 1<br \/>\nD. Sarmiento B 10 5 3 1 1 6 5<br \/>\nClub Sarmiento A 9 5 3 0 2 12 6<br \/>\nIndependiente 4 7 1 1 5 4 14<br \/>\nPe\u00f1arol (Pig\u00fc\u00e9) 3 5 1 0 4 3 18<br \/>\nSan Mart\u00edn (S) 2 5 0 2 3 1 12<br \/>\nUni\u00f3n (Tornquist) 0 5 0 0 5 1 10<br \/>\nM\u00e1s fotos: <a href=\"https:\/\/www.facebook.com\/pg\/automototornquist\/photos\/?tab=album&#038;album_id=1854332417920089\">https:\/\/www.facebook.com\/pg\/automototornquist\/photos\/?tab=album&#038;album_id=1854332417920089<\/a><br \/>\n<a href=\"http:\/\/farm1.staticflickr.com\/941\/39850090710_e5ccf28e1e_z.jpg\" title=\"jornada a puro gol8\" rel=\"\"><img loading=\"lazy\" decoding=\"async\" src=\"http:\/\/farm1.staticflickr.com\/941\/39850090710_e5ccf28e1e_z.jpg\" width=\"640\" height=\"416\" alt=\"jornada a puro gol8\" title=\"jornada a puro gol8\" class=\"aligncenter\"><\/a><br \/>\n<a href=\"http:\/\/farm1.staticflickr.com\/824\/39850091490_1e864894fa_z.jpg\" title=\"jornada a puro gol7\" rel=\"\"><img loading=\"lazy\" decoding=\"async\" src=\"http:\/\/farm1.staticflickr.com\/824\/39850091490_1e864894fa_z.jpg\" width=\"640\" height=\"381\" alt=\"jornada a puro gol7\" title=\"jornada a puro gol7\" class=\"aligncenter\"><\/a><br \/>\n<a href=\"http:\/\/farm1.staticflickr.com\/899\/39850092200_38bfd4f967_z.jpg\" title=\"jornada a puro gol6\" rel=\"\"><img loading=\"lazy\" decoding=\"async\" src=\"http:\/\/farm1.staticflickr.com\/899\/39850092200_38bfd4f967_z.jpg\" width=\"640\" height=\"491\" alt=\"jornada a puro gol6\" title=\"jornada a puro gol6\" class=\"aligncenter\"><\/a><br \/>\n<a href=\"http:\/\/farm1.staticflickr.com\/860\/27788755288_16e642f49b_z.jpg\" title=\"jornada a puro gol5\" rel=\"\"><img loading=\"lazy\" decoding=\"async\" src=\"http:\/\/farm1.staticflickr.com\/860\/27788755288_16e642f49b_z.jpg\" width=\"640\" height=\"381\" alt=\"jornada a puro gol5\" title=\"jornada a puro gol5\" class=\"aligncenter\"><\/a><br \/>\n<a href=\"http:\/\/farm1.staticflickr.com\/826\/27788756568_8b0423dc2b_z.jpg\" title=\"jornada a puro gol4\" rel=\"\"><img loading=\"lazy\" decoding=\"async\" src=\"http:\/\/farm1.staticflickr.com\/826\/27788756568_8b0423dc2b_z.jpg\" width=\"640\" height=\"438\" alt=\"jornada a puro gol4\" title=\"jornada a puro gol4\" class=\"aligncenter\"><\/a><br \/>\n<a href=\"http:\/\/farm1.staticflickr.com\/927\/27788757408_cfdc90bbca_z.jpg\" title=\"jornada a puro gol3\" rel=\"\"><img loading=\"lazy\" decoding=\"async\" src=\"http:\/\/farm1.staticflickr.com\/927\/27788757408_cfdc90bbca_z.jpg\" width=\"640\" height=\"298\" alt=\"jornada a puro gol3\" title=\"jornada a puro gol3\" class=\"aligncenter\"><\/a><br \/>\n<a href=\"http:\/\/farm1.staticflickr.com\/841\/26789516917_596d8c7cba_z.jpg\" title=\"jornada a puro gol2\" rel=\"\"><img loading=\"lazy\" decoding=\"async\" src=\"http:\/\/farm1.staticflickr.com\/841\/26789516917_596d8c7cba_z.jpg\" width=\"640\" height=\"365\" alt=\"jornada a puro gol2\" title=\"jornada a puro gol2\" class=\"aligncenter\"><\/a><br \/>\nDepartamento de Prensa \u2013 Automoto Club Deportivo<br \/>\nwww.clubautomotopasion.com.ar<br \/>\nFacebook: \/automototornquist<br \/>\nTwitter: @ClubAutomoto<\/p>\n","protected":false},"excerpt":{"rendered":"<p>Cuatro triunfos, tres goleadas, 19 goles a favor y tan solo uno en contra. Las estad\u00edsticas describen claramente la jornada que las inferiores del Automoto Club Deportivo cumplieron frente a Independiente de Pueblo San Jos\u00e9, en el marco de la s\u00e9ptima fecha del torneo que organiza la Liga Regional de F\u00fatbol de Coronel Su\u00e1rez.<\/p>\n","protected":false},"author":3,"featured_media":0,"comment_status":"closed","ping_status":"open","sticky":false,"template":"","format":"standard","meta":{"footnotes":""},"categories":[27],"tags":[],"class_list":["post-21012","post","type-post","status-publish","format-standard","hentry","category-deportes"],"yoast_head":"<!-- This site is optimized with the Yoast SEO plugin v25.9 - https:\/\/yoast.com\/wordpress\/plugins\/seo\/ -->\n<title>Las inferiores de Automoto vivieron una jornada a puro gol - Noticias Radio Reflejos<\/title>\n<meta name=\"robots\" content=\"index, follow, max-snippet:-1, max-image-preview:large, max-video-preview:-1\" \/>\n<link rel=\"canonical\" href=\"https:\/\/www.noticiasradioreflejos.com.ar\/2021\/las-inferiores-de-automoto-vivieron-una-jornada-a-puro-gol\/\" \/>\n<meta property=\"og:locale\" content=\"es_ES\" \/>\n<meta property=\"og:type\" content=\"article\" \/>\n<meta property=\"og:title\" content=\"Las inferiores de Automoto vivieron una jornada a puro gol - Noticias Radio Reflejos\" \/>\n<meta property=\"og:description\" content=\"Cuatro triunfos, tres goleadas, 19 goles a favor y tan solo uno en contra. Las estad\u00edsticas describen claramente la jornada que las inferiores del Automoto Club Deportivo cumplieron frente a Independiente de Pueblo San Jos\u00e9, en el marco de la s\u00e9ptima fecha del torneo que organiza la Liga Regional de F\u00fatbol de Coronel Su\u00e1rez.\" \/>\n<meta property=\"og:url\" content=\"https:\/\/www.noticiasradioreflejos.com.ar\/2021\/las-inferiores-de-automoto-vivieron-una-jornada-a-puro-gol\/\" \/>\n<meta property=\"og:site_name\" content=\"Noticias Radio Reflejos\" \/>\n<meta property=\"article:published_time\" content=\"2018-04-23T22:47:44+00:00\" \/>\n<meta property=\"og:image\" content=\"http:\/\/farm1.staticflickr.com\/941\/39850090710_e5ccf28e1e_z.jpg\" \/>\n<meta name=\"author\" content=\"Arnaldo Botto\" \/>\n<meta name=\"twitter:card\" content=\"summary_large_image\" \/>\n<script type=\"application\/ld+json\" class=\"yoast-schema-graph\">{\"@context\":\"https:\/\/schema.org\",\"@graph\":[{\"@type\":\"WebPage\",\"@id\":\"https:\/\/www.noticiasradioreflejos.com.ar\/2021\/las-inferiores-de-automoto-vivieron-una-jornada-a-puro-gol\/\",\"url\":\"https:\/\/www.noticiasradioreflejos.com.ar\/2021\/las-inferiores-de-automoto-vivieron-una-jornada-a-puro-gol\/\",\"name\":\"Las inferiores de Automoto vivieron una jornada a puro gol - Noticias Radio Reflejos\",\"isPartOf\":{\"@id\":\"https:\/\/www.noticiasradioreflejos.com.ar\/2021\/#website\"},\"primaryImageOfPage\":{\"@id\":\"https:\/\/www.noticiasradioreflejos.com.ar\/2021\/las-inferiores-de-automoto-vivieron-una-jornada-a-puro-gol\/#primaryimage\"},\"image\":{\"@id\":\"https:\/\/www.noticiasradioreflejos.com.ar\/2021\/las-inferiores-de-automoto-vivieron-una-jornada-a-puro-gol\/#primaryimage\"},\"thumbnailUrl\":\"http:\/\/farm1.staticflickr.com\/941\/39850090710_e5ccf28e1e_z.jpg\",\"datePublished\":\"2018-04-23T22:47:44+00:00\",\"author\":{\"@id\":\"https:\/\/www.noticiasradioreflejos.com.ar\/2021\/#\/schema\/person\/ad82545263dcc5ec0996818884fd5fb1\"},\"breadcrumb\":{\"@id\":\"https:\/\/www.noticiasradioreflejos.com.ar\/2021\/las-inferiores-de-automoto-vivieron-una-jornada-a-puro-gol\/#breadcrumb\"},\"inLanguage\":\"es\",\"potentialAction\":[{\"@type\":\"ReadAction\",\"target\":[\"https:\/\/www.noticiasradioreflejos.com.ar\/2021\/las-inferiores-de-automoto-vivieron-una-jornada-a-puro-gol\/\"]}]},{\"@type\":\"ImageObject\",\"inLanguage\":\"es\",\"@id\":\"https:\/\/www.noticiasradioreflejos.com.ar\/2021\/las-inferiores-de-automoto-vivieron-una-jornada-a-puro-gol\/#primaryimage\",\"url\":\"http:\/\/farm1.staticflickr.com\/941\/39850090710_e5ccf28e1e_z.jpg\",\"contentUrl\":\"http:\/\/farm1.staticflickr.com\/941\/39850090710_e5ccf28e1e_z.jpg\"},{\"@type\":\"BreadcrumbList\",\"@id\":\"https:\/\/www.noticiasradioreflejos.com.ar\/2021\/las-inferiores-de-automoto-vivieron-una-jornada-a-puro-gol\/#breadcrumb\",\"itemListElement\":[{\"@type\":\"ListItem\",\"position\":1,\"name\":\"Portada\",\"item\":\"https:\/\/www.noticiasradioreflejos.com.ar\/2021\/\"},{\"@type\":\"ListItem\",\"position\":2,\"name\":\"Las inferiores de Automoto vivieron una jornada a puro gol\"}]},{\"@type\":\"WebSite\",\"@id\":\"https:\/\/www.noticiasradioreflejos.com.ar\/2021\/#website\",\"url\":\"https:\/\/www.noticiasradioreflejos.com.ar\/2021\/\",\"name\":\"Noticias Radio Reflejos\",\"description\":\"Las noticias de mi comarca\",\"potentialAction\":[{\"@type\":\"SearchAction\",\"target\":{\"@type\":\"EntryPoint\",\"urlTemplate\":\"https:\/\/www.noticiasradioreflejos.com.ar\/2021\/?s={search_term_string}\"},\"query-input\":{\"@type\":\"PropertyValueSpecification\",\"valueRequired\":true,\"valueName\":\"search_term_string\"}}],\"inLanguage\":\"es\"},{\"@type\":\"Person\",\"@id\":\"https:\/\/www.noticiasradioreflejos.com.ar\/2021\/#\/schema\/person\/ad82545263dcc5ec0996818884fd5fb1\",\"name\":\"Arnaldo Botto\",\"image\":{\"@type\":\"ImageObject\",\"inLanguage\":\"es\",\"@id\":\"https:\/\/www.noticiasradioreflejos.com.ar\/2021\/#\/schema\/person\/image\/\",\"url\":\"https:\/\/secure.gravatar.com\/avatar\/55cb5e37c1efa326397366e6974cb338056df65cb50e7d64d1cf314e87504837?s=96&d=mm&r=g\",\"contentUrl\":\"https:\/\/secure.gravatar.com\/avatar\/55cb5e37c1efa326397366e6974cb338056df65cb50e7d64d1cf314e87504837?s=96&d=mm&r=g\",\"caption\":\"Arnaldo Botto\"},\"url\":\"https:\/\/www.noticiasradioreflejos.com.ar\/2021\/author\/arnaldo\/\"}]}<\/script>\n<!-- \/ Yoast SEO plugin. -->","yoast_head_json":{"title":"Las inferiores de Automoto vivieron una jornada a puro gol - Noticias Radio Reflejos","robots":{"index":"index","follow":"follow","max-snippet":"max-snippet:-1","max-image-preview":"max-image-preview:large","max-video-preview":"max-video-preview:-1"},"canonical":"https:\/\/www.noticiasradioreflejos.com.ar\/2021\/las-inferiores-de-automoto-vivieron-una-jornada-a-puro-gol\/","og_locale":"es_ES","og_type":"article","og_title":"Las inferiores de Automoto vivieron una jornada a puro gol - Noticias Radio Reflejos","og_description":"Cuatro triunfos, tres goleadas, 19 goles a favor y tan solo uno en contra. Las estad\u00edsticas describen claramente la jornada que las inferiores del Automoto Club Deportivo cumplieron frente a Independiente de Pueblo San Jos\u00e9, en el marco de la s\u00e9ptima fecha del torneo que organiza la Liga Regional de F\u00fatbol de Coronel Su\u00e1rez.","og_url":"https:\/\/www.noticiasradioreflejos.com.ar\/2021\/las-inferiores-de-automoto-vivieron-una-jornada-a-puro-gol\/","og_site_name":"Noticias Radio Reflejos","article_published_time":"2018-04-23T22:47:44+00:00","og_image":[{"url":"http:\/\/farm1.staticflickr.com\/941\/39850090710_e5ccf28e1e_z.jpg","type":"","width":"","height":""}],"author":"Arnaldo Botto","twitter_card":"summary_large_image","schema":{"@context":"https:\/\/schema.org","@graph":[{"@type":"WebPage","@id":"https:\/\/www.noticiasradioreflejos.com.ar\/2021\/las-inferiores-de-automoto-vivieron-una-jornada-a-puro-gol\/","url":"https:\/\/www.noticiasradioreflejos.com.ar\/2021\/las-inferiores-de-automoto-vivieron-una-jornada-a-puro-gol\/","name":"Las inferiores de Automoto vivieron una jornada a puro gol - Noticias Radio Reflejos","isPartOf":{"@id":"https:\/\/www.noticiasradioreflejos.com.ar\/2021\/#website"},"primaryImageOfPage":{"@id":"https:\/\/www.noticiasradioreflejos.com.ar\/2021\/las-inferiores-de-automoto-vivieron-una-jornada-a-puro-gol\/#primaryimage"},"image":{"@id":"https:\/\/www.noticiasradioreflejos.com.ar\/2021\/las-inferiores-de-automoto-vivieron-una-jornada-a-puro-gol\/#primaryimage"},"thumbnailUrl":"http:\/\/farm1.staticflickr.com\/941\/39850090710_e5ccf28e1e_z.jpg","datePublished":"2018-04-23T22:47:44+00:00","author":{"@id":"https:\/\/www.noticiasradioreflejos.com.ar\/2021\/#\/schema\/person\/ad82545263dcc5ec0996818884fd5fb1"},"breadcrumb":{"@id":"https:\/\/www.noticiasradioreflejos.com.ar\/2021\/las-inferiores-de-automoto-vivieron-una-jornada-a-puro-gol\/#breadcrumb"},"inLanguage":"es","potentialAction":[{"@type":"ReadAction","target":["https:\/\/www.noticiasradioreflejos.com.ar\/2021\/las-inferiores-de-automoto-vivieron-una-jornada-a-puro-gol\/"]}]},{"@type":"ImageObject","inLanguage":"es","@id":"https:\/\/www.noticiasradioreflejos.com.ar\/2021\/las-inferiores-de-automoto-vivieron-una-jornada-a-puro-gol\/#primaryimage","url":"http:\/\/farm1.staticflickr.com\/941\/39850090710_e5ccf28e1e_z.jpg","contentUrl":"http:\/\/farm1.staticflickr.com\/941\/39850090710_e5ccf28e1e_z.jpg"},{"@type":"BreadcrumbList","@id":"https:\/\/www.noticiasradioreflejos.com.ar\/2021\/las-inferiores-de-automoto-vivieron-una-jornada-a-puro-gol\/#breadcrumb","itemListElement":[{"@type":"ListItem","position":1,"name":"Portada","item":"https:\/\/www.noticiasradioreflejos.com.ar\/2021\/"},{"@type":"ListItem","position":2,"name":"Las inferiores de Automoto vivieron una jornada a puro gol"}]},{"@type":"WebSite","@id":"https:\/\/www.noticiasradioreflejos.com.ar\/2021\/#website","url":"https:\/\/www.noticiasradioreflejos.com.ar\/2021\/","name":"Noticias Radio Reflejos","description":"Las noticias de mi comarca","potentialAction":[{"@type":"SearchAction","target":{"@type":"EntryPoint","urlTemplate":"https:\/\/www.noticiasradioreflejos.com.ar\/2021\/?s={search_term_string}"},"query-input":{"@type":"PropertyValueSpecification","valueRequired":true,"valueName":"search_term_string"}}],"inLanguage":"es"},{"@type":"Person","@id":"https:\/\/www.noticiasradioreflejos.com.ar\/2021\/#\/schema\/person\/ad82545263dcc5ec0996818884fd5fb1","name":"Arnaldo Botto","image":{"@type":"ImageObject","inLanguage":"es","@id":"https:\/\/www.noticiasradioreflejos.com.ar\/2021\/#\/schema\/person\/image\/","url":"https:\/\/secure.gravatar.com\/avatar\/55cb5e37c1efa326397366e6974cb338056df65cb50e7d64d1cf314e87504837?s=96&d=mm&r=g","contentUrl":"https:\/\/secure.gravatar.com\/avatar\/55cb5e37c1efa326397366e6974cb338056df65cb50e7d64d1cf314e87504837?s=96&d=mm&r=g","caption":"Arnaldo Botto"},"url":"https:\/\/www.noticiasradioreflejos.com.ar\/2021\/author\/arnaldo\/"}]}},"_links":{"self":[{"href":"https:\/\/www.noticiasradioreflejos.com.ar\/2021\/wp-json\/wp\/v2\/posts\/21012","targetHints":{"allow":["GET"]}}],"collection":[{"href":"https:\/\/www.noticiasradioreflejos.com.ar\/2021\/wp-json\/wp\/v2\/posts"}],"about":[{"href":"https:\/\/www.noticiasradioreflejos.com.ar\/2021\/wp-json\/wp\/v2\/types\/post"}],"author":[{"embeddable":true,"href":"https:\/\/www.noticiasradioreflejos.com.ar\/2021\/wp-json\/wp\/v2\/users\/3"}],"replies":[{"embeddable":true,"href":"https:\/\/www.noticiasradioreflejos.com.ar\/2021\/wp-json\/wp\/v2\/comments?post=21012"}],"version-history":[{"count":0,"href":"https:\/\/www.noticiasradioreflejos.com.ar\/2021\/wp-json\/wp\/v2\/posts\/21012\/revisions"}],"wp:attachment":[{"href":"https:\/\/www.noticiasradioreflejos.com.ar\/2021\/wp-json\/wp\/v2\/media?parent=21012"}],"wp:term":[{"taxonomy":"category","embeddable":true,"href":"https:\/\/www.noticiasradioreflejos.com.ar\/2021\/wp-json\/wp\/v2\/categories?post=21012"},{"taxonomy":"post_tag","embeddable":true,"href":"https:\/\/www.noticiasradioreflejos.com.ar\/2021\/wp-json\/wp\/v2\/tags?post=21012"}],"curies":[{"name":"wp","href":"https:\/\/api.w.org\/{rel}","templated":true}]}}