{"id":21010,"date":"2018-04-23T19:34:26","date_gmt":"2018-04-23T22:34:26","guid":{"rendered":"http:\/\/www.noticiasradioreflejos.com.ar\/noticias\/?p=21010"},"modified":"2018-04-23T19:34:26","modified_gmt":"2018-04-23T22:34:26","slug":"convocatoria-ultimos-dias-jornadas-de-musicologia-en-la-plata","status":"publish","type":"post","link":"https:\/\/www.noticiasradioreflejos.com.ar\/2021\/convocatoria-ultimos-dias-jornadas-de-musicologia-en-la-plata\/","title":{"rendered":"Convocatoria \u00a1\u00daLTIMOS D\u00cdAS! &#8211; Jornadas de Musicolog\u00eda en La Plata"},"content":{"rendered":"<p><a title=\"jornadas_musicolog\u00eda\" href=\"http:\/\/farm1.staticflickr.com\/828\/27788539578_433c2350e8_z.jpg\" rel=\"\"><img loading=\"lazy\" decoding=\"async\" class=\"aligncenter\" title=\"jornadas_musicolog\u00eda\" src=\"http:\/\/farm1.staticflickr.com\/828\/27788539578_433c2350e8_z.jpg\" alt=\"jornadas_musicolog\u00eda\" width=\"640\" height=\"240\" \/><\/a><\/p>\n<table class=\"x_m_-6534538970068314327m_-6201686454616472529m_705606686894763179responsive-table\" border=\"0\" width=\"580\" cellspacing=\"0\" cellpadding=\"0\" bgcolor=\"#FFFFFF\">\n<tbody>\n<tr>\n<td align=\"center\">\n<table width=\"85%\">\n<tbody>\n<tr>\n<td align=\"center\">\n<h2>\u00bfQuer\u00e9s ser parte de las Jornadas de Musicolog\u00eda en La Plata?<!--more--><\/h2>\n<\/td>\n<\/tr>\n<\/tbody>\n<\/table>\n<\/td>\n<\/tr>\n<tr>\n<td><\/td>\n<\/tr>\n<tr>\n<td align=\"center\">\n<table class=\"x_m_-6534538970068314327m_-6201686454616472529m_705606686894763179story-4\" border=\"0\" width=\"78%\" cellspacing=\"0\" cellpadding=\"0\">\n<tbody>\n<tr>\n<td align=\"center\"><strong>Particip\u00e1 en la XXIII Conferencia de la Asociaci\u00f3n Argentina de Musicolog\u00eda y las XIX Jornadas Argentinas de Musicolog\u00eda<\/strong><br \/>\nEl Instituto Nacional de Musicolog\u00eda \u201cCarlos Vega\u201d recibe propuestas para ser parte de las jornadas que tendr\u00e1n lugar del 23 al 26 de agosto en la ciudad de La Plata<br \/>\nEsta edici\u00f3n convoca a las investigadoras e investigadores musicales a participar con trabajos sobre los temas que les preocupen en la actualidad, buscando ofrecer un panorama de los intereses musicol\u00f3gicos vigentes en nuestra regi\u00f3n.<br \/>\n<strong>\u00a1Ten\u00e9s tiempo de enviarnos tu propuesta de investigaci\u00f3n hasta el viernes 27 de abril!<\/strong><br \/>\nEl Comit\u00e9 de Lectura est\u00e1 integrado por el Dr. Julio Ogas, la Dra. Silvina Mansilla y la Mg. Mar\u00eda In\u00e9s Garc\u00eda.<\/td>\n<\/tr>\n<\/tbody>\n<\/table>\n<\/td>\n<\/tr>\n<\/tbody>\n<\/table>\n<p><a href=\"https:\/\/www.cultura.gob.ar\/participa-en-la-xxiii-conferencia-de-la-asociacion-argentina-de-musicologia-y-las-xix-jornadas-argentinas-de-musicologia_5561\/\">M\u00e1s informaci\u00f3n e inscripciones<\/a><\/p>\n","protected":false},"excerpt":{"rendered":"<p>\u00bfQuer\u00e9s ser parte de las Jornadas de Musicolog\u00eda en La Plata?<\/p>\n","protected":false},"author":3,"featured_media":0,"comment_status":"closed","ping_status":"open","sticky":false,"template":"","format":"standard","meta":{"footnotes":""},"categories":[35],"tags":[],"class_list":["post-21010","post","type-post","status-publish","format-standard","hentry","category-cultura"],"yoast_head":"<!-- This site is optimized with the Yoast SEO plugin v25.9 - https:\/\/yoast.com\/wordpress\/plugins\/seo\/ -->\n<title>Convocatoria \u00a1\u00daLTIMOS D\u00cdAS! - Jornadas de Musicolog\u00eda en La Plata - Noticias Radio Reflejos<\/title>\n<meta name=\"robots\" content=\"index, follow, max-snippet:-1, max-image-preview:large, max-video-preview:-1\" \/>\n<link rel=\"canonical\" href=\"https:\/\/www.noticiasradioreflejos.com.ar\/2021\/convocatoria-ultimos-dias-jornadas-de-musicologia-en-la-plata\/\" \/>\n<meta property=\"og:locale\" content=\"es_ES\" \/>\n<meta property=\"og:type\" content=\"article\" \/>\n<meta property=\"og:title\" content=\"Convocatoria \u00a1\u00daLTIMOS D\u00cdAS! - Jornadas de Musicolog\u00eda en La Plata - Noticias Radio Reflejos\" \/>\n<meta property=\"og:description\" content=\"\u00bfQuer\u00e9s ser parte de las Jornadas de Musicolog\u00eda en La Plata?\" \/>\n<meta property=\"og:url\" content=\"https:\/\/www.noticiasradioreflejos.com.ar\/2021\/convocatoria-ultimos-dias-jornadas-de-musicologia-en-la-plata\/\" \/>\n<meta property=\"og:site_name\" content=\"Noticias Radio Reflejos\" \/>\n<meta property=\"article:published_time\" content=\"2018-04-23T22:34:26+00:00\" \/>\n<meta property=\"og:image\" content=\"http:\/\/farm1.staticflickr.com\/828\/27788539578_433c2350e8_z.jpg\" \/>\n<meta name=\"author\" content=\"Arnaldo Botto\" \/>\n<meta name=\"twitter:card\" content=\"summary_large_image\" \/>\n<script type=\"application\/ld+json\" class=\"yoast-schema-graph\">{\"@context\":\"https:\/\/schema.org\",\"@graph\":[{\"@type\":\"WebPage\",\"@id\":\"https:\/\/www.noticiasradioreflejos.com.ar\/2021\/convocatoria-ultimos-dias-jornadas-de-musicologia-en-la-plata\/\",\"url\":\"https:\/\/www.noticiasradioreflejos.com.ar\/2021\/convocatoria-ultimos-dias-jornadas-de-musicologia-en-la-plata\/\",\"name\":\"Convocatoria \u00a1\u00daLTIMOS D\u00cdAS! - Jornadas de Musicolog\u00eda en La Plata - Noticias Radio Reflejos\",\"isPartOf\":{\"@id\":\"https:\/\/www.noticiasradioreflejos.com.ar\/2021\/#website\"},\"primaryImageOfPage\":{\"@id\":\"https:\/\/www.noticiasradioreflejos.com.ar\/2021\/convocatoria-ultimos-dias-jornadas-de-musicologia-en-la-plata\/#primaryimage\"},\"image\":{\"@id\":\"https:\/\/www.noticiasradioreflejos.com.ar\/2021\/convocatoria-ultimos-dias-jornadas-de-musicologia-en-la-plata\/#primaryimage\"},\"thumbnailUrl\":\"http:\/\/farm1.staticflickr.com\/828\/27788539578_433c2350e8_z.jpg\",\"datePublished\":\"2018-04-23T22:34:26+00:00\",\"author\":{\"@id\":\"https:\/\/www.noticiasradioreflejos.com.ar\/2021\/#\/schema\/person\/ad82545263dcc5ec0996818884fd5fb1\"},\"breadcrumb\":{\"@id\":\"https:\/\/www.noticiasradioreflejos.com.ar\/2021\/convocatoria-ultimos-dias-jornadas-de-musicologia-en-la-plata\/#breadcrumb\"},\"inLanguage\":\"es\",\"potentialAction\":[{\"@type\":\"ReadAction\",\"target\":[\"https:\/\/www.noticiasradioreflejos.com.ar\/2021\/convocatoria-ultimos-dias-jornadas-de-musicologia-en-la-plata\/\"]}]},{\"@type\":\"ImageObject\",\"inLanguage\":\"es\",\"@id\":\"https:\/\/www.noticiasradioreflejos.com.ar\/2021\/convocatoria-ultimos-dias-jornadas-de-musicologia-en-la-plata\/#primaryimage\",\"url\":\"http:\/\/farm1.staticflickr.com\/828\/27788539578_433c2350e8_z.jpg\",\"contentUrl\":\"http:\/\/farm1.staticflickr.com\/828\/27788539578_433c2350e8_z.jpg\"},{\"@type\":\"BreadcrumbList\",\"@id\":\"https:\/\/www.noticiasradioreflejos.com.ar\/2021\/convocatoria-ultimos-dias-jornadas-de-musicologia-en-la-plata\/#breadcrumb\",\"itemListElement\":[{\"@type\":\"ListItem\",\"position\":1,\"name\":\"Portada\",\"item\":\"https:\/\/www.noticiasradioreflejos.com.ar\/2021\/\"},{\"@type\":\"ListItem\",\"position\":2,\"name\":\"Convocatoria \u00a1\u00daLTIMOS D\u00cdAS! &#8211; Jornadas de Musicolog\u00eda en La Plata\"}]},{\"@type\":\"WebSite\",\"@id\":\"https:\/\/www.noticiasradioreflejos.com.ar\/2021\/#website\",\"url\":\"https:\/\/www.noticiasradioreflejos.com.ar\/2021\/\",\"name\":\"Noticias Radio Reflejos\",\"description\":\"Las noticias de mi comarca\",\"potentialAction\":[{\"@type\":\"SearchAction\",\"target\":{\"@type\":\"EntryPoint\",\"urlTemplate\":\"https:\/\/www.noticiasradioreflejos.com.ar\/2021\/?s={search_term_string}\"},\"query-input\":{\"@type\":\"PropertyValueSpecification\",\"valueRequired\":true,\"valueName\":\"search_term_string\"}}],\"inLanguage\":\"es\"},{\"@type\":\"Person\",\"@id\":\"https:\/\/www.noticiasradioreflejos.com.ar\/2021\/#\/schema\/person\/ad82545263dcc5ec0996818884fd5fb1\",\"name\":\"Arnaldo Botto\",\"image\":{\"@type\":\"ImageObject\",\"inLanguage\":\"es\",\"@id\":\"https:\/\/www.noticiasradioreflejos.com.ar\/2021\/#\/schema\/person\/image\/\",\"url\":\"https:\/\/secure.gravatar.com\/avatar\/55cb5e37c1efa326397366e6974cb338056df65cb50e7d64d1cf314e87504837?s=96&d=mm&r=g\",\"contentUrl\":\"https:\/\/secure.gravatar.com\/avatar\/55cb5e37c1efa326397366e6974cb338056df65cb50e7d64d1cf314e87504837?s=96&d=mm&r=g\",\"caption\":\"Arnaldo Botto\"},\"url\":\"https:\/\/www.noticiasradioreflejos.com.ar\/2021\/author\/arnaldo\/\"}]}<\/script>\n<!-- \/ Yoast SEO plugin. -->","yoast_head_json":{"title":"Convocatoria \u00a1\u00daLTIMOS D\u00cdAS! - Jornadas de Musicolog\u00eda en La Plata - Noticias Radio Reflejos","robots":{"index":"index","follow":"follow","max-snippet":"max-snippet:-1","max-image-preview":"max-image-preview:large","max-video-preview":"max-video-preview:-1"},"canonical":"https:\/\/www.noticiasradioreflejos.com.ar\/2021\/convocatoria-ultimos-dias-jornadas-de-musicologia-en-la-plata\/","og_locale":"es_ES","og_type":"article","og_title":"Convocatoria \u00a1\u00daLTIMOS D\u00cdAS! - Jornadas de Musicolog\u00eda en La Plata - Noticias Radio Reflejos","og_description":"\u00bfQuer\u00e9s ser parte de las Jornadas de Musicolog\u00eda en La Plata?","og_url":"https:\/\/www.noticiasradioreflejos.com.ar\/2021\/convocatoria-ultimos-dias-jornadas-de-musicologia-en-la-plata\/","og_site_name":"Noticias Radio Reflejos","article_published_time":"2018-04-23T22:34:26+00:00","og_image":[{"url":"http:\/\/farm1.staticflickr.com\/828\/27788539578_433c2350e8_z.jpg","type":"","width":"","height":""}],"author":"Arnaldo Botto","twitter_card":"summary_large_image","schema":{"@context":"https:\/\/schema.org","@graph":[{"@type":"WebPage","@id":"https:\/\/www.noticiasradioreflejos.com.ar\/2021\/convocatoria-ultimos-dias-jornadas-de-musicologia-en-la-plata\/","url":"https:\/\/www.noticiasradioreflejos.com.ar\/2021\/convocatoria-ultimos-dias-jornadas-de-musicologia-en-la-plata\/","name":"Convocatoria \u00a1\u00daLTIMOS D\u00cdAS! - Jornadas de Musicolog\u00eda en La Plata - Noticias Radio Reflejos","isPartOf":{"@id":"https:\/\/www.noticiasradioreflejos.com.ar\/2021\/#website"},"primaryImageOfPage":{"@id":"https:\/\/www.noticiasradioreflejos.com.ar\/2021\/convocatoria-ultimos-dias-jornadas-de-musicologia-en-la-plata\/#primaryimage"},"image":{"@id":"https:\/\/www.noticiasradioreflejos.com.ar\/2021\/convocatoria-ultimos-dias-jornadas-de-musicologia-en-la-plata\/#primaryimage"},"thumbnailUrl":"http:\/\/farm1.staticflickr.com\/828\/27788539578_433c2350e8_z.jpg","datePublished":"2018-04-23T22:34:26+00:00","author":{"@id":"https:\/\/www.noticiasradioreflejos.com.ar\/2021\/#\/schema\/person\/ad82545263dcc5ec0996818884fd5fb1"},"breadcrumb":{"@id":"https:\/\/www.noticiasradioreflejos.com.ar\/2021\/convocatoria-ultimos-dias-jornadas-de-musicologia-en-la-plata\/#breadcrumb"},"inLanguage":"es","potentialAction":[{"@type":"ReadAction","target":["https:\/\/www.noticiasradioreflejos.com.ar\/2021\/convocatoria-ultimos-dias-jornadas-de-musicologia-en-la-plata\/"]}]},{"@type":"ImageObject","inLanguage":"es","@id":"https:\/\/www.noticiasradioreflejos.com.ar\/2021\/convocatoria-ultimos-dias-jornadas-de-musicologia-en-la-plata\/#primaryimage","url":"http:\/\/farm1.staticflickr.com\/828\/27788539578_433c2350e8_z.jpg","contentUrl":"http:\/\/farm1.staticflickr.com\/828\/27788539578_433c2350e8_z.jpg"},{"@type":"BreadcrumbList","@id":"https:\/\/www.noticiasradioreflejos.com.ar\/2021\/convocatoria-ultimos-dias-jornadas-de-musicologia-en-la-plata\/#breadcrumb","itemListElement":[{"@type":"ListItem","position":1,"name":"Portada","item":"https:\/\/www.noticiasradioreflejos.com.ar\/2021\/"},{"@type":"ListItem","position":2,"name":"Convocatoria \u00a1\u00daLTIMOS D\u00cdAS! &#8211; Jornadas de Musicolog\u00eda en La Plata"}]},{"@type":"WebSite","@id":"https:\/\/www.noticiasradioreflejos.com.ar\/2021\/#website","url":"https:\/\/www.noticiasradioreflejos.com.ar\/2021\/","name":"Noticias Radio Reflejos","description":"Las noticias de mi comarca","potentialAction":[{"@type":"SearchAction","target":{"@type":"EntryPoint","urlTemplate":"https:\/\/www.noticiasradioreflejos.com.ar\/2021\/?s={search_term_string}"},"query-input":{"@type":"PropertyValueSpecification","valueRequired":true,"valueName":"search_term_string"}}],"inLanguage":"es"},{"@type":"Person","@id":"https:\/\/www.noticiasradioreflejos.com.ar\/2021\/#\/schema\/person\/ad82545263dcc5ec0996818884fd5fb1","name":"Arnaldo Botto","image":{"@type":"ImageObject","inLanguage":"es","@id":"https:\/\/www.noticiasradioreflejos.com.ar\/2021\/#\/schema\/person\/image\/","url":"https:\/\/secure.gravatar.com\/avatar\/55cb5e37c1efa326397366e6974cb338056df65cb50e7d64d1cf314e87504837?s=96&d=mm&r=g","contentUrl":"https:\/\/secure.gravatar.com\/avatar\/55cb5e37c1efa326397366e6974cb338056df65cb50e7d64d1cf314e87504837?s=96&d=mm&r=g","caption":"Arnaldo Botto"},"url":"https:\/\/www.noticiasradioreflejos.com.ar\/2021\/author\/arnaldo\/"}]}},"_links":{"self":[{"href":"https:\/\/www.noticiasradioreflejos.com.ar\/2021\/wp-json\/wp\/v2\/posts\/21010","targetHints":{"allow":["GET"]}}],"collection":[{"href":"https:\/\/www.noticiasradioreflejos.com.ar\/2021\/wp-json\/wp\/v2\/posts"}],"about":[{"href":"https:\/\/www.noticiasradioreflejos.com.ar\/2021\/wp-json\/wp\/v2\/types\/post"}],"author":[{"embeddable":true,"href":"https:\/\/www.noticiasradioreflejos.com.ar\/2021\/wp-json\/wp\/v2\/users\/3"}],"replies":[{"embeddable":true,"href":"https:\/\/www.noticiasradioreflejos.com.ar\/2021\/wp-json\/wp\/v2\/comments?post=21010"}],"version-history":[{"count":0,"href":"https:\/\/www.noticiasradioreflejos.com.ar\/2021\/wp-json\/wp\/v2\/posts\/21010\/revisions"}],"wp:attachment":[{"href":"https:\/\/www.noticiasradioreflejos.com.ar\/2021\/wp-json\/wp\/v2\/media?parent=21010"}],"wp:term":[{"taxonomy":"category","embeddable":true,"href":"https:\/\/www.noticiasradioreflejos.com.ar\/2021\/wp-json\/wp\/v2\/categories?post=21010"},{"taxonomy":"post_tag","embeddable":true,"href":"https:\/\/www.noticiasradioreflejos.com.ar\/2021\/wp-json\/wp\/v2\/tags?post=21010"}],"curies":[{"name":"wp","href":"https:\/\/api.w.org\/{rel}","templated":true}]}}