{"id":20992,"date":"2018-04-23T07:37:03","date_gmt":"2018-04-23T10:37:03","guid":{"rendered":"http:\/\/www.noticiasradioreflejos.com.ar\/noticias\/?p=20992"},"modified":"2018-04-23T07:37:03","modified_gmt":"2018-04-23T10:37:03","slug":"posibilidades-de-una-educacion-alternativa","status":"publish","type":"post","link":"https:\/\/www.noticiasradioreflejos.com.ar\/2021\/posibilidades-de-una-educacion-alternativa\/","title":{"rendered":"Posibilidades de una Educaci\u00f3n Alternativa."},"content":{"rendered":"<p>En el espacio Tiempo Educativo, en el programa Un Mate y Un Caf\u00e9, tuvimos la oportunidad de entrevistar a Franco Iacomella, uno de los promotores de la pel\u00edcula \u201cLa Educaci\u00f3n Prohibida\u201d y un especialista y divulgador de la educaci\u00f3n libre y alternativa. <!--more--><br \/>\nLa educaci\u00f3n prohibida es una pel\u00edcula documental independiente de Argentina estrenada en agosto del a\u00f1o 2012. La misma documenta experiencias educativas no convencionales en pa\u00edses de Iberoam\u00e9rica y Espa\u00f1a, donde est\u00e1n representadas instituciones educativas con pr\u00e1cticas vinculadas a las ideas y pedagog\u00edas como la Educaci\u00f3n Popular, Waldorf, Montessori, Cossettini, Educaci\u00f3n Libertaria, Homeschooling y otras referencias dentro de la llamada pedagog\u00eda progresista.<br \/>\nEsta obra es considerada la primera pel\u00edcula en espa\u00f1ol estrenada que fue financiada mediante un modelo de crowdfunding o financiaci\u00f3n en masa. Se destac\u00f3 tambi\u00e9n por su modelo de proyecci\u00f3n distribuido que permiti\u00f3 su estreno en simult\u00e1neo en 151 salas en 119 ciudades de 13 pa\u00edses en donde fue vista por m\u00e1s de 18 000 espectadores. A un a\u00f1o de su estreno se estima que la pel\u00edcula fue reproducida y descargada m\u00e1s de 10 millones de veces y se registraron casi 900 proyecciones independientes en m\u00e1s de 30 pa\u00edses, Siendo el documental educativo m\u00e1s visto de la historia.<br \/>\nDurante la nota Franco present\u00f3 los ejes fundamentales de la b\u00fasqueda de una educaci\u00f3n libre, creativa y alternativa que tenga como motor la iniciativa del propio alumno y estudiante, Tambi\u00e9n destac\u00f3 las experiencias que se est\u00e1n llevando adelante en Argentina, en la regi\u00f3n, e inclusive alguna importante iniciativa en Villa Ventana.<br \/>\nPara profundizar m\u00e1s el contacto o tener la posibilidad de ampliar el intercambio Franco propuso la Red de educaci\u00f3n Alternativa REEVO, https:\/\/red.reevo.org\/, que adem\u00e1s nos permite tomar contacto con otras experiencias de educaci\u00f3n alternativa.<br \/>\n<iframe loading=\"lazy\" src=\"https:\/\/w.soundcloud.com\/player\/?url=https%3A\/\/api.soundcloud.com\/tracks\/432628602&amp;color=%23ff5500&amp;auto_play=false&amp;hide_related=false&amp;show_comments=true&amp;show_user=true&amp;show_reposts=false&amp;show_teaser=true\" width=\"100%\" height=\"166\" frameborder=\"no\" scrolling=\"no\"><\/iframe><\/p>\n","protected":false},"excerpt":{"rendered":"<p>En el espacio Tiempo Educativo, en el programa Un Mate y Un Caf\u00e9, tuvimos la oportunidad de entrevistar a Franco Iacomella, uno de los promotores de la pel\u00edcula \u201cLa Educaci\u00f3n Prohibida\u201d y un especialista y divulgador de la educaci\u00f3n libre y alternativa.<\/p>\n","protected":false},"author":3,"featured_media":0,"comment_status":"closed","ping_status":"open","sticky":false,"template":"","format":"standard","meta":{"footnotes":""},"categories":[34],"tags":[],"class_list":["post-20992","post","type-post","status-publish","format-standard","hentry","category-educacion"],"yoast_head":"<!-- This site is optimized with the Yoast SEO plugin v25.9 - https:\/\/yoast.com\/wordpress\/plugins\/seo\/ -->\n<title>Posibilidades de una Educaci\u00f3n Alternativa. - Noticias Radio Reflejos<\/title>\n<meta name=\"robots\" content=\"index, follow, max-snippet:-1, max-image-preview:large, max-video-preview:-1\" \/>\n<link rel=\"canonical\" href=\"https:\/\/www.noticiasradioreflejos.com.ar\/2021\/posibilidades-de-una-educacion-alternativa\/\" \/>\n<meta property=\"og:locale\" content=\"es_ES\" \/>\n<meta property=\"og:type\" content=\"article\" \/>\n<meta property=\"og:title\" content=\"Posibilidades de una Educaci\u00f3n Alternativa. - Noticias Radio Reflejos\" \/>\n<meta property=\"og:description\" content=\"En el espacio Tiempo Educativo, en el programa Un Mate y Un Caf\u00e9, tuvimos la oportunidad de entrevistar a Franco Iacomella, uno de los promotores de la pel\u00edcula \u201cLa Educaci\u00f3n Prohibida\u201d y un especialista y divulgador de la educaci\u00f3n libre y alternativa.\" \/>\n<meta property=\"og:url\" content=\"https:\/\/www.noticiasradioreflejos.com.ar\/2021\/posibilidades-de-una-educacion-alternativa\/\" \/>\n<meta property=\"og:site_name\" content=\"Noticias Radio Reflejos\" \/>\n<meta property=\"article:published_time\" content=\"2018-04-23T10:37:03+00:00\" \/>\n<meta property=\"og:image\" content=\"https:\/\/www.noticiasradioreflejos.com.ar\/2021\/wp-content\/uploads\/2021\/07\/logosol300x200.png\" \/>\n\t<meta property=\"og:image:width\" content=\"300\" \/>\n\t<meta property=\"og:image:height\" content=\"200\" \/>\n\t<meta property=\"og:image:type\" content=\"image\/png\" \/>\n<meta name=\"author\" content=\"Arnaldo Botto\" \/>\n<meta name=\"twitter:card\" content=\"summary_large_image\" \/>\n<script type=\"application\/ld+json\" class=\"yoast-schema-graph\">{\"@context\":\"https:\/\/schema.org\",\"@graph\":[{\"@type\":\"WebPage\",\"@id\":\"https:\/\/www.noticiasradioreflejos.com.ar\/2021\/posibilidades-de-una-educacion-alternativa\/\",\"url\":\"https:\/\/www.noticiasradioreflejos.com.ar\/2021\/posibilidades-de-una-educacion-alternativa\/\",\"name\":\"Posibilidades de una Educaci\u00f3n Alternativa. - Noticias Radio Reflejos\",\"isPartOf\":{\"@id\":\"https:\/\/www.noticiasradioreflejos.com.ar\/2021\/#website\"},\"datePublished\":\"2018-04-23T10:37:03+00:00\",\"author\":{\"@id\":\"https:\/\/www.noticiasradioreflejos.com.ar\/2021\/#\/schema\/person\/ad82545263dcc5ec0996818884fd5fb1\"},\"breadcrumb\":{\"@id\":\"https:\/\/www.noticiasradioreflejos.com.ar\/2021\/posibilidades-de-una-educacion-alternativa\/#breadcrumb\"},\"inLanguage\":\"es\",\"potentialAction\":[{\"@type\":\"ReadAction\",\"target\":[\"https:\/\/www.noticiasradioreflejos.com.ar\/2021\/posibilidades-de-una-educacion-alternativa\/\"]}]},{\"@type\":\"BreadcrumbList\",\"@id\":\"https:\/\/www.noticiasradioreflejos.com.ar\/2021\/posibilidades-de-una-educacion-alternativa\/#breadcrumb\",\"itemListElement\":[{\"@type\":\"ListItem\",\"position\":1,\"name\":\"Portada\",\"item\":\"https:\/\/www.noticiasradioreflejos.com.ar\/2021\/\"},{\"@type\":\"ListItem\",\"position\":2,\"name\":\"Posibilidades de una Educaci\u00f3n Alternativa.\"}]},{\"@type\":\"WebSite\",\"@id\":\"https:\/\/www.noticiasradioreflejos.com.ar\/2021\/#website\",\"url\":\"https:\/\/www.noticiasradioreflejos.com.ar\/2021\/\",\"name\":\"Noticias Radio Reflejos\",\"description\":\"Las noticias de mi comarca\",\"potentialAction\":[{\"@type\":\"SearchAction\",\"target\":{\"@type\":\"EntryPoint\",\"urlTemplate\":\"https:\/\/www.noticiasradioreflejos.com.ar\/2021\/?s={search_term_string}\"},\"query-input\":{\"@type\":\"PropertyValueSpecification\",\"valueRequired\":true,\"valueName\":\"search_term_string\"}}],\"inLanguage\":\"es\"},{\"@type\":\"Person\",\"@id\":\"https:\/\/www.noticiasradioreflejos.com.ar\/2021\/#\/schema\/person\/ad82545263dcc5ec0996818884fd5fb1\",\"name\":\"Arnaldo Botto\",\"image\":{\"@type\":\"ImageObject\",\"inLanguage\":\"es\",\"@id\":\"https:\/\/www.noticiasradioreflejos.com.ar\/2021\/#\/schema\/person\/image\/\",\"url\":\"https:\/\/secure.gravatar.com\/avatar\/55cb5e37c1efa326397366e6974cb338056df65cb50e7d64d1cf314e87504837?s=96&d=mm&r=g\",\"contentUrl\":\"https:\/\/secure.gravatar.com\/avatar\/55cb5e37c1efa326397366e6974cb338056df65cb50e7d64d1cf314e87504837?s=96&d=mm&r=g\",\"caption\":\"Arnaldo Botto\"},\"url\":\"https:\/\/www.noticiasradioreflejos.com.ar\/2021\/author\/arnaldo\/\"}]}<\/script>\n<!-- \/ Yoast SEO plugin. -->","yoast_head_json":{"title":"Posibilidades de una Educaci\u00f3n Alternativa. - Noticias Radio Reflejos","robots":{"index":"index","follow":"follow","max-snippet":"max-snippet:-1","max-image-preview":"max-image-preview:large","max-video-preview":"max-video-preview:-1"},"canonical":"https:\/\/www.noticiasradioreflejos.com.ar\/2021\/posibilidades-de-una-educacion-alternativa\/","og_locale":"es_ES","og_type":"article","og_title":"Posibilidades de una Educaci\u00f3n Alternativa. - Noticias Radio Reflejos","og_description":"En el espacio Tiempo Educativo, en el programa Un Mate y Un Caf\u00e9, tuvimos la oportunidad de entrevistar a Franco Iacomella, uno de los promotores de la pel\u00edcula \u201cLa Educaci\u00f3n Prohibida\u201d y un especialista y divulgador de la educaci\u00f3n libre y alternativa.","og_url":"https:\/\/www.noticiasradioreflejos.com.ar\/2021\/posibilidades-de-una-educacion-alternativa\/","og_site_name":"Noticias Radio Reflejos","article_published_time":"2018-04-23T10:37:03+00:00","og_image":[{"width":300,"height":200,"url":"https:\/\/www.noticiasradioreflejos.com.ar\/2021\/wp-content\/uploads\/2021\/07\/logosol300x200.png","type":"image\/png"}],"author":"Arnaldo Botto","twitter_card":"summary_large_image","schema":{"@context":"https:\/\/schema.org","@graph":[{"@type":"WebPage","@id":"https:\/\/www.noticiasradioreflejos.com.ar\/2021\/posibilidades-de-una-educacion-alternativa\/","url":"https:\/\/www.noticiasradioreflejos.com.ar\/2021\/posibilidades-de-una-educacion-alternativa\/","name":"Posibilidades de una Educaci\u00f3n Alternativa. - Noticias Radio Reflejos","isPartOf":{"@id":"https:\/\/www.noticiasradioreflejos.com.ar\/2021\/#website"},"datePublished":"2018-04-23T10:37:03+00:00","author":{"@id":"https:\/\/www.noticiasradioreflejos.com.ar\/2021\/#\/schema\/person\/ad82545263dcc5ec0996818884fd5fb1"},"breadcrumb":{"@id":"https:\/\/www.noticiasradioreflejos.com.ar\/2021\/posibilidades-de-una-educacion-alternativa\/#breadcrumb"},"inLanguage":"es","potentialAction":[{"@type":"ReadAction","target":["https:\/\/www.noticiasradioreflejos.com.ar\/2021\/posibilidades-de-una-educacion-alternativa\/"]}]},{"@type":"BreadcrumbList","@id":"https:\/\/www.noticiasradioreflejos.com.ar\/2021\/posibilidades-de-una-educacion-alternativa\/#breadcrumb","itemListElement":[{"@type":"ListItem","position":1,"name":"Portada","item":"https:\/\/www.noticiasradioreflejos.com.ar\/2021\/"},{"@type":"ListItem","position":2,"name":"Posibilidades de una Educaci\u00f3n Alternativa."}]},{"@type":"WebSite","@id":"https:\/\/www.noticiasradioreflejos.com.ar\/2021\/#website","url":"https:\/\/www.noticiasradioreflejos.com.ar\/2021\/","name":"Noticias Radio Reflejos","description":"Las noticias de mi comarca","potentialAction":[{"@type":"SearchAction","target":{"@type":"EntryPoint","urlTemplate":"https:\/\/www.noticiasradioreflejos.com.ar\/2021\/?s={search_term_string}"},"query-input":{"@type":"PropertyValueSpecification","valueRequired":true,"valueName":"search_term_string"}}],"inLanguage":"es"},{"@type":"Person","@id":"https:\/\/www.noticiasradioreflejos.com.ar\/2021\/#\/schema\/person\/ad82545263dcc5ec0996818884fd5fb1","name":"Arnaldo Botto","image":{"@type":"ImageObject","inLanguage":"es","@id":"https:\/\/www.noticiasradioreflejos.com.ar\/2021\/#\/schema\/person\/image\/","url":"https:\/\/secure.gravatar.com\/avatar\/55cb5e37c1efa326397366e6974cb338056df65cb50e7d64d1cf314e87504837?s=96&d=mm&r=g","contentUrl":"https:\/\/secure.gravatar.com\/avatar\/55cb5e37c1efa326397366e6974cb338056df65cb50e7d64d1cf314e87504837?s=96&d=mm&r=g","caption":"Arnaldo Botto"},"url":"https:\/\/www.noticiasradioreflejos.com.ar\/2021\/author\/arnaldo\/"}]}},"_links":{"self":[{"href":"https:\/\/www.noticiasradioreflejos.com.ar\/2021\/wp-json\/wp\/v2\/posts\/20992","targetHints":{"allow":["GET"]}}],"collection":[{"href":"https:\/\/www.noticiasradioreflejos.com.ar\/2021\/wp-json\/wp\/v2\/posts"}],"about":[{"href":"https:\/\/www.noticiasradioreflejos.com.ar\/2021\/wp-json\/wp\/v2\/types\/post"}],"author":[{"embeddable":true,"href":"https:\/\/www.noticiasradioreflejos.com.ar\/2021\/wp-json\/wp\/v2\/users\/3"}],"replies":[{"embeddable":true,"href":"https:\/\/www.noticiasradioreflejos.com.ar\/2021\/wp-json\/wp\/v2\/comments?post=20992"}],"version-history":[{"count":0,"href":"https:\/\/www.noticiasradioreflejos.com.ar\/2021\/wp-json\/wp\/v2\/posts\/20992\/revisions"}],"wp:attachment":[{"href":"https:\/\/www.noticiasradioreflejos.com.ar\/2021\/wp-json\/wp\/v2\/media?parent=20992"}],"wp:term":[{"taxonomy":"category","embeddable":true,"href":"https:\/\/www.noticiasradioreflejos.com.ar\/2021\/wp-json\/wp\/v2\/categories?post=20992"},{"taxonomy":"post_tag","embeddable":true,"href":"https:\/\/www.noticiasradioreflejos.com.ar\/2021\/wp-json\/wp\/v2\/tags?post=20992"}],"curies":[{"name":"wp","href":"https:\/\/api.w.org\/{rel}","templated":true}]}}