{"id":20986,"date":"2018-04-22T20:40:48","date_gmt":"2018-04-22T23:40:48","guid":{"rendered":"http:\/\/www.noticiasradioreflejos.com.ar\/noticias\/?p=20986"},"modified":"2018-04-22T20:40:48","modified_gmt":"2018-04-22T23:40:48","slug":"volveran-a-cortar-la-ruta-51-este-martes-de-8-a-18-horas","status":"publish","type":"post","link":"https:\/\/www.noticiasradioreflejos.com.ar\/2021\/volveran-a-cortar-la-ruta-51-este-martes-de-8-a-18-horas\/","title":{"rendered":"Volver\u00e1n a cortar la Ruta 51 este martes de 8 a 18 horas."},"content":{"rendered":"<p>Es por los trabajos de repavimentaci\u00f3n y ensanche que se realizar\u00e1n entre los kil\u00f3metros 614,7 y 650.<br \/>\nPor cuarta vez en las \u00faltimas semanas, la ruta provincial 51 volver\u00e1 a ser cortada en forma total al tr\u00e1nsito.<!--more--><br \/>\nSer\u00e1 el venidero martes 24, de 8 a 18, en el tramo que va desde el kil\u00f3metro 614,7, en inmediaciones la ciudad cabecera de Coronel Pringles, hasta el kil\u00f3metro 650, en el sector denominado El Despe\u00f1adero.<br \/>\nLa informaci\u00f3n fue confirmada por la empresa Vial Agro SA, contratista de la obra de ensanche y repavimentaci\u00f3n de la calzada que se viene ejecutando sobre la RP 51.<br \/>\nSe proceder\u00e1 a efectuar trabajos de voladura de material p\u00e9treo y posterior limpieza a la altura del kil\u00f3metro 644 de la RP 51.<br \/>\nPara el corte, la firma aduce esenciales razones de seguridad hacia los terceros transe\u00fantes, del mismo modo que un operativo similar ya se cumpli\u00f3 en el mismo sector de la calzada.<br \/>\nDe todos modos, Vial Agro inform\u00f3 \u2014tambi\u00e9n\u2014 que toda la actividad programada quedar\u00e1 sujeta a las condiciones clim\u00e1ticas propias de la fecha a realizarse.<br \/>\nQuienes deban circular desde la ciudad de Coronel Pringles hacia Bah\u00eda Blanca deber\u00e1n tomar por la ruta provincial 85 hasta la ruta provincial 76 y, luego, hasta la RP 72.<br \/>\nTras pasar por las localidades de Sierra de la Ventana y de Saldungaray, se llegar\u00e1 a Paraje Fra-Pal y all\u00ed se podr\u00e1 retomar la RP 51.<br \/>\nFuente: La Nueva.<\/p>\n","protected":false},"excerpt":{"rendered":"<p>Es por los trabajos de repavimentaci\u00f3n y ensanche que se realizar\u00e1n entre los kil\u00f3metros 614,7 y 650. Por cuarta vez en las \u00faltimas semanas, la ruta provincial 51 volver\u00e1 a ser cortada en forma total al tr\u00e1nsito.<\/p>\n","protected":false},"author":3,"featured_media":0,"comment_status":"closed","ping_status":"open","sticky":false,"template":"","format":"standard","meta":{"footnotes":""},"categories":[29],"tags":[],"class_list":["post-20986","post","type-post","status-publish","format-standard","hentry","category-policiales"],"yoast_head":"<!-- This site is optimized with the Yoast SEO plugin v25.9 - https:\/\/yoast.com\/wordpress\/plugins\/seo\/ -->\n<title>Volver\u00e1n a cortar la Ruta 51 este martes de 8 a 18 horas. - Noticias Radio Reflejos<\/title>\n<meta name=\"robots\" content=\"index, follow, max-snippet:-1, max-image-preview:large, max-video-preview:-1\" \/>\n<link rel=\"canonical\" href=\"https:\/\/www.noticiasradioreflejos.com.ar\/2021\/volveran-a-cortar-la-ruta-51-este-martes-de-8-a-18-horas\/\" \/>\n<meta property=\"og:locale\" content=\"es_ES\" \/>\n<meta property=\"og:type\" content=\"article\" \/>\n<meta property=\"og:title\" content=\"Volver\u00e1n a cortar la Ruta 51 este martes de 8 a 18 horas. - Noticias Radio Reflejos\" \/>\n<meta property=\"og:description\" content=\"Es por los trabajos de repavimentaci\u00f3n y ensanche que se realizar\u00e1n entre los kil\u00f3metros 614,7 y 650. Por cuarta vez en las \u00faltimas semanas, la ruta provincial 51 volver\u00e1 a ser cortada en forma total al tr\u00e1nsito.\" \/>\n<meta property=\"og:url\" content=\"https:\/\/www.noticiasradioreflejos.com.ar\/2021\/volveran-a-cortar-la-ruta-51-este-martes-de-8-a-18-horas\/\" \/>\n<meta property=\"og:site_name\" content=\"Noticias Radio Reflejos\" \/>\n<meta property=\"article:published_time\" content=\"2018-04-22T23:40:48+00:00\" \/>\n<meta property=\"og:image\" content=\"https:\/\/www.noticiasradioreflejos.com.ar\/2021\/wp-content\/uploads\/2021\/07\/logosol300x200.png\" \/>\n\t<meta property=\"og:image:width\" content=\"300\" \/>\n\t<meta property=\"og:image:height\" content=\"200\" \/>\n\t<meta property=\"og:image:type\" content=\"image\/png\" \/>\n<meta name=\"author\" content=\"Arnaldo Botto\" \/>\n<meta name=\"twitter:card\" content=\"summary_large_image\" \/>\n<script type=\"application\/ld+json\" class=\"yoast-schema-graph\">{\"@context\":\"https:\/\/schema.org\",\"@graph\":[{\"@type\":\"WebPage\",\"@id\":\"https:\/\/www.noticiasradioreflejos.com.ar\/2021\/volveran-a-cortar-la-ruta-51-este-martes-de-8-a-18-horas\/\",\"url\":\"https:\/\/www.noticiasradioreflejos.com.ar\/2021\/volveran-a-cortar-la-ruta-51-este-martes-de-8-a-18-horas\/\",\"name\":\"Volver\u00e1n a cortar la Ruta 51 este martes de 8 a 18 horas. - Noticias Radio Reflejos\",\"isPartOf\":{\"@id\":\"https:\/\/www.noticiasradioreflejos.com.ar\/2021\/#website\"},\"datePublished\":\"2018-04-22T23:40:48+00:00\",\"author\":{\"@id\":\"https:\/\/www.noticiasradioreflejos.com.ar\/2021\/#\/schema\/person\/ad82545263dcc5ec0996818884fd5fb1\"},\"breadcrumb\":{\"@id\":\"https:\/\/www.noticiasradioreflejos.com.ar\/2021\/volveran-a-cortar-la-ruta-51-este-martes-de-8-a-18-horas\/#breadcrumb\"},\"inLanguage\":\"es\",\"potentialAction\":[{\"@type\":\"ReadAction\",\"target\":[\"https:\/\/www.noticiasradioreflejos.com.ar\/2021\/volveran-a-cortar-la-ruta-51-este-martes-de-8-a-18-horas\/\"]}]},{\"@type\":\"BreadcrumbList\",\"@id\":\"https:\/\/www.noticiasradioreflejos.com.ar\/2021\/volveran-a-cortar-la-ruta-51-este-martes-de-8-a-18-horas\/#breadcrumb\",\"itemListElement\":[{\"@type\":\"ListItem\",\"position\":1,\"name\":\"Portada\",\"item\":\"https:\/\/www.noticiasradioreflejos.com.ar\/2021\/\"},{\"@type\":\"ListItem\",\"position\":2,\"name\":\"Volver\u00e1n a cortar la Ruta 51 este martes de 8 a 18 horas.\"}]},{\"@type\":\"WebSite\",\"@id\":\"https:\/\/www.noticiasradioreflejos.com.ar\/2021\/#website\",\"url\":\"https:\/\/www.noticiasradioreflejos.com.ar\/2021\/\",\"name\":\"Noticias Radio Reflejos\",\"description\":\"Las noticias de mi comarca\",\"potentialAction\":[{\"@type\":\"SearchAction\",\"target\":{\"@type\":\"EntryPoint\",\"urlTemplate\":\"https:\/\/www.noticiasradioreflejos.com.ar\/2021\/?s={search_term_string}\"},\"query-input\":{\"@type\":\"PropertyValueSpecification\",\"valueRequired\":true,\"valueName\":\"search_term_string\"}}],\"inLanguage\":\"es\"},{\"@type\":\"Person\",\"@id\":\"https:\/\/www.noticiasradioreflejos.com.ar\/2021\/#\/schema\/person\/ad82545263dcc5ec0996818884fd5fb1\",\"name\":\"Arnaldo Botto\",\"image\":{\"@type\":\"ImageObject\",\"inLanguage\":\"es\",\"@id\":\"https:\/\/www.noticiasradioreflejos.com.ar\/2021\/#\/schema\/person\/image\/\",\"url\":\"https:\/\/secure.gravatar.com\/avatar\/55cb5e37c1efa326397366e6974cb338056df65cb50e7d64d1cf314e87504837?s=96&d=mm&r=g\",\"contentUrl\":\"https:\/\/secure.gravatar.com\/avatar\/55cb5e37c1efa326397366e6974cb338056df65cb50e7d64d1cf314e87504837?s=96&d=mm&r=g\",\"caption\":\"Arnaldo Botto\"},\"url\":\"https:\/\/www.noticiasradioreflejos.com.ar\/2021\/author\/arnaldo\/\"}]}<\/script>\n<!-- \/ Yoast SEO plugin. -->","yoast_head_json":{"title":"Volver\u00e1n a cortar la Ruta 51 este martes de 8 a 18 horas. - Noticias Radio Reflejos","robots":{"index":"index","follow":"follow","max-snippet":"max-snippet:-1","max-image-preview":"max-image-preview:large","max-video-preview":"max-video-preview:-1"},"canonical":"https:\/\/www.noticiasradioreflejos.com.ar\/2021\/volveran-a-cortar-la-ruta-51-este-martes-de-8-a-18-horas\/","og_locale":"es_ES","og_type":"article","og_title":"Volver\u00e1n a cortar la Ruta 51 este martes de 8 a 18 horas. - Noticias Radio Reflejos","og_description":"Es por los trabajos de repavimentaci\u00f3n y ensanche que se realizar\u00e1n entre los kil\u00f3metros 614,7 y 650. Por cuarta vez en las \u00faltimas semanas, la ruta provincial 51 volver\u00e1 a ser cortada en forma total al tr\u00e1nsito.","og_url":"https:\/\/www.noticiasradioreflejos.com.ar\/2021\/volveran-a-cortar-la-ruta-51-este-martes-de-8-a-18-horas\/","og_site_name":"Noticias Radio Reflejos","article_published_time":"2018-04-22T23:40:48+00:00","og_image":[{"width":300,"height":200,"url":"https:\/\/www.noticiasradioreflejos.com.ar\/2021\/wp-content\/uploads\/2021\/07\/logosol300x200.png","type":"image\/png"}],"author":"Arnaldo Botto","twitter_card":"summary_large_image","schema":{"@context":"https:\/\/schema.org","@graph":[{"@type":"WebPage","@id":"https:\/\/www.noticiasradioreflejos.com.ar\/2021\/volveran-a-cortar-la-ruta-51-este-martes-de-8-a-18-horas\/","url":"https:\/\/www.noticiasradioreflejos.com.ar\/2021\/volveran-a-cortar-la-ruta-51-este-martes-de-8-a-18-horas\/","name":"Volver\u00e1n a cortar la Ruta 51 este martes de 8 a 18 horas. - Noticias Radio Reflejos","isPartOf":{"@id":"https:\/\/www.noticiasradioreflejos.com.ar\/2021\/#website"},"datePublished":"2018-04-22T23:40:48+00:00","author":{"@id":"https:\/\/www.noticiasradioreflejos.com.ar\/2021\/#\/schema\/person\/ad82545263dcc5ec0996818884fd5fb1"},"breadcrumb":{"@id":"https:\/\/www.noticiasradioreflejos.com.ar\/2021\/volveran-a-cortar-la-ruta-51-este-martes-de-8-a-18-horas\/#breadcrumb"},"inLanguage":"es","potentialAction":[{"@type":"ReadAction","target":["https:\/\/www.noticiasradioreflejos.com.ar\/2021\/volveran-a-cortar-la-ruta-51-este-martes-de-8-a-18-horas\/"]}]},{"@type":"BreadcrumbList","@id":"https:\/\/www.noticiasradioreflejos.com.ar\/2021\/volveran-a-cortar-la-ruta-51-este-martes-de-8-a-18-horas\/#breadcrumb","itemListElement":[{"@type":"ListItem","position":1,"name":"Portada","item":"https:\/\/www.noticiasradioreflejos.com.ar\/2021\/"},{"@type":"ListItem","position":2,"name":"Volver\u00e1n a cortar la Ruta 51 este martes de 8 a 18 horas."}]},{"@type":"WebSite","@id":"https:\/\/www.noticiasradioreflejos.com.ar\/2021\/#website","url":"https:\/\/www.noticiasradioreflejos.com.ar\/2021\/","name":"Noticias Radio Reflejos","description":"Las noticias de mi comarca","potentialAction":[{"@type":"SearchAction","target":{"@type":"EntryPoint","urlTemplate":"https:\/\/www.noticiasradioreflejos.com.ar\/2021\/?s={search_term_string}"},"query-input":{"@type":"PropertyValueSpecification","valueRequired":true,"valueName":"search_term_string"}}],"inLanguage":"es"},{"@type":"Person","@id":"https:\/\/www.noticiasradioreflejos.com.ar\/2021\/#\/schema\/person\/ad82545263dcc5ec0996818884fd5fb1","name":"Arnaldo Botto","image":{"@type":"ImageObject","inLanguage":"es","@id":"https:\/\/www.noticiasradioreflejos.com.ar\/2021\/#\/schema\/person\/image\/","url":"https:\/\/secure.gravatar.com\/avatar\/55cb5e37c1efa326397366e6974cb338056df65cb50e7d64d1cf314e87504837?s=96&d=mm&r=g","contentUrl":"https:\/\/secure.gravatar.com\/avatar\/55cb5e37c1efa326397366e6974cb338056df65cb50e7d64d1cf314e87504837?s=96&d=mm&r=g","caption":"Arnaldo Botto"},"url":"https:\/\/www.noticiasradioreflejos.com.ar\/2021\/author\/arnaldo\/"}]}},"_links":{"self":[{"href":"https:\/\/www.noticiasradioreflejos.com.ar\/2021\/wp-json\/wp\/v2\/posts\/20986","targetHints":{"allow":["GET"]}}],"collection":[{"href":"https:\/\/www.noticiasradioreflejos.com.ar\/2021\/wp-json\/wp\/v2\/posts"}],"about":[{"href":"https:\/\/www.noticiasradioreflejos.com.ar\/2021\/wp-json\/wp\/v2\/types\/post"}],"author":[{"embeddable":true,"href":"https:\/\/www.noticiasradioreflejos.com.ar\/2021\/wp-json\/wp\/v2\/users\/3"}],"replies":[{"embeddable":true,"href":"https:\/\/www.noticiasradioreflejos.com.ar\/2021\/wp-json\/wp\/v2\/comments?post=20986"}],"version-history":[{"count":0,"href":"https:\/\/www.noticiasradioreflejos.com.ar\/2021\/wp-json\/wp\/v2\/posts\/20986\/revisions"}],"wp:attachment":[{"href":"https:\/\/www.noticiasradioreflejos.com.ar\/2021\/wp-json\/wp\/v2\/media?parent=20986"}],"wp:term":[{"taxonomy":"category","embeddable":true,"href":"https:\/\/www.noticiasradioreflejos.com.ar\/2021\/wp-json\/wp\/v2\/categories?post=20986"},{"taxonomy":"post_tag","embeddable":true,"href":"https:\/\/www.noticiasradioreflejos.com.ar\/2021\/wp-json\/wp\/v2\/tags?post=20986"}],"curies":[{"name":"wp","href":"https:\/\/api.w.org\/{rel}","templated":true}]}}